{"id":16130,"date":"2024-02-01T20:57:24","date_gmt":"2024-02-01T20:57:24","guid":{"rendered":"https:\/\/laprensacristiana.com\/?p=16130"},"modified":"2024-02-01T20:57:25","modified_gmt":"2024-02-01T20:57:25","slug":"el-salvador-bajo-el-fuego-del-espiritu-santo","status":"publish","type":"post","link":"https:\/\/laprensacristiana.com\/?p=16130","title":{"rendered":"El Salvador bajo el fuego del Esp\u00edritu Santo"},"content":{"rendered":"\n<p>Por: Edwin G\u00f3ngora <\/p>\n\n\n\n<p>Este es el nombre de la campa\u00f1a que el Movimiento de oraci\u00f3n y Unidad Tomando mi Naci\u00f3n realizar\u00e1 este 5 y 6 de febrero y al que han sido invitados los pastores Ricardo y Patricia Rodr\u00edguez, del Centro Mundial de Avivamiento con sede Bogot\u00e1, Colombia.<\/p>\n\n\n\n<p>La actividad est\u00e1 programada se realice en dos fases. El 5 de febrero ser\u00e1 dirigida a pastores y lideres, mientras que el 6 est\u00e1 previsto que los pastores invitados realicen un servicio de milagros y sanidad.<\/p>\n\n\n\n<p>El Pastor Mauricio Navas, quien preside el Movimiento Tomando mi Naci\u00f3n, explic\u00f3 durante una entrevista realizada en Radio El Camino que el evento traer\u00e1 una frescura de parte del Esp\u00edritu Santo a El Salvador.<\/p>\n\n\n\n<p>\u201cDebemos anhelar un ascenso en nuestra vida cristiana, pero es el esp\u00edritu de Dios que se encargar\u00e1 de levantarnos, de ascendernos\u201d, manifest\u00f3 el pastor Navas.<\/p>\n\n\n\n<p>La palabra avivar agreg\u00f3, viene precisamente de volver a la vida, no es una palabra dif\u00edcil de describir, sino que es como volver a vivir\u201d<\/p>\n\n\n\n<p>El evento tendr\u00e1 lugar en el Estadio Las Delicias, ubicado en Santa Tecla, departamento de La Libertad y se prev\u00e9 asistan m\u00e1s de 50 mil personas.<\/p>\n\n\n\n<p>El evento contar\u00e1 con el apoyo de las autoridades encargadas de la seguridad publica en el pa\u00eds, para lo cual el Pastor Navas inform\u00f3 que m\u00e1s de 200 agentes de la PNC, Gestores de transito y miembros del Cuerpo de Agentes Metropolitanos de Santa Tecla, prestaran servicio.<\/p>\n\n\n\n<figure class=\"wp-block-image size-large\"><img decoding=\"async\" loading=\"lazy\" width=\"701\" height=\"1024\" src=\"https:\/\/laprensacristiana.com\/wp-content\/uploads\/2024\/02\/WhatsApp-Image-2024-02-01-at-2.56.41-PM-701x1024.jpeg\" alt=\"\" class=\"wp-image-16132\" srcset=\"https:\/\/laprensacristiana.com\/wp-content\/uploads\/2024\/02\/WhatsApp-Image-2024-02-01-at-2.56.41-PM-701x1024.jpeg 701w, https:\/\/laprensacristiana.com\/wp-content\/uploads\/2024\/02\/WhatsApp-Image-2024-02-01-at-2.56.41-PM-205x300.jpeg 205w, https:\/\/laprensacristiana.com\/wp-content\/uploads\/2024\/02\/WhatsApp-Image-2024-02-01-at-2.56.41-PM-768x1121.jpeg 768w, https:\/\/laprensacristiana.com\/wp-content\/uploads\/2024\/02\/WhatsApp-Image-2024-02-01-at-2.56.41-PM-1052x1536.jpeg 1052w, https:\/\/laprensacristiana.com\/wp-content\/uploads\/2024\/02\/WhatsApp-Image-2024-02-01-at-2.56.41-PM-696x1016.jpeg 696w, https:\/\/laprensacristiana.com\/wp-content\/uploads\/2024\/02\/WhatsApp-Image-2024-02-01-at-2.56.41-PM-1068x1559.jpeg 1068w, https:\/\/laprensacristiana.com\/wp-content\/uploads\/2024\/02\/WhatsApp-Image-2024-02-01-at-2.56.41-PM-600x876.jpeg 600w, https:\/\/laprensacristiana.com\/wp-content\/uploads\/2024\/02\/WhatsApp-Image-2024-02-01-at-2.56.41-PM.jpeg 1078w\" sizes=\"(max-width: 701px) 100vw, 701px\" \/><\/figure>\n\n\n\n<p>As\u00ed tambi\u00e9n se\u00f1al\u00f3 que se contar\u00e1 con 5 ambulancias completamente equipadas para brindar asistencia si fuera necesario.<\/p>\n\n\n\n<p>El Pastor Mauricio Navas asegur\u00f3 \u201cPodemos esperar una palabra que llegue al coraz\u00f3n de parte de Dios, y no dudamos que los pastores Ricardo y su esposa ser\u00e1n usados para encender mas ese fuego espiritual que tanto estamos necesitando\u201d.<\/p>\n\n\n\n<p>El evento es propicio para que toda la familia asista y si en dado caso usted tiene un familiar con alg\u00fan padecimiento, puede llevarlo, pues se tiene previsto dedicar un tiempo para que Dios obre con milagros.<\/p>\n\n\n\n<p>&nbsp;Es que la mejor manera en la que puede vivir una naci\u00f3n es que cada uno de sus habitantes est\u00e9 bajo el fuego, pero del esp\u00edritu de Dios.<\/p>\n","protected":false},"excerpt":{"rendered":"<p>Por: Edwin G\u00f3ngora Este es el nombre de la campa\u00f1a que el Movimiento de oraci\u00f3n y Unidad Tomando mi Naci\u00f3n realizar\u00e1 este 5 y 6 de febrero y al que han sido invitados los pastores Ricardo y Patricia Rodr\u00edguez, del Centro Mundial de Avivamiento con sede Bogot\u00e1, Colombia. La actividad est\u00e1 programada se realice en [&hellip;]<\/p>\n","protected":false},"author":3,"featured_media":16131,"comment_status":"open","ping_status":"open","sticky":false,"template":"","format":"standard","meta":[],"categories":[56],"tags":[],"yoast_head":"<!-- This site is optimized with the Yoast SEO plugin v20.8 - https:\/\/yoast.com\/wordpress\/plugins\/seo\/ -->\n<title>El Salvador bajo el fuego del Esp\u00edritu Santo - La Prensa Cristiana<\/title>\n<meta name=\"robots\" content=\"index, follow, max-snippet:-1, max-image-preview:large, max-video-preview:-1\" \/>\n<link rel=\"canonical\" href=\"https:\/\/laprensacristiana.com\/?p=16130\" \/>\n<meta property=\"og:locale\" content=\"es_ES\" \/>\n<meta property=\"og:type\" content=\"article\" \/>\n<meta property=\"og:title\" content=\"El Salvador bajo el fuego del Esp\u00edritu Santo - La Prensa Cristiana\" \/>\n<meta property=\"og:description\" content=\"Por: Edwin G\u00f3ngora Este es el nombre de la campa\u00f1a que el Movimiento de oraci\u00f3n y Unidad Tomando mi Naci\u00f3n realizar\u00e1 este 5 y 6 de febrero y al que han sido invitados los pastores Ricardo y Patricia Rodr\u00edguez, del Centro Mundial de Avivamiento con sede Bogot\u00e1, Colombia. La actividad est\u00e1 programada se realice en [&hellip;]\" \/>\n<meta property=\"og:url\" content=\"https:\/\/laprensacristiana.com\/?p=16130\" \/>\n<meta property=\"og:site_name\" content=\"La Prensa Cristiana\" \/>\n<meta property=\"article:published_time\" content=\"2024-02-01T20:57:24+00:00\" \/>\n<meta property=\"article:modified_time\" content=\"2024-02-01T20:57:25+00:00\" \/>\n<meta property=\"og:image\" content=\"https:\/\/laprensacristiana.com\/wp-content\/uploads\/2024\/02\/WhatsApp-Image-2024-02-01-at-2.24.48-PM.jpeg\" \/>\n\t<meta property=\"og:image:width\" content=\"960\" \/>\n\t<meta property=\"og:image:height\" content=\"638\" \/>\n\t<meta property=\"og:image:type\" content=\"image\/jpeg\" \/>\n<meta name=\"author\" content=\"EDITOR\" \/>\n<meta name=\"twitter:card\" content=\"summary_large_image\" \/>\n<meta name=\"twitter:label1\" content=\"Escrito por\" \/>\n\t<meta name=\"twitter:data1\" content=\"EDITOR\" \/>\n\t<meta name=\"twitter:label2\" content=\"Tiempo de lectura\" \/>\n\t<meta name=\"twitter:data2\" content=\"2 minutos\" \/>\n<script type=\"application\/ld+json\" class=\"yoast-schema-graph\">{\"@context\":\"https:\/\/schema.org\",\"@graph\":[{\"@type\":\"WebPage\",\"@id\":\"https:\/\/laprensacristiana.com\/?p=16130\",\"url\":\"https:\/\/laprensacristiana.com\/?p=16130\",\"name\":\"El Salvador bajo el fuego del Esp\u00edritu Santo - La Prensa Cristiana\",\"isPartOf\":{\"@id\":\"https:\/\/laprensacristiana.com\/#website\"},\"datePublished\":\"2024-02-01T20:57:24+00:00\",\"dateModified\":\"2024-02-01T20:57:25+00:00\",\"author\":{\"@id\":\"https:\/\/laprensacristiana.com\/#\/schema\/person\/3e7d82c6bfd6b1fa67010f8f7cd5256e\"},\"breadcrumb\":{\"@id\":\"https:\/\/laprensacristiana.com\/?p=16130#breadcrumb\"},\"inLanguage\":\"es\",\"potentialAction\":[{\"@type\":\"ReadAction\",\"target\":[\"https:\/\/laprensacristiana.com\/?p=16130\"]}]},{\"@type\":\"BreadcrumbList\",\"@id\":\"https:\/\/laprensacristiana.com\/?p=16130#breadcrumb\",\"itemListElement\":[{\"@type\":\"ListItem\",\"position\":1,\"name\":\"Portada\",\"item\":\"https:\/\/laprensacristiana.com\/\"},{\"@type\":\"ListItem\",\"position\":2,\"name\":\"El Salvador bajo el fuego del Esp\u00edritu Santo\"}]},{\"@type\":\"WebSite\",\"@id\":\"https:\/\/laprensacristiana.com\/#website\",\"url\":\"https:\/\/laprensacristiana.com\/\",\"name\":\"La Prensa Cristiana\",\"description\":\"Anunciando Las Buenas Nuevas\",\"potentialAction\":[{\"@type\":\"SearchAction\",\"target\":{\"@type\":\"EntryPoint\",\"urlTemplate\":\"https:\/\/laprensacristiana.com\/?s={search_term_string}\"},\"query-input\":\"required name=search_term_string\"}],\"inLanguage\":\"es\"},{\"@type\":\"Person\",\"@id\":\"https:\/\/laprensacristiana.com\/#\/schema\/person\/3e7d82c6bfd6b1fa67010f8f7cd5256e\",\"name\":\"EDITOR\",\"image\":{\"@type\":\"ImageObject\",\"inLanguage\":\"es\",\"@id\":\"https:\/\/laprensacristiana.com\/#\/schema\/person\/image\/\",\"url\":\"https:\/\/secure.gravatar.com\/avatar\/72069dfb6c13772d9e8381e3638666d2?s=96&d=mm&r=g\",\"contentUrl\":\"https:\/\/secure.gravatar.com\/avatar\/72069dfb6c13772d9e8381e3638666d2?s=96&d=mm&r=g\",\"caption\":\"EDITOR\"},\"url\":\"https:\/\/laprensacristiana.com\/?author=3\"}]}<\/script>\n<!-- \/ Yoast SEO plugin. -->","yoast_head_json":{"title":"El Salvador bajo el fuego del Esp\u00edritu Santo - La Prensa Cristiana","robots":{"index":"index","follow":"follow","max-snippet":"max-snippet:-1","max-image-preview":"max-image-preview:large","max-video-preview":"max-video-preview:-1"},"canonical":"https:\/\/laprensacristiana.com\/?p=16130","og_locale":"es_ES","og_type":"article","og_title":"El Salvador bajo el fuego del Esp\u00edritu Santo - La Prensa Cristiana","og_description":"Por: Edwin G\u00f3ngora Este es el nombre de la campa\u00f1a que el Movimiento de oraci\u00f3n y Unidad Tomando mi Naci\u00f3n realizar\u00e1 este 5 y 6 de febrero y al que han sido invitados los pastores Ricardo y Patricia Rodr\u00edguez, del Centro Mundial de Avivamiento con sede Bogot\u00e1, Colombia. La actividad est\u00e1 programada se realice en [&hellip;]","og_url":"https:\/\/laprensacristiana.com\/?p=16130","og_site_name":"La Prensa Cristiana","article_published_time":"2024-02-01T20:57:24+00:00","article_modified_time":"2024-02-01T20:57:25+00:00","og_image":[{"width":960,"height":638,"url":"https:\/\/laprensacristiana.com\/wp-content\/uploads\/2024\/02\/WhatsApp-Image-2024-02-01-at-2.24.48-PM.jpeg","type":"image\/jpeg"}],"author":"EDITOR","twitter_card":"summary_large_image","twitter_misc":{"Escrito por":"EDITOR","Tiempo de lectura":"2 minutos"},"schema":{"@context":"https:\/\/schema.org","@graph":[{"@type":"WebPage","@id":"https:\/\/laprensacristiana.com\/?p=16130","url":"https:\/\/laprensacristiana.com\/?p=16130","name":"El Salvador bajo el fuego del Esp\u00edritu Santo - La Prensa Cristiana","isPartOf":{"@id":"https:\/\/laprensacristiana.com\/#website"},"datePublished":"2024-02-01T20:57:24+00:00","dateModified":"2024-02-01T20:57:25+00:00","author":{"@id":"https:\/\/laprensacristiana.com\/#\/schema\/person\/3e7d82c6bfd6b1fa67010f8f7cd5256e"},"breadcrumb":{"@id":"https:\/\/laprensacristiana.com\/?p=16130#breadcrumb"},"inLanguage":"es","potentialAction":[{"@type":"ReadAction","target":["https:\/\/laprensacristiana.com\/?p=16130"]}]},{"@type":"BreadcrumbList","@id":"https:\/\/laprensacristiana.com\/?p=16130#breadcrumb","itemListElement":[{"@type":"ListItem","position":1,"name":"Portada","item":"https:\/\/laprensacristiana.com\/"},{"@type":"ListItem","position":2,"name":"El Salvador bajo el fuego del Esp\u00edritu Santo"}]},{"@type":"WebSite","@id":"https:\/\/laprensacristiana.com\/#website","url":"https:\/\/laprensacristiana.com\/","name":"La Prensa Cristiana","description":"Anunciando Las Buenas Nuevas","potentialAction":[{"@type":"SearchAction","target":{"@type":"EntryPoint","urlTemplate":"https:\/\/laprensacristiana.com\/?s={search_term_string}"},"query-input":"required name=search_term_string"}],"inLanguage":"es"},{"@type":"Person","@id":"https:\/\/laprensacristiana.com\/#\/schema\/person\/3e7d82c6bfd6b1fa67010f8f7cd5256e","name":"EDITOR","image":{"@type":"ImageObject","inLanguage":"es","@id":"https:\/\/laprensacristiana.com\/#\/schema\/person\/image\/","url":"https:\/\/secure.gravatar.com\/avatar\/72069dfb6c13772d9e8381e3638666d2?s=96&d=mm&r=g","contentUrl":"https:\/\/secure.gravatar.com\/avatar\/72069dfb6c13772d9e8381e3638666d2?s=96&d=mm&r=g","caption":"EDITOR"},"url":"https:\/\/laprensacristiana.com\/?author=3"}]}},"_links":{"self":[{"href":"https:\/\/laprensacristiana.com\/index.php?rest_route=\/wp\/v2\/posts\/16130"}],"collection":[{"href":"https:\/\/laprensacristiana.com\/index.php?rest_route=\/wp\/v2\/posts"}],"about":[{"href":"https:\/\/laprensacristiana.com\/index.php?rest_route=\/wp\/v2\/types\/post"}],"author":[{"embeddable":true,"href":"https:\/\/laprensacristiana.com\/index.php?rest_route=\/wp\/v2\/users\/3"}],"replies":[{"embeddable":true,"href":"https:\/\/laprensacristiana.com\/index.php?rest_route=%2Fwp%2Fv2%2Fcomments&post=16130"}],"version-history":[{"count":1,"href":"https:\/\/laprensacristiana.com\/index.php?rest_route=\/wp\/v2\/posts\/16130\/revisions"}],"predecessor-version":[{"id":16133,"href":"https:\/\/laprensacristiana.com\/index.php?rest_route=\/wp\/v2\/posts\/16130\/revisions\/16133"}],"wp:featuredmedia":[{"embeddable":true,"href":"https:\/\/laprensacristiana.com\/index.php?rest_route=\/wp\/v2\/media\/16131"}],"wp:attachment":[{"href":"https:\/\/laprensacristiana.com\/index.php?rest_route=%2Fwp%2Fv2%2Fmedia&parent=16130"}],"wp:term":[{"taxonomy":"category","embeddable":true,"href":"https:\/\/laprensacristiana.com\/index.php?rest_route=%2Fwp%2Fv2%2Fcategories&post=16130"},{"taxonomy":"post_tag","embeddable":true,"href":"https:\/\/laprensacristiana.com\/index.php?rest_route=%2Fwp%2Fv2%2Ftags&post=16130"}],"curies":[{"name":"wp","href":"https:\/\/api.w.org\/{rel}","templated":true}]}}