{"id":16134,"date":"2024-02-02T18:01:42","date_gmt":"2024-02-02T18:01:42","guid":{"rendered":"https:\/\/laprensacristiana.com\/?p=16134"},"modified":"2024-02-02T18:01:43","modified_gmt":"2024-02-02T18:01:43","slug":"jorge-cota-no-somos-cristianos-solitarios","status":"publish","type":"post","link":"https:\/\/laprensacristiana.com\/?p=16134","title":{"rendered":"Jorge Cota: \u00abNo somos Cristianos Solitarios\u00bb"},"content":{"rendered":"\n<p>Por: Edwin G\u00f3ngora <\/p>\n\n\n\n<p>Aunque parezca una frase muy construida, refleja una realidad muy importante y realista, \u201cla unidad hace la fuerza\u201d.<\/p>\n\n\n\n<p>Sin embargo, dentro de esa unidad que tendr\u00e1 como resultado la fuerza, existe un elemento clave que conjuga ambas, ese elemento es Dios.<\/p>\n\n\n\n<p>Hebreos 10:25 nos dice: \u201dno dejando de congregarnos, como algunos tienen por costumbre, sino exhort\u00e1ndonos; y tanto m\u00e1s, cuanto veis que aquel d\u00eda se acerca.\u201d<\/p>\n\n\n\n<p>El reunirnos nos acerca y nos revela con otros miembros de la congregaci\u00f3n que nos necesitamos como ant\u00eddoto, escuchar una palabra de aliento que viene de Dios, un testimonio de fortaleza para mi vida.&nbsp;<\/p>\n\n\n\n<figure class=\"wp-block-image size-full\"><img decoding=\"async\" loading=\"lazy\" width=\"736\" height=\"736\" src=\"https:\/\/laprensacristiana.com\/wp-content\/uploads\/2024\/02\/descarga.jpg\" alt=\"\" class=\"wp-image-16135\" srcset=\"https:\/\/laprensacristiana.com\/wp-content\/uploads\/2024\/02\/descarga.jpg 736w, https:\/\/laprensacristiana.com\/wp-content\/uploads\/2024\/02\/descarga-300x300.jpg 300w, https:\/\/laprensacristiana.com\/wp-content\/uploads\/2024\/02\/descarga-150x150.jpg 150w, https:\/\/laprensacristiana.com\/wp-content\/uploads\/2024\/02\/descarga-696x696.jpg 696w, https:\/\/laprensacristiana.com\/wp-content\/uploads\/2024\/02\/descarga-600x600.jpg 600w, https:\/\/laprensacristiana.com\/wp-content\/uploads\/2024\/02\/descarga-100x100.jpg 100w\" sizes=\"(max-width: 736px) 100vw, 736px\" \/><\/figure>\n\n\n\n<p>El Pastor Jorge Cota public\u00f3 en su cuenta personal de Facebook una invitaci\u00f3n en la que anima a sus seguidores unirse a una iglesia. \u201cEso de que no necesitamos pertenecer a una iglesia es una mentira de satan\u00e1s\u201d, destaca en su mensaje.<\/p>\n\n\n\n<p>Y agrega, \u201cNo hay cristianos solitarios. Somos un cuerpo y sin ti la iglesia no funciona igual\u201d.&nbsp; La iglesia es un solo cuerpo y cada uno de nosotros formamos parte de ese cuerpo por lo que cada uno somo complementarios.<\/p>\n\n\n\n<figure class=\"wp-block-image size-large\"><img decoding=\"async\" loading=\"lazy\" width=\"1024\" height=\"942\" src=\"https:\/\/laprensacristiana.com\/wp-content\/uploads\/2024\/02\/WhatsApp-Image-2024-02-02-at-11.57.57-AM-1024x942.jpeg\" alt=\"\" class=\"wp-image-16138\" srcset=\"https:\/\/laprensacristiana.com\/wp-content\/uploads\/2024\/02\/WhatsApp-Image-2024-02-02-at-11.57.57-AM-1024x942.jpeg 1024w, https:\/\/laprensacristiana.com\/wp-content\/uploads\/2024\/02\/WhatsApp-Image-2024-02-02-at-11.57.57-AM-300x276.jpeg 300w, https:\/\/laprensacristiana.com\/wp-content\/uploads\/2024\/02\/WhatsApp-Image-2024-02-02-at-11.57.57-AM-768x706.jpeg 768w, https:\/\/laprensacristiana.com\/wp-content\/uploads\/2024\/02\/WhatsApp-Image-2024-02-02-at-11.57.57-AM-696x640.jpeg 696w, https:\/\/laprensacristiana.com\/wp-content\/uploads\/2024\/02\/WhatsApp-Image-2024-02-02-at-11.57.57-AM-600x552.jpeg 600w, https:\/\/laprensacristiana.com\/wp-content\/uploads\/2024\/02\/WhatsApp-Image-2024-02-02-at-11.57.57-AM.jpeg 1048w\" sizes=\"(max-width: 1024px) 100vw, 1024px\" \/><\/figure>\n\n\n\n<p>El pastor Cota a\u00f1ade a su comentario: \u201cLa iglesia te necesita y t\u00fa necesitas a la iglesia. En la iglesia ponemos nuestros dones y habilidades al servicio de los dem\u00e1s, experimentamos el poder de una sala llena de personas adorando juntas. Oramos con los que tienen el coraz\u00f3n quebrantado. Nos involucramos, alentamos, contribuimos y hacemos vida juntos.<\/p>\n\n\n\n<p>La cita b\u00edblica de hebreos cobra tanta validez, pues la unidad y la fuerza de la que hablamos al inicio proviene de una \u00fanica fuente que nos abraza con amor especial y nos cubre con su manto al estar juntos entre los que nos necesitamos.<\/p>\n\n\n\n<p>La preocupaci\u00f3n y el estar pendientes por la mejora de nuestro hermano en Cristo, nos alienta de gran manera y nos prepara para esos d\u00edas no tan buenos que puedan venir.<\/p>\n\n\n\n<p>&nbsp;\u201cY no dejemos de congregarnos, como lo hacen algunos, sino anim\u00e9monos unos a otros, sobre todo ahora que el d\u00eda de su regreso se acerca\u201d<\/p>\n\n\n\n<figure class=\"wp-block-image size-full\"><img decoding=\"async\" loading=\"lazy\" width=\"736\" height=\"736\" src=\"https:\/\/laprensacristiana.com\/wp-content\/uploads\/2024\/02\/Sin-dejar-de-congregarnos-1.jpg\" alt=\"\" class=\"wp-image-16140\" srcset=\"https:\/\/laprensacristiana.com\/wp-content\/uploads\/2024\/02\/Sin-dejar-de-congregarnos-1.jpg 736w, https:\/\/laprensacristiana.com\/wp-content\/uploads\/2024\/02\/Sin-dejar-de-congregarnos-1-300x300.jpg 300w, https:\/\/laprensacristiana.com\/wp-content\/uploads\/2024\/02\/Sin-dejar-de-congregarnos-1-150x150.jpg 150w, https:\/\/laprensacristiana.com\/wp-content\/uploads\/2024\/02\/Sin-dejar-de-congregarnos-1-696x696.jpg 696w, https:\/\/laprensacristiana.com\/wp-content\/uploads\/2024\/02\/Sin-dejar-de-congregarnos-1-600x600.jpg 600w, https:\/\/laprensacristiana.com\/wp-content\/uploads\/2024\/02\/Sin-dejar-de-congregarnos-1-100x100.jpg 100w\" sizes=\"(max-width: 736px) 100vw, 736px\" \/><\/figure>\n","protected":false},"excerpt":{"rendered":"<p>Por: Edwin G\u00f3ngora Aunque parezca una frase muy construida, refleja una realidad muy importante y realista, \u201cla unidad hace la fuerza\u201d. Sin embargo, dentro de esa unidad que tendr\u00e1 como resultado la fuerza, existe un elemento clave que conjuga ambas, ese elemento es Dios. Hebreos 10:25 nos dice: \u201dno dejando de congregarnos, como algunos tienen [&hellip;]<\/p>\n","protected":false},"author":3,"featured_media":16136,"comment_status":"open","ping_status":"open","sticky":false,"template":"","format":"standard","meta":[],"categories":[56],"tags":[],"yoast_head":"<!-- This site is optimized with the Yoast SEO plugin v20.8 - https:\/\/yoast.com\/wordpress\/plugins\/seo\/ -->\n<title>Jorge Cota: \u00abNo somos Cristianos Solitarios\u00bb - La Prensa Cristiana<\/title>\n<meta name=\"robots\" content=\"index, follow, max-snippet:-1, max-image-preview:large, max-video-preview:-1\" \/>\n<link rel=\"canonical\" href=\"https:\/\/laprensacristiana.com\/?p=16134\" \/>\n<meta property=\"og:locale\" content=\"es_ES\" \/>\n<meta property=\"og:type\" content=\"article\" \/>\n<meta property=\"og:title\" content=\"Jorge Cota: \u00abNo somos Cristianos Solitarios\u00bb - La Prensa Cristiana\" \/>\n<meta property=\"og:description\" content=\"Por: Edwin G\u00f3ngora Aunque parezca una frase muy construida, refleja una realidad muy importante y realista, \u201cla unidad hace la fuerza\u201d. Sin embargo, dentro de esa unidad que tendr\u00e1 como resultado la fuerza, existe un elemento clave que conjuga ambas, ese elemento es Dios. Hebreos 10:25 nos dice: \u201dno dejando de congregarnos, como algunos tienen [&hellip;]\" \/>\n<meta property=\"og:url\" content=\"https:\/\/laprensacristiana.com\/?p=16134\" \/>\n<meta property=\"og:site_name\" content=\"La Prensa Cristiana\" \/>\n<meta property=\"article:published_time\" content=\"2024-02-02T18:01:42+00:00\" \/>\n<meta property=\"article:modified_time\" content=\"2024-02-02T18:01:43+00:00\" \/>\n<meta property=\"og:image\" content=\"https:\/\/laprensacristiana.com\/wp-content\/uploads\/2024\/02\/I-love-God-_-Christian-pictures-Jesus-is-life-Jesus-photo.jpg\" \/>\n\t<meta property=\"og:image:width\" content=\"720\" \/>\n\t<meta property=\"og:image:height\" content=\"720\" \/>\n\t<meta property=\"og:image:type\" content=\"image\/jpeg\" \/>\n<meta name=\"author\" content=\"EDITOR\" \/>\n<meta name=\"twitter:card\" content=\"summary_large_image\" \/>\n<meta name=\"twitter:label1\" content=\"Escrito por\" \/>\n\t<meta name=\"twitter:data1\" content=\"EDITOR\" \/>\n\t<meta name=\"twitter:label2\" content=\"Tiempo de lectura\" \/>\n\t<meta name=\"twitter:data2\" content=\"3 minutos\" \/>\n<script type=\"application\/ld+json\" class=\"yoast-schema-graph\">{\"@context\":\"https:\/\/schema.org\",\"@graph\":[{\"@type\":\"WebPage\",\"@id\":\"https:\/\/laprensacristiana.com\/?p=16134\",\"url\":\"https:\/\/laprensacristiana.com\/?p=16134\",\"name\":\"Jorge Cota: \u00abNo somos Cristianos Solitarios\u00bb - La Prensa Cristiana\",\"isPartOf\":{\"@id\":\"https:\/\/laprensacristiana.com\/#website\"},\"datePublished\":\"2024-02-02T18:01:42+00:00\",\"dateModified\":\"2024-02-02T18:01:43+00:00\",\"author\":{\"@id\":\"https:\/\/laprensacristiana.com\/#\/schema\/person\/3e7d82c6bfd6b1fa67010f8f7cd5256e\"},\"breadcrumb\":{\"@id\":\"https:\/\/laprensacristiana.com\/?p=16134#breadcrumb\"},\"inLanguage\":\"es\",\"potentialAction\":[{\"@type\":\"ReadAction\",\"target\":[\"https:\/\/laprensacristiana.com\/?p=16134\"]}]},{\"@type\":\"BreadcrumbList\",\"@id\":\"https:\/\/laprensacristiana.com\/?p=16134#breadcrumb\",\"itemListElement\":[{\"@type\":\"ListItem\",\"position\":1,\"name\":\"Portada\",\"item\":\"https:\/\/laprensacristiana.com\/\"},{\"@type\":\"ListItem\",\"position\":2,\"name\":\"Jorge Cota: \u00abNo somos Cristianos Solitarios\u00bb\"}]},{\"@type\":\"WebSite\",\"@id\":\"https:\/\/laprensacristiana.com\/#website\",\"url\":\"https:\/\/laprensacristiana.com\/\",\"name\":\"La Prensa Cristiana\",\"description\":\"Anunciando Las Buenas Nuevas\",\"potentialAction\":[{\"@type\":\"SearchAction\",\"target\":{\"@type\":\"EntryPoint\",\"urlTemplate\":\"https:\/\/laprensacristiana.com\/?s={search_term_string}\"},\"query-input\":\"required name=search_term_string\"}],\"inLanguage\":\"es\"},{\"@type\":\"Person\",\"@id\":\"https:\/\/laprensacristiana.com\/#\/schema\/person\/3e7d82c6bfd6b1fa67010f8f7cd5256e\",\"name\":\"EDITOR\",\"image\":{\"@type\":\"ImageObject\",\"inLanguage\":\"es\",\"@id\":\"https:\/\/laprensacristiana.com\/#\/schema\/person\/image\/\",\"url\":\"https:\/\/secure.gravatar.com\/avatar\/72069dfb6c13772d9e8381e3638666d2?s=96&d=mm&r=g\",\"contentUrl\":\"https:\/\/secure.gravatar.com\/avatar\/72069dfb6c13772d9e8381e3638666d2?s=96&d=mm&r=g\",\"caption\":\"EDITOR\"},\"url\":\"https:\/\/laprensacristiana.com\/?author=3\"}]}<\/script>\n<!-- \/ Yoast SEO plugin. -->","yoast_head_json":{"title":"Jorge Cota: \u00abNo somos Cristianos Solitarios\u00bb - La Prensa Cristiana","robots":{"index":"index","follow":"follow","max-snippet":"max-snippet:-1","max-image-preview":"max-image-preview:large","max-video-preview":"max-video-preview:-1"},"canonical":"https:\/\/laprensacristiana.com\/?p=16134","og_locale":"es_ES","og_type":"article","og_title":"Jorge Cota: \u00abNo somos Cristianos Solitarios\u00bb - La Prensa Cristiana","og_description":"Por: Edwin G\u00f3ngora Aunque parezca una frase muy construida, refleja una realidad muy importante y realista, \u201cla unidad hace la fuerza\u201d. Sin embargo, dentro de esa unidad que tendr\u00e1 como resultado la fuerza, existe un elemento clave que conjuga ambas, ese elemento es Dios. Hebreos 10:25 nos dice: \u201dno dejando de congregarnos, como algunos tienen [&hellip;]","og_url":"https:\/\/laprensacristiana.com\/?p=16134","og_site_name":"La Prensa Cristiana","article_published_time":"2024-02-02T18:01:42+00:00","article_modified_time":"2024-02-02T18:01:43+00:00","og_image":[{"width":720,"height":720,"url":"https:\/\/laprensacristiana.com\/wp-content\/uploads\/2024\/02\/I-love-God-_-Christian-pictures-Jesus-is-life-Jesus-photo.jpg","type":"image\/jpeg"}],"author":"EDITOR","twitter_card":"summary_large_image","twitter_misc":{"Escrito por":"EDITOR","Tiempo de lectura":"3 minutos"},"schema":{"@context":"https:\/\/schema.org","@graph":[{"@type":"WebPage","@id":"https:\/\/laprensacristiana.com\/?p=16134","url":"https:\/\/laprensacristiana.com\/?p=16134","name":"Jorge Cota: \u00abNo somos Cristianos Solitarios\u00bb - La Prensa Cristiana","isPartOf":{"@id":"https:\/\/laprensacristiana.com\/#website"},"datePublished":"2024-02-02T18:01:42+00:00","dateModified":"2024-02-02T18:01:43+00:00","author":{"@id":"https:\/\/laprensacristiana.com\/#\/schema\/person\/3e7d82c6bfd6b1fa67010f8f7cd5256e"},"breadcrumb":{"@id":"https:\/\/laprensacristiana.com\/?p=16134#breadcrumb"},"inLanguage":"es","potentialAction":[{"@type":"ReadAction","target":["https:\/\/laprensacristiana.com\/?p=16134"]}]},{"@type":"BreadcrumbList","@id":"https:\/\/laprensacristiana.com\/?p=16134#breadcrumb","itemListElement":[{"@type":"ListItem","position":1,"name":"Portada","item":"https:\/\/laprensacristiana.com\/"},{"@type":"ListItem","position":2,"name":"Jorge Cota: \u00abNo somos Cristianos Solitarios\u00bb"}]},{"@type":"WebSite","@id":"https:\/\/laprensacristiana.com\/#website","url":"https:\/\/laprensacristiana.com\/","name":"La Prensa Cristiana","description":"Anunciando Las Buenas Nuevas","potentialAction":[{"@type":"SearchAction","target":{"@type":"EntryPoint","urlTemplate":"https:\/\/laprensacristiana.com\/?s={search_term_string}"},"query-input":"required name=search_term_string"}],"inLanguage":"es"},{"@type":"Person","@id":"https:\/\/laprensacristiana.com\/#\/schema\/person\/3e7d82c6bfd6b1fa67010f8f7cd5256e","name":"EDITOR","image":{"@type":"ImageObject","inLanguage":"es","@id":"https:\/\/laprensacristiana.com\/#\/schema\/person\/image\/","url":"https:\/\/secure.gravatar.com\/avatar\/72069dfb6c13772d9e8381e3638666d2?s=96&d=mm&r=g","contentUrl":"https:\/\/secure.gravatar.com\/avatar\/72069dfb6c13772d9e8381e3638666d2?s=96&d=mm&r=g","caption":"EDITOR"},"url":"https:\/\/laprensacristiana.com\/?author=3"}]}},"_links":{"self":[{"href":"https:\/\/laprensacristiana.com\/index.php?rest_route=\/wp\/v2\/posts\/16134"}],"collection":[{"href":"https:\/\/laprensacristiana.com\/index.php?rest_route=\/wp\/v2\/posts"}],"about":[{"href":"https:\/\/laprensacristiana.com\/index.php?rest_route=\/wp\/v2\/types\/post"}],"author":[{"embeddable":true,"href":"https:\/\/laprensacristiana.com\/index.php?rest_route=\/wp\/v2\/users\/3"}],"replies":[{"embeddable":true,"href":"https:\/\/laprensacristiana.com\/index.php?rest_route=%2Fwp%2Fv2%2Fcomments&post=16134"}],"version-history":[{"count":1,"href":"https:\/\/laprensacristiana.com\/index.php?rest_route=\/wp\/v2\/posts\/16134\/revisions"}],"predecessor-version":[{"id":16141,"href":"https:\/\/laprensacristiana.com\/index.php?rest_route=\/wp\/v2\/posts\/16134\/revisions\/16141"}],"wp:featuredmedia":[{"embeddable":true,"href":"https:\/\/laprensacristiana.com\/index.php?rest_route=\/wp\/v2\/media\/16136"}],"wp:attachment":[{"href":"https:\/\/laprensacristiana.com\/index.php?rest_route=%2Fwp%2Fv2%2Fmedia&parent=16134"}],"wp:term":[{"taxonomy":"category","embeddable":true,"href":"https:\/\/laprensacristiana.com\/index.php?rest_route=%2Fwp%2Fv2%2Fcategories&post=16134"},{"taxonomy":"post_tag","embeddable":true,"href":"https:\/\/laprensacristiana.com\/index.php?rest_route=%2Fwp%2Fv2%2Ftags&post=16134"}],"curies":[{"name":"wp","href":"https:\/\/api.w.org\/{rel}","templated":true}]}}