{"id":16142,"date":"2024-02-02T18:30:57","date_gmt":"2024-02-02T18:30:57","guid":{"rendered":"https:\/\/laprensacristiana.com\/?p=16142"},"modified":"2024-02-02T18:36:28","modified_gmt":"2024-02-02T18:36:28","slug":"perseguidos-el-podcast-que-cuenta-la-asfixiante-realidad-de-millones-de-evangelicos-en-el-mundo","status":"publish","type":"post","link":"https:\/\/laprensacristiana.com\/?p=16142","title":{"rendered":"\u00abPerseguidos\u00bb el podcast que cuenta la asfixiante realidad de millones de evang\u00e9licos en el mundo"},"content":{"rendered":"\n<p>Por: Edwin G\u00f3ngora <\/p>\n\n\n\n<p>Recientemente la organizaci\u00f3n internacional cristiana humanitaria evang\u00e9lica de car\u00e1cter interdenominacional Puertas Abiertas, public\u00f3 un informe en el que detalla y ubica las diferentes acciones inhumanas de la que son objeto actualmente millones de cristianos evang\u00e9licos en diferentes partes del mundo.<\/p>\n\n\n\n<p>El informe detalla cifras de cristianos perseguidos y de todos los ataques que son objeto, por lo que fue catalogado como \u201casfixiante\u201d, al documentar una realidad cotidiana que enfrentan los cristianos en todo el mundo para hacer prevalecer su convicci\u00f3n de fe.<\/p>\n\n\n\n<p>El trabajo de Puertas Abiertas por trasladar esta realidad y clamar porque la misma cambie, les a llevado por medio del recurso en redes sociales producir y difundir un programa titulado: \u201cPerseguidos, m\u00e1s no desamparados\u201d.<\/p>\n\n\n\n<figure class=\"wp-block-image size-large\"><img decoding=\"async\" loading=\"lazy\" width=\"987\" height=\"1024\" src=\"https:\/\/laprensacristiana.com\/wp-content\/uploads\/2024\/02\/WhatsApp-Image-2024-02-02-at-9.39.11-AM-1-987x1024.jpeg\" alt=\"\" class=\"wp-image-16144\" srcset=\"https:\/\/laprensacristiana.com\/wp-content\/uploads\/2024\/02\/WhatsApp-Image-2024-02-02-at-9.39.11-AM-1-987x1024.jpeg 987w, https:\/\/laprensacristiana.com\/wp-content\/uploads\/2024\/02\/WhatsApp-Image-2024-02-02-at-9.39.11-AM-1-289x300.jpeg 289w, https:\/\/laprensacristiana.com\/wp-content\/uploads\/2024\/02\/WhatsApp-Image-2024-02-02-at-9.39.11-AM-1-768x797.jpeg 768w, https:\/\/laprensacristiana.com\/wp-content\/uploads\/2024\/02\/WhatsApp-Image-2024-02-02-at-9.39.11-AM-1-696x722.jpeg 696w, https:\/\/laprensacristiana.com\/wp-content\/uploads\/2024\/02\/WhatsApp-Image-2024-02-02-at-9.39.11-AM-1-600x623.jpeg 600w, https:\/\/laprensacristiana.com\/wp-content\/uploads\/2024\/02\/WhatsApp-Image-2024-02-02-at-9.39.11-AM-1.jpeg 1061w\" sizes=\"(max-width: 987px) 100vw, 987px\" \/><\/figure>\n\n\n\n<p>Haciendo uso de la plataforma Spotify, puertas abiertas a producido varios episodios donde plasma por medio de testimonios e informaci\u00f3n que obtienen de sus afiliados la realidad que enfrentan con relaci\u00f3n al sacrificio que significa predicar la palabra de Dios.<\/p>\n\n\n\n<p>Una de las historias que estremece es la de un pastor que seg\u00fan sus propias palabra son perseguidos en el pa\u00eds donde predica por una \u201cparanoilla dictatorial\u201d, al impedirles que se re\u00fanan y no contar con autorizaci\u00f3n para poder compartir las buenas nuevas a quienes quieren conocer de Jes\u00f9s.<\/p>\n\n\n\n<p>El pastor entrevistado en este episodio asegura que: \u201cEs Dios quien tiene el control y en eso creemos, que es \u00e9l quien nos sostiene\u201d.&nbsp; Es f\u00e1cil decirlo, pero dif\u00edcil de sostenerlo, asevera.<\/p>\n\n\n\n<p>En otro de los episodios que reflejan la veracidad de lo que ocurre, Puertas Abiertas nos comparte varios testimonios de cristianos en Corea del Norte.<\/p>\n\n\n\n<p>Esta sucedi\u00f3 en la capital Pyongyang, donde Yun Su, la vivi\u00f3 junto a su familia.&nbsp;<\/p>\n\n\n\n<p>La narrativa nos describe que en una ma\u00f1ana pac\u00edfica que Su viv\u00eda junto a su familia, esta fue interrumpida cuando fuertes golpes casi botan la puerta de su casa. Eran miembros de la polic\u00eda que irrumpieron sin mediar palabra.<\/p>\n\n\n\n<p>La raz\u00f3n, tener una biblia en casa, ya que en Corea del Norte contar con una, orar y hacer cualquier otro acto a favor de Dios es una grave delito.&nbsp;<\/p>\n\n\n\n<figure class=\"wp-block-image size-full\"><img decoding=\"async\" loading=\"lazy\" width=\"970\" height=\"962\" src=\"https:\/\/laprensacristiana.com\/wp-content\/uploads\/2024\/02\/WhatsApp-Image-2024-02-02-at-9.39.11-AM-2.jpeg\" alt=\"\" class=\"wp-image-16145\" srcset=\"https:\/\/laprensacristiana.com\/wp-content\/uploads\/2024\/02\/WhatsApp-Image-2024-02-02-at-9.39.11-AM-2.jpeg 970w, https:\/\/laprensacristiana.com\/wp-content\/uploads\/2024\/02\/WhatsApp-Image-2024-02-02-at-9.39.11-AM-2-300x298.jpeg 300w, https:\/\/laprensacristiana.com\/wp-content\/uploads\/2024\/02\/WhatsApp-Image-2024-02-02-at-9.39.11-AM-2-150x150.jpeg 150w, https:\/\/laprensacristiana.com\/wp-content\/uploads\/2024\/02\/WhatsApp-Image-2024-02-02-at-9.39.11-AM-2-768x762.jpeg 768w, https:\/\/laprensacristiana.com\/wp-content\/uploads\/2024\/02\/WhatsApp-Image-2024-02-02-at-9.39.11-AM-2-696x690.jpeg 696w, https:\/\/laprensacristiana.com\/wp-content\/uploads\/2024\/02\/WhatsApp-Image-2024-02-02-at-9.39.11-AM-2-600x595.jpeg 600w, https:\/\/laprensacristiana.com\/wp-content\/uploads\/2024\/02\/WhatsApp-Image-2024-02-02-at-9.39.11-AM-2-100x100.jpeg 100w\" sizes=\"(max-width: 970px) 100vw, 970px\" \/><\/figure>\n\n\n\n<p>As\u00ed como estas historias, Puertas Abiertas a dado vida a muchas m\u00e1s que enfatizan el contexto de incertidumbre que millones de cristianos viven por llevar la palabra, por conocer a ese Cristo que dio su vida por nosotros en la cruz del calvario.<\/p>\n\n\n\n<p>Le invitamos a escuchar estas historias y conozca la realidad de otras comunidades cristianas evang\u00e9licas que realmente luchan por llevar la palabra a otros y hablar de sus maravillas.<\/p>\n\n\n\n<p>\u201cSomos perseguidos, pero no eliminados; derribados, pero no fuera de combate\u201d. 2 corintios 4-9<\/p>\n\n\n\n<p>Puedes suscribirte <a href=\"https:\/\/open.spotify.com\/show\/7dL7QMA7FNBX0ay1v7Nme3\">https:\/\/open.spotify.com\/show\/7dL7QMA7FNBX0ay1v7Nme3<\/a><\/p>\n","protected":false},"excerpt":{"rendered":"<p>Por: Edwin G\u00f3ngora Recientemente la organizaci\u00f3n internacional cristiana humanitaria evang\u00e9lica de car\u00e1cter interdenominacional Puertas Abiertas, public\u00f3 un informe en el que detalla y ubica las diferentes acciones inhumanas de la que son objeto actualmente millones de cristianos evang\u00e9licos en diferentes partes del mundo. El informe detalla cifras de cristianos perseguidos y de todos los ataques [&hellip;]<\/p>\n","protected":false},"author":3,"featured_media":16143,"comment_status":"open","ping_status":"open","sticky":false,"template":"","format":"standard","meta":[],"categories":[56],"tags":[],"yoast_head":"<!-- This site is optimized with the Yoast SEO plugin v20.8 - https:\/\/yoast.com\/wordpress\/plugins\/seo\/ -->\n<title>\u00abPerseguidos\u00bb el podcast que cuenta la asfixiante realidad de millones de evang\u00e9licos en el mundo - La Prensa Cristiana<\/title>\n<meta name=\"robots\" content=\"index, follow, max-snippet:-1, max-image-preview:large, max-video-preview:-1\" \/>\n<link rel=\"canonical\" href=\"https:\/\/laprensacristiana.com\/?p=16142\" \/>\n<meta property=\"og:locale\" content=\"es_ES\" \/>\n<meta property=\"og:type\" content=\"article\" \/>\n<meta property=\"og:title\" content=\"\u00abPerseguidos\u00bb el podcast que cuenta la asfixiante realidad de millones de evang\u00e9licos en el mundo - La Prensa Cristiana\" \/>\n<meta property=\"og:description\" content=\"Por: Edwin G\u00f3ngora Recientemente la organizaci\u00f3n internacional cristiana humanitaria evang\u00e9lica de car\u00e1cter interdenominacional Puertas Abiertas, public\u00f3 un informe en el que detalla y ubica las diferentes acciones inhumanas de la que son objeto actualmente millones de cristianos evang\u00e9licos en diferentes partes del mundo. El informe detalla cifras de cristianos perseguidos y de todos los ataques [&hellip;]\" \/>\n<meta property=\"og:url\" content=\"https:\/\/laprensacristiana.com\/?p=16142\" \/>\n<meta property=\"og:site_name\" content=\"La Prensa Cristiana\" \/>\n<meta property=\"article:published_time\" content=\"2024-02-02T18:30:57+00:00\" \/>\n<meta property=\"article:modified_time\" content=\"2024-02-02T18:36:28+00:00\" \/>\n<meta property=\"og:image\" content=\"https:\/\/laprensacristiana.com\/wp-content\/uploads\/2024\/02\/WhatsApp-Image-2024-02-02-at-9.39.11-AM.jpeg\" \/>\n\t<meta property=\"og:image:width\" content=\"970\" \/>\n\t<meta property=\"og:image:height\" content=\"966\" \/>\n\t<meta property=\"og:image:type\" content=\"image\/jpeg\" \/>\n<meta name=\"author\" content=\"EDITOR\" \/>\n<meta name=\"twitter:card\" content=\"summary_large_image\" \/>\n<meta name=\"twitter:label1\" content=\"Escrito por\" \/>\n\t<meta name=\"twitter:data1\" content=\"EDITOR\" \/>\n\t<meta name=\"twitter:label2\" content=\"Tiempo de lectura\" \/>\n\t<meta name=\"twitter:data2\" content=\"3 minutos\" \/>\n<script type=\"application\/ld+json\" class=\"yoast-schema-graph\">{\"@context\":\"https:\/\/schema.org\",\"@graph\":[{\"@type\":\"WebPage\",\"@id\":\"https:\/\/laprensacristiana.com\/?p=16142\",\"url\":\"https:\/\/laprensacristiana.com\/?p=16142\",\"name\":\"\u00abPerseguidos\u00bb el podcast que cuenta la asfixiante realidad de millones de evang\u00e9licos en el mundo - La Prensa Cristiana\",\"isPartOf\":{\"@id\":\"https:\/\/laprensacristiana.com\/#website\"},\"datePublished\":\"2024-02-02T18:30:57+00:00\",\"dateModified\":\"2024-02-02T18:36:28+00:00\",\"author\":{\"@id\":\"https:\/\/laprensacristiana.com\/#\/schema\/person\/3e7d82c6bfd6b1fa67010f8f7cd5256e\"},\"breadcrumb\":{\"@id\":\"https:\/\/laprensacristiana.com\/?p=16142#breadcrumb\"},\"inLanguage\":\"es\",\"potentialAction\":[{\"@type\":\"ReadAction\",\"target\":[\"https:\/\/laprensacristiana.com\/?p=16142\"]}]},{\"@type\":\"BreadcrumbList\",\"@id\":\"https:\/\/laprensacristiana.com\/?p=16142#breadcrumb\",\"itemListElement\":[{\"@type\":\"ListItem\",\"position\":1,\"name\":\"Portada\",\"item\":\"https:\/\/laprensacristiana.com\/\"},{\"@type\":\"ListItem\",\"position\":2,\"name\":\"\u00abPerseguidos\u00bb el podcast que cuenta la asfixiante realidad de millones de evang\u00e9licos en el mundo\"}]},{\"@type\":\"WebSite\",\"@id\":\"https:\/\/laprensacristiana.com\/#website\",\"url\":\"https:\/\/laprensacristiana.com\/\",\"name\":\"La Prensa Cristiana\",\"description\":\"Anunciando Las Buenas Nuevas\",\"potentialAction\":[{\"@type\":\"SearchAction\",\"target\":{\"@type\":\"EntryPoint\",\"urlTemplate\":\"https:\/\/laprensacristiana.com\/?s={search_term_string}\"},\"query-input\":\"required name=search_term_string\"}],\"inLanguage\":\"es\"},{\"@type\":\"Person\",\"@id\":\"https:\/\/laprensacristiana.com\/#\/schema\/person\/3e7d82c6bfd6b1fa67010f8f7cd5256e\",\"name\":\"EDITOR\",\"image\":{\"@type\":\"ImageObject\",\"inLanguage\":\"es\",\"@id\":\"https:\/\/laprensacristiana.com\/#\/schema\/person\/image\/\",\"url\":\"https:\/\/secure.gravatar.com\/avatar\/72069dfb6c13772d9e8381e3638666d2?s=96&d=mm&r=g\",\"contentUrl\":\"https:\/\/secure.gravatar.com\/avatar\/72069dfb6c13772d9e8381e3638666d2?s=96&d=mm&r=g\",\"caption\":\"EDITOR\"},\"url\":\"https:\/\/laprensacristiana.com\/?author=3\"}]}<\/script>\n<!-- \/ Yoast SEO plugin. -->","yoast_head_json":{"title":"\u00abPerseguidos\u00bb el podcast que cuenta la asfixiante realidad de millones de evang\u00e9licos en el mundo - La Prensa Cristiana","robots":{"index":"index","follow":"follow","max-snippet":"max-snippet:-1","max-image-preview":"max-image-preview:large","max-video-preview":"max-video-preview:-1"},"canonical":"https:\/\/laprensacristiana.com\/?p=16142","og_locale":"es_ES","og_type":"article","og_title":"\u00abPerseguidos\u00bb el podcast que cuenta la asfixiante realidad de millones de evang\u00e9licos en el mundo - La Prensa Cristiana","og_description":"Por: Edwin G\u00f3ngora Recientemente la organizaci\u00f3n internacional cristiana humanitaria evang\u00e9lica de car\u00e1cter interdenominacional Puertas Abiertas, public\u00f3 un informe en el que detalla y ubica las diferentes acciones inhumanas de la que son objeto actualmente millones de cristianos evang\u00e9licos en diferentes partes del mundo. El informe detalla cifras de cristianos perseguidos y de todos los ataques [&hellip;]","og_url":"https:\/\/laprensacristiana.com\/?p=16142","og_site_name":"La Prensa Cristiana","article_published_time":"2024-02-02T18:30:57+00:00","article_modified_time":"2024-02-02T18:36:28+00:00","og_image":[{"width":970,"height":966,"url":"https:\/\/laprensacristiana.com\/wp-content\/uploads\/2024\/02\/WhatsApp-Image-2024-02-02-at-9.39.11-AM.jpeg","type":"image\/jpeg"}],"author":"EDITOR","twitter_card":"summary_large_image","twitter_misc":{"Escrito por":"EDITOR","Tiempo de lectura":"3 minutos"},"schema":{"@context":"https:\/\/schema.org","@graph":[{"@type":"WebPage","@id":"https:\/\/laprensacristiana.com\/?p=16142","url":"https:\/\/laprensacristiana.com\/?p=16142","name":"\u00abPerseguidos\u00bb el podcast que cuenta la asfixiante realidad de millones de evang\u00e9licos en el mundo - La Prensa Cristiana","isPartOf":{"@id":"https:\/\/laprensacristiana.com\/#website"},"datePublished":"2024-02-02T18:30:57+00:00","dateModified":"2024-02-02T18:36:28+00:00","author":{"@id":"https:\/\/laprensacristiana.com\/#\/schema\/person\/3e7d82c6bfd6b1fa67010f8f7cd5256e"},"breadcrumb":{"@id":"https:\/\/laprensacristiana.com\/?p=16142#breadcrumb"},"inLanguage":"es","potentialAction":[{"@type":"ReadAction","target":["https:\/\/laprensacristiana.com\/?p=16142"]}]},{"@type":"BreadcrumbList","@id":"https:\/\/laprensacristiana.com\/?p=16142#breadcrumb","itemListElement":[{"@type":"ListItem","position":1,"name":"Portada","item":"https:\/\/laprensacristiana.com\/"},{"@type":"ListItem","position":2,"name":"\u00abPerseguidos\u00bb el podcast que cuenta la asfixiante realidad de millones de evang\u00e9licos en el mundo"}]},{"@type":"WebSite","@id":"https:\/\/laprensacristiana.com\/#website","url":"https:\/\/laprensacristiana.com\/","name":"La Prensa Cristiana","description":"Anunciando Las Buenas Nuevas","potentialAction":[{"@type":"SearchAction","target":{"@type":"EntryPoint","urlTemplate":"https:\/\/laprensacristiana.com\/?s={search_term_string}"},"query-input":"required name=search_term_string"}],"inLanguage":"es"},{"@type":"Person","@id":"https:\/\/laprensacristiana.com\/#\/schema\/person\/3e7d82c6bfd6b1fa67010f8f7cd5256e","name":"EDITOR","image":{"@type":"ImageObject","inLanguage":"es","@id":"https:\/\/laprensacristiana.com\/#\/schema\/person\/image\/","url":"https:\/\/secure.gravatar.com\/avatar\/72069dfb6c13772d9e8381e3638666d2?s=96&d=mm&r=g","contentUrl":"https:\/\/secure.gravatar.com\/avatar\/72069dfb6c13772d9e8381e3638666d2?s=96&d=mm&r=g","caption":"EDITOR"},"url":"https:\/\/laprensacristiana.com\/?author=3"}]}},"_links":{"self":[{"href":"https:\/\/laprensacristiana.com\/index.php?rest_route=\/wp\/v2\/posts\/16142"}],"collection":[{"href":"https:\/\/laprensacristiana.com\/index.php?rest_route=\/wp\/v2\/posts"}],"about":[{"href":"https:\/\/laprensacristiana.com\/index.php?rest_route=\/wp\/v2\/types\/post"}],"author":[{"embeddable":true,"href":"https:\/\/laprensacristiana.com\/index.php?rest_route=\/wp\/v2\/users\/3"}],"replies":[{"embeddable":true,"href":"https:\/\/laprensacristiana.com\/index.php?rest_route=%2Fwp%2Fv2%2Fcomments&post=16142"}],"version-history":[{"count":2,"href":"https:\/\/laprensacristiana.com\/index.php?rest_route=\/wp\/v2\/posts\/16142\/revisions"}],"predecessor-version":[{"id":16148,"href":"https:\/\/laprensacristiana.com\/index.php?rest_route=\/wp\/v2\/posts\/16142\/revisions\/16148"}],"wp:featuredmedia":[{"embeddable":true,"href":"https:\/\/laprensacristiana.com\/index.php?rest_route=\/wp\/v2\/media\/16143"}],"wp:attachment":[{"href":"https:\/\/laprensacristiana.com\/index.php?rest_route=%2Fwp%2Fv2%2Fmedia&parent=16142"}],"wp:term":[{"taxonomy":"category","embeddable":true,"href":"https:\/\/laprensacristiana.com\/index.php?rest_route=%2Fwp%2Fv2%2Fcategories&post=16142"},{"taxonomy":"post_tag","embeddable":true,"href":"https:\/\/laprensacristiana.com\/index.php?rest_route=%2Fwp%2Fv2%2Ftags&post=16142"}],"curies":[{"name":"wp","href":"https:\/\/api.w.org\/{rel}","templated":true}]}}