{"id":16156,"date":"2024-02-05T20:51:38","date_gmt":"2024-02-05T20:51:38","guid":{"rendered":"https:\/\/laprensacristiana.com\/?p=16156"},"modified":"2024-02-05T20:59:21","modified_gmt":"2024-02-05T20:59:21","slug":"cual-es-la-razon-que-llevo-a-honduras-a-ser-la-nacion-mas-evangelizada-del-continente","status":"publish","type":"post","link":"https:\/\/laprensacristiana.com\/?p=16156","title":{"rendered":"\u00bfCu\u00e1l es la raz\u00f3n que llev\u00f3 a Honduras a ser la naci\u00f3n m\u00e1s evangelizada del continente?"},"content":{"rendered":"\n<p>Por: Edwin G\u00f3ngora <\/p>\n\n\n\n<p>Para varias personas las respuestas que podamos obtener en nuestra vida ante cualquier adversidad son producto de la casualidad y para otros por decisi\u00f3n del universo. Pero la realidad nos revela que ninguna de las dos es la respuesta. En la Biblia existe una porci\u00f3n que nos se\u00f1ala con meridiana precisi\u00f3n lo que hoy queremos plasmar y compartir con ustedes.<\/p>\n\n\n\n<p>En 2 Corintios cap\u00edtulo 7, vers\u00edculo 14 nos dice: \u201cSi se humillare mi pueblo, sobre el cual mi nombre es invocado, y oraren, y buscaren mi rostro, y se convirtieren de sus malos caminos; entonces yo oir\u00e9 desde los cielos, y perdonar\u00e9 sus pecados, y sanar\u00e9 su tierra\u201d.<\/p>\n\n\n\n<p>\u00bfA qui\u00e9n buscar en momentos de crisis personal? \u00bfA d\u00f3nde ir cuando nos sentimos sin salida y angustiados? Nuestra actitud puede definir el resultado.&nbsp; Y es donde ir a la presencia de Dios en oraci\u00f3n con humildad, nos abre una enorme puerta, pues buscamos su rostro y le pedimos rectifique el camino tomado y decisiones adoptadas.<\/p>\n\n\n\n<p>Recientemente la Alianza Evang\u00e9lica Latina public\u00f3 un informe en el que muestra los avances que los pa\u00edses de la regi\u00f3n han obtenido con relaci\u00f3n al crecimiento del evangelio y donde Honduras, pa\u00eds Centroamericano, reporta un aumento importante.<\/p>\n\n\n\n<p>El informe plantea algunos aspectos que han hecho posible este efecto y que definitivamente como dec\u00edamos unas l\u00edneas atr\u00e1s, nuestra actitud puede definir nuestro resultado.<\/p>\n\n\n\n<p>Entre las razones por las que la iglesia en Honduras experimenta este crecimiento es gracias a la consolidaci\u00f3n extensa en una verdadera y cercana labor social presente en los 18 departamentos y 298 municipios del territorio nacional.<\/p>\n\n\n\n<p>La acci\u00f3n social va desde programas de alimentaci\u00f3n, brigadas m\u00e9dicas, atenci\u00f3n a familias m\u00e1s vulnerables por zonas geogr\u00e1ficas o por condici\u00f3n social, hasta la obtenci\u00f3n de becas para estudiar en instituciones nacionales y en el extranjero.<\/p>\n\n\n\n<figure class=\"wp-block-image size-full\"><img decoding=\"async\" loading=\"lazy\" width=\"670\" height=\"491\" src=\"https:\/\/laprensacristiana.com\/wp-content\/uploads\/2024\/02\/WhatsApp-Image-2024-02-05-at-9.24.44-AM.jpeg\" alt=\"\" class=\"wp-image-16158\" srcset=\"https:\/\/laprensacristiana.com\/wp-content\/uploads\/2024\/02\/WhatsApp-Image-2024-02-05-at-9.24.44-AM.jpeg 670w, https:\/\/laprensacristiana.com\/wp-content\/uploads\/2024\/02\/WhatsApp-Image-2024-02-05-at-9.24.44-AM-300x220.jpeg 300w, https:\/\/laprensacristiana.com\/wp-content\/uploads\/2024\/02\/WhatsApp-Image-2024-02-05-at-9.24.44-AM-600x440.jpeg 600w\" sizes=\"(max-width: 670px) 100vw, 670px\" \/><\/figure>\n\n\n\n<p>Las oraciones y el clamor por este bienestar fueron escuchadas y permite en la actualidad brindar un servicio interesantemente combinado, de rescate de almas y ayuda tangible a quienes lo necesiten.<\/p>\n\n\n\n<p>De igual forma el ingreso del Evangelio en muchas regiones propici\u00f3 el establecimiento de centros educativos de calidad en zonas urbanas y rurales del pa\u00eds. En muchas regiones, las primeras escuelas y colegios de renombre fueron fundados por misioneros protestantes.<\/p>\n\n\n\n<p>La iglesia Evang\u00e9lica tambi\u00e9n tiene centros educativos universitarios que son punta de lanza en oferta acad\u00e9mica. As\u00ed como medios de comunicaci\u00f3n, radial y televisivos que gozan de los ratings m\u00e1s altos de audiencia.<\/p>\n\n\n\n<p>Sumado a la proyecci\u00f3n social de la Iglesia, se debe considerar la influencia que ha ejercido el Cuerpo de Cristo presente en todas las esferas de la sociedad, en el arte, la empresa privada, medicina, deporte, gobierno pol\u00edtico, etc.<\/p>\n\n\n\n<p>Dios ha levantado pastores comprometidos con sus comunidades, en lugar de esperar la morada espiritual, han trabajado arduamente por convertir socioecon\u00f3micamente su entorno. El mensaje evangelizador de prosperidad no se qued\u00f3 encerrado en 4 paredes y pas\u00f3 a la pr\u00e1ctica, cay\u00f3 verdaderamente en tierra f\u00e9rtil.<\/p>\n\n\n\n<p>La regi\u00f3n m\u00e1s industrializada del pa\u00eds es la zona norte, que tambi\u00e9n es una de las ciudades con mayor concentraci\u00f3n de cristianos evang\u00e9licos en Am\u00e9rica Latina.<\/p>\n\n\n\n<p>Datos brindados por la Confraternidad Evang\u00e9lica de Honduras (CEH), se\u00f1alan que el 47% de la poblaci\u00f3n de este pa\u00eds se define como cristiano evang\u00e9lico, una cifra realmente alta que identifica donde 4,588,932 personas han aceptado a Cristo como sus Se\u00f1or y Salvador.<\/p>\n","protected":false},"excerpt":{"rendered":"<p>Por: Edwin G\u00f3ngora Para varias personas las respuestas que podamos obtener en nuestra vida ante cualquier adversidad son producto de la casualidad y para otros por decisi\u00f3n del universo. Pero la realidad nos revela que ninguna de las dos es la respuesta. En la Biblia existe una porci\u00f3n que nos se\u00f1ala con meridiana precisi\u00f3n lo [&hellip;]<\/p>\n","protected":false},"author":3,"featured_media":16157,"comment_status":"open","ping_status":"open","sticky":false,"template":"","format":"standard","meta":[],"categories":[56],"tags":[],"yoast_head":"<!-- This site is optimized with the Yoast SEO plugin v20.8 - https:\/\/yoast.com\/wordpress\/plugins\/seo\/ -->\n<title>\u00bfCu\u00e1l es la raz\u00f3n que llev\u00f3 a Honduras a ser la naci\u00f3n m\u00e1s evangelizada del continente? - La Prensa Cristiana<\/title>\n<meta name=\"robots\" content=\"index, follow, max-snippet:-1, max-image-preview:large, max-video-preview:-1\" \/>\n<link rel=\"canonical\" href=\"https:\/\/laprensacristiana.com\/?p=16156\" \/>\n<meta property=\"og:locale\" content=\"es_ES\" \/>\n<meta property=\"og:type\" content=\"article\" \/>\n<meta property=\"og:title\" content=\"\u00bfCu\u00e1l es la raz\u00f3n que llev\u00f3 a Honduras a ser la naci\u00f3n m\u00e1s evangelizada del continente? - La Prensa Cristiana\" \/>\n<meta property=\"og:description\" content=\"Por: Edwin G\u00f3ngora Para varias personas las respuestas que podamos obtener en nuestra vida ante cualquier adversidad son producto de la casualidad y para otros por decisi\u00f3n del universo. Pero la realidad nos revela que ninguna de las dos es la respuesta. En la Biblia existe una porci\u00f3n que nos se\u00f1ala con meridiana precisi\u00f3n lo [&hellip;]\" \/>\n<meta property=\"og:url\" content=\"https:\/\/laprensacristiana.com\/?p=16156\" \/>\n<meta property=\"og:site_name\" content=\"La Prensa Cristiana\" \/>\n<meta property=\"article:published_time\" content=\"2024-02-05T20:51:38+00:00\" \/>\n<meta property=\"article:modified_time\" content=\"2024-02-05T20:59:21+00:00\" \/>\n<meta property=\"og:image\" content=\"https:\/\/laprensacristiana.com\/wp-content\/uploads\/2024\/02\/WhatsApp-Image-2024-02-05-at-9.21.41-AM.jpeg\" \/>\n\t<meta property=\"og:image:width\" content=\"1062\" \/>\n\t<meta property=\"og:image:height\" content=\"951\" \/>\n\t<meta property=\"og:image:type\" content=\"image\/jpeg\" \/>\n<meta name=\"author\" content=\"EDITOR\" \/>\n<meta name=\"twitter:card\" content=\"summary_large_image\" \/>\n<meta name=\"twitter:label1\" content=\"Escrito por\" \/>\n\t<meta name=\"twitter:data1\" content=\"EDITOR\" \/>\n\t<meta name=\"twitter:label2\" content=\"Tiempo de lectura\" \/>\n\t<meta name=\"twitter:data2\" content=\"3 minutos\" \/>\n<script type=\"application\/ld+json\" class=\"yoast-schema-graph\">{\"@context\":\"https:\/\/schema.org\",\"@graph\":[{\"@type\":\"WebPage\",\"@id\":\"https:\/\/laprensacristiana.com\/?p=16156\",\"url\":\"https:\/\/laprensacristiana.com\/?p=16156\",\"name\":\"\u00bfCu\u00e1l es la raz\u00f3n que llev\u00f3 a Honduras a ser la naci\u00f3n m\u00e1s evangelizada del continente? - La Prensa Cristiana\",\"isPartOf\":{\"@id\":\"https:\/\/laprensacristiana.com\/#website\"},\"datePublished\":\"2024-02-05T20:51:38+00:00\",\"dateModified\":\"2024-02-05T20:59:21+00:00\",\"author\":{\"@id\":\"https:\/\/laprensacristiana.com\/#\/schema\/person\/3e7d82c6bfd6b1fa67010f8f7cd5256e\"},\"breadcrumb\":{\"@id\":\"https:\/\/laprensacristiana.com\/?p=16156#breadcrumb\"},\"inLanguage\":\"es\",\"potentialAction\":[{\"@type\":\"ReadAction\",\"target\":[\"https:\/\/laprensacristiana.com\/?p=16156\"]}]},{\"@type\":\"BreadcrumbList\",\"@id\":\"https:\/\/laprensacristiana.com\/?p=16156#breadcrumb\",\"itemListElement\":[{\"@type\":\"ListItem\",\"position\":1,\"name\":\"Portada\",\"item\":\"https:\/\/laprensacristiana.com\/\"},{\"@type\":\"ListItem\",\"position\":2,\"name\":\"\u00bfCu\u00e1l es la raz\u00f3n que llev\u00f3 a Honduras a ser la naci\u00f3n m\u00e1s evangelizada del continente?\"}]},{\"@type\":\"WebSite\",\"@id\":\"https:\/\/laprensacristiana.com\/#website\",\"url\":\"https:\/\/laprensacristiana.com\/\",\"name\":\"La Prensa Cristiana\",\"description\":\"Anunciando Las Buenas Nuevas\",\"potentialAction\":[{\"@type\":\"SearchAction\",\"target\":{\"@type\":\"EntryPoint\",\"urlTemplate\":\"https:\/\/laprensacristiana.com\/?s={search_term_string}\"},\"query-input\":\"required name=search_term_string\"}],\"inLanguage\":\"es\"},{\"@type\":\"Person\",\"@id\":\"https:\/\/laprensacristiana.com\/#\/schema\/person\/3e7d82c6bfd6b1fa67010f8f7cd5256e\",\"name\":\"EDITOR\",\"image\":{\"@type\":\"ImageObject\",\"inLanguage\":\"es\",\"@id\":\"https:\/\/laprensacristiana.com\/#\/schema\/person\/image\/\",\"url\":\"https:\/\/secure.gravatar.com\/avatar\/72069dfb6c13772d9e8381e3638666d2?s=96&d=mm&r=g\",\"contentUrl\":\"https:\/\/secure.gravatar.com\/avatar\/72069dfb6c13772d9e8381e3638666d2?s=96&d=mm&r=g\",\"caption\":\"EDITOR\"},\"url\":\"https:\/\/laprensacristiana.com\/?author=3\"}]}<\/script>\n<!-- \/ Yoast SEO plugin. -->","yoast_head_json":{"title":"\u00bfCu\u00e1l es la raz\u00f3n que llev\u00f3 a Honduras a ser la naci\u00f3n m\u00e1s evangelizada del continente? - La Prensa Cristiana","robots":{"index":"index","follow":"follow","max-snippet":"max-snippet:-1","max-image-preview":"max-image-preview:large","max-video-preview":"max-video-preview:-1"},"canonical":"https:\/\/laprensacristiana.com\/?p=16156","og_locale":"es_ES","og_type":"article","og_title":"\u00bfCu\u00e1l es la raz\u00f3n que llev\u00f3 a Honduras a ser la naci\u00f3n m\u00e1s evangelizada del continente? - La Prensa Cristiana","og_description":"Por: Edwin G\u00f3ngora Para varias personas las respuestas que podamos obtener en nuestra vida ante cualquier adversidad son producto de la casualidad y para otros por decisi\u00f3n del universo. Pero la realidad nos revela que ninguna de las dos es la respuesta. En la Biblia existe una porci\u00f3n que nos se\u00f1ala con meridiana precisi\u00f3n lo [&hellip;]","og_url":"https:\/\/laprensacristiana.com\/?p=16156","og_site_name":"La Prensa Cristiana","article_published_time":"2024-02-05T20:51:38+00:00","article_modified_time":"2024-02-05T20:59:21+00:00","og_image":[{"width":1062,"height":951,"url":"https:\/\/laprensacristiana.com\/wp-content\/uploads\/2024\/02\/WhatsApp-Image-2024-02-05-at-9.21.41-AM.jpeg","type":"image\/jpeg"}],"author":"EDITOR","twitter_card":"summary_large_image","twitter_misc":{"Escrito por":"EDITOR","Tiempo de lectura":"3 minutos"},"schema":{"@context":"https:\/\/schema.org","@graph":[{"@type":"WebPage","@id":"https:\/\/laprensacristiana.com\/?p=16156","url":"https:\/\/laprensacristiana.com\/?p=16156","name":"\u00bfCu\u00e1l es la raz\u00f3n que llev\u00f3 a Honduras a ser la naci\u00f3n m\u00e1s evangelizada del continente? - La Prensa Cristiana","isPartOf":{"@id":"https:\/\/laprensacristiana.com\/#website"},"datePublished":"2024-02-05T20:51:38+00:00","dateModified":"2024-02-05T20:59:21+00:00","author":{"@id":"https:\/\/laprensacristiana.com\/#\/schema\/person\/3e7d82c6bfd6b1fa67010f8f7cd5256e"},"breadcrumb":{"@id":"https:\/\/laprensacristiana.com\/?p=16156#breadcrumb"},"inLanguage":"es","potentialAction":[{"@type":"ReadAction","target":["https:\/\/laprensacristiana.com\/?p=16156"]}]},{"@type":"BreadcrumbList","@id":"https:\/\/laprensacristiana.com\/?p=16156#breadcrumb","itemListElement":[{"@type":"ListItem","position":1,"name":"Portada","item":"https:\/\/laprensacristiana.com\/"},{"@type":"ListItem","position":2,"name":"\u00bfCu\u00e1l es la raz\u00f3n que llev\u00f3 a Honduras a ser la naci\u00f3n m\u00e1s evangelizada del continente?"}]},{"@type":"WebSite","@id":"https:\/\/laprensacristiana.com\/#website","url":"https:\/\/laprensacristiana.com\/","name":"La Prensa Cristiana","description":"Anunciando Las Buenas Nuevas","potentialAction":[{"@type":"SearchAction","target":{"@type":"EntryPoint","urlTemplate":"https:\/\/laprensacristiana.com\/?s={search_term_string}"},"query-input":"required name=search_term_string"}],"inLanguage":"es"},{"@type":"Person","@id":"https:\/\/laprensacristiana.com\/#\/schema\/person\/3e7d82c6bfd6b1fa67010f8f7cd5256e","name":"EDITOR","image":{"@type":"ImageObject","inLanguage":"es","@id":"https:\/\/laprensacristiana.com\/#\/schema\/person\/image\/","url":"https:\/\/secure.gravatar.com\/avatar\/72069dfb6c13772d9e8381e3638666d2?s=96&d=mm&r=g","contentUrl":"https:\/\/secure.gravatar.com\/avatar\/72069dfb6c13772d9e8381e3638666d2?s=96&d=mm&r=g","caption":"EDITOR"},"url":"https:\/\/laprensacristiana.com\/?author=3"}]}},"_links":{"self":[{"href":"https:\/\/laprensacristiana.com\/index.php?rest_route=\/wp\/v2\/posts\/16156"}],"collection":[{"href":"https:\/\/laprensacristiana.com\/index.php?rest_route=\/wp\/v2\/posts"}],"about":[{"href":"https:\/\/laprensacristiana.com\/index.php?rest_route=\/wp\/v2\/types\/post"}],"author":[{"embeddable":true,"href":"https:\/\/laprensacristiana.com\/index.php?rest_route=\/wp\/v2\/users\/3"}],"replies":[{"embeddable":true,"href":"https:\/\/laprensacristiana.com\/index.php?rest_route=%2Fwp%2Fv2%2Fcomments&post=16156"}],"version-history":[{"count":2,"href":"https:\/\/laprensacristiana.com\/index.php?rest_route=\/wp\/v2\/posts\/16156\/revisions"}],"predecessor-version":[{"id":16160,"href":"https:\/\/laprensacristiana.com\/index.php?rest_route=\/wp\/v2\/posts\/16156\/revisions\/16160"}],"wp:featuredmedia":[{"embeddable":true,"href":"https:\/\/laprensacristiana.com\/index.php?rest_route=\/wp\/v2\/media\/16157"}],"wp:attachment":[{"href":"https:\/\/laprensacristiana.com\/index.php?rest_route=%2Fwp%2Fv2%2Fmedia&parent=16156"}],"wp:term":[{"taxonomy":"category","embeddable":true,"href":"https:\/\/laprensacristiana.com\/index.php?rest_route=%2Fwp%2Fv2%2Fcategories&post=16156"},{"taxonomy":"post_tag","embeddable":true,"href":"https:\/\/laprensacristiana.com\/index.php?rest_route=%2Fwp%2Fv2%2Ftags&post=16156"}],"curies":[{"name":"wp","href":"https:\/\/api.w.org\/{rel}","templated":true}]}}