{"id":16161,"date":"2024-02-06T13:44:35","date_gmt":"2024-02-06T13:44:35","guid":{"rendered":"https:\/\/laprensacristiana.com\/?p=16161"},"modified":"2024-02-06T13:44:36","modified_gmt":"2024-02-06T13:44:36","slug":"mision-centroamericana-reconoce-labor-de-universidad-evangelica-de-el-salvador","status":"publish","type":"post","link":"https:\/\/laprensacristiana.com\/?p=16161","title":{"rendered":"Misi\u00f3n Centroamericana reconoce labor de Universidad Evang\u00e9lica de El Salvador"},"content":{"rendered":"\n<p>Por: Edwin G\u00f3ngora <\/p>\n\n\n\n<p>\u00abMejores son dos que uno; porque tienen mejor paga de su trabajo. Porque si cayeren, el uno levantar\u00e1 a su compa\u00f1ero; pero \u00a1ay del solo! que cuando cayere, no habr\u00e1 segundo que lo levante.\u00bb &#8211; Eclesiast\u00e9s 4: 9-10.<\/p>\n\n\n\n<p>El trabajo continuo que beneficia a ministerios, pastores y j\u00f3venes estudiantes que realiza la Universidad Evang\u00e9lica de El salvador, fue reconocido por la Iglesia Misi\u00f3n Centroamericana.<\/p>\n\n\n\n<p>Una publicaci\u00f3n del centro de estudios superior en su p\u00e1gina oficial se\u00f1ala que la Direcci\u00f3n de Capellan\u00eda de la Universidad: \u201cSe complace en gran manera poder compartir la noticia del reconocimiento y agradece profundamente el homenaje\u201d.<\/p>\n\n\n\n<p>El mensaje colocado se\u00f1ala, adem\u00e1s: \u201cGracias por su confianza, por su disposici\u00f3n y su trabajo hist\u00f3rico en la expansi\u00f3n del evangelio en nuestro pa\u00eds. Es un privilegio y una bendici\u00f3n poder ser compa\u00f1eros en la obra de Dios\u201d.<\/p>\n\n\n\n<p>La Universidad Evang\u00e9lica de El Salvador cuenta con 43 a\u00f1os en la formaci\u00f3n acad\u00e9mica de cientos de j\u00f3venes que hoy son prestigiosos profesionales que realizan su labor tanto dentro como fuera del pa\u00eds.<\/p>\n\n\n\n<p>El pastor Israel Maravilla, presidente de la Misi\u00f3n Centroamericana al hacer entrega del reconocimiento, expres\u00f3: \u201cGracias a ustedes por bendecir nuestras iglesias, pastores y j\u00f3venes que son parte de esta historia de transformaci\u00f3n\u201d.<\/p>\n\n\n\n<figure class=\"wp-block-image size-large\"><img decoding=\"async\" loading=\"lazy\" width=\"717\" height=\"1024\" src=\"https:\/\/laprensacristiana.com\/wp-content\/uploads\/2024\/02\/WhatsApp-Image-2024-02-05-at-10.57.06-AM-1-717x1024.jpeg\" alt=\"\" class=\"wp-image-16163\" srcset=\"https:\/\/laprensacristiana.com\/wp-content\/uploads\/2024\/02\/WhatsApp-Image-2024-02-05-at-10.57.06-AM-1-717x1024.jpeg 717w, https:\/\/laprensacristiana.com\/wp-content\/uploads\/2024\/02\/WhatsApp-Image-2024-02-05-at-10.57.06-AM-1-210x300.jpeg 210w, https:\/\/laprensacristiana.com\/wp-content\/uploads\/2024\/02\/WhatsApp-Image-2024-02-05-at-10.57.06-AM-1-768x1096.jpeg 768w, https:\/\/laprensacristiana.com\/wp-content\/uploads\/2024\/02\/WhatsApp-Image-2024-02-05-at-10.57.06-AM-1-1076x1536.jpeg 1076w, https:\/\/laprensacristiana.com\/wp-content\/uploads\/2024\/02\/WhatsApp-Image-2024-02-05-at-10.57.06-AM-1-696x993.jpeg 696w, https:\/\/laprensacristiana.com\/wp-content\/uploads\/2024\/02\/WhatsApp-Image-2024-02-05-at-10.57.06-AM-1-1068x1524.jpeg 1068w, https:\/\/laprensacristiana.com\/wp-content\/uploads\/2024\/02\/WhatsApp-Image-2024-02-05-at-10.57.06-AM-1-600x856.jpeg 600w, https:\/\/laprensacristiana.com\/wp-content\/uploads\/2024\/02\/WhatsApp-Image-2024-02-05-at-10.57.06-AM-1.jpeg 1121w\" sizes=\"(max-width: 717px) 100vw, 717px\" \/><\/figure>\n\n\n\n<p>Este centro de estudios superior fue constituido por hombres cristianos evang\u00e9licos profesionales, hombres de negocios, de diferentes iglesias y denominaciones, entre ellas Bautista, Asambleas de Dios y Misi\u00f3n Centroamericana, quien realiz\u00f3 el homenaje.<\/p>\n\n\n\n<p>Para las autoridades de esta alma mater, reconocimientos como este les fortalecen y comprometen, adem\u00e1s de plantearles nuevos retos que permitan seguir edificando la vida de j\u00f3venes y de quienes desean contar con una formaci\u00f3n acad\u00e9mica de calidad fundamentados en los principios que Jes\u00f9s nos dej\u00f3 plasmados en la Biblia.<\/p>\n","protected":false},"excerpt":{"rendered":"<p>Por: Edwin G\u00f3ngora \u00abMejores son dos que uno; porque tienen mejor paga de su trabajo. Porque si cayeren, el uno levantar\u00e1 a su compa\u00f1ero; pero \u00a1ay del solo! que cuando cayere, no habr\u00e1 segundo que lo levante.\u00bb &#8211; Eclesiast\u00e9s 4: 9-10. El trabajo continuo que beneficia a ministerios, pastores y j\u00f3venes estudiantes que realiza la [&hellip;]<\/p>\n","protected":false},"author":3,"featured_media":16162,"comment_status":"open","ping_status":"open","sticky":false,"template":"","format":"standard","meta":[],"categories":[56],"tags":[],"yoast_head":"<!-- This site is optimized with the Yoast SEO plugin v20.8 - https:\/\/yoast.com\/wordpress\/plugins\/seo\/ -->\n<title>Misi\u00f3n Centroamericana reconoce labor de Universidad Evang\u00e9lica de El Salvador - La Prensa Cristiana<\/title>\n<meta name=\"robots\" content=\"index, follow, max-snippet:-1, max-image-preview:large, max-video-preview:-1\" \/>\n<link rel=\"canonical\" href=\"https:\/\/laprensacristiana.com\/?p=16161\" \/>\n<meta property=\"og:locale\" content=\"es_ES\" \/>\n<meta property=\"og:type\" content=\"article\" \/>\n<meta property=\"og:title\" content=\"Misi\u00f3n Centroamericana reconoce labor de Universidad Evang\u00e9lica de El Salvador - La Prensa Cristiana\" \/>\n<meta property=\"og:description\" content=\"Por: Edwin G\u00f3ngora \u00abMejores son dos que uno; porque tienen mejor paga de su trabajo. Porque si cayeren, el uno levantar\u00e1 a su compa\u00f1ero; pero \u00a1ay del solo! que cuando cayere, no habr\u00e1 segundo que lo levante.\u00bb &#8211; Eclesiast\u00e9s 4: 9-10. El trabajo continuo que beneficia a ministerios, pastores y j\u00f3venes estudiantes que realiza la [&hellip;]\" \/>\n<meta property=\"og:url\" content=\"https:\/\/laprensacristiana.com\/?p=16161\" \/>\n<meta property=\"og:site_name\" content=\"La Prensa Cristiana\" \/>\n<meta property=\"article:published_time\" content=\"2024-02-06T13:44:35+00:00\" \/>\n<meta property=\"article:modified_time\" content=\"2024-02-06T13:44:36+00:00\" \/>\n<meta property=\"og:image\" content=\"https:\/\/laprensacristiana.com\/wp-content\/uploads\/2024\/02\/WhatsApp-Image-2024-02-06-at-7.09.22-AM.jpeg\" \/>\n\t<meta property=\"og:image:width\" content=\"1600\" \/>\n\t<meta property=\"og:image:height\" content=\"960\" \/>\n\t<meta property=\"og:image:type\" content=\"image\/jpeg\" \/>\n<meta name=\"author\" content=\"EDITOR\" \/>\n<meta name=\"twitter:card\" content=\"summary_large_image\" \/>\n<meta name=\"twitter:label1\" content=\"Escrito por\" \/>\n\t<meta name=\"twitter:data1\" content=\"EDITOR\" \/>\n\t<meta name=\"twitter:label2\" content=\"Tiempo de lectura\" \/>\n\t<meta name=\"twitter:data2\" content=\"2 minutos\" \/>\n<script type=\"application\/ld+json\" class=\"yoast-schema-graph\">{\"@context\":\"https:\/\/schema.org\",\"@graph\":[{\"@type\":\"WebPage\",\"@id\":\"https:\/\/laprensacristiana.com\/?p=16161\",\"url\":\"https:\/\/laprensacristiana.com\/?p=16161\",\"name\":\"Misi\u00f3n Centroamericana reconoce labor de Universidad Evang\u00e9lica de El Salvador - La Prensa Cristiana\",\"isPartOf\":{\"@id\":\"https:\/\/laprensacristiana.com\/#website\"},\"datePublished\":\"2024-02-06T13:44:35+00:00\",\"dateModified\":\"2024-02-06T13:44:36+00:00\",\"author\":{\"@id\":\"https:\/\/laprensacristiana.com\/#\/schema\/person\/3e7d82c6bfd6b1fa67010f8f7cd5256e\"},\"breadcrumb\":{\"@id\":\"https:\/\/laprensacristiana.com\/?p=16161#breadcrumb\"},\"inLanguage\":\"es\",\"potentialAction\":[{\"@type\":\"ReadAction\",\"target\":[\"https:\/\/laprensacristiana.com\/?p=16161\"]}]},{\"@type\":\"BreadcrumbList\",\"@id\":\"https:\/\/laprensacristiana.com\/?p=16161#breadcrumb\",\"itemListElement\":[{\"@type\":\"ListItem\",\"position\":1,\"name\":\"Portada\",\"item\":\"https:\/\/laprensacristiana.com\/\"},{\"@type\":\"ListItem\",\"position\":2,\"name\":\"Misi\u00f3n Centroamericana reconoce labor de Universidad Evang\u00e9lica de El Salvador\"}]},{\"@type\":\"WebSite\",\"@id\":\"https:\/\/laprensacristiana.com\/#website\",\"url\":\"https:\/\/laprensacristiana.com\/\",\"name\":\"La Prensa Cristiana\",\"description\":\"Anunciando Las Buenas Nuevas\",\"potentialAction\":[{\"@type\":\"SearchAction\",\"target\":{\"@type\":\"EntryPoint\",\"urlTemplate\":\"https:\/\/laprensacristiana.com\/?s={search_term_string}\"},\"query-input\":\"required name=search_term_string\"}],\"inLanguage\":\"es\"},{\"@type\":\"Person\",\"@id\":\"https:\/\/laprensacristiana.com\/#\/schema\/person\/3e7d82c6bfd6b1fa67010f8f7cd5256e\",\"name\":\"EDITOR\",\"image\":{\"@type\":\"ImageObject\",\"inLanguage\":\"es\",\"@id\":\"https:\/\/laprensacristiana.com\/#\/schema\/person\/image\/\",\"url\":\"https:\/\/secure.gravatar.com\/avatar\/72069dfb6c13772d9e8381e3638666d2?s=96&d=mm&r=g\",\"contentUrl\":\"https:\/\/secure.gravatar.com\/avatar\/72069dfb6c13772d9e8381e3638666d2?s=96&d=mm&r=g\",\"caption\":\"EDITOR\"},\"url\":\"https:\/\/laprensacristiana.com\/?author=3\"}]}<\/script>\n<!-- \/ Yoast SEO plugin. -->","yoast_head_json":{"title":"Misi\u00f3n Centroamericana reconoce labor de Universidad Evang\u00e9lica de El Salvador - La Prensa Cristiana","robots":{"index":"index","follow":"follow","max-snippet":"max-snippet:-1","max-image-preview":"max-image-preview:large","max-video-preview":"max-video-preview:-1"},"canonical":"https:\/\/laprensacristiana.com\/?p=16161","og_locale":"es_ES","og_type":"article","og_title":"Misi\u00f3n Centroamericana reconoce labor de Universidad Evang\u00e9lica de El Salvador - La Prensa Cristiana","og_description":"Por: Edwin G\u00f3ngora \u00abMejores son dos que uno; porque tienen mejor paga de su trabajo. Porque si cayeren, el uno levantar\u00e1 a su compa\u00f1ero; pero \u00a1ay del solo! que cuando cayere, no habr\u00e1 segundo que lo levante.\u00bb &#8211; Eclesiast\u00e9s 4: 9-10. El trabajo continuo que beneficia a ministerios, pastores y j\u00f3venes estudiantes que realiza la [&hellip;]","og_url":"https:\/\/laprensacristiana.com\/?p=16161","og_site_name":"La Prensa Cristiana","article_published_time":"2024-02-06T13:44:35+00:00","article_modified_time":"2024-02-06T13:44:36+00:00","og_image":[{"width":1600,"height":960,"url":"https:\/\/laprensacristiana.com\/wp-content\/uploads\/2024\/02\/WhatsApp-Image-2024-02-06-at-7.09.22-AM.jpeg","type":"image\/jpeg"}],"author":"EDITOR","twitter_card":"summary_large_image","twitter_misc":{"Escrito por":"EDITOR","Tiempo de lectura":"2 minutos"},"schema":{"@context":"https:\/\/schema.org","@graph":[{"@type":"WebPage","@id":"https:\/\/laprensacristiana.com\/?p=16161","url":"https:\/\/laprensacristiana.com\/?p=16161","name":"Misi\u00f3n Centroamericana reconoce labor de Universidad Evang\u00e9lica de El Salvador - La Prensa Cristiana","isPartOf":{"@id":"https:\/\/laprensacristiana.com\/#website"},"datePublished":"2024-02-06T13:44:35+00:00","dateModified":"2024-02-06T13:44:36+00:00","author":{"@id":"https:\/\/laprensacristiana.com\/#\/schema\/person\/3e7d82c6bfd6b1fa67010f8f7cd5256e"},"breadcrumb":{"@id":"https:\/\/laprensacristiana.com\/?p=16161#breadcrumb"},"inLanguage":"es","potentialAction":[{"@type":"ReadAction","target":["https:\/\/laprensacristiana.com\/?p=16161"]}]},{"@type":"BreadcrumbList","@id":"https:\/\/laprensacristiana.com\/?p=16161#breadcrumb","itemListElement":[{"@type":"ListItem","position":1,"name":"Portada","item":"https:\/\/laprensacristiana.com\/"},{"@type":"ListItem","position":2,"name":"Misi\u00f3n Centroamericana reconoce labor de Universidad Evang\u00e9lica de El Salvador"}]},{"@type":"WebSite","@id":"https:\/\/laprensacristiana.com\/#website","url":"https:\/\/laprensacristiana.com\/","name":"La Prensa Cristiana","description":"Anunciando Las Buenas Nuevas","potentialAction":[{"@type":"SearchAction","target":{"@type":"EntryPoint","urlTemplate":"https:\/\/laprensacristiana.com\/?s={search_term_string}"},"query-input":"required name=search_term_string"}],"inLanguage":"es"},{"@type":"Person","@id":"https:\/\/laprensacristiana.com\/#\/schema\/person\/3e7d82c6bfd6b1fa67010f8f7cd5256e","name":"EDITOR","image":{"@type":"ImageObject","inLanguage":"es","@id":"https:\/\/laprensacristiana.com\/#\/schema\/person\/image\/","url":"https:\/\/secure.gravatar.com\/avatar\/72069dfb6c13772d9e8381e3638666d2?s=96&d=mm&r=g","contentUrl":"https:\/\/secure.gravatar.com\/avatar\/72069dfb6c13772d9e8381e3638666d2?s=96&d=mm&r=g","caption":"EDITOR"},"url":"https:\/\/laprensacristiana.com\/?author=3"}]}},"_links":{"self":[{"href":"https:\/\/laprensacristiana.com\/index.php?rest_route=\/wp\/v2\/posts\/16161"}],"collection":[{"href":"https:\/\/laprensacristiana.com\/index.php?rest_route=\/wp\/v2\/posts"}],"about":[{"href":"https:\/\/laprensacristiana.com\/index.php?rest_route=\/wp\/v2\/types\/post"}],"author":[{"embeddable":true,"href":"https:\/\/laprensacristiana.com\/index.php?rest_route=\/wp\/v2\/users\/3"}],"replies":[{"embeddable":true,"href":"https:\/\/laprensacristiana.com\/index.php?rest_route=%2Fwp%2Fv2%2Fcomments&post=16161"}],"version-history":[{"count":1,"href":"https:\/\/laprensacristiana.com\/index.php?rest_route=\/wp\/v2\/posts\/16161\/revisions"}],"predecessor-version":[{"id":16164,"href":"https:\/\/laprensacristiana.com\/index.php?rest_route=\/wp\/v2\/posts\/16161\/revisions\/16164"}],"wp:featuredmedia":[{"embeddable":true,"href":"https:\/\/laprensacristiana.com\/index.php?rest_route=\/wp\/v2\/media\/16162"}],"wp:attachment":[{"href":"https:\/\/laprensacristiana.com\/index.php?rest_route=%2Fwp%2Fv2%2Fmedia&parent=16161"}],"wp:term":[{"taxonomy":"category","embeddable":true,"href":"https:\/\/laprensacristiana.com\/index.php?rest_route=%2Fwp%2Fv2%2Fcategories&post=16161"},{"taxonomy":"post_tag","embeddable":true,"href":"https:\/\/laprensacristiana.com\/index.php?rest_route=%2Fwp%2Fv2%2Ftags&post=16161"}],"curies":[{"name":"wp","href":"https:\/\/api.w.org\/{rel}","templated":true}]}}