{"id":16165,"date":"2024-02-06T14:19:29","date_gmt":"2024-02-06T14:19:29","guid":{"rendered":"https:\/\/laprensacristiana.com\/?p=16165"},"modified":"2024-02-06T14:19:30","modified_gmt":"2024-02-06T14:19:30","slug":"compassion-internacional-el-salvador-recibe-reconocimiento-por-su-labor","status":"publish","type":"post","link":"https:\/\/laprensacristiana.com\/?p=16165","title":{"rendered":"Compassi\u00f3n Internacional El Salvador recibe reconocimiento por su labor"},"content":{"rendered":"\n<p>Por: Edwin G\u00f3ngora <\/p>\n\n\n\n<p>Trabajar a favor de la ni\u00f1ez no es una labor f\u00e1cil y esta requiere una serie de aspectos que en su conjunto debe contar con muchas habilidades, para interactuar con diferentes personalidades y edades.<\/p>\n\n\n\n<p>En esta labor, existen una variedad de talentos verbales y no verbales que se vuelven indispensables para lograr un mejor avance.<\/p>\n\n\n\n<p>Estos talentos los ha mostrado extraordinariamente Compassi\u00f3n Internacional El Salvador, que con sus programas y proyectos ha contribuido a fortalecer el desarrollo de la ni\u00f1ez.<\/p>\n\n\n\n<p>Recientemente La Misi\u00f3n Cristiana Centroamericana, hizo valer estos aspectos al reconocer el trabajo que Compassi\u00f3n Internacional El Salvador ejecuta al respecto.<\/p>\n\n\n\n<p>En su cuenta personal de Facebook, el director nacional de Compassi\u00f3n Internacional El Salvador Hinmer Garc\u00eda p\u00fablico: \u201cEstamos comprometidos a continuar fortaleciendo nuestra colaboraci\u00f3n y ver m\u00e1s oportunidades de vida\u201d, al hacer menci\u00f3n del trabajo que en conjunto realizan.<\/p>\n\n\n\n<p>\u201cAgradezco sinceramente a las iglesias Misi\u00f3n Centroamericana por su apoyo y reconocimiento, somos bendecidos de seguir trabajando en equipo\u201d, agreg\u00f3.<\/p>\n\n\n\n<p>Por su parte el Pastor Israel Maravilla, presidente de la Misi\u00f3n Centroamericana en El Salvador, respondi\u00f3 en su cuenta de Facebook: \u201cGracias por ser de bendici\u00f3n a miles de ni\u00f1os en nuestras iglesias, Dios les bendiga\u201d.<\/p>\n\n\n\n<p>La entrega tuvo lugar en un acto especial donde les fue entregado un diploma en el que se resumen el agradecimiento a su encomiable labor.<\/p>\n\n\n\n<figure class=\"wp-block-image size-large\"><img decoding=\"async\" loading=\"lazy\" width=\"702\" height=\"1024\" src=\"https:\/\/laprensacristiana.com\/wp-content\/uploads\/2024\/02\/WhatsApp-Image-2024-02-05-at-9.57.35-AM-2-702x1024.jpeg\" alt=\"\" class=\"wp-image-16167\" srcset=\"https:\/\/laprensacristiana.com\/wp-content\/uploads\/2024\/02\/WhatsApp-Image-2024-02-05-at-9.57.35-AM-2-702x1024.jpeg 702w, https:\/\/laprensacristiana.com\/wp-content\/uploads\/2024\/02\/WhatsApp-Image-2024-02-05-at-9.57.35-AM-2-206x300.jpeg 206w, https:\/\/laprensacristiana.com\/wp-content\/uploads\/2024\/02\/WhatsApp-Image-2024-02-05-at-9.57.35-AM-2-768x1120.jpeg 768w, https:\/\/laprensacristiana.com\/wp-content\/uploads\/2024\/02\/WhatsApp-Image-2024-02-05-at-9.57.35-AM-2-696x1015.jpeg 696w, https:\/\/laprensacristiana.com\/wp-content\/uploads\/2024\/02\/WhatsApp-Image-2024-02-05-at-9.57.35-AM-2-600x875.jpeg 600w, https:\/\/laprensacristiana.com\/wp-content\/uploads\/2024\/02\/WhatsApp-Image-2024-02-05-at-9.57.35-AM-2.jpeg 878w\" sizes=\"(max-width: 702px) 100vw, 702px\" \/><\/figure>\n","protected":false},"excerpt":{"rendered":"<p>Por: Edwin G\u00f3ngora Trabajar a favor de la ni\u00f1ez no es una labor f\u00e1cil y esta requiere una serie de aspectos que en su conjunto debe contar con muchas habilidades, para interactuar con diferentes personalidades y edades. En esta labor, existen una variedad de talentos verbales y no verbales que se vuelven indispensables para lograr [&hellip;]<\/p>\n","protected":false},"author":3,"featured_media":16166,"comment_status":"open","ping_status":"open","sticky":false,"template":"","format":"standard","meta":[],"categories":[56],"tags":[],"yoast_head":"<!-- This site is optimized with the Yoast SEO plugin v20.8 - https:\/\/yoast.com\/wordpress\/plugins\/seo\/ -->\n<title>Compassi\u00f3n Internacional El Salvador recibe reconocimiento por su labor - La Prensa Cristiana<\/title>\n<meta name=\"robots\" content=\"index, follow, max-snippet:-1, max-image-preview:large, max-video-preview:-1\" \/>\n<link rel=\"canonical\" href=\"https:\/\/laprensacristiana.com\/?p=16165\" \/>\n<meta property=\"og:locale\" content=\"es_ES\" \/>\n<meta property=\"og:type\" content=\"article\" \/>\n<meta property=\"og:title\" content=\"Compassi\u00f3n Internacional El Salvador recibe reconocimiento por su labor - La Prensa Cristiana\" \/>\n<meta property=\"og:description\" content=\"Por: Edwin G\u00f3ngora Trabajar a favor de la ni\u00f1ez no es una labor f\u00e1cil y esta requiere una serie de aspectos que en su conjunto debe contar con muchas habilidades, para interactuar con diferentes personalidades y edades. En esta labor, existen una variedad de talentos verbales y no verbales que se vuelven indispensables para lograr [&hellip;]\" \/>\n<meta property=\"og:url\" content=\"https:\/\/laprensacristiana.com\/?p=16165\" \/>\n<meta property=\"og:site_name\" content=\"La Prensa Cristiana\" \/>\n<meta property=\"article:published_time\" content=\"2024-02-06T14:19:29+00:00\" \/>\n<meta property=\"article:modified_time\" content=\"2024-02-06T14:19:30+00:00\" \/>\n<meta property=\"og:image\" content=\"https:\/\/laprensacristiana.com\/wp-content\/uploads\/2024\/02\/WhatsApp-Image-2024-02-06-at-7.21.01-AM.jpeg\" \/>\n\t<meta property=\"og:image:width\" content=\"1600\" \/>\n\t<meta property=\"og:image:height\" content=\"960\" \/>\n\t<meta property=\"og:image:type\" content=\"image\/jpeg\" \/>\n<meta name=\"author\" content=\"EDITOR\" \/>\n<meta name=\"twitter:card\" content=\"summary_large_image\" \/>\n<meta name=\"twitter:label1\" content=\"Escrito por\" \/>\n\t<meta name=\"twitter:data1\" content=\"EDITOR\" \/>\n\t<meta name=\"twitter:label2\" content=\"Tiempo de lectura\" \/>\n\t<meta name=\"twitter:data2\" content=\"2 minutos\" \/>\n<script type=\"application\/ld+json\" class=\"yoast-schema-graph\">{\"@context\":\"https:\/\/schema.org\",\"@graph\":[{\"@type\":\"WebPage\",\"@id\":\"https:\/\/laprensacristiana.com\/?p=16165\",\"url\":\"https:\/\/laprensacristiana.com\/?p=16165\",\"name\":\"Compassi\u00f3n Internacional El Salvador recibe reconocimiento por su labor - La Prensa Cristiana\",\"isPartOf\":{\"@id\":\"https:\/\/laprensacristiana.com\/#website\"},\"datePublished\":\"2024-02-06T14:19:29+00:00\",\"dateModified\":\"2024-02-06T14:19:30+00:00\",\"author\":{\"@id\":\"https:\/\/laprensacristiana.com\/#\/schema\/person\/3e7d82c6bfd6b1fa67010f8f7cd5256e\"},\"breadcrumb\":{\"@id\":\"https:\/\/laprensacristiana.com\/?p=16165#breadcrumb\"},\"inLanguage\":\"es\",\"potentialAction\":[{\"@type\":\"ReadAction\",\"target\":[\"https:\/\/laprensacristiana.com\/?p=16165\"]}]},{\"@type\":\"BreadcrumbList\",\"@id\":\"https:\/\/laprensacristiana.com\/?p=16165#breadcrumb\",\"itemListElement\":[{\"@type\":\"ListItem\",\"position\":1,\"name\":\"Portada\",\"item\":\"https:\/\/laprensacristiana.com\/\"},{\"@type\":\"ListItem\",\"position\":2,\"name\":\"Compassi\u00f3n Internacional El Salvador recibe reconocimiento por su labor\"}]},{\"@type\":\"WebSite\",\"@id\":\"https:\/\/laprensacristiana.com\/#website\",\"url\":\"https:\/\/laprensacristiana.com\/\",\"name\":\"La Prensa Cristiana\",\"description\":\"Anunciando Las Buenas Nuevas\",\"potentialAction\":[{\"@type\":\"SearchAction\",\"target\":{\"@type\":\"EntryPoint\",\"urlTemplate\":\"https:\/\/laprensacristiana.com\/?s={search_term_string}\"},\"query-input\":\"required name=search_term_string\"}],\"inLanguage\":\"es\"},{\"@type\":\"Person\",\"@id\":\"https:\/\/laprensacristiana.com\/#\/schema\/person\/3e7d82c6bfd6b1fa67010f8f7cd5256e\",\"name\":\"EDITOR\",\"image\":{\"@type\":\"ImageObject\",\"inLanguage\":\"es\",\"@id\":\"https:\/\/laprensacristiana.com\/#\/schema\/person\/image\/\",\"url\":\"https:\/\/secure.gravatar.com\/avatar\/72069dfb6c13772d9e8381e3638666d2?s=96&d=mm&r=g\",\"contentUrl\":\"https:\/\/secure.gravatar.com\/avatar\/72069dfb6c13772d9e8381e3638666d2?s=96&d=mm&r=g\",\"caption\":\"EDITOR\"},\"url\":\"https:\/\/laprensacristiana.com\/?author=3\"}]}<\/script>\n<!-- \/ Yoast SEO plugin. -->","yoast_head_json":{"title":"Compassi\u00f3n Internacional El Salvador recibe reconocimiento por su labor - La Prensa Cristiana","robots":{"index":"index","follow":"follow","max-snippet":"max-snippet:-1","max-image-preview":"max-image-preview:large","max-video-preview":"max-video-preview:-1"},"canonical":"https:\/\/laprensacristiana.com\/?p=16165","og_locale":"es_ES","og_type":"article","og_title":"Compassi\u00f3n Internacional El Salvador recibe reconocimiento por su labor - La Prensa Cristiana","og_description":"Por: Edwin G\u00f3ngora Trabajar a favor de la ni\u00f1ez no es una labor f\u00e1cil y esta requiere una serie de aspectos que en su conjunto debe contar con muchas habilidades, para interactuar con diferentes personalidades y edades. En esta labor, existen una variedad de talentos verbales y no verbales que se vuelven indispensables para lograr [&hellip;]","og_url":"https:\/\/laprensacristiana.com\/?p=16165","og_site_name":"La Prensa Cristiana","article_published_time":"2024-02-06T14:19:29+00:00","article_modified_time":"2024-02-06T14:19:30+00:00","og_image":[{"width":1600,"height":960,"url":"https:\/\/laprensacristiana.com\/wp-content\/uploads\/2024\/02\/WhatsApp-Image-2024-02-06-at-7.21.01-AM.jpeg","type":"image\/jpeg"}],"author":"EDITOR","twitter_card":"summary_large_image","twitter_misc":{"Escrito por":"EDITOR","Tiempo de lectura":"2 minutos"},"schema":{"@context":"https:\/\/schema.org","@graph":[{"@type":"WebPage","@id":"https:\/\/laprensacristiana.com\/?p=16165","url":"https:\/\/laprensacristiana.com\/?p=16165","name":"Compassi\u00f3n Internacional El Salvador recibe reconocimiento por su labor - La Prensa Cristiana","isPartOf":{"@id":"https:\/\/laprensacristiana.com\/#website"},"datePublished":"2024-02-06T14:19:29+00:00","dateModified":"2024-02-06T14:19:30+00:00","author":{"@id":"https:\/\/laprensacristiana.com\/#\/schema\/person\/3e7d82c6bfd6b1fa67010f8f7cd5256e"},"breadcrumb":{"@id":"https:\/\/laprensacristiana.com\/?p=16165#breadcrumb"},"inLanguage":"es","potentialAction":[{"@type":"ReadAction","target":["https:\/\/laprensacristiana.com\/?p=16165"]}]},{"@type":"BreadcrumbList","@id":"https:\/\/laprensacristiana.com\/?p=16165#breadcrumb","itemListElement":[{"@type":"ListItem","position":1,"name":"Portada","item":"https:\/\/laprensacristiana.com\/"},{"@type":"ListItem","position":2,"name":"Compassi\u00f3n Internacional El Salvador recibe reconocimiento por su labor"}]},{"@type":"WebSite","@id":"https:\/\/laprensacristiana.com\/#website","url":"https:\/\/laprensacristiana.com\/","name":"La Prensa Cristiana","description":"Anunciando Las Buenas Nuevas","potentialAction":[{"@type":"SearchAction","target":{"@type":"EntryPoint","urlTemplate":"https:\/\/laprensacristiana.com\/?s={search_term_string}"},"query-input":"required name=search_term_string"}],"inLanguage":"es"},{"@type":"Person","@id":"https:\/\/laprensacristiana.com\/#\/schema\/person\/3e7d82c6bfd6b1fa67010f8f7cd5256e","name":"EDITOR","image":{"@type":"ImageObject","inLanguage":"es","@id":"https:\/\/laprensacristiana.com\/#\/schema\/person\/image\/","url":"https:\/\/secure.gravatar.com\/avatar\/72069dfb6c13772d9e8381e3638666d2?s=96&d=mm&r=g","contentUrl":"https:\/\/secure.gravatar.com\/avatar\/72069dfb6c13772d9e8381e3638666d2?s=96&d=mm&r=g","caption":"EDITOR"},"url":"https:\/\/laprensacristiana.com\/?author=3"}]}},"_links":{"self":[{"href":"https:\/\/laprensacristiana.com\/index.php?rest_route=\/wp\/v2\/posts\/16165"}],"collection":[{"href":"https:\/\/laprensacristiana.com\/index.php?rest_route=\/wp\/v2\/posts"}],"about":[{"href":"https:\/\/laprensacristiana.com\/index.php?rest_route=\/wp\/v2\/types\/post"}],"author":[{"embeddable":true,"href":"https:\/\/laprensacristiana.com\/index.php?rest_route=\/wp\/v2\/users\/3"}],"replies":[{"embeddable":true,"href":"https:\/\/laprensacristiana.com\/index.php?rest_route=%2Fwp%2Fv2%2Fcomments&post=16165"}],"version-history":[{"count":1,"href":"https:\/\/laprensacristiana.com\/index.php?rest_route=\/wp\/v2\/posts\/16165\/revisions"}],"predecessor-version":[{"id":16168,"href":"https:\/\/laprensacristiana.com\/index.php?rest_route=\/wp\/v2\/posts\/16165\/revisions\/16168"}],"wp:featuredmedia":[{"embeddable":true,"href":"https:\/\/laprensacristiana.com\/index.php?rest_route=\/wp\/v2\/media\/16166"}],"wp:attachment":[{"href":"https:\/\/laprensacristiana.com\/index.php?rest_route=%2Fwp%2Fv2%2Fmedia&parent=16165"}],"wp:term":[{"taxonomy":"category","embeddable":true,"href":"https:\/\/laprensacristiana.com\/index.php?rest_route=%2Fwp%2Fv2%2Fcategories&post=16165"},{"taxonomy":"post_tag","embeddable":true,"href":"https:\/\/laprensacristiana.com\/index.php?rest_route=%2Fwp%2Fv2%2Ftags&post=16165"}],"curies":[{"name":"wp","href":"https:\/\/api.w.org\/{rel}","templated":true}]}}