{"id":16169,"date":"2024-02-06T17:59:46","date_gmt":"2024-02-06T17:59:46","guid":{"rendered":"https:\/\/laprensacristiana.com\/?p=16169"},"modified":"2024-02-06T17:59:47","modified_gmt":"2024-02-06T17:59:47","slug":"oracion-y-clamor-por-cese-de-incendios-en-chile","status":"publish","type":"post","link":"https:\/\/laprensacristiana.com\/?p=16169","title":{"rendered":"Oraci\u00f3n y clamor por cese de incendios en Chile"},"content":{"rendered":"\n<p>Por: Edwin G\u00f3ngora <\/p>\n\n\n\n<p>En las \u00faltimas semanas Valpara\u00edso, Chile, enfrenta voraces incendios que a la fecha cuantifican m\u00e1s de 120 personas fallecidas y un promedio de 15 mil viviendas afectadas, lo que a consternado a la naci\u00f3n sur americana.<\/p>\n\n\n\n<p>Las escenas de lo que el fuego consume a su paso ha sido catalogado como una verdadera \u201ctormenta de fuego\u201d.<\/p>\n\n\n\n<p>Los siniestros han arrasado con todo, incluso informaci\u00f3n brindada por el asesor de la Oficina Nacional de Asuntos Religiosos (ONAR), en Valpara\u00edso, Pastor Caleb Fern\u00e1ndez, seis iglesias evang\u00e9licas han resultado da\u00f1adas y varios pastores perdieron sus viviendas.<\/p>\n\n\n\n<p>La oraci\u00f3n y las gestiones para restaurar los perdido est\u00e1n en marcha y aunque por ahora es duro ver lo destruido y recibir los cuerpos de hermanos fallecidos, las iglesias evang\u00e9licas en esta regi\u00f3n de Chile y de varios lugares del mundo se han unido y claman porque cesen los incendios. Destac\u00f3 el asesor de ONAR, Pastor Caleb Fern\u00e1ndez.<\/p>\n\n\n\n<figure class=\"wp-block-image size-full\"><img decoding=\"async\" loading=\"lazy\" width=\"940\" height=\"550\" src=\"https:\/\/laprensacristiana.com\/wp-content\/uploads\/2024\/02\/incendio-mchile-1.jpg\" alt=\"\" class=\"wp-image-16171\" srcset=\"https:\/\/laprensacristiana.com\/wp-content\/uploads\/2024\/02\/incendio-mchile-1.jpg 940w, https:\/\/laprensacristiana.com\/wp-content\/uploads\/2024\/02\/incendio-mchile-1-300x176.jpg 300w, https:\/\/laprensacristiana.com\/wp-content\/uploads\/2024\/02\/incendio-mchile-1-768x449.jpg 768w, https:\/\/laprensacristiana.com\/wp-content\/uploads\/2024\/02\/incendio-mchile-1-696x407.jpg 696w, https:\/\/laprensacristiana.com\/wp-content\/uploads\/2024\/02\/incendio-mchile-1-600x351.jpg 600w\" sizes=\"(max-width: 940px) 100vw, 940px\" \/><\/figure>\n\n\n\n<p>El Pastor y salmista Danilo Montero public\u00f3 en su cuenta de Facebook: \u201cOremos por las personas m\u00e1s afectadas en Chile, por causa de la gran ola de incendios forestales en varias \u00e1reas de la zona sur del pa\u00eds\u201d. \u00a1Un\u00e1monos en oraci\u00f3n por nuestros amigos chilenos!, se\u00f1ala el mensaje.<\/p>\n\n\n\n<p>Los esfuerzos porque el fuego no continue avanzando son tit\u00e1nicos, sin embargo, los habitantes de Valpara\u00edso y zonas aleda\u00f1as toman suyo este vers\u00edculo que Dios nos lo regala en Salmos 123: 1-2 que sin duda fortalece nuestra fe, pues nos afirma de donde proviene:<\/p>\n\n\n\n<p>\u201cA ti alc\u00e9 mis ojos, A ti que habitas en los cielos. He aqu\u00ed, como los ojos de los siervos miran a la mano de sus se\u00f1ores, Y como los ojos de la sierva a la mano de su se\u00f1ora,<\/p>\n\n\n\n<figure class=\"wp-block-image size-full\"><img decoding=\"async\" loading=\"lazy\" width=\"780\" height=\"440\" src=\"https:\/\/laprensacristiana.com\/wp-content\/uploads\/2024\/02\/bombero-ora.jpg\" alt=\"\" class=\"wp-image-16172\" srcset=\"https:\/\/laprensacristiana.com\/wp-content\/uploads\/2024\/02\/bombero-ora.jpg 780w, https:\/\/laprensacristiana.com\/wp-content\/uploads\/2024\/02\/bombero-ora-300x169.jpg 300w, https:\/\/laprensacristiana.com\/wp-content\/uploads\/2024\/02\/bombero-ora-768x433.jpg 768w, https:\/\/laprensacristiana.com\/wp-content\/uploads\/2024\/02\/bombero-ora-696x393.jpg 696w, https:\/\/laprensacristiana.com\/wp-content\/uploads\/2024\/02\/bombero-ora-600x338.jpg 600w\" sizes=\"(max-width: 780px) 100vw, 780px\" \/><\/figure>\n\n\n\n<p>As\u00ed nuestros ojos miran a Jehov\u00e1 nuestro Dios, Hasta que tenga misericordia de nosotros\u201d.<\/p>\n\n\n\n<p>Desde la presidencia de Chile, el jefe de estado Gabriel Boric, decret\u00f3 dos d\u00edas de duelo nacional desde este 5 de febrero, debido a la magnitud de la tragedia, y por la previsi\u00f3n de que la cifra de fallecidos estiman puede aumentar.<\/p>\n\n\n\n<p>Se estima que alrededor de 10.700 hect\u00e1reas, entre terrenos forestales y urbanos, han sido consumidas por el fuego.<\/p>\n\n\n\n<p>A la fecha organizaciones como Ej\u00e9rcito de Salvaci\u00f3n y Caritas han sido solicitadas parea que env\u00ede asistencia, para que se pueda atender a los afectados en esta zona.<\/p>\n\n\n\n<p>Desde El salvador nos unimos y formulamos una oraci\u00f3n por nuestro hermanos.<\/p>\n\n\n\n<figure class=\"wp-block-image size-full\"><img decoding=\"async\" loading=\"lazy\" width=\"800\" height=\"505\" src=\"https:\/\/laprensacristiana.com\/wp-content\/uploads\/2024\/02\/chile-ore-por.jpg\" alt=\"\" class=\"wp-image-16174\" srcset=\"https:\/\/laprensacristiana.com\/wp-content\/uploads\/2024\/02\/chile-ore-por.jpg 800w, https:\/\/laprensacristiana.com\/wp-content\/uploads\/2024\/02\/chile-ore-por-300x189.jpg 300w, https:\/\/laprensacristiana.com\/wp-content\/uploads\/2024\/02\/chile-ore-por-768x485.jpg 768w, https:\/\/laprensacristiana.com\/wp-content\/uploads\/2024\/02\/chile-ore-por-696x439.jpg 696w, https:\/\/laprensacristiana.com\/wp-content\/uploads\/2024\/02\/chile-ore-por-600x379.jpg 600w\" sizes=\"(max-width: 800px) 100vw, 800px\" \/><\/figure>\n","protected":false},"excerpt":{"rendered":"<p>Por: Edwin G\u00f3ngora En las \u00faltimas semanas Valpara\u00edso, Chile, enfrenta voraces incendios que a la fecha cuantifican m\u00e1s de 120 personas fallecidas y un promedio de 15 mil viviendas afectadas, lo que a consternado a la naci\u00f3n sur americana. Las escenas de lo que el fuego consume a su paso ha sido catalogado como una [&hellip;]<\/p>\n","protected":false},"author":3,"featured_media":16170,"comment_status":"open","ping_status":"open","sticky":false,"template":"","format":"standard","meta":[],"categories":[56],"tags":[],"yoast_head":"<!-- This site is optimized with the Yoast SEO plugin v20.8 - https:\/\/yoast.com\/wordpress\/plugins\/seo\/ -->\n<title>Oraci\u00f3n y clamor por cese de incendios en Chile - La Prensa Cristiana<\/title>\n<meta name=\"robots\" content=\"index, follow, max-snippet:-1, max-image-preview:large, max-video-preview:-1\" \/>\n<link rel=\"canonical\" href=\"https:\/\/laprensacristiana.com\/?p=16169\" \/>\n<meta property=\"og:locale\" content=\"es_ES\" \/>\n<meta property=\"og:type\" content=\"article\" \/>\n<meta property=\"og:title\" content=\"Oraci\u00f3n y clamor por cese de incendios en Chile - La Prensa Cristiana\" \/>\n<meta property=\"og:description\" content=\"Por: Edwin G\u00f3ngora En las \u00faltimas semanas Valpara\u00edso, Chile, enfrenta voraces incendios que a la fecha cuantifican m\u00e1s de 120 personas fallecidas y un promedio de 15 mil viviendas afectadas, lo que a consternado a la naci\u00f3n sur americana. Las escenas de lo que el fuego consume a su paso ha sido catalogado como una [&hellip;]\" \/>\n<meta property=\"og:url\" content=\"https:\/\/laprensacristiana.com\/?p=16169\" \/>\n<meta property=\"og:site_name\" content=\"La Prensa Cristiana\" \/>\n<meta property=\"article:published_time\" content=\"2024-02-06T17:59:46+00:00\" \/>\n<meta property=\"article:modified_time\" content=\"2024-02-06T17:59:47+00:00\" \/>\n<meta property=\"og:image\" content=\"https:\/\/laprensacristiana.com\/wp-content\/uploads\/2024\/02\/incendio-2.webp\" \/>\n\t<meta property=\"og:image:width\" content=\"1200\" \/>\n\t<meta property=\"og:image:height\" content=\"675\" \/>\n\t<meta property=\"og:image:type\" content=\"image\/webp\" \/>\n<meta name=\"author\" content=\"EDITOR\" \/>\n<meta name=\"twitter:card\" content=\"summary_large_image\" \/>\n<meta name=\"twitter:label1\" content=\"Escrito por\" \/>\n\t<meta name=\"twitter:data1\" content=\"EDITOR\" \/>\n\t<meta name=\"twitter:label2\" content=\"Tiempo de lectura\" \/>\n\t<meta name=\"twitter:data2\" content=\"3 minutos\" \/>\n<script type=\"application\/ld+json\" class=\"yoast-schema-graph\">{\"@context\":\"https:\/\/schema.org\",\"@graph\":[{\"@type\":\"WebPage\",\"@id\":\"https:\/\/laprensacristiana.com\/?p=16169\",\"url\":\"https:\/\/laprensacristiana.com\/?p=16169\",\"name\":\"Oraci\u00f3n y clamor por cese de incendios en Chile - La Prensa Cristiana\",\"isPartOf\":{\"@id\":\"https:\/\/laprensacristiana.com\/#website\"},\"datePublished\":\"2024-02-06T17:59:46+00:00\",\"dateModified\":\"2024-02-06T17:59:47+00:00\",\"author\":{\"@id\":\"https:\/\/laprensacristiana.com\/#\/schema\/person\/3e7d82c6bfd6b1fa67010f8f7cd5256e\"},\"breadcrumb\":{\"@id\":\"https:\/\/laprensacristiana.com\/?p=16169#breadcrumb\"},\"inLanguage\":\"es\",\"potentialAction\":[{\"@type\":\"ReadAction\",\"target\":[\"https:\/\/laprensacristiana.com\/?p=16169\"]}]},{\"@type\":\"BreadcrumbList\",\"@id\":\"https:\/\/laprensacristiana.com\/?p=16169#breadcrumb\",\"itemListElement\":[{\"@type\":\"ListItem\",\"position\":1,\"name\":\"Portada\",\"item\":\"https:\/\/laprensacristiana.com\/\"},{\"@type\":\"ListItem\",\"position\":2,\"name\":\"Oraci\u00f3n y clamor por cese de incendios en Chile\"}]},{\"@type\":\"WebSite\",\"@id\":\"https:\/\/laprensacristiana.com\/#website\",\"url\":\"https:\/\/laprensacristiana.com\/\",\"name\":\"La Prensa Cristiana\",\"description\":\"Anunciando Las Buenas Nuevas\",\"potentialAction\":[{\"@type\":\"SearchAction\",\"target\":{\"@type\":\"EntryPoint\",\"urlTemplate\":\"https:\/\/laprensacristiana.com\/?s={search_term_string}\"},\"query-input\":\"required name=search_term_string\"}],\"inLanguage\":\"es\"},{\"@type\":\"Person\",\"@id\":\"https:\/\/laprensacristiana.com\/#\/schema\/person\/3e7d82c6bfd6b1fa67010f8f7cd5256e\",\"name\":\"EDITOR\",\"image\":{\"@type\":\"ImageObject\",\"inLanguage\":\"es\",\"@id\":\"https:\/\/laprensacristiana.com\/#\/schema\/person\/image\/\",\"url\":\"https:\/\/secure.gravatar.com\/avatar\/72069dfb6c13772d9e8381e3638666d2?s=96&d=mm&r=g\",\"contentUrl\":\"https:\/\/secure.gravatar.com\/avatar\/72069dfb6c13772d9e8381e3638666d2?s=96&d=mm&r=g\",\"caption\":\"EDITOR\"},\"url\":\"https:\/\/laprensacristiana.com\/?author=3\"}]}<\/script>\n<!-- \/ Yoast SEO plugin. -->","yoast_head_json":{"title":"Oraci\u00f3n y clamor por cese de incendios en Chile - La Prensa Cristiana","robots":{"index":"index","follow":"follow","max-snippet":"max-snippet:-1","max-image-preview":"max-image-preview:large","max-video-preview":"max-video-preview:-1"},"canonical":"https:\/\/laprensacristiana.com\/?p=16169","og_locale":"es_ES","og_type":"article","og_title":"Oraci\u00f3n y clamor por cese de incendios en Chile - La Prensa Cristiana","og_description":"Por: Edwin G\u00f3ngora En las \u00faltimas semanas Valpara\u00edso, Chile, enfrenta voraces incendios que a la fecha cuantifican m\u00e1s de 120 personas fallecidas y un promedio de 15 mil viviendas afectadas, lo que a consternado a la naci\u00f3n sur americana. Las escenas de lo que el fuego consume a su paso ha sido catalogado como una [&hellip;]","og_url":"https:\/\/laprensacristiana.com\/?p=16169","og_site_name":"La Prensa Cristiana","article_published_time":"2024-02-06T17:59:46+00:00","article_modified_time":"2024-02-06T17:59:47+00:00","og_image":[{"width":1200,"height":675,"url":"https:\/\/laprensacristiana.com\/wp-content\/uploads\/2024\/02\/incendio-2.webp","type":"image\/webp"}],"author":"EDITOR","twitter_card":"summary_large_image","twitter_misc":{"Escrito por":"EDITOR","Tiempo de lectura":"3 minutos"},"schema":{"@context":"https:\/\/schema.org","@graph":[{"@type":"WebPage","@id":"https:\/\/laprensacristiana.com\/?p=16169","url":"https:\/\/laprensacristiana.com\/?p=16169","name":"Oraci\u00f3n y clamor por cese de incendios en Chile - La Prensa Cristiana","isPartOf":{"@id":"https:\/\/laprensacristiana.com\/#website"},"datePublished":"2024-02-06T17:59:46+00:00","dateModified":"2024-02-06T17:59:47+00:00","author":{"@id":"https:\/\/laprensacristiana.com\/#\/schema\/person\/3e7d82c6bfd6b1fa67010f8f7cd5256e"},"breadcrumb":{"@id":"https:\/\/laprensacristiana.com\/?p=16169#breadcrumb"},"inLanguage":"es","potentialAction":[{"@type":"ReadAction","target":["https:\/\/laprensacristiana.com\/?p=16169"]}]},{"@type":"BreadcrumbList","@id":"https:\/\/laprensacristiana.com\/?p=16169#breadcrumb","itemListElement":[{"@type":"ListItem","position":1,"name":"Portada","item":"https:\/\/laprensacristiana.com\/"},{"@type":"ListItem","position":2,"name":"Oraci\u00f3n y clamor por cese de incendios en Chile"}]},{"@type":"WebSite","@id":"https:\/\/laprensacristiana.com\/#website","url":"https:\/\/laprensacristiana.com\/","name":"La Prensa Cristiana","description":"Anunciando Las Buenas Nuevas","potentialAction":[{"@type":"SearchAction","target":{"@type":"EntryPoint","urlTemplate":"https:\/\/laprensacristiana.com\/?s={search_term_string}"},"query-input":"required name=search_term_string"}],"inLanguage":"es"},{"@type":"Person","@id":"https:\/\/laprensacristiana.com\/#\/schema\/person\/3e7d82c6bfd6b1fa67010f8f7cd5256e","name":"EDITOR","image":{"@type":"ImageObject","inLanguage":"es","@id":"https:\/\/laprensacristiana.com\/#\/schema\/person\/image\/","url":"https:\/\/secure.gravatar.com\/avatar\/72069dfb6c13772d9e8381e3638666d2?s=96&d=mm&r=g","contentUrl":"https:\/\/secure.gravatar.com\/avatar\/72069dfb6c13772d9e8381e3638666d2?s=96&d=mm&r=g","caption":"EDITOR"},"url":"https:\/\/laprensacristiana.com\/?author=3"}]}},"_links":{"self":[{"href":"https:\/\/laprensacristiana.com\/index.php?rest_route=\/wp\/v2\/posts\/16169"}],"collection":[{"href":"https:\/\/laprensacristiana.com\/index.php?rest_route=\/wp\/v2\/posts"}],"about":[{"href":"https:\/\/laprensacristiana.com\/index.php?rest_route=\/wp\/v2\/types\/post"}],"author":[{"embeddable":true,"href":"https:\/\/laprensacristiana.com\/index.php?rest_route=\/wp\/v2\/users\/3"}],"replies":[{"embeddable":true,"href":"https:\/\/laprensacristiana.com\/index.php?rest_route=%2Fwp%2Fv2%2Fcomments&post=16169"}],"version-history":[{"count":1,"href":"https:\/\/laprensacristiana.com\/index.php?rest_route=\/wp\/v2\/posts\/16169\/revisions"}],"predecessor-version":[{"id":16175,"href":"https:\/\/laprensacristiana.com\/index.php?rest_route=\/wp\/v2\/posts\/16169\/revisions\/16175"}],"wp:featuredmedia":[{"embeddable":true,"href":"https:\/\/laprensacristiana.com\/index.php?rest_route=\/wp\/v2\/media\/16170"}],"wp:attachment":[{"href":"https:\/\/laprensacristiana.com\/index.php?rest_route=%2Fwp%2Fv2%2Fmedia&parent=16169"}],"wp:term":[{"taxonomy":"category","embeddable":true,"href":"https:\/\/laprensacristiana.com\/index.php?rest_route=%2Fwp%2Fv2%2Fcategories&post=16169"},{"taxonomy":"post_tag","embeddable":true,"href":"https:\/\/laprensacristiana.com\/index.php?rest_route=%2Fwp%2Fv2%2Ftags&post=16169"}],"curies":[{"name":"wp","href":"https:\/\/api.w.org\/{rel}","templated":true}]}}