{"id":16177,"date":"2024-02-07T21:58:01","date_gmt":"2024-02-07T21:58:01","guid":{"rendered":"https:\/\/laprensacristiana.com\/?p=16177"},"modified":"2024-02-07T22:05:15","modified_gmt":"2024-02-07T22:05:15","slug":"colectivo-malawi-traslada-ayuda-fisica-y-espiritual-a-zona-olvidada-en-africa","status":"publish","type":"post","link":"https:\/\/laprensacristiana.com\/?p=16177","title":{"rendered":"Colectivo Malawi traslada ayuda f\u00edsica y espiritual a zona olvidada en \u00c1frica"},"content":{"rendered":"\n<p>Por: Edwin G\u00f3ngora <\/p>\n\n\n\n<p>\u201cDios utiliza a las personas para dar un respiro a otras que lo necesitan\u201d.<\/p>\n\n\n\n<p>Esta premisa solo demuestra que Dios est\u00e1 atento a lo que nos pueda ocurrir y es capaz de colocar en el coraz\u00f3n de otros la necesidad de ayudar a quienes lo requieran.<\/p>\n\n\n\n<p>Malaqu\u00edas 3,16 nos dice: \u201cEntonces los que tem\u00edan a Jehov\u00e1 hablaron cada uno a su compa\u00f1ero\u201d. La historia se\u00f1ala que, en los tiempos de este profeta, se viv\u00eda una \u00e9poca de irreverencia e inmoralidad y el pueblo de Israel, se hab\u00eda cansado y comenzado a dudar si val\u00eda la pena caminar con el Se\u00f1or.<\/p>\n\n\n\n<p>Dios ha bendecido a muchas personas para que ejecuten una labor de \u201casistencia \u201cy puedan llevar su palabra hasta el \u00faltimo rinc\u00f3n de la tierra.<\/p>\n\n\n\n<p>Sandra Harris es una misionera que ha desarrollado el Colectivo Malawi, organizaci\u00f3n que brinda ayuda a cientos de familias en la Rep\u00fablica de Malawi, que se ubica al sureste de \u00c1frica.<\/p>\n\n\n\n<figure class=\"wp-block-image size-large\"><img decoding=\"async\" loading=\"lazy\" width=\"1024\" height=\"582\" src=\"https:\/\/laprensacristiana.com\/wp-content\/uploads\/2024\/02\/WhatsApp-Image-2024-02-06-at-4.35.30-PM-3-1024x582.jpeg\" alt=\"\" class=\"wp-image-16179\" srcset=\"https:\/\/laprensacristiana.com\/wp-content\/uploads\/2024\/02\/WhatsApp-Image-2024-02-06-at-4.35.30-PM-3-1024x582.jpeg 1024w, https:\/\/laprensacristiana.com\/wp-content\/uploads\/2024\/02\/WhatsApp-Image-2024-02-06-at-4.35.30-PM-3-300x171.jpeg 300w, https:\/\/laprensacristiana.com\/wp-content\/uploads\/2024\/02\/WhatsApp-Image-2024-02-06-at-4.35.30-PM-3-768x437.jpeg 768w, https:\/\/laprensacristiana.com\/wp-content\/uploads\/2024\/02\/WhatsApp-Image-2024-02-06-at-4.35.30-PM-3-1536x874.jpeg 1536w, https:\/\/laprensacristiana.com\/wp-content\/uploads\/2024\/02\/WhatsApp-Image-2024-02-06-at-4.35.30-PM-3-696x396.jpeg 696w, https:\/\/laprensacristiana.com\/wp-content\/uploads\/2024\/02\/WhatsApp-Image-2024-02-06-at-4.35.30-PM-3-1068x607.jpeg 1068w, https:\/\/laprensacristiana.com\/wp-content\/uploads\/2024\/02\/WhatsApp-Image-2024-02-06-at-4.35.30-PM-3-600x341.jpeg 600w, https:\/\/laprensacristiana.com\/wp-content\/uploads\/2024\/02\/WhatsApp-Image-2024-02-06-at-4.35.30-PM-3.jpeg 1600w\" sizes=\"(max-width: 1024px) 100vw, 1024px\" \/><\/figure>\n\n\n\n<p>La sociedad de Malawi es predominantemente rural y est\u00e1 apegada a sus creencias tradicionales, una mezcla de miedo y fatalismo. Con sus casi 20 millones de habitantes buena parte de su poblaci\u00f3n tiene un baj\u00edsimo nivel de desarrollo, lo que en comparaci\u00f3n con otros pa\u00edses de su regi\u00f3n y del mundo lo ubican en una de las naciones con la peor calidad de vida.<\/p>\n\n\n\n<p>Es aqu\u00ed donde Harris desarrolla su labor al llevar ayuda y la palabra de Dios.<\/p>\n\n\n\n<p>El pastor Joel Osteen public\u00f3 esta semana en su cuenta de X el siguiente mensaje a favor del trabajo que realiza Harris: \u201cJuntos podemos servir como las manos y los pies de Jes\u00fas a las viudas de Malawi. Esperamos que esta actualizaci\u00f3n de Sandra lo anime y le agradecemos mucho todo su apoyo. Eres una gran bendici\u00f3n para Malawi\u201d.<\/p>\n\n\n\n<figure class=\"wp-block-image size-large\"><img decoding=\"async\" loading=\"lazy\" width=\"1024\" height=\"579\" src=\"https:\/\/laprensacristiana.com\/wp-content\/uploads\/2024\/02\/WhatsApp-Image-2024-02-06-at-4.35.30-PM-1024x579.jpeg\" alt=\"\" class=\"wp-image-16180\" srcset=\"https:\/\/laprensacristiana.com\/wp-content\/uploads\/2024\/02\/WhatsApp-Image-2024-02-06-at-4.35.30-PM-1024x579.jpeg 1024w, https:\/\/laprensacristiana.com\/wp-content\/uploads\/2024\/02\/WhatsApp-Image-2024-02-06-at-4.35.30-PM-300x170.jpeg 300w, https:\/\/laprensacristiana.com\/wp-content\/uploads\/2024\/02\/WhatsApp-Image-2024-02-06-at-4.35.30-PM-768x434.jpeg 768w, https:\/\/laprensacristiana.com\/wp-content\/uploads\/2024\/02\/WhatsApp-Image-2024-02-06-at-4.35.30-PM-1536x868.jpeg 1536w, https:\/\/laprensacristiana.com\/wp-content\/uploads\/2024\/02\/WhatsApp-Image-2024-02-06-at-4.35.30-PM-696x393.jpeg 696w, https:\/\/laprensacristiana.com\/wp-content\/uploads\/2024\/02\/WhatsApp-Image-2024-02-06-at-4.35.30-PM-1068x603.jpeg 1068w, https:\/\/laprensacristiana.com\/wp-content\/uploads\/2024\/02\/WhatsApp-Image-2024-02-06-at-4.35.30-PM-600x339.jpeg 600w, https:\/\/laprensacristiana.com\/wp-content\/uploads\/2024\/02\/WhatsApp-Image-2024-02-06-at-4.35.30-PM.jpeg 1600w\" sizes=\"(max-width: 1024px) 100vw, 1024px\" \/><\/figure>\n\n\n\n<p>El pastor Osteen busca sensibilizar a otras instancias y personas que se puedan sumar a la que Sandra Harris ya realiza porque siempre hacen falta manos y voluntarios para mantener la asistencia a los habitantes de Malawi.<\/p>\n\n\n\n<p>En su p\u00e1gina principal Harris publica que su labor se fundamenta siguiendo a Jes\u00fas y amando a Malawi.<\/p>\n\n\n\n<p>\u00abTodo lo que hacemos, no s\u00f3lo como individuos, sino tambi\u00e9n como sociedad colectiva, se\u00f1ala, debe reflejar su car\u00e1cter, sus caminos, sus planes y su amor por toda la humanidad\u00bb.<\/p>\n\n\n\n<p>Los sistemas, las estructuras sociales y las condiciones de vida desiguales para algunos son intolerables y desgarradores para Dios y, por lo tanto, deber\u00edan serlo para nosotros.<\/p>\n\n\n\n<p>En su conjunto los programas y proyectos que alcanzan a mujeres, ni\u00f1as y hombres a permitido desarrollar sus potenciales, adem\u00e1s de hablarles de que Jesucristo puede trasformar sus vidas y cambiar su entorno, para que la crisis que hoy viven pueda ser en breve una zona que florezca.<\/p>\n\n\n\n<figure class=\"wp-block-image size-large\"><img decoding=\"async\" loading=\"lazy\" width=\"1024\" height=\"576\" src=\"https:\/\/laprensacristiana.com\/wp-content\/uploads\/2024\/02\/WhatsApp-Image-2024-02-06-at-4.35.30-PM-2-1024x576.jpeg\" alt=\"\" class=\"wp-image-16181\" srcset=\"https:\/\/laprensacristiana.com\/wp-content\/uploads\/2024\/02\/WhatsApp-Image-2024-02-06-at-4.35.30-PM-2-1024x576.jpeg 1024w, https:\/\/laprensacristiana.com\/wp-content\/uploads\/2024\/02\/WhatsApp-Image-2024-02-06-at-4.35.30-PM-2-300x169.jpeg 300w, https:\/\/laprensacristiana.com\/wp-content\/uploads\/2024\/02\/WhatsApp-Image-2024-02-06-at-4.35.30-PM-2-768x432.jpeg 768w, https:\/\/laprensacristiana.com\/wp-content\/uploads\/2024\/02\/WhatsApp-Image-2024-02-06-at-4.35.30-PM-2-1536x864.jpeg 1536w, https:\/\/laprensacristiana.com\/wp-content\/uploads\/2024\/02\/WhatsApp-Image-2024-02-06-at-4.35.30-PM-2-696x392.jpeg 696w, https:\/\/laprensacristiana.com\/wp-content\/uploads\/2024\/02\/WhatsApp-Image-2024-02-06-at-4.35.30-PM-2-1068x601.jpeg 1068w, https:\/\/laprensacristiana.com\/wp-content\/uploads\/2024\/02\/WhatsApp-Image-2024-02-06-at-4.35.30-PM-2-600x338.jpeg 600w, https:\/\/laprensacristiana.com\/wp-content\/uploads\/2024\/02\/WhatsApp-Image-2024-02-06-at-4.35.30-PM-2.jpeg 1600w\" sizes=\"(max-width: 1024px) 100vw, 1024px\" \/><\/figure>\n","protected":false},"excerpt":{"rendered":"<p>Por: Edwin G\u00f3ngora \u201cDios utiliza a las personas para dar un respiro a otras que lo necesitan\u201d. Esta premisa solo demuestra que Dios est\u00e1 atento a lo que nos pueda ocurrir y es capaz de colocar en el coraz\u00f3n de otros la necesidad de ayudar a quienes lo requieran. Malaqu\u00edas 3,16 nos dice: \u201cEntonces los [&hellip;]<\/p>\n","protected":false},"author":3,"featured_media":16178,"comment_status":"open","ping_status":"open","sticky":false,"template":"","format":"standard","meta":[],"categories":[56],"tags":[],"yoast_head":"<!-- This site is optimized with the Yoast SEO plugin v20.8 - https:\/\/yoast.com\/wordpress\/plugins\/seo\/ -->\n<title>Colectivo Malawi traslada ayuda f\u00edsica y espiritual a zona olvidada en \u00c1frica - La Prensa Cristiana<\/title>\n<meta name=\"robots\" content=\"index, follow, max-snippet:-1, max-image-preview:large, max-video-preview:-1\" \/>\n<link rel=\"canonical\" href=\"https:\/\/laprensacristiana.com\/?p=16177\" \/>\n<meta property=\"og:locale\" content=\"es_ES\" \/>\n<meta property=\"og:type\" content=\"article\" \/>\n<meta property=\"og:title\" content=\"Colectivo Malawi traslada ayuda f\u00edsica y espiritual a zona olvidada en \u00c1frica - La Prensa Cristiana\" \/>\n<meta property=\"og:description\" content=\"Por: Edwin G\u00f3ngora \u201cDios utiliza a las personas para dar un respiro a otras que lo necesitan\u201d. Esta premisa solo demuestra que Dios est\u00e1 atento a lo que nos pueda ocurrir y es capaz de colocar en el coraz\u00f3n de otros la necesidad de ayudar a quienes lo requieran. Malaqu\u00edas 3,16 nos dice: \u201cEntonces los [&hellip;]\" \/>\n<meta property=\"og:url\" content=\"https:\/\/laprensacristiana.com\/?p=16177\" \/>\n<meta property=\"og:site_name\" content=\"La Prensa Cristiana\" \/>\n<meta property=\"article:published_time\" content=\"2024-02-07T21:58:01+00:00\" \/>\n<meta property=\"article:modified_time\" content=\"2024-02-07T22:05:15+00:00\" \/>\n<meta property=\"og:image\" content=\"https:\/\/laprensacristiana.com\/wp-content\/uploads\/2024\/02\/WhatsApp-Image-2024-02-06-at-4.35.29-PM-1.jpeg\" \/>\n\t<meta property=\"og:image:width\" content=\"1600\" \/>\n\t<meta property=\"og:image:height\" content=\"875\" \/>\n\t<meta property=\"og:image:type\" content=\"image\/jpeg\" \/>\n<meta name=\"author\" content=\"EDITOR\" \/>\n<meta name=\"twitter:card\" content=\"summary_large_image\" \/>\n<meta name=\"twitter:label1\" content=\"Escrito por\" \/>\n\t<meta name=\"twitter:data1\" content=\"EDITOR\" \/>\n\t<meta name=\"twitter:label2\" content=\"Tiempo de lectura\" \/>\n\t<meta name=\"twitter:data2\" content=\"3 minutos\" \/>\n<script type=\"application\/ld+json\" class=\"yoast-schema-graph\">{\"@context\":\"https:\/\/schema.org\",\"@graph\":[{\"@type\":\"WebPage\",\"@id\":\"https:\/\/laprensacristiana.com\/?p=16177\",\"url\":\"https:\/\/laprensacristiana.com\/?p=16177\",\"name\":\"Colectivo Malawi traslada ayuda f\u00edsica y espiritual a zona olvidada en \u00c1frica - La Prensa Cristiana\",\"isPartOf\":{\"@id\":\"https:\/\/laprensacristiana.com\/#website\"},\"datePublished\":\"2024-02-07T21:58:01+00:00\",\"dateModified\":\"2024-02-07T22:05:15+00:00\",\"author\":{\"@id\":\"https:\/\/laprensacristiana.com\/#\/schema\/person\/3e7d82c6bfd6b1fa67010f8f7cd5256e\"},\"breadcrumb\":{\"@id\":\"https:\/\/laprensacristiana.com\/?p=16177#breadcrumb\"},\"inLanguage\":\"es\",\"potentialAction\":[{\"@type\":\"ReadAction\",\"target\":[\"https:\/\/laprensacristiana.com\/?p=16177\"]}]},{\"@type\":\"BreadcrumbList\",\"@id\":\"https:\/\/laprensacristiana.com\/?p=16177#breadcrumb\",\"itemListElement\":[{\"@type\":\"ListItem\",\"position\":1,\"name\":\"Portada\",\"item\":\"https:\/\/laprensacristiana.com\/\"},{\"@type\":\"ListItem\",\"position\":2,\"name\":\"Colectivo Malawi traslada ayuda f\u00edsica y espiritual a zona olvidada en \u00c1frica\"}]},{\"@type\":\"WebSite\",\"@id\":\"https:\/\/laprensacristiana.com\/#website\",\"url\":\"https:\/\/laprensacristiana.com\/\",\"name\":\"La Prensa Cristiana\",\"description\":\"Anunciando Las Buenas Nuevas\",\"potentialAction\":[{\"@type\":\"SearchAction\",\"target\":{\"@type\":\"EntryPoint\",\"urlTemplate\":\"https:\/\/laprensacristiana.com\/?s={search_term_string}\"},\"query-input\":\"required name=search_term_string\"}],\"inLanguage\":\"es\"},{\"@type\":\"Person\",\"@id\":\"https:\/\/laprensacristiana.com\/#\/schema\/person\/3e7d82c6bfd6b1fa67010f8f7cd5256e\",\"name\":\"EDITOR\",\"image\":{\"@type\":\"ImageObject\",\"inLanguage\":\"es\",\"@id\":\"https:\/\/laprensacristiana.com\/#\/schema\/person\/image\/\",\"url\":\"https:\/\/secure.gravatar.com\/avatar\/72069dfb6c13772d9e8381e3638666d2?s=96&d=mm&r=g\",\"contentUrl\":\"https:\/\/secure.gravatar.com\/avatar\/72069dfb6c13772d9e8381e3638666d2?s=96&d=mm&r=g\",\"caption\":\"EDITOR\"},\"url\":\"https:\/\/laprensacristiana.com\/?author=3\"}]}<\/script>\n<!-- \/ Yoast SEO plugin. -->","yoast_head_json":{"title":"Colectivo Malawi traslada ayuda f\u00edsica y espiritual a zona olvidada en \u00c1frica - La Prensa Cristiana","robots":{"index":"index","follow":"follow","max-snippet":"max-snippet:-1","max-image-preview":"max-image-preview:large","max-video-preview":"max-video-preview:-1"},"canonical":"https:\/\/laprensacristiana.com\/?p=16177","og_locale":"es_ES","og_type":"article","og_title":"Colectivo Malawi traslada ayuda f\u00edsica y espiritual a zona olvidada en \u00c1frica - La Prensa Cristiana","og_description":"Por: Edwin G\u00f3ngora \u201cDios utiliza a las personas para dar un respiro a otras que lo necesitan\u201d. Esta premisa solo demuestra que Dios est\u00e1 atento a lo que nos pueda ocurrir y es capaz de colocar en el coraz\u00f3n de otros la necesidad de ayudar a quienes lo requieran. Malaqu\u00edas 3,16 nos dice: \u201cEntonces los [&hellip;]","og_url":"https:\/\/laprensacristiana.com\/?p=16177","og_site_name":"La Prensa Cristiana","article_published_time":"2024-02-07T21:58:01+00:00","article_modified_time":"2024-02-07T22:05:15+00:00","og_image":[{"width":1600,"height":875,"url":"https:\/\/laprensacristiana.com\/wp-content\/uploads\/2024\/02\/WhatsApp-Image-2024-02-06-at-4.35.29-PM-1.jpeg","type":"image\/jpeg"}],"author":"EDITOR","twitter_card":"summary_large_image","twitter_misc":{"Escrito por":"EDITOR","Tiempo de lectura":"3 minutos"},"schema":{"@context":"https:\/\/schema.org","@graph":[{"@type":"WebPage","@id":"https:\/\/laprensacristiana.com\/?p=16177","url":"https:\/\/laprensacristiana.com\/?p=16177","name":"Colectivo Malawi traslada ayuda f\u00edsica y espiritual a zona olvidada en \u00c1frica - La Prensa Cristiana","isPartOf":{"@id":"https:\/\/laprensacristiana.com\/#website"},"datePublished":"2024-02-07T21:58:01+00:00","dateModified":"2024-02-07T22:05:15+00:00","author":{"@id":"https:\/\/laprensacristiana.com\/#\/schema\/person\/3e7d82c6bfd6b1fa67010f8f7cd5256e"},"breadcrumb":{"@id":"https:\/\/laprensacristiana.com\/?p=16177#breadcrumb"},"inLanguage":"es","potentialAction":[{"@type":"ReadAction","target":["https:\/\/laprensacristiana.com\/?p=16177"]}]},{"@type":"BreadcrumbList","@id":"https:\/\/laprensacristiana.com\/?p=16177#breadcrumb","itemListElement":[{"@type":"ListItem","position":1,"name":"Portada","item":"https:\/\/laprensacristiana.com\/"},{"@type":"ListItem","position":2,"name":"Colectivo Malawi traslada ayuda f\u00edsica y espiritual a zona olvidada en \u00c1frica"}]},{"@type":"WebSite","@id":"https:\/\/laprensacristiana.com\/#website","url":"https:\/\/laprensacristiana.com\/","name":"La Prensa Cristiana","description":"Anunciando Las Buenas Nuevas","potentialAction":[{"@type":"SearchAction","target":{"@type":"EntryPoint","urlTemplate":"https:\/\/laprensacristiana.com\/?s={search_term_string}"},"query-input":"required name=search_term_string"}],"inLanguage":"es"},{"@type":"Person","@id":"https:\/\/laprensacristiana.com\/#\/schema\/person\/3e7d82c6bfd6b1fa67010f8f7cd5256e","name":"EDITOR","image":{"@type":"ImageObject","inLanguage":"es","@id":"https:\/\/laprensacristiana.com\/#\/schema\/person\/image\/","url":"https:\/\/secure.gravatar.com\/avatar\/72069dfb6c13772d9e8381e3638666d2?s=96&d=mm&r=g","contentUrl":"https:\/\/secure.gravatar.com\/avatar\/72069dfb6c13772d9e8381e3638666d2?s=96&d=mm&r=g","caption":"EDITOR"},"url":"https:\/\/laprensacristiana.com\/?author=3"}]}},"_links":{"self":[{"href":"https:\/\/laprensacristiana.com\/index.php?rest_route=\/wp\/v2\/posts\/16177"}],"collection":[{"href":"https:\/\/laprensacristiana.com\/index.php?rest_route=\/wp\/v2\/posts"}],"about":[{"href":"https:\/\/laprensacristiana.com\/index.php?rest_route=\/wp\/v2\/types\/post"}],"author":[{"embeddable":true,"href":"https:\/\/laprensacristiana.com\/index.php?rest_route=\/wp\/v2\/users\/3"}],"replies":[{"embeddable":true,"href":"https:\/\/laprensacristiana.com\/index.php?rest_route=%2Fwp%2Fv2%2Fcomments&post=16177"}],"version-history":[{"count":2,"href":"https:\/\/laprensacristiana.com\/index.php?rest_route=\/wp\/v2\/posts\/16177\/revisions"}],"predecessor-version":[{"id":16184,"href":"https:\/\/laprensacristiana.com\/index.php?rest_route=\/wp\/v2\/posts\/16177\/revisions\/16184"}],"wp:featuredmedia":[{"embeddable":true,"href":"https:\/\/laprensacristiana.com\/index.php?rest_route=\/wp\/v2\/media\/16178"}],"wp:attachment":[{"href":"https:\/\/laprensacristiana.com\/index.php?rest_route=%2Fwp%2Fv2%2Fmedia&parent=16177"}],"wp:term":[{"taxonomy":"category","embeddable":true,"href":"https:\/\/laprensacristiana.com\/index.php?rest_route=%2Fwp%2Fv2%2Fcategories&post=16177"},{"taxonomy":"post_tag","embeddable":true,"href":"https:\/\/laprensacristiana.com\/index.php?rest_route=%2Fwp%2Fv2%2Ftags&post=16177"}],"curies":[{"name":"wp","href":"https:\/\/api.w.org\/{rel}","templated":true}]}}