{"id":16191,"date":"2024-02-08T18:26:00","date_gmt":"2024-02-08T18:26:00","guid":{"rendered":"https:\/\/laprensacristiana.com\/?p=16191"},"modified":"2024-02-08T18:26:02","modified_gmt":"2024-02-08T18:26:02","slug":"el-aborto-y-sus-secuelas-una-decision-que-cobra-la-vida-de-mas-de-50-millones-de-seres-humanos","status":"publish","type":"post","link":"https:\/\/laprensacristiana.com\/?p=16191","title":{"rendered":"El aborto y sus secuelas, una decisi\u00f3n que cobra la vida de m\u00e1s de 50 millones de seres humanos"},"content":{"rendered":"\n<p>Por: Edwin G\u00f3ngora <\/p>\n\n\n\n<p>Por diferentes circunstancias la vida, nuestra existencia, siempre ha estado amenazada.<\/p>\n\n\n\n<p>Los ataques porque muchas vidas no sean, encuentran cada vez m\u00e1s apoyo.<\/p>\n\n\n\n<p>La Biblia nos dice en una parte de Juan 10:10 que \u201cEl prop\u00f3sito del ladr\u00f3n (el enemigo) es robar matar, y destruir\u201d; no importando cual sea tu condici\u00f3n, incluso que esta sea la de un no nacido.<\/p>\n\n\n\n<p>Desafortunadamente la vida se a intentado eliminar desde un inicio, desde su concepci\u00f3n, una idea que tristemente a tomado fuerza en los \u00faltimos a\u00f1os.<\/p>\n\n\n\n<p>Recientemente la Federaci\u00f3n Alianza Evang\u00e9lica Costarricense (FAEC), en conjunto con Sinergia y el Frente Nacional por la Vida realiz\u00f3 un evento en el que se analiz\u00f3 el rumbo que la corriente abortista est\u00e1 teniendo y lo que desde las iglesias se puede hacer.<\/p>\n\n\n\n<figure class=\"wp-block-image size-large\"><img decoding=\"async\" loading=\"lazy\" width=\"1024\" height=\"461\" src=\"https:\/\/laprensacristiana.com\/wp-content\/uploads\/2024\/02\/charla-aborto-1024x461.jpg\" alt=\"\" class=\"wp-image-16193\" srcset=\"https:\/\/laprensacristiana.com\/wp-content\/uploads\/2024\/02\/charla-aborto-1024x461.jpg 1024w, https:\/\/laprensacristiana.com\/wp-content\/uploads\/2024\/02\/charla-aborto-300x135.jpg 300w, https:\/\/laprensacristiana.com\/wp-content\/uploads\/2024\/02\/charla-aborto-768x346.jpg 768w, https:\/\/laprensacristiana.com\/wp-content\/uploads\/2024\/02\/charla-aborto-1536x691.jpg 1536w, https:\/\/laprensacristiana.com\/wp-content\/uploads\/2024\/02\/charla-aborto-696x313.jpg 696w, https:\/\/laprensacristiana.com\/wp-content\/uploads\/2024\/02\/charla-aborto-1068x481.jpg 1068w, https:\/\/laprensacristiana.com\/wp-content\/uploads\/2024\/02\/charla-aborto-600x270.jpg 600w, https:\/\/laprensacristiana.com\/wp-content\/uploads\/2024\/02\/charla-aborto.jpg 1600w\" sizes=\"(max-width: 1024px) 100vw, 1024px\" \/><\/figure>\n\n\n\n<p>Fue una conferencia a cargo del El Doctor Calum Miller, experto ingl\u00e9s en bio\u00e9tica de la Universidad de Oxford, quien brind\u00f3 importantes perspectivas sobre el aborto, su evidencia cient\u00edfica, las mentiras, las falacias y la verdad<\/p>\n\n\n\n<p>Una de las realidades planteadas por el Doctor Miller es la que enfrenta Irlanda.&nbsp; Hace tan solo 10 a\u00f1os, solo el 35% lo apoyaba, hace 5 a\u00f1os se hizo el mismo censo y un 70% ya est\u00e1 a favor del aborto.<\/p>\n\n\n\n<p>Para la implementaci\u00f3n de este tipo de pol\u00edticas, m\u00faltiples organizaciones no gubernamentales otorgan grandes cantidades de dinero para su promoci\u00f3n.<\/p>\n\n\n\n<p>En la \u00e9poca de Jes\u00fas, el Imperio Romano ve\u00eda con normalidad tanto el aborto como el infanticidio por ello una vez que los cristianos llegaron al poder, protegieron la vida de estos ni\u00f1os y prohibieron este tipo de pr\u00e1cticas.<\/p>\n\n\n\n<p>El cristianismo ha ofrecido mucho en apoyo de los derechos humanos incluso ellos serv\u00edan a hu\u00e9rfanos, viudas y necesitados, teniendo de soporte la palabra de Dios.<\/p>\n\n\n\n<figure class=\"wp-block-image size-full\"><img decoding=\"async\" loading=\"lazy\" width=\"656\" height=\"960\" src=\"https:\/\/laprensacristiana.com\/wp-content\/uploads\/2024\/02\/ROSTRO-bb.jpg\" alt=\"\" class=\"wp-image-16194\" srcset=\"https:\/\/laprensacristiana.com\/wp-content\/uploads\/2024\/02\/ROSTRO-bb.jpg 656w, https:\/\/laprensacristiana.com\/wp-content\/uploads\/2024\/02\/ROSTRO-bb-205x300.jpg 205w, https:\/\/laprensacristiana.com\/wp-content\/uploads\/2024\/02\/ROSTRO-bb-600x878.jpg 600w\" sizes=\"(max-width: 656px) 100vw, 656px\" \/><\/figure>\n\n\n\n<p>El m\u00e9dico manifest\u00f3 que siempre quieren enfrentar a la madre con el ni\u00f1o, que, si uno apoya al beb\u00e9, es provida o que si uno apoya a la madre es pro-decisi\u00f3n o proaborto. Pero esto es incorrecto ya que la postura provida realmente se preocupa por las 2 vidas ya que ambas merecen protecci\u00f3n y cuidado.<\/p>\n\n\n\n<p>En el Reino Unido, 1 de cada 3 mujeres tiene un aborto en su vida, anualmente se realizan 200,000 procedimientos solo en ese pa\u00eds y alrededor de 50 millones a nivel mundial.<\/p>\n\n\n\n<p>En Estados Unidos, hay un mill\u00f3n de abortos cada a\u00f1o y alrededor del mundo se contabilizan 2 abortos cada segundo.<\/p>\n\n\n\n<p>Seg\u00fan estudios, 1 de cada 4 abortos ocurre en el mundo sin consentimiento de la mujer, muchas de las que se lo practican saben que si mantienen su beb\u00e9 pueden perder el respeto de su familia, el amor de sus parejas y amistades.<\/p>\n\n\n\n<p>Otros datos se\u00f1alan que las mujeres m\u00e1s propensas a cometer suicidio son las que abortaron, en segundo lugar, est\u00e1n las que no tienen hijos y por \u00faltimo, las madres.<\/p>\n\n\n\n<figure class=\"wp-block-image size-large\"><img decoding=\"async\" loading=\"lazy\" width=\"1024\" height=\"461\" src=\"https:\/\/laprensacristiana.com\/wp-content\/uploads\/2024\/02\/datos-aborto-1-1024x461.jpg\" alt=\"\" class=\"wp-image-16195\" srcset=\"https:\/\/laprensacristiana.com\/wp-content\/uploads\/2024\/02\/datos-aborto-1-1024x461.jpg 1024w, https:\/\/laprensacristiana.com\/wp-content\/uploads\/2024\/02\/datos-aborto-1-300x135.jpg 300w, https:\/\/laprensacristiana.com\/wp-content\/uploads\/2024\/02\/datos-aborto-1-768x346.jpg 768w, https:\/\/laprensacristiana.com\/wp-content\/uploads\/2024\/02\/datos-aborto-1-1536x691.jpg 1536w, https:\/\/laprensacristiana.com\/wp-content\/uploads\/2024\/02\/datos-aborto-1-696x313.jpg 696w, https:\/\/laprensacristiana.com\/wp-content\/uploads\/2024\/02\/datos-aborto-1-1068x481.jpg 1068w, https:\/\/laprensacristiana.com\/wp-content\/uploads\/2024\/02\/datos-aborto-1-600x270.jpg 600w, https:\/\/laprensacristiana.com\/wp-content\/uploads\/2024\/02\/datos-aborto-1.jpg 1600w\" sizes=\"(max-width: 1024px) 100vw, 1024px\" \/><\/figure>\n\n\n\n<p>Un aborto practicado puede ocasionar un aumento del 25-36% de riesgo de parto prematuro, y si hay m\u00e1s abortos practicados, aumenta del 51-93%.<\/p>\n\n\n\n<p>La pr\u00e1ctica abortista es responsable de 23,000 nacimientos prematuros en Estados Unidos, 2 mil casos de par\u00e1lisis cerebral y 1,200 millones de d\u00f3lares solo en costos neonatales iniciales.<\/p>\n\n\n\n<p>Las complicaciones del parto prematuro son la principal causa de muerte entre ni\u00f1os menores de 5 a\u00f1os, responsables de aproximadamente 1 mill\u00f3n de muertes en 2015.<\/p>\n\n\n\n<p>Tambi\u00e9n el aborto es causante de m\u00e1s enfermedades de transmisi\u00f3n sexual, debido a que si saben que se pueden embarazar pueden abortar, en pa\u00edses con aborto legalizado hay un aumento del 60% de transmisi\u00f3n de gonorrea.<\/p>\n\n\n\n<p>Se estima un costo anual de 4 mil millones de d\u00f3lares para el tratamiento de las Enfermedades de Transmisi\u00f3n Sexual (ETS) atribuibles a la legalizaci\u00f3n del aborto en los Estados Unidos (300 millones de d\u00f3lares de la gonorrea).<\/p>\n\n\n\n<p>En Estados Unidos solo 0,1% de los abortos fue a causa de una violaci\u00f3n o un crimen violento contra la madre.<\/p>\n\n\n\n<p>Seg\u00fan estudios del 2020 en Reino Unido y Gales, tan solo 1,5 % de los abortos se realiz\u00f3 por alguna discapacidad del beb\u00e9, el 0,01 se realiz\u00f3 porque la vida de la madre estaba en peligro.<\/p>\n\n\n\n<p>La realidad es que el 98% de los abortos es excusado por la situaci\u00f3n econ\u00f3mica o salud mental.&nbsp; En el Reino Unido es incluso posible elegir tener o no a un ni\u00f1o en base a su sexo, hasta los 6 meses.<\/p>\n\n\n\n<figure class=\"wp-block-image size-large\"><img decoding=\"async\" loading=\"lazy\" width=\"1024\" height=\"461\" src=\"https:\/\/laprensacristiana.com\/wp-content\/uploads\/2024\/02\/aborto-salud-mental-1024x461.jpg\" alt=\"\" class=\"wp-image-16196\" srcset=\"https:\/\/laprensacristiana.com\/wp-content\/uploads\/2024\/02\/aborto-salud-mental-1024x461.jpg 1024w, https:\/\/laprensacristiana.com\/wp-content\/uploads\/2024\/02\/aborto-salud-mental-300x135.jpg 300w, https:\/\/laprensacristiana.com\/wp-content\/uploads\/2024\/02\/aborto-salud-mental-768x346.jpg 768w, https:\/\/laprensacristiana.com\/wp-content\/uploads\/2024\/02\/aborto-salud-mental-1536x691.jpg 1536w, https:\/\/laprensacristiana.com\/wp-content\/uploads\/2024\/02\/aborto-salud-mental-696x313.jpg 696w, https:\/\/laprensacristiana.com\/wp-content\/uploads\/2024\/02\/aborto-salud-mental-1068x481.jpg 1068w, https:\/\/laprensacristiana.com\/wp-content\/uploads\/2024\/02\/aborto-salud-mental-600x270.jpg 600w, https:\/\/laprensacristiana.com\/wp-content\/uploads\/2024\/02\/aborto-salud-mental.jpg 1600w\" sizes=\"(max-width: 1024px) 100vw, 1024px\" \/><\/figure>\n\n\n\n<p>Pero en medio de toda esta situaci\u00f3n no olvidemos la otra parte de Juan: 10-10: \u201cMi prop\u00f3sito es darles una vida plena y abundante\u201d.<\/p>\n\n\n\n<p>Adem\u00e1s, Dios nos recuerda en Jerem\u00edas 1:5 \u201cYo te eleg\u00ed antes de que nacieras;<\/p>\n\n\n\n<p>te apart\u00e9 para que hablaras en mi nombre a todas las naciones del mundo\u201d.<\/p>\n\n\n\n<p>Ninguna vida es un accidente, aunque as\u00ed pueda parecer, sin embargo, \u00e9l nos da Identidad, prop\u00f3sito y destino que lo veremos con esa vida plena en abundancia que nos ofrece.<\/p>\n","protected":false},"excerpt":{"rendered":"<p>Por: Edwin G\u00f3ngora Por diferentes circunstancias la vida, nuestra existencia, siempre ha estado amenazada. Los ataques porque muchas vidas no sean, encuentran cada vez m\u00e1s apoyo. La Biblia nos dice en una parte de Juan 10:10 que \u201cEl prop\u00f3sito del ladr\u00f3n (el enemigo) es robar matar, y destruir\u201d; no importando cual sea tu condici\u00f3n, incluso [&hellip;]<\/p>\n","protected":false},"author":3,"featured_media":16192,"comment_status":"open","ping_status":"open","sticky":false,"template":"","format":"standard","meta":[],"categories":[56],"tags":[],"yoast_head":"<!-- This site is optimized with the Yoast SEO plugin v20.8 - https:\/\/yoast.com\/wordpress\/plugins\/seo\/ -->\n<title>El aborto y sus secuelas, una decisi\u00f3n que cobra la vida de m\u00e1s de 50 millones de seres humanos - La Prensa Cristiana<\/title>\n<meta name=\"robots\" content=\"index, follow, max-snippet:-1, max-image-preview:large, max-video-preview:-1\" \/>\n<link rel=\"canonical\" href=\"https:\/\/laprensacristiana.com\/?p=16191\" \/>\n<meta property=\"og:locale\" content=\"es_ES\" \/>\n<meta property=\"og:type\" content=\"article\" \/>\n<meta property=\"og:title\" content=\"El aborto y sus secuelas, una decisi\u00f3n que cobra la vida de m\u00e1s de 50 millones de seres humanos - La Prensa Cristiana\" \/>\n<meta property=\"og:description\" content=\"Por: Edwin G\u00f3ngora Por diferentes circunstancias la vida, nuestra existencia, siempre ha estado amenazada. Los ataques porque muchas vidas no sean, encuentran cada vez m\u00e1s apoyo. La Biblia nos dice en una parte de Juan 10:10 que \u201cEl prop\u00f3sito del ladr\u00f3n (el enemigo) es robar matar, y destruir\u201d; no importando cual sea tu condici\u00f3n, incluso [&hellip;]\" \/>\n<meta property=\"og:url\" content=\"https:\/\/laprensacristiana.com\/?p=16191\" \/>\n<meta property=\"og:site_name\" content=\"La Prensa Cristiana\" \/>\n<meta property=\"article:published_time\" content=\"2024-02-08T18:26:00+00:00\" \/>\n<meta property=\"article:modified_time\" content=\"2024-02-08T18:26:02+00:00\" \/>\n<meta property=\"og:image\" content=\"https:\/\/laprensacristiana.com\/wp-content\/uploads\/2024\/02\/bb-pIES.jpg\" \/>\n\t<meta property=\"og:image:width\" content=\"736\" \/>\n\t<meta property=\"og:image:height\" content=\"1048\" \/>\n\t<meta property=\"og:image:type\" content=\"image\/jpeg\" \/>\n<meta name=\"author\" content=\"EDITOR\" \/>\n<meta name=\"twitter:card\" content=\"summary_large_image\" \/>\n<meta name=\"twitter:label1\" content=\"Escrito por\" \/>\n\t<meta name=\"twitter:data1\" content=\"EDITOR\" \/>\n\t<meta name=\"twitter:label2\" content=\"Tiempo de lectura\" \/>\n\t<meta name=\"twitter:data2\" content=\"5 minutos\" \/>\n<script type=\"application\/ld+json\" class=\"yoast-schema-graph\">{\"@context\":\"https:\/\/schema.org\",\"@graph\":[{\"@type\":\"WebPage\",\"@id\":\"https:\/\/laprensacristiana.com\/?p=16191\",\"url\":\"https:\/\/laprensacristiana.com\/?p=16191\",\"name\":\"El aborto y sus secuelas, una decisi\u00f3n que cobra la vida de m\u00e1s de 50 millones de seres humanos - La Prensa Cristiana\",\"isPartOf\":{\"@id\":\"https:\/\/laprensacristiana.com\/#website\"},\"datePublished\":\"2024-02-08T18:26:00+00:00\",\"dateModified\":\"2024-02-08T18:26:02+00:00\",\"author\":{\"@id\":\"https:\/\/laprensacristiana.com\/#\/schema\/person\/3e7d82c6bfd6b1fa67010f8f7cd5256e\"},\"breadcrumb\":{\"@id\":\"https:\/\/laprensacristiana.com\/?p=16191#breadcrumb\"},\"inLanguage\":\"es\",\"potentialAction\":[{\"@type\":\"ReadAction\",\"target\":[\"https:\/\/laprensacristiana.com\/?p=16191\"]}]},{\"@type\":\"BreadcrumbList\",\"@id\":\"https:\/\/laprensacristiana.com\/?p=16191#breadcrumb\",\"itemListElement\":[{\"@type\":\"ListItem\",\"position\":1,\"name\":\"Portada\",\"item\":\"https:\/\/laprensacristiana.com\/\"},{\"@type\":\"ListItem\",\"position\":2,\"name\":\"El aborto y sus secuelas, una decisi\u00f3n que cobra la vida de m\u00e1s de 50 millones de seres humanos\"}]},{\"@type\":\"WebSite\",\"@id\":\"https:\/\/laprensacristiana.com\/#website\",\"url\":\"https:\/\/laprensacristiana.com\/\",\"name\":\"La Prensa Cristiana\",\"description\":\"Anunciando Las Buenas Nuevas\",\"potentialAction\":[{\"@type\":\"SearchAction\",\"target\":{\"@type\":\"EntryPoint\",\"urlTemplate\":\"https:\/\/laprensacristiana.com\/?s={search_term_string}\"},\"query-input\":\"required name=search_term_string\"}],\"inLanguage\":\"es\"},{\"@type\":\"Person\",\"@id\":\"https:\/\/laprensacristiana.com\/#\/schema\/person\/3e7d82c6bfd6b1fa67010f8f7cd5256e\",\"name\":\"EDITOR\",\"image\":{\"@type\":\"ImageObject\",\"inLanguage\":\"es\",\"@id\":\"https:\/\/laprensacristiana.com\/#\/schema\/person\/image\/\",\"url\":\"https:\/\/secure.gravatar.com\/avatar\/72069dfb6c13772d9e8381e3638666d2?s=96&d=mm&r=g\",\"contentUrl\":\"https:\/\/secure.gravatar.com\/avatar\/72069dfb6c13772d9e8381e3638666d2?s=96&d=mm&r=g\",\"caption\":\"EDITOR\"},\"url\":\"https:\/\/laprensacristiana.com\/?author=3\"}]}<\/script>\n<!-- \/ Yoast SEO plugin. -->","yoast_head_json":{"title":"El aborto y sus secuelas, una decisi\u00f3n que cobra la vida de m\u00e1s de 50 millones de seres humanos - La Prensa Cristiana","robots":{"index":"index","follow":"follow","max-snippet":"max-snippet:-1","max-image-preview":"max-image-preview:large","max-video-preview":"max-video-preview:-1"},"canonical":"https:\/\/laprensacristiana.com\/?p=16191","og_locale":"es_ES","og_type":"article","og_title":"El aborto y sus secuelas, una decisi\u00f3n que cobra la vida de m\u00e1s de 50 millones de seres humanos - La Prensa Cristiana","og_description":"Por: Edwin G\u00f3ngora Por diferentes circunstancias la vida, nuestra existencia, siempre ha estado amenazada. Los ataques porque muchas vidas no sean, encuentran cada vez m\u00e1s apoyo. La Biblia nos dice en una parte de Juan 10:10 que \u201cEl prop\u00f3sito del ladr\u00f3n (el enemigo) es robar matar, y destruir\u201d; no importando cual sea tu condici\u00f3n, incluso [&hellip;]","og_url":"https:\/\/laprensacristiana.com\/?p=16191","og_site_name":"La Prensa Cristiana","article_published_time":"2024-02-08T18:26:00+00:00","article_modified_time":"2024-02-08T18:26:02+00:00","og_image":[{"width":736,"height":1048,"url":"https:\/\/laprensacristiana.com\/wp-content\/uploads\/2024\/02\/bb-pIES.jpg","type":"image\/jpeg"}],"author":"EDITOR","twitter_card":"summary_large_image","twitter_misc":{"Escrito por":"EDITOR","Tiempo de lectura":"5 minutos"},"schema":{"@context":"https:\/\/schema.org","@graph":[{"@type":"WebPage","@id":"https:\/\/laprensacristiana.com\/?p=16191","url":"https:\/\/laprensacristiana.com\/?p=16191","name":"El aborto y sus secuelas, una decisi\u00f3n que cobra la vida de m\u00e1s de 50 millones de seres humanos - La Prensa Cristiana","isPartOf":{"@id":"https:\/\/laprensacristiana.com\/#website"},"datePublished":"2024-02-08T18:26:00+00:00","dateModified":"2024-02-08T18:26:02+00:00","author":{"@id":"https:\/\/laprensacristiana.com\/#\/schema\/person\/3e7d82c6bfd6b1fa67010f8f7cd5256e"},"breadcrumb":{"@id":"https:\/\/laprensacristiana.com\/?p=16191#breadcrumb"},"inLanguage":"es","potentialAction":[{"@type":"ReadAction","target":["https:\/\/laprensacristiana.com\/?p=16191"]}]},{"@type":"BreadcrumbList","@id":"https:\/\/laprensacristiana.com\/?p=16191#breadcrumb","itemListElement":[{"@type":"ListItem","position":1,"name":"Portada","item":"https:\/\/laprensacristiana.com\/"},{"@type":"ListItem","position":2,"name":"El aborto y sus secuelas, una decisi\u00f3n que cobra la vida de m\u00e1s de 50 millones de seres humanos"}]},{"@type":"WebSite","@id":"https:\/\/laprensacristiana.com\/#website","url":"https:\/\/laprensacristiana.com\/","name":"La Prensa Cristiana","description":"Anunciando Las Buenas Nuevas","potentialAction":[{"@type":"SearchAction","target":{"@type":"EntryPoint","urlTemplate":"https:\/\/laprensacristiana.com\/?s={search_term_string}"},"query-input":"required name=search_term_string"}],"inLanguage":"es"},{"@type":"Person","@id":"https:\/\/laprensacristiana.com\/#\/schema\/person\/3e7d82c6bfd6b1fa67010f8f7cd5256e","name":"EDITOR","image":{"@type":"ImageObject","inLanguage":"es","@id":"https:\/\/laprensacristiana.com\/#\/schema\/person\/image\/","url":"https:\/\/secure.gravatar.com\/avatar\/72069dfb6c13772d9e8381e3638666d2?s=96&d=mm&r=g","contentUrl":"https:\/\/secure.gravatar.com\/avatar\/72069dfb6c13772d9e8381e3638666d2?s=96&d=mm&r=g","caption":"EDITOR"},"url":"https:\/\/laprensacristiana.com\/?author=3"}]}},"_links":{"self":[{"href":"https:\/\/laprensacristiana.com\/index.php?rest_route=\/wp\/v2\/posts\/16191"}],"collection":[{"href":"https:\/\/laprensacristiana.com\/index.php?rest_route=\/wp\/v2\/posts"}],"about":[{"href":"https:\/\/laprensacristiana.com\/index.php?rest_route=\/wp\/v2\/types\/post"}],"author":[{"embeddable":true,"href":"https:\/\/laprensacristiana.com\/index.php?rest_route=\/wp\/v2\/users\/3"}],"replies":[{"embeddable":true,"href":"https:\/\/laprensacristiana.com\/index.php?rest_route=%2Fwp%2Fv2%2Fcomments&post=16191"}],"version-history":[{"count":1,"href":"https:\/\/laprensacristiana.com\/index.php?rest_route=\/wp\/v2\/posts\/16191\/revisions"}],"predecessor-version":[{"id":16197,"href":"https:\/\/laprensacristiana.com\/index.php?rest_route=\/wp\/v2\/posts\/16191\/revisions\/16197"}],"wp:featuredmedia":[{"embeddable":true,"href":"https:\/\/laprensacristiana.com\/index.php?rest_route=\/wp\/v2\/media\/16192"}],"wp:attachment":[{"href":"https:\/\/laprensacristiana.com\/index.php?rest_route=%2Fwp%2Fv2%2Fmedia&parent=16191"}],"wp:term":[{"taxonomy":"category","embeddable":true,"href":"https:\/\/laprensacristiana.com\/index.php?rest_route=%2Fwp%2Fv2%2Fcategories&post=16191"},{"taxonomy":"post_tag","embeddable":true,"href":"https:\/\/laprensacristiana.com\/index.php?rest_route=%2Fwp%2Fv2%2Ftags&post=16191"}],"curies":[{"name":"wp","href":"https:\/\/api.w.org\/{rel}","templated":true}]}}