{"id":16239,"date":"2024-02-12T22:59:20","date_gmt":"2024-02-12T22:59:20","guid":{"rendered":"https:\/\/laprensacristiana.com\/?p=16239"},"modified":"2024-02-12T23:23:41","modified_gmt":"2024-02-12T23:23:41","slug":"el-salvador-bajo-el-fuego-del-espiritu-santo-2","status":"publish","type":"post","link":"https:\/\/laprensacristiana.com\/?p=16239","title":{"rendered":"El Salvador \u00abBajo el fuego del Esp\u00edritu Santo\u00bb"},"content":{"rendered":"\n<p>Por: Edwin G\u00f3ngora <\/p>\n\n\n\n<p>El Movimiento de Oraci\u00f3n y Unida: \u201cTomando mi Naci\u00f3n\u201d, desarroll\u00f3 con mucho \u00e9xito la cruzada en El Salvado bajo el fuego del Esp\u00edritu Santo, que tuvo lugar el 5 y 6 de febrero en el Estadio Las Delicias de Santa Tecla.<\/p>\n\n\n\n<p>La actividad se llev\u00f3 a cabo en dos etapas, el lunes 5 estuvo dirigida a Pastores y Lideres de diferentes iglesias del pa\u00eds y a nivel internacional que tambi\u00e9n participaron en el evento.<\/p>\n\n\n\n<p>Los organizadores del evento estiman que un promedio de 15 mil lideres estuvieron presentes, donde se compartieron testimonios de lo que Dios a hecho en varias de las congregaciones asistentes. As\u00ed mismo el evento sirvi\u00f3 para evaluar el trabajo que los ministerios realizan y si se esta cumpliendo con exactitud la comisi\u00f3n dejada por Jesucristo.<\/p>\n\n\n\n<p>Para el Pastor Carlos Navas, miembro del equipo pastoral de Iglesia Del Camino, la actividad del primer d\u00eda dej\u00f3 algo que lo describe como fabuloso: \u201cLo que me encant\u00f3 el d\u00eda uno, fue la unidad de la Iglesia, ver a las iglesias de diferentes contextos reunidas, pastores, entusiasmados y con expectativas\u201d, destac\u00f3.<\/p>\n\n\n\n<figure class=\"wp-block-image size-large\"><img decoding=\"async\" loading=\"lazy\" width=\"1024\" height=\"682\" src=\"https:\/\/laprensacristiana.com\/wp-content\/uploads\/2024\/02\/WhatsApp-Image-2024-02-12-at-4.46.22-PM-1024x682.jpeg\" alt=\"\" class=\"wp-image-16243\" srcset=\"https:\/\/laprensacristiana.com\/wp-content\/uploads\/2024\/02\/WhatsApp-Image-2024-02-12-at-4.46.22-PM-1024x682.jpeg 1024w, https:\/\/laprensacristiana.com\/wp-content\/uploads\/2024\/02\/WhatsApp-Image-2024-02-12-at-4.46.22-PM-300x200.jpeg 300w, https:\/\/laprensacristiana.com\/wp-content\/uploads\/2024\/02\/WhatsApp-Image-2024-02-12-at-4.46.22-PM-768x512.jpeg 768w, https:\/\/laprensacristiana.com\/wp-content\/uploads\/2024\/02\/WhatsApp-Image-2024-02-12-at-4.46.22-PM-1536x1023.jpeg 1536w, https:\/\/laprensacristiana.com\/wp-content\/uploads\/2024\/02\/WhatsApp-Image-2024-02-12-at-4.46.22-PM-696x464.jpeg 696w, https:\/\/laprensacristiana.com\/wp-content\/uploads\/2024\/02\/WhatsApp-Image-2024-02-12-at-4.46.22-PM-1068x712.jpeg 1068w, https:\/\/laprensacristiana.com\/wp-content\/uploads\/2024\/02\/WhatsApp-Image-2024-02-12-at-4.46.22-PM-600x400.jpeg 600w, https:\/\/laprensacristiana.com\/wp-content\/uploads\/2024\/02\/WhatsApp-Image-2024-02-12-at-4.46.22-PM.jpeg 1600w\" sizes=\"(max-width: 1024px) 100vw, 1024px\" \/><\/figure>\n\n\n\n<p>El Pastor Navas mencion\u00f3, adem\u00e1s: \u201cEn el tiempo de la ministraci\u00f3n, me encant\u00f3 una ministraci\u00f3n no muy extravagante, un mensaje b\u00edblico y adorar, dejar que el Se\u00f1or haga el resto sin hacer cosas raras, es decir, creo que fue un tiempo donde el pueblo de Dios debe conocer a Dios no conocer a un ministro en s\u00ed mismo, en realidad, necesitamos conocer a Dios, \u00e9l va a tomar ese espacio y hacer algo\u201d, indic\u00f3.<\/p>\n\n\n\n<p>En la cruzada participaron delegaciones de iglesias de toda Centroam\u00e9rica, Estados Unidos, Suram\u00e9rica y Europa.<\/p>\n\n\n\n<p>El pastor, Edwin Gavidia de la Iglesia Casa de Oraci\u00f3n, con sede en California, Estado Unidos, fue uno de los que dijo presente en esta campa\u00f1a evangel\u00edstica.<\/p>\n\n\n\n<p>\u201cYo originariamente soy salvadore\u00f1o, pero ya ten\u00eda 19 a\u00f1os que no hab\u00eda venido, pero no he dejado de seguir el quehacer de las iglesias y movimientos como el que impulsa Iglesia Del Camino con los pastores Navas. Personalmente no quer\u00eda perderme la oportunidad de ser expuesto a lo que aqu\u00ed est\u00e1 pasando, todo este mover. &nbsp;Es a partir de esto, lo que suceda ac\u00e1, no se puede quedar ac\u00e1, si no la expectativa es que tambi\u00e9n uno mismo reciba para poder llevarlo a donde residimos\u201d, acot\u00f3 el pastor Gavidia.<\/p>\n\n\n\n<figure class=\"wp-block-image size-large\"><img decoding=\"async\" loading=\"lazy\" width=\"1024\" height=\"682\" src=\"https:\/\/laprensacristiana.com\/wp-content\/uploads\/2024\/02\/WhatsApp-Image-2024-02-12-at-4.46.23-PM-1-1024x682.jpeg\" alt=\"\" class=\"wp-image-16244\" srcset=\"https:\/\/laprensacristiana.com\/wp-content\/uploads\/2024\/02\/WhatsApp-Image-2024-02-12-at-4.46.23-PM-1-1024x682.jpeg 1024w, https:\/\/laprensacristiana.com\/wp-content\/uploads\/2024\/02\/WhatsApp-Image-2024-02-12-at-4.46.23-PM-1-300x200.jpeg 300w, https:\/\/laprensacristiana.com\/wp-content\/uploads\/2024\/02\/WhatsApp-Image-2024-02-12-at-4.46.23-PM-1-768x512.jpeg 768w, https:\/\/laprensacristiana.com\/wp-content\/uploads\/2024\/02\/WhatsApp-Image-2024-02-12-at-4.46.23-PM-1-1536x1023.jpeg 1536w, https:\/\/laprensacristiana.com\/wp-content\/uploads\/2024\/02\/WhatsApp-Image-2024-02-12-at-4.46.23-PM-1-696x464.jpeg 696w, https:\/\/laprensacristiana.com\/wp-content\/uploads\/2024\/02\/WhatsApp-Image-2024-02-12-at-4.46.23-PM-1-1068x712.jpeg 1068w, https:\/\/laprensacristiana.com\/wp-content\/uploads\/2024\/02\/WhatsApp-Image-2024-02-12-at-4.46.23-PM-1-600x400.jpeg 600w, https:\/\/laprensacristiana.com\/wp-content\/uploads\/2024\/02\/WhatsApp-Image-2024-02-12-at-4.46.23-PM-1.jpeg 1600w\" sizes=\"(max-width: 1024px) 100vw, 1024px\" \/><\/figure>\n\n\n\n<p>El evento cont\u00f3 con diversas personalidades, entre las que destacan el Dr. Edgardo Cardoza, de la Comisi\u00f3n Nacional de Valores, el pastor Neftal\u00ed Alvarenga de la Misi\u00f3n Cristiana Shekina Internacional y el misionero William Omar Hern\u00e1ndez del Ministerio Cristo Te Ama. <\/p>\n\n\n\n<p>Pr\u00e1cticamente esto fue lo que antecedi\u00f3 al segundo d\u00eda, donde los pastores invitados desde Colombia, Ricardo y Patricia Rodr\u00edguez, del Centro Mundial de Avivamiento, compartieran un mensaje especial, donde el esp\u00edritu de Dios se derramar\u00eda para El Salvador.<\/p>\n\n\n\n<p>Tras compartir un video de la labor evangelizadora que los pastores Rodr\u00edguez realizan por diferentes pa\u00edses en todo el mundo, el Dr. Mauricio Navas les dio la bienvenida.<\/p>\n\n\n\n<p>\u201cVenir a un lugar donde \u00e9l es bienvenido, as\u00ed debe de ser\u201d, fue lo primero que el Pastor Ricardo Rodr\u00edguez expres\u00f3 a los asistentes.<\/p>\n\n\n\n<p>Pero complement\u00f3: \u201cYo digo, donde hay hambre no se trata de miles, se trata de un pueblo con hambre de Dios, hambre desesperada por su presencia, hambre desesperada por su palabra, hambre desesperada por la Gloria de Dios\u201d.<\/p>\n\n\n\n<p>Y es que la visita al pa\u00eds de quienes por 33 a\u00f1os han liderado uno de los Ministerios hispanos con mayor crecimiento y alcanzado un avivamiento del esp\u00edritu de Dios, no es casualidad y por el contrario anuncia que nuestro pa\u00eds est\u00e1 por recibir un avivamiento.<\/p>\n\n\n\n<p>\u201cPadre, El Salvador es una naci\u00f3n escogida por ti desde su fundaci\u00f3n. Su mismo nombre Se\u00f1or, t\u00fa unes eso, como llamaste a Abraham, como le cambiaste el nombre a Sim\u00f3n por Pedro. t\u00fa pusiste ese nombre a esta naci\u00f3n y ellos son absolutamente responsables de que, en esta naci\u00f3n, El Salvador seas exaltado y adorado de norte a sur, de oriente a occidente. Gracias por El Salvador. Y yo te ruego en el nombre de Jes\u00fas que desciendas esta noche aqu\u00ed tocando nuestras vidas, nuestros corazones\u201d. &nbsp;Manifest\u00f3.<\/p>\n\n\n\n<figure class=\"wp-block-image size-large\"><img decoding=\"async\" loading=\"lazy\" width=\"1024\" height=\"682\" src=\"https:\/\/laprensacristiana.com\/wp-content\/uploads\/2024\/02\/WhatsApp-Image-2024-02-12-at-4.46.22-PM-2-1024x682.jpeg\" alt=\"\" class=\"wp-image-16245\" srcset=\"https:\/\/laprensacristiana.com\/wp-content\/uploads\/2024\/02\/WhatsApp-Image-2024-02-12-at-4.46.22-PM-2-1024x682.jpeg 1024w, https:\/\/laprensacristiana.com\/wp-content\/uploads\/2024\/02\/WhatsApp-Image-2024-02-12-at-4.46.22-PM-2-300x200.jpeg 300w, https:\/\/laprensacristiana.com\/wp-content\/uploads\/2024\/02\/WhatsApp-Image-2024-02-12-at-4.46.22-PM-2-768x512.jpeg 768w, https:\/\/laprensacristiana.com\/wp-content\/uploads\/2024\/02\/WhatsApp-Image-2024-02-12-at-4.46.22-PM-2-1536x1023.jpeg 1536w, https:\/\/laprensacristiana.com\/wp-content\/uploads\/2024\/02\/WhatsApp-Image-2024-02-12-at-4.46.22-PM-2-696x464.jpeg 696w, https:\/\/laprensacristiana.com\/wp-content\/uploads\/2024\/02\/WhatsApp-Image-2024-02-12-at-4.46.22-PM-2-1068x712.jpeg 1068w, https:\/\/laprensacristiana.com\/wp-content\/uploads\/2024\/02\/WhatsApp-Image-2024-02-12-at-4.46.22-PM-2-600x400.jpeg 600w, https:\/\/laprensacristiana.com\/wp-content\/uploads\/2024\/02\/WhatsApp-Image-2024-02-12-at-4.46.22-PM-2.jpeg 1600w\" sizes=\"(max-width: 1024px) 100vw, 1024px\" \/><\/figure>\n\n\n\n<p>La noche del martes 6 de febrero quedar\u00e1 guardada en la memoria y en el coraz\u00f3n de pastores, lideres y feligreses, quienes presenciaron como el poder del esp\u00edritu de Dios hizo milagros de sanaci\u00f3n, en personas con problemas al caminar, insuficiencia renal, del h\u00edgado, de su cadera y de la vista, entre otros.<\/p>\n\n\n\n<p>Los testimonios fluyeron poco a poco durante buena parte de la cruzada, testificando lo que con su poder los que fueron sanados recibieron del esp\u00edritu de Dios.<\/p>\n\n\n\n<p>Una de la asistente declar\u00f3 que hab\u00eda estado ingresada d\u00edas atr\u00e1s en un hospital por fuertes dolores en todo su cuerpo y aunque fue dada de alta, estos prevalec\u00edan. Sin embargo, asegur\u00f3 que cuando fue declarada la palabra de sanaci\u00f3n, en su cuerpo sinti\u00f3 \u201cun toque\u201d de Dios que de inmediato quit\u00f3 los dolores.<\/p>\n\n\n\n<p>Y es que para dar seguimiento de las sanidades que tuvieron lugar, varios m\u00e9dicos de diferente especialidad participaron en la actividad, quienes corroboraron los testimonios.<\/p>\n\n\n\n<p>La liberaci\u00f3n toc\u00f3 tambi\u00e9n a varias personas quienes ten\u00edan un esp\u00edritu de suicidio, entre ellas una joven, que por la perdida de su hermano entr\u00f3 en una fuerte depresi\u00f3n, aisl\u00e1ndose e intentando quitarse la vida.<\/p>\n\n\n\n<figure class=\"wp-block-image size-large\"><img decoding=\"async\" loading=\"lazy\" width=\"1024\" height=\"682\" src=\"https:\/\/laprensacristiana.com\/wp-content\/uploads\/2024\/02\/WhatsApp-Image-2024-02-12-at-4.46.22-PM-1-1024x682.jpeg\" alt=\"\" class=\"wp-image-16246\" srcset=\"https:\/\/laprensacristiana.com\/wp-content\/uploads\/2024\/02\/WhatsApp-Image-2024-02-12-at-4.46.22-PM-1-1024x682.jpeg 1024w, https:\/\/laprensacristiana.com\/wp-content\/uploads\/2024\/02\/WhatsApp-Image-2024-02-12-at-4.46.22-PM-1-300x200.jpeg 300w, https:\/\/laprensacristiana.com\/wp-content\/uploads\/2024\/02\/WhatsApp-Image-2024-02-12-at-4.46.22-PM-1-768x512.jpeg 768w, https:\/\/laprensacristiana.com\/wp-content\/uploads\/2024\/02\/WhatsApp-Image-2024-02-12-at-4.46.22-PM-1-1536x1023.jpeg 1536w, https:\/\/laprensacristiana.com\/wp-content\/uploads\/2024\/02\/WhatsApp-Image-2024-02-12-at-4.46.22-PM-1-696x464.jpeg 696w, https:\/\/laprensacristiana.com\/wp-content\/uploads\/2024\/02\/WhatsApp-Image-2024-02-12-at-4.46.22-PM-1-1068x712.jpeg 1068w, https:\/\/laprensacristiana.com\/wp-content\/uploads\/2024\/02\/WhatsApp-Image-2024-02-12-at-4.46.22-PM-1-600x400.jpeg 600w, https:\/\/laprensacristiana.com\/wp-content\/uploads\/2024\/02\/WhatsApp-Image-2024-02-12-at-4.46.22-PM-1.jpeg 1600w\" sizes=\"(max-width: 1024px) 100vw, 1024px\" \/><\/figure>\n\n\n\n<p>Durante la actividad se realiz\u00f3 una oraci\u00f3n por la ni\u00f1ez y porque el esp\u00edritu de Dios los acompa\u00f1e siempre.<\/p>\n\n\n\n<p>El Dr. Mauricio Navas record\u00f3 al liderazgo de la Iglesia Evang\u00e9lica en El Salvador: \u201cNo tomen el camino dif\u00edcil\u201d, en alusi\u00f3n a que cuando la obra ministerial se hace con sus propias fuerzas y no con las de Dios, esta no prospera. Exhort\u00f3 tambi\u00e9n a que el fuego del avivamiento recibido en esta cruzada no se apague y lo trasladen a sus congregaciones, porque este es el camino de Dios, un camino perfecto. \u201cNo hagan su labor ministerial con la carne, sino con el poder de lo alto, con el poder del esp\u00edritu santo\u201d, enfatiz\u00f3 el Dr. Mauricio Navas.&nbsp;&nbsp;<\/p>\n\n\n\n<figure class=\"wp-block-image size-large\"><img decoding=\"async\" loading=\"lazy\" width=\"1024\" height=\"682\" src=\"https:\/\/laprensacristiana.com\/wp-content\/uploads\/2024\/02\/WhatsApp-Image-2024-02-12-at-4.46.23-PM-1024x682.jpeg\" alt=\"\" class=\"wp-image-16247\" srcset=\"https:\/\/laprensacristiana.com\/wp-content\/uploads\/2024\/02\/WhatsApp-Image-2024-02-12-at-4.46.23-PM-1024x682.jpeg 1024w, https:\/\/laprensacristiana.com\/wp-content\/uploads\/2024\/02\/WhatsApp-Image-2024-02-12-at-4.46.23-PM-300x200.jpeg 300w, https:\/\/laprensacristiana.com\/wp-content\/uploads\/2024\/02\/WhatsApp-Image-2024-02-12-at-4.46.23-PM-768x512.jpeg 768w, https:\/\/laprensacristiana.com\/wp-content\/uploads\/2024\/02\/WhatsApp-Image-2024-02-12-at-4.46.23-PM-1536x1023.jpeg 1536w, https:\/\/laprensacristiana.com\/wp-content\/uploads\/2024\/02\/WhatsApp-Image-2024-02-12-at-4.46.23-PM-696x464.jpeg 696w, https:\/\/laprensacristiana.com\/wp-content\/uploads\/2024\/02\/WhatsApp-Image-2024-02-12-at-4.46.23-PM-1068x712.jpeg 1068w, https:\/\/laprensacristiana.com\/wp-content\/uploads\/2024\/02\/WhatsApp-Image-2024-02-12-at-4.46.23-PM-600x400.jpeg 600w, https:\/\/laprensacristiana.com\/wp-content\/uploads\/2024\/02\/WhatsApp-Image-2024-02-12-at-4.46.23-PM.jpeg 1600w\" sizes=\"(max-width: 1024px) 100vw, 1024px\" \/><\/figure>\n","protected":false},"excerpt":{"rendered":"<p>Por: Edwin G\u00f3ngora El Movimiento de Oraci\u00f3n y Unida: \u201cTomando mi Naci\u00f3n\u201d, desarroll\u00f3 con mucho \u00e9xito la cruzada en El Salvado bajo el fuego del Esp\u00edritu Santo, que tuvo lugar el 5 y 6 de febrero en el Estadio Las Delicias de Santa Tecla. La actividad se llev\u00f3 a cabo en dos etapas, el lunes [&hellip;]<\/p>\n","protected":false},"author":3,"featured_media":16242,"comment_status":"open","ping_status":"open","sticky":false,"template":"","format":"standard","meta":[],"categories":[56],"tags":[],"yoast_head":"<!-- This site is optimized with the Yoast SEO plugin v20.8 - https:\/\/yoast.com\/wordpress\/plugins\/seo\/ -->\n<title>El Salvador \u00abBajo el fuego del Esp\u00edritu Santo\u00bb - La Prensa Cristiana<\/title>\n<meta name=\"robots\" content=\"index, follow, max-snippet:-1, max-image-preview:large, max-video-preview:-1\" \/>\n<link rel=\"canonical\" href=\"https:\/\/laprensacristiana.com\/?p=16239\" \/>\n<meta property=\"og:locale\" content=\"es_ES\" \/>\n<meta property=\"og:type\" content=\"article\" \/>\n<meta property=\"og:title\" content=\"El Salvador \u00abBajo el fuego del Esp\u00edritu Santo\u00bb - La Prensa Cristiana\" \/>\n<meta property=\"og:description\" content=\"Por: Edwin G\u00f3ngora El Movimiento de Oraci\u00f3n y Unida: \u201cTomando mi Naci\u00f3n\u201d, desarroll\u00f3 con mucho \u00e9xito la cruzada en El Salvado bajo el fuego del Esp\u00edritu Santo, que tuvo lugar el 5 y 6 de febrero en el Estadio Las Delicias de Santa Tecla. La actividad se llev\u00f3 a cabo en dos etapas, el lunes [&hellip;]\" \/>\n<meta property=\"og:url\" content=\"https:\/\/laprensacristiana.com\/?p=16239\" \/>\n<meta property=\"og:site_name\" content=\"La Prensa Cristiana\" \/>\n<meta property=\"article:published_time\" content=\"2024-02-12T22:59:20+00:00\" \/>\n<meta property=\"article:modified_time\" content=\"2024-02-12T23:23:41+00:00\" \/>\n<meta property=\"og:image\" content=\"https:\/\/laprensacristiana.com\/wp-content\/uploads\/2024\/02\/WhatsApp-Image-2024-02-12-at-4.46.22-PM-3.jpeg\" \/>\n\t<meta property=\"og:image:width\" content=\"1600\" \/>\n\t<meta property=\"og:image:height\" content=\"1066\" \/>\n\t<meta property=\"og:image:type\" content=\"image\/jpeg\" \/>\n<meta name=\"author\" content=\"EDITOR\" \/>\n<meta name=\"twitter:card\" content=\"summary_large_image\" \/>\n<meta name=\"twitter:label1\" content=\"Escrito por\" \/>\n\t<meta name=\"twitter:data1\" content=\"EDITOR\" \/>\n\t<meta name=\"twitter:label2\" content=\"Tiempo de lectura\" \/>\n\t<meta name=\"twitter:data2\" content=\"6 minutos\" \/>\n<script type=\"application\/ld+json\" class=\"yoast-schema-graph\">{\"@context\":\"https:\/\/schema.org\",\"@graph\":[{\"@type\":\"WebPage\",\"@id\":\"https:\/\/laprensacristiana.com\/?p=16239\",\"url\":\"https:\/\/laprensacristiana.com\/?p=16239\",\"name\":\"El Salvador \u00abBajo el fuego del Esp\u00edritu Santo\u00bb - La Prensa Cristiana\",\"isPartOf\":{\"@id\":\"https:\/\/laprensacristiana.com\/#website\"},\"datePublished\":\"2024-02-12T22:59:20+00:00\",\"dateModified\":\"2024-02-12T23:23:41+00:00\",\"author\":{\"@id\":\"https:\/\/laprensacristiana.com\/#\/schema\/person\/3e7d82c6bfd6b1fa67010f8f7cd5256e\"},\"breadcrumb\":{\"@id\":\"https:\/\/laprensacristiana.com\/?p=16239#breadcrumb\"},\"inLanguage\":\"es\",\"potentialAction\":[{\"@type\":\"ReadAction\",\"target\":[\"https:\/\/laprensacristiana.com\/?p=16239\"]}]},{\"@type\":\"BreadcrumbList\",\"@id\":\"https:\/\/laprensacristiana.com\/?p=16239#breadcrumb\",\"itemListElement\":[{\"@type\":\"ListItem\",\"position\":1,\"name\":\"Portada\",\"item\":\"https:\/\/laprensacristiana.com\/\"},{\"@type\":\"ListItem\",\"position\":2,\"name\":\"El Salvador \u00abBajo el fuego del Esp\u00edritu Santo\u00bb\"}]},{\"@type\":\"WebSite\",\"@id\":\"https:\/\/laprensacristiana.com\/#website\",\"url\":\"https:\/\/laprensacristiana.com\/\",\"name\":\"La Prensa Cristiana\",\"description\":\"Anunciando Las Buenas Nuevas\",\"potentialAction\":[{\"@type\":\"SearchAction\",\"target\":{\"@type\":\"EntryPoint\",\"urlTemplate\":\"https:\/\/laprensacristiana.com\/?s={search_term_string}\"},\"query-input\":\"required name=search_term_string\"}],\"inLanguage\":\"es\"},{\"@type\":\"Person\",\"@id\":\"https:\/\/laprensacristiana.com\/#\/schema\/person\/3e7d82c6bfd6b1fa67010f8f7cd5256e\",\"name\":\"EDITOR\",\"image\":{\"@type\":\"ImageObject\",\"inLanguage\":\"es\",\"@id\":\"https:\/\/laprensacristiana.com\/#\/schema\/person\/image\/\",\"url\":\"https:\/\/secure.gravatar.com\/avatar\/72069dfb6c13772d9e8381e3638666d2?s=96&d=mm&r=g\",\"contentUrl\":\"https:\/\/secure.gravatar.com\/avatar\/72069dfb6c13772d9e8381e3638666d2?s=96&d=mm&r=g\",\"caption\":\"EDITOR\"},\"url\":\"https:\/\/laprensacristiana.com\/?author=3\"}]}<\/script>\n<!-- \/ Yoast SEO plugin. -->","yoast_head_json":{"title":"El Salvador \u00abBajo el fuego del Esp\u00edritu Santo\u00bb - La Prensa Cristiana","robots":{"index":"index","follow":"follow","max-snippet":"max-snippet:-1","max-image-preview":"max-image-preview:large","max-video-preview":"max-video-preview:-1"},"canonical":"https:\/\/laprensacristiana.com\/?p=16239","og_locale":"es_ES","og_type":"article","og_title":"El Salvador \u00abBajo el fuego del Esp\u00edritu Santo\u00bb - La Prensa Cristiana","og_description":"Por: Edwin G\u00f3ngora El Movimiento de Oraci\u00f3n y Unida: \u201cTomando mi Naci\u00f3n\u201d, desarroll\u00f3 con mucho \u00e9xito la cruzada en El Salvado bajo el fuego del Esp\u00edritu Santo, que tuvo lugar el 5 y 6 de febrero en el Estadio Las Delicias de Santa Tecla. La actividad se llev\u00f3 a cabo en dos etapas, el lunes [&hellip;]","og_url":"https:\/\/laprensacristiana.com\/?p=16239","og_site_name":"La Prensa Cristiana","article_published_time":"2024-02-12T22:59:20+00:00","article_modified_time":"2024-02-12T23:23:41+00:00","og_image":[{"width":1600,"height":1066,"url":"https:\/\/laprensacristiana.com\/wp-content\/uploads\/2024\/02\/WhatsApp-Image-2024-02-12-at-4.46.22-PM-3.jpeg","type":"image\/jpeg"}],"author":"EDITOR","twitter_card":"summary_large_image","twitter_misc":{"Escrito por":"EDITOR","Tiempo de lectura":"6 minutos"},"schema":{"@context":"https:\/\/schema.org","@graph":[{"@type":"WebPage","@id":"https:\/\/laprensacristiana.com\/?p=16239","url":"https:\/\/laprensacristiana.com\/?p=16239","name":"El Salvador \u00abBajo el fuego del Esp\u00edritu Santo\u00bb - La Prensa Cristiana","isPartOf":{"@id":"https:\/\/laprensacristiana.com\/#website"},"datePublished":"2024-02-12T22:59:20+00:00","dateModified":"2024-02-12T23:23:41+00:00","author":{"@id":"https:\/\/laprensacristiana.com\/#\/schema\/person\/3e7d82c6bfd6b1fa67010f8f7cd5256e"},"breadcrumb":{"@id":"https:\/\/laprensacristiana.com\/?p=16239#breadcrumb"},"inLanguage":"es","potentialAction":[{"@type":"ReadAction","target":["https:\/\/laprensacristiana.com\/?p=16239"]}]},{"@type":"BreadcrumbList","@id":"https:\/\/laprensacristiana.com\/?p=16239#breadcrumb","itemListElement":[{"@type":"ListItem","position":1,"name":"Portada","item":"https:\/\/laprensacristiana.com\/"},{"@type":"ListItem","position":2,"name":"El Salvador \u00abBajo el fuego del Esp\u00edritu Santo\u00bb"}]},{"@type":"WebSite","@id":"https:\/\/laprensacristiana.com\/#website","url":"https:\/\/laprensacristiana.com\/","name":"La Prensa Cristiana","description":"Anunciando Las Buenas Nuevas","potentialAction":[{"@type":"SearchAction","target":{"@type":"EntryPoint","urlTemplate":"https:\/\/laprensacristiana.com\/?s={search_term_string}"},"query-input":"required name=search_term_string"}],"inLanguage":"es"},{"@type":"Person","@id":"https:\/\/laprensacristiana.com\/#\/schema\/person\/3e7d82c6bfd6b1fa67010f8f7cd5256e","name":"EDITOR","image":{"@type":"ImageObject","inLanguage":"es","@id":"https:\/\/laprensacristiana.com\/#\/schema\/person\/image\/","url":"https:\/\/secure.gravatar.com\/avatar\/72069dfb6c13772d9e8381e3638666d2?s=96&d=mm&r=g","contentUrl":"https:\/\/secure.gravatar.com\/avatar\/72069dfb6c13772d9e8381e3638666d2?s=96&d=mm&r=g","caption":"EDITOR"},"url":"https:\/\/laprensacristiana.com\/?author=3"}]}},"_links":{"self":[{"href":"https:\/\/laprensacristiana.com\/index.php?rest_route=\/wp\/v2\/posts\/16239"}],"collection":[{"href":"https:\/\/laprensacristiana.com\/index.php?rest_route=\/wp\/v2\/posts"}],"about":[{"href":"https:\/\/laprensacristiana.com\/index.php?rest_route=\/wp\/v2\/types\/post"}],"author":[{"embeddable":true,"href":"https:\/\/laprensacristiana.com\/index.php?rest_route=\/wp\/v2\/users\/3"}],"replies":[{"embeddable":true,"href":"https:\/\/laprensacristiana.com\/index.php?rest_route=%2Fwp%2Fv2%2Fcomments&post=16239"}],"version-history":[{"count":2,"href":"https:\/\/laprensacristiana.com\/index.php?rest_route=\/wp\/v2\/posts\/16239\/revisions"}],"predecessor-version":[{"id":16250,"href":"https:\/\/laprensacristiana.com\/index.php?rest_route=\/wp\/v2\/posts\/16239\/revisions\/16250"}],"wp:featuredmedia":[{"embeddable":true,"href":"https:\/\/laprensacristiana.com\/index.php?rest_route=\/wp\/v2\/media\/16242"}],"wp:attachment":[{"href":"https:\/\/laprensacristiana.com\/index.php?rest_route=%2Fwp%2Fv2%2Fmedia&parent=16239"}],"wp:term":[{"taxonomy":"category","embeddable":true,"href":"https:\/\/laprensacristiana.com\/index.php?rest_route=%2Fwp%2Fv2%2Fcategories&post=16239"},{"taxonomy":"post_tag","embeddable":true,"href":"https:\/\/laprensacristiana.com\/index.php?rest_route=%2Fwp%2Fv2%2Ftags&post=16239"}],"curies":[{"name":"wp","href":"https:\/\/api.w.org\/{rel}","templated":true}]}}