{"id":16262,"date":"2024-02-13T19:52:20","date_gmt":"2024-02-13T19:52:20","guid":{"rendered":"https:\/\/laprensacristiana.com\/?p=16262"},"modified":"2024-02-13T19:52:21","modified_gmt":"2024-02-13T19:52:21","slug":"acreditacion-internacional-en-medicina-un-paso-mas-de-excelencia-de-universidad-evangelica","status":"publish","type":"post","link":"https:\/\/laprensacristiana.com\/?p=16262","title":{"rendered":"\u00abAcreditaci\u00f3n Internacional en Medicina\u00bb un paso m\u00e1s de excelencia de Universidad Evang\u00e9lica"},"content":{"rendered":"\n<p>Por: Edwin G\u00f3ngora <\/p>\n\n\n\n<p>Apegada a los principios \u00e9ticos basados en las sagradas escrituras, donde Cristo es el centro y la base de su modelo educativo, la Universidad Evang\u00e9lica de El Salvador recibi\u00f3 este lunes 12 de febrero en un acto especial la acreditaci\u00f3n internacional en Doctorado en Medicina, la cual le fue otorgada por el Consejo Mexicano para la Acreditaci\u00f3n de la Educaci\u00f3n M\u00e9dica (COMAEM) en la carrera de Doctorado en Medicina.<\/p>\n\n\n\n<p>El evento de entrega de la acreditaci\u00f3n cierra un caminar iniciado por la universidad en abril de 2022 y que, gracias al respaldo de sus autoridades, entre ellos su directorio ejecutivo, enviaron la solicitud a COMAEM, para postularse como candidatos que les permitiera optar a un proceso de acreditaci\u00f3n internacional.<\/p>\n\n\n\n<p>La rectora de este centro de estudios de educaci\u00f3n superior, Doctora Cristina de Amaya, explic\u00f3 durante su discurso que el prop\u00f3sito de COMAEM, es el de evaluar los programas educativos de M\u00e9xico, pero al mismo tiempo tiene una proyecci\u00f3n en varios pa\u00edses de la regi\u00f3n, en los que a la formaci\u00f3n m\u00e9dica se refiere, por medio de un conjunto de lineamientos acad\u00e9micos, t\u00e9cnicos y administrativos que impulsen la calidad de la educaci\u00f3n m\u00e9dica. Adem\u00e1s de promover la evaluaci\u00f3n institucional continua de las escuelas y facultades p\u00fablicas y privadas para consolidar su excelencia educativa a nivel local y regional.<\/p>\n\n\n\n<figure class=\"wp-block-image size-large\"><img decoding=\"async\" loading=\"lazy\" width=\"1024\" height=\"785\" src=\"https:\/\/laprensacristiana.com\/wp-content\/uploads\/2024\/02\/WhatsApp-Image-2024-02-12-at-5.12.47-PM-1024x785.jpeg\" alt=\"\" class=\"wp-image-16264\" srcset=\"https:\/\/laprensacristiana.com\/wp-content\/uploads\/2024\/02\/WhatsApp-Image-2024-02-12-at-5.12.47-PM-1024x785.jpeg 1024w, https:\/\/laprensacristiana.com\/wp-content\/uploads\/2024\/02\/WhatsApp-Image-2024-02-12-at-5.12.47-PM-300x230.jpeg 300w, https:\/\/laprensacristiana.com\/wp-content\/uploads\/2024\/02\/WhatsApp-Image-2024-02-12-at-5.12.47-PM-768x588.jpeg 768w, https:\/\/laprensacristiana.com\/wp-content\/uploads\/2024\/02\/WhatsApp-Image-2024-02-12-at-5.12.47-PM-1536x1177.jpeg 1536w, https:\/\/laprensacristiana.com\/wp-content\/uploads\/2024\/02\/WhatsApp-Image-2024-02-12-at-5.12.47-PM-696x533.jpeg 696w, https:\/\/laprensacristiana.com\/wp-content\/uploads\/2024\/02\/WhatsApp-Image-2024-02-12-at-5.12.47-PM-1068x818.jpeg 1068w, https:\/\/laprensacristiana.com\/wp-content\/uploads\/2024\/02\/WhatsApp-Image-2024-02-12-at-5.12.47-PM-600x460.jpeg 600w, https:\/\/laprensacristiana.com\/wp-content\/uploads\/2024\/02\/WhatsApp-Image-2024-02-12-at-5.12.47-PM.jpeg 1600w\" sizes=\"(max-width: 1024px) 100vw, 1024px\" \/><\/figure>\n\n\n\n<p>La evaluaci\u00f3n hecha a la Universidad Evang\u00e9lica de El Salvador incluy\u00f3 242 indicadores, para poder obtener una resoluci\u00f3n favorable, est\u00e1 ampliamente sustentada en la buena formaci\u00f3n acad\u00e9mica que brinda desde hace 43 a\u00f1os, donde la carrera de medicina es una de las que naci\u00f3 junto a la universidad.<\/p>\n\n\n\n<p>Por su parte El presidente de COMAEM, Doctor Jes\u00f9s Hern\u00e1ndez, destac\u00f3: \u201cSi\u00e9ntanse orgullosos, con mucho orgullo, de haber obtenido esto, porque son el primer programa de medicina aqu\u00ed en El Salvador que logra esto, que logra este objetivo. Y ese sentimiento de orgullo debe traducirse ampliamente en todas las esferas donde a ustedes les concierne\u201d.<\/p>\n\n\n\n<p>As\u00ed tambi\u00e9n el Doctor Hern\u00e1ndez les exhort\u00f3: \u201cDebemos convertirnos en estimuladores para que otros programas y otras universidades alcancen este mismo objetivo en sus diferentes \u00e1reas con una acreditaci\u00f3n internacional.\u201d<\/p>\n\n\n\n<figure class=\"wp-block-image size-large\"><img decoding=\"async\" loading=\"lazy\" width=\"1024\" height=\"683\" src=\"https:\/\/laprensacristiana.com\/wp-content\/uploads\/2024\/02\/WhatsApp-Image-2024-02-13-at-1.47.11-PM-2-1024x683.jpeg\" alt=\"\" class=\"wp-image-16265\" srcset=\"https:\/\/laprensacristiana.com\/wp-content\/uploads\/2024\/02\/WhatsApp-Image-2024-02-13-at-1.47.11-PM-2-1024x683.jpeg 1024w, https:\/\/laprensacristiana.com\/wp-content\/uploads\/2024\/02\/WhatsApp-Image-2024-02-13-at-1.47.11-PM-2-300x200.jpeg 300w, https:\/\/laprensacristiana.com\/wp-content\/uploads\/2024\/02\/WhatsApp-Image-2024-02-13-at-1.47.11-PM-2-768x512.jpeg 768w, https:\/\/laprensacristiana.com\/wp-content\/uploads\/2024\/02\/WhatsApp-Image-2024-02-13-at-1.47.11-PM-2-696x464.jpeg 696w, https:\/\/laprensacristiana.com\/wp-content\/uploads\/2024\/02\/WhatsApp-Image-2024-02-13-at-1.47.11-PM-2-1068x712.jpeg 1068w, https:\/\/laprensacristiana.com\/wp-content\/uploads\/2024\/02\/WhatsApp-Image-2024-02-13-at-1.47.11-PM-2-600x400.jpeg 600w, https:\/\/laprensacristiana.com\/wp-content\/uploads\/2024\/02\/WhatsApp-Image-2024-02-13-at-1.47.11-PM-2.jpeg 1080w\" sizes=\"(max-width: 1024px) 100vw, 1024px\" \/><\/figure>\n\n\n\n<p>Una acreditaci\u00f3n internacional no solamente se hace efectiva una vez, esta debe revisarse cada 5 a\u00f1os para que los niveles que les permitieron obtenerla se mantengan o mejoren.<\/p>\n\n\n\n<p>El evento cont\u00f3 con la presencia de autoridades de la Universidad, el Ministro de Educaci\u00f3n; Mauricio Pineda, el director de Educaci\u00f3n Superior, Christian Aparicio, representantes del Ministerio de Salud P\u00fablica, El director ejecutivo de la Comisi\u00f3n Nacional de acreditaci\u00f3n de la calidad de la educaci\u00f3n Superior, \u00c0ngel Cartagena, as\u00ed como estudiantes de diferentes niveles de la carrera de medicina.<\/p>\n\n\n\n<figure class=\"wp-block-image size-large\"><img decoding=\"async\" loading=\"lazy\" width=\"1024\" height=\"768\" src=\"https:\/\/laprensacristiana.com\/wp-content\/uploads\/2024\/02\/WhatsApp-Image-2024-02-13-at-1.47.11-PM-1-1024x768.jpeg\" alt=\"\" class=\"wp-image-16266\" srcset=\"https:\/\/laprensacristiana.com\/wp-content\/uploads\/2024\/02\/WhatsApp-Image-2024-02-13-at-1.47.11-PM-1-1024x768.jpeg 1024w, https:\/\/laprensacristiana.com\/wp-content\/uploads\/2024\/02\/WhatsApp-Image-2024-02-13-at-1.47.11-PM-1-300x225.jpeg 300w, https:\/\/laprensacristiana.com\/wp-content\/uploads\/2024\/02\/WhatsApp-Image-2024-02-13-at-1.47.11-PM-1-768x576.jpeg 768w, https:\/\/laprensacristiana.com\/wp-content\/uploads\/2024\/02\/WhatsApp-Image-2024-02-13-at-1.47.11-PM-1-696x522.jpeg 696w, https:\/\/laprensacristiana.com\/wp-content\/uploads\/2024\/02\/WhatsApp-Image-2024-02-13-at-1.47.11-PM-1-1068x801.jpeg 1068w, https:\/\/laprensacristiana.com\/wp-content\/uploads\/2024\/02\/WhatsApp-Image-2024-02-13-at-1.47.11-PM-1-600x450.jpeg 600w, https:\/\/laprensacristiana.com\/wp-content\/uploads\/2024\/02\/WhatsApp-Image-2024-02-13-at-1.47.11-PM-1.jpeg 1080w\" sizes=\"(max-width: 1024px) 100vw, 1024px\" \/><\/figure>\n\n\n\n<figure class=\"wp-block-image size-large\"><img decoding=\"async\" loading=\"lazy\" width=\"1024\" height=\"379\" src=\"https:\/\/laprensacristiana.com\/wp-content\/uploads\/2024\/02\/WhatsApp-Image-2024-02-12-at-5.12.48-PM-1024x379.jpeg\" alt=\"\" class=\"wp-image-16267\" srcset=\"https:\/\/laprensacristiana.com\/wp-content\/uploads\/2024\/02\/WhatsApp-Image-2024-02-12-at-5.12.48-PM-1024x379.jpeg 1024w, https:\/\/laprensacristiana.com\/wp-content\/uploads\/2024\/02\/WhatsApp-Image-2024-02-12-at-5.12.48-PM-300x111.jpeg 300w, https:\/\/laprensacristiana.com\/wp-content\/uploads\/2024\/02\/WhatsApp-Image-2024-02-12-at-5.12.48-PM-768x284.jpeg 768w, https:\/\/laprensacristiana.com\/wp-content\/uploads\/2024\/02\/WhatsApp-Image-2024-02-12-at-5.12.48-PM-1536x568.jpeg 1536w, https:\/\/laprensacristiana.com\/wp-content\/uploads\/2024\/02\/WhatsApp-Image-2024-02-12-at-5.12.48-PM-696x258.jpeg 696w, https:\/\/laprensacristiana.com\/wp-content\/uploads\/2024\/02\/WhatsApp-Image-2024-02-12-at-5.12.48-PM-1068x395.jpeg 1068w, https:\/\/laprensacristiana.com\/wp-content\/uploads\/2024\/02\/WhatsApp-Image-2024-02-12-at-5.12.48-PM-600x222.jpeg 600w, https:\/\/laprensacristiana.com\/wp-content\/uploads\/2024\/02\/WhatsApp-Image-2024-02-12-at-5.12.48-PM.jpeg 1600w\" sizes=\"(max-width: 1024px) 100vw, 1024px\" \/><\/figure>\n","protected":false},"excerpt":{"rendered":"<p>Por: Edwin G\u00f3ngora Apegada a los principios \u00e9ticos basados en las sagradas escrituras, donde Cristo es el centro y la base de su modelo educativo, la Universidad Evang\u00e9lica de El Salvador recibi\u00f3 este lunes 12 de febrero en un acto especial la acreditaci\u00f3n internacional en Doctorado en Medicina, la cual le fue otorgada por el [&hellip;]<\/p>\n","protected":false},"author":3,"featured_media":16263,"comment_status":"open","ping_status":"open","sticky":false,"template":"","format":"standard","meta":[],"categories":[56],"tags":[],"yoast_head":"<!-- This site is optimized with the Yoast SEO plugin v20.8 - https:\/\/yoast.com\/wordpress\/plugins\/seo\/ -->\n<title>\u00abAcreditaci\u00f3n Internacional en Medicina\u00bb un paso m\u00e1s de excelencia de Universidad Evang\u00e9lica - La Prensa Cristiana<\/title>\n<meta name=\"robots\" content=\"index, follow, max-snippet:-1, max-image-preview:large, max-video-preview:-1\" \/>\n<link rel=\"canonical\" href=\"https:\/\/laprensacristiana.com\/?p=16262\" \/>\n<meta property=\"og:locale\" content=\"es_ES\" \/>\n<meta property=\"og:type\" content=\"article\" \/>\n<meta property=\"og:title\" content=\"\u00abAcreditaci\u00f3n Internacional en Medicina\u00bb un paso m\u00e1s de excelencia de Universidad Evang\u00e9lica - La Prensa Cristiana\" \/>\n<meta property=\"og:description\" content=\"Por: Edwin G\u00f3ngora Apegada a los principios \u00e9ticos basados en las sagradas escrituras, donde Cristo es el centro y la base de su modelo educativo, la Universidad Evang\u00e9lica de El Salvador recibi\u00f3 este lunes 12 de febrero en un acto especial la acreditaci\u00f3n internacional en Doctorado en Medicina, la cual le fue otorgada por el [&hellip;]\" \/>\n<meta property=\"og:url\" content=\"https:\/\/laprensacristiana.com\/?p=16262\" \/>\n<meta property=\"og:site_name\" content=\"La Prensa Cristiana\" \/>\n<meta property=\"article:published_time\" content=\"2024-02-13T19:52:20+00:00\" \/>\n<meta property=\"article:modified_time\" content=\"2024-02-13T19:52:21+00:00\" \/>\n<meta property=\"og:image\" content=\"https:\/\/laprensacristiana.com\/wp-content\/uploads\/2024\/02\/WhatsApp-Image-2024-02-12-at-5.12.49-PM.jpeg\" \/>\n\t<meta property=\"og:image:width\" content=\"1600\" \/>\n\t<meta property=\"og:image:height\" content=\"1068\" \/>\n\t<meta property=\"og:image:type\" content=\"image\/jpeg\" \/>\n<meta name=\"author\" content=\"EDITOR\" \/>\n<meta name=\"twitter:card\" content=\"summary_large_image\" \/>\n<meta name=\"twitter:label1\" content=\"Escrito por\" \/>\n\t<meta name=\"twitter:data1\" content=\"EDITOR\" \/>\n\t<meta name=\"twitter:label2\" content=\"Tiempo de lectura\" \/>\n\t<meta name=\"twitter:data2\" content=\"3 minutos\" \/>\n<script type=\"application\/ld+json\" class=\"yoast-schema-graph\">{\"@context\":\"https:\/\/schema.org\",\"@graph\":[{\"@type\":\"WebPage\",\"@id\":\"https:\/\/laprensacristiana.com\/?p=16262\",\"url\":\"https:\/\/laprensacristiana.com\/?p=16262\",\"name\":\"\u00abAcreditaci\u00f3n Internacional en Medicina\u00bb un paso m\u00e1s de excelencia de Universidad Evang\u00e9lica - La Prensa Cristiana\",\"isPartOf\":{\"@id\":\"https:\/\/laprensacristiana.com\/#website\"},\"datePublished\":\"2024-02-13T19:52:20+00:00\",\"dateModified\":\"2024-02-13T19:52:21+00:00\",\"author\":{\"@id\":\"https:\/\/laprensacristiana.com\/#\/schema\/person\/3e7d82c6bfd6b1fa67010f8f7cd5256e\"},\"breadcrumb\":{\"@id\":\"https:\/\/laprensacristiana.com\/?p=16262#breadcrumb\"},\"inLanguage\":\"es\",\"potentialAction\":[{\"@type\":\"ReadAction\",\"target\":[\"https:\/\/laprensacristiana.com\/?p=16262\"]}]},{\"@type\":\"BreadcrumbList\",\"@id\":\"https:\/\/laprensacristiana.com\/?p=16262#breadcrumb\",\"itemListElement\":[{\"@type\":\"ListItem\",\"position\":1,\"name\":\"Portada\",\"item\":\"https:\/\/laprensacristiana.com\/\"},{\"@type\":\"ListItem\",\"position\":2,\"name\":\"\u00abAcreditaci\u00f3n Internacional en Medicina\u00bb un paso m\u00e1s de excelencia de Universidad Evang\u00e9lica\"}]},{\"@type\":\"WebSite\",\"@id\":\"https:\/\/laprensacristiana.com\/#website\",\"url\":\"https:\/\/laprensacristiana.com\/\",\"name\":\"La Prensa Cristiana\",\"description\":\"Anunciando Las Buenas Nuevas\",\"potentialAction\":[{\"@type\":\"SearchAction\",\"target\":{\"@type\":\"EntryPoint\",\"urlTemplate\":\"https:\/\/laprensacristiana.com\/?s={search_term_string}\"},\"query-input\":\"required name=search_term_string\"}],\"inLanguage\":\"es\"},{\"@type\":\"Person\",\"@id\":\"https:\/\/laprensacristiana.com\/#\/schema\/person\/3e7d82c6bfd6b1fa67010f8f7cd5256e\",\"name\":\"EDITOR\",\"image\":{\"@type\":\"ImageObject\",\"inLanguage\":\"es\",\"@id\":\"https:\/\/laprensacristiana.com\/#\/schema\/person\/image\/\",\"url\":\"https:\/\/secure.gravatar.com\/avatar\/72069dfb6c13772d9e8381e3638666d2?s=96&d=mm&r=g\",\"contentUrl\":\"https:\/\/secure.gravatar.com\/avatar\/72069dfb6c13772d9e8381e3638666d2?s=96&d=mm&r=g\",\"caption\":\"EDITOR\"},\"url\":\"https:\/\/laprensacristiana.com\/?author=3\"}]}<\/script>\n<!-- \/ Yoast SEO plugin. -->","yoast_head_json":{"title":"\u00abAcreditaci\u00f3n Internacional en Medicina\u00bb un paso m\u00e1s de excelencia de Universidad Evang\u00e9lica - La Prensa Cristiana","robots":{"index":"index","follow":"follow","max-snippet":"max-snippet:-1","max-image-preview":"max-image-preview:large","max-video-preview":"max-video-preview:-1"},"canonical":"https:\/\/laprensacristiana.com\/?p=16262","og_locale":"es_ES","og_type":"article","og_title":"\u00abAcreditaci\u00f3n Internacional en Medicina\u00bb un paso m\u00e1s de excelencia de Universidad Evang\u00e9lica - La Prensa Cristiana","og_description":"Por: Edwin G\u00f3ngora Apegada a los principios \u00e9ticos basados en las sagradas escrituras, donde Cristo es el centro y la base de su modelo educativo, la Universidad Evang\u00e9lica de El Salvador recibi\u00f3 este lunes 12 de febrero en un acto especial la acreditaci\u00f3n internacional en Doctorado en Medicina, la cual le fue otorgada por el [&hellip;]","og_url":"https:\/\/laprensacristiana.com\/?p=16262","og_site_name":"La Prensa Cristiana","article_published_time":"2024-02-13T19:52:20+00:00","article_modified_time":"2024-02-13T19:52:21+00:00","og_image":[{"width":1600,"height":1068,"url":"https:\/\/laprensacristiana.com\/wp-content\/uploads\/2024\/02\/WhatsApp-Image-2024-02-12-at-5.12.49-PM.jpeg","type":"image\/jpeg"}],"author":"EDITOR","twitter_card":"summary_large_image","twitter_misc":{"Escrito por":"EDITOR","Tiempo de lectura":"3 minutos"},"schema":{"@context":"https:\/\/schema.org","@graph":[{"@type":"WebPage","@id":"https:\/\/laprensacristiana.com\/?p=16262","url":"https:\/\/laprensacristiana.com\/?p=16262","name":"\u00abAcreditaci\u00f3n Internacional en Medicina\u00bb un paso m\u00e1s de excelencia de Universidad Evang\u00e9lica - La Prensa Cristiana","isPartOf":{"@id":"https:\/\/laprensacristiana.com\/#website"},"datePublished":"2024-02-13T19:52:20+00:00","dateModified":"2024-02-13T19:52:21+00:00","author":{"@id":"https:\/\/laprensacristiana.com\/#\/schema\/person\/3e7d82c6bfd6b1fa67010f8f7cd5256e"},"breadcrumb":{"@id":"https:\/\/laprensacristiana.com\/?p=16262#breadcrumb"},"inLanguage":"es","potentialAction":[{"@type":"ReadAction","target":["https:\/\/laprensacristiana.com\/?p=16262"]}]},{"@type":"BreadcrumbList","@id":"https:\/\/laprensacristiana.com\/?p=16262#breadcrumb","itemListElement":[{"@type":"ListItem","position":1,"name":"Portada","item":"https:\/\/laprensacristiana.com\/"},{"@type":"ListItem","position":2,"name":"\u00abAcreditaci\u00f3n Internacional en Medicina\u00bb un paso m\u00e1s de excelencia de Universidad Evang\u00e9lica"}]},{"@type":"WebSite","@id":"https:\/\/laprensacristiana.com\/#website","url":"https:\/\/laprensacristiana.com\/","name":"La Prensa Cristiana","description":"Anunciando Las Buenas Nuevas","potentialAction":[{"@type":"SearchAction","target":{"@type":"EntryPoint","urlTemplate":"https:\/\/laprensacristiana.com\/?s={search_term_string}"},"query-input":"required name=search_term_string"}],"inLanguage":"es"},{"@type":"Person","@id":"https:\/\/laprensacristiana.com\/#\/schema\/person\/3e7d82c6bfd6b1fa67010f8f7cd5256e","name":"EDITOR","image":{"@type":"ImageObject","inLanguage":"es","@id":"https:\/\/laprensacristiana.com\/#\/schema\/person\/image\/","url":"https:\/\/secure.gravatar.com\/avatar\/72069dfb6c13772d9e8381e3638666d2?s=96&d=mm&r=g","contentUrl":"https:\/\/secure.gravatar.com\/avatar\/72069dfb6c13772d9e8381e3638666d2?s=96&d=mm&r=g","caption":"EDITOR"},"url":"https:\/\/laprensacristiana.com\/?author=3"}]}},"_links":{"self":[{"href":"https:\/\/laprensacristiana.com\/index.php?rest_route=\/wp\/v2\/posts\/16262"}],"collection":[{"href":"https:\/\/laprensacristiana.com\/index.php?rest_route=\/wp\/v2\/posts"}],"about":[{"href":"https:\/\/laprensacristiana.com\/index.php?rest_route=\/wp\/v2\/types\/post"}],"author":[{"embeddable":true,"href":"https:\/\/laprensacristiana.com\/index.php?rest_route=\/wp\/v2\/users\/3"}],"replies":[{"embeddable":true,"href":"https:\/\/laprensacristiana.com\/index.php?rest_route=%2Fwp%2Fv2%2Fcomments&post=16262"}],"version-history":[{"count":1,"href":"https:\/\/laprensacristiana.com\/index.php?rest_route=\/wp\/v2\/posts\/16262\/revisions"}],"predecessor-version":[{"id":16268,"href":"https:\/\/laprensacristiana.com\/index.php?rest_route=\/wp\/v2\/posts\/16262\/revisions\/16268"}],"wp:featuredmedia":[{"embeddable":true,"href":"https:\/\/laprensacristiana.com\/index.php?rest_route=\/wp\/v2\/media\/16263"}],"wp:attachment":[{"href":"https:\/\/laprensacristiana.com\/index.php?rest_route=%2Fwp%2Fv2%2Fmedia&parent=16262"}],"wp:term":[{"taxonomy":"category","embeddable":true,"href":"https:\/\/laprensacristiana.com\/index.php?rest_route=%2Fwp%2Fv2%2Fcategories&post=16262"},{"taxonomy":"post_tag","embeddable":true,"href":"https:\/\/laprensacristiana.com\/index.php?rest_route=%2Fwp%2Fv2%2Ftags&post=16262"}],"curies":[{"name":"wp","href":"https:\/\/api.w.org\/{rel}","templated":true}]}}