{"id":16303,"date":"2024-02-15T16:02:17","date_gmt":"2024-02-15T16:02:17","guid":{"rendered":"https:\/\/laprensacristiana.com\/?p=16303"},"modified":"2024-02-15T16:02:18","modified_gmt":"2024-02-15T16:02:18","slug":"templo-cristiano-vida-plena-internacional-abre-sus-nuevas-instalaciones","status":"publish","type":"post","link":"https:\/\/laprensacristiana.com\/?p=16303","title":{"rendered":"Templo Cristiano Vida Plena Internacional abre sus nuevas instalaciones"},"content":{"rendered":"\n<p>La tarde del domingo 28 de enero con adoraci\u00f3n y exaltaci\u00f3n al Rey de Reyes y Se\u00f1or de Se\u00f1ores, Templo Cristiano Vida Plena Internacional abri\u00f3 las puertas de sus nuevas instalaciones.<\/p>\n\n\n\n<p>La alabanza estuvo a cargo del Ministerio Rio Music, quienes, con gozo y devoci\u00f3n, cantaron a Dios y la gloria del esp\u00edritu Santo descendi\u00f3 con poder.<\/p>\n\n\n\n<p>Las nuevas instalaciones est\u00e1n ubicadas sobre la 29 Av. Norte, una cuadra antes del Centro Comercial Zacamil.<\/p>\n\n\n\n<p>Bernab\u00e9 Barillas es el pastor de este ministerio y fue quien dio la bienvenida al audit\u00f3rium, agradeci\u00f3 a los asistentes, miembros de la iglesia, invitados especiales, amigos y pastores que le acompa\u00f1aron.<\/p>\n\n\n\n<figure class=\"wp-block-image size-large\"><img decoding=\"async\" loading=\"lazy\" width=\"1024\" height=\"566\" src=\"https:\/\/laprensacristiana.com\/wp-content\/uploads\/2024\/02\/WhatsApp-Image-2024-02-14-at-11.20.35-AM-1024x566.jpeg\" alt=\"\" class=\"wp-image-16306\" srcset=\"https:\/\/laprensacristiana.com\/wp-content\/uploads\/2024\/02\/WhatsApp-Image-2024-02-14-at-11.20.35-AM-1024x566.jpeg 1024w, https:\/\/laprensacristiana.com\/wp-content\/uploads\/2024\/02\/WhatsApp-Image-2024-02-14-at-11.20.35-AM-300x166.jpeg 300w, https:\/\/laprensacristiana.com\/wp-content\/uploads\/2024\/02\/WhatsApp-Image-2024-02-14-at-11.20.35-AM-768x425.jpeg 768w, https:\/\/laprensacristiana.com\/wp-content\/uploads\/2024\/02\/WhatsApp-Image-2024-02-14-at-11.20.35-AM-696x385.jpeg 696w, https:\/\/laprensacristiana.com\/wp-content\/uploads\/2024\/02\/WhatsApp-Image-2024-02-14-at-11.20.35-AM-1068x591.jpeg 1068w, https:\/\/laprensacristiana.com\/wp-content\/uploads\/2024\/02\/WhatsApp-Image-2024-02-14-at-11.20.35-AM-600x332.jpeg 600w, https:\/\/laprensacristiana.com\/wp-content\/uploads\/2024\/02\/WhatsApp-Image-2024-02-14-at-11.20.35-AM.jpeg 1280w\" sizes=\"(max-width: 1024px) 100vw, 1024px\" \/><\/figure>\n\n\n\n<p>La palabra estuvo a cargo del del Ap\u00f3stol Omar Marinero, de la Iglesia Rio de Gloria Internacional, de quien el pastor Barillas tiene cobertura para el desarrollo de su pasturado.<\/p>\n\n\n\n<p>Seg\u00fan explica hubo milagros y sanaciones. Dios obr\u00f3 en la vida de muchos de los asistentes, uno de ellos fue el hermano Antonio Orellana, quien recuper\u00f3 la movilidad de sus rodillas luego de un accidente de tr\u00e1nsito cuando conduc\u00eda un tr\u00e1iler. De inmediato sus rodillas recuperaron su firmeza y el dolor se fue, dando la gloria a Jes\u00fas.<\/p>\n\n\n\n<figure class=\"wp-block-image size-large\"><img decoding=\"async\" loading=\"lazy\" width=\"1024\" height=\"682\" src=\"https:\/\/laprensacristiana.com\/wp-content\/uploads\/2024\/02\/WhatsApp-Image-2024-02-14-at-11.20.34-AM-4-1024x682.jpeg\" alt=\"\" class=\"wp-image-16307\" srcset=\"https:\/\/laprensacristiana.com\/wp-content\/uploads\/2024\/02\/WhatsApp-Image-2024-02-14-at-11.20.34-AM-4-1024x682.jpeg 1024w, https:\/\/laprensacristiana.com\/wp-content\/uploads\/2024\/02\/WhatsApp-Image-2024-02-14-at-11.20.34-AM-4-300x200.jpeg 300w, https:\/\/laprensacristiana.com\/wp-content\/uploads\/2024\/02\/WhatsApp-Image-2024-02-14-at-11.20.34-AM-4-768x512.jpeg 768w, https:\/\/laprensacristiana.com\/wp-content\/uploads\/2024\/02\/WhatsApp-Image-2024-02-14-at-11.20.34-AM-4-696x464.jpeg 696w, https:\/\/laprensacristiana.com\/wp-content\/uploads\/2024\/02\/WhatsApp-Image-2024-02-14-at-11.20.34-AM-4-1068x712.jpeg 1068w, https:\/\/laprensacristiana.com\/wp-content\/uploads\/2024\/02\/WhatsApp-Image-2024-02-14-at-11.20.34-AM-4-600x400.jpeg 600w, https:\/\/laprensacristiana.com\/wp-content\/uploads\/2024\/02\/WhatsApp-Image-2024-02-14-at-11.20.34-AM-4.jpeg 1280w\" sizes=\"(max-width: 1024px) 100vw, 1024px\" \/><\/figure>\n\n\n\n<p>Al cierre de este culto de apertura del Templo Cristiano Vida Plena Internacional, el Ap\u00f3stol Omar Marinero, realiz\u00f3 el acto especial de consagraci\u00f3n al Pastor Bernab\u00e9 Barillas, quien tiene la responsabilidad de pastorear esta congregaci\u00f3n.<\/p>\n\n\n\n<p>\u201cDeclaro que quedas establecido en este territorio, que la gracia del Se\u00f1or este sobre ti, lo establecemos con el poder del esp\u00edritu Santo y la sabidur\u00eda del cielo en el nombre de Jes\u00fas\u201d. Asevero el ap\u00f3stol.<\/p>\n\n\n\n<p>Al concluir el acto de consagraci\u00f3n los asistentes disfrutaron de un tiempo de Koinonia.<\/p>\n\n\n\n<figure class=\"wp-block-image size-large\"><img decoding=\"async\" loading=\"lazy\" width=\"1024\" height=\"682\" src=\"https:\/\/laprensacristiana.com\/wp-content\/uploads\/2024\/02\/WhatsApp-Image-2024-02-14-at-11.20.35-AM-4-1024x682.jpeg\" alt=\"\" class=\"wp-image-16308\" srcset=\"https:\/\/laprensacristiana.com\/wp-content\/uploads\/2024\/02\/WhatsApp-Image-2024-02-14-at-11.20.35-AM-4-1024x682.jpeg 1024w, https:\/\/laprensacristiana.com\/wp-content\/uploads\/2024\/02\/WhatsApp-Image-2024-02-14-at-11.20.35-AM-4-300x200.jpeg 300w, https:\/\/laprensacristiana.com\/wp-content\/uploads\/2024\/02\/WhatsApp-Image-2024-02-14-at-11.20.35-AM-4-768x512.jpeg 768w, https:\/\/laprensacristiana.com\/wp-content\/uploads\/2024\/02\/WhatsApp-Image-2024-02-14-at-11.20.35-AM-4-696x464.jpeg 696w, https:\/\/laprensacristiana.com\/wp-content\/uploads\/2024\/02\/WhatsApp-Image-2024-02-14-at-11.20.35-AM-4-1068x712.jpeg 1068w, https:\/\/laprensacristiana.com\/wp-content\/uploads\/2024\/02\/WhatsApp-Image-2024-02-14-at-11.20.35-AM-4-600x400.jpeg 600w, https:\/\/laprensacristiana.com\/wp-content\/uploads\/2024\/02\/WhatsApp-Image-2024-02-14-at-11.20.35-AM-4.jpeg 1280w\" sizes=\"(max-width: 1024px) 100vw, 1024px\" \/><\/figure>\n\n\n\n<figure class=\"wp-block-image size-large\"><img decoding=\"async\" loading=\"lazy\" width=\"1024\" height=\"682\" src=\"https:\/\/laprensacristiana.com\/wp-content\/uploads\/2024\/02\/WhatsApp-Image-2024-02-14-at-11.20.36-AM-1024x682.jpeg\" alt=\"\" class=\"wp-image-16309\" srcset=\"https:\/\/laprensacristiana.com\/wp-content\/uploads\/2024\/02\/WhatsApp-Image-2024-02-14-at-11.20.36-AM-1024x682.jpeg 1024w, https:\/\/laprensacristiana.com\/wp-content\/uploads\/2024\/02\/WhatsApp-Image-2024-02-14-at-11.20.36-AM-300x200.jpeg 300w, https:\/\/laprensacristiana.com\/wp-content\/uploads\/2024\/02\/WhatsApp-Image-2024-02-14-at-11.20.36-AM-768x512.jpeg 768w, https:\/\/laprensacristiana.com\/wp-content\/uploads\/2024\/02\/WhatsApp-Image-2024-02-14-at-11.20.36-AM-696x464.jpeg 696w, https:\/\/laprensacristiana.com\/wp-content\/uploads\/2024\/02\/WhatsApp-Image-2024-02-14-at-11.20.36-AM-1068x712.jpeg 1068w, https:\/\/laprensacristiana.com\/wp-content\/uploads\/2024\/02\/WhatsApp-Image-2024-02-14-at-11.20.36-AM-600x400.jpeg 600w, https:\/\/laprensacristiana.com\/wp-content\/uploads\/2024\/02\/WhatsApp-Image-2024-02-14-at-11.20.36-AM.jpeg 1280w\" sizes=\"(max-width: 1024px) 100vw, 1024px\" \/><\/figure>\n","protected":false},"excerpt":{"rendered":"<p>La tarde del domingo 28 de enero con adoraci\u00f3n y exaltaci\u00f3n al Rey de Reyes y Se\u00f1or de Se\u00f1ores, Templo Cristiano Vida Plena Internacional abri\u00f3 las puertas de sus nuevas instalaciones. La alabanza estuvo a cargo del Ministerio Rio Music, quienes, con gozo y devoci\u00f3n, cantaron a Dios y la gloria del esp\u00edritu Santo descendi\u00f3 [&hellip;]<\/p>\n","protected":false},"author":3,"featured_media":16305,"comment_status":"open","ping_status":"open","sticky":false,"template":"","format":"standard","meta":[],"categories":[56],"tags":[],"yoast_head":"<!-- This site is optimized with the Yoast SEO plugin v20.8 - https:\/\/yoast.com\/wordpress\/plugins\/seo\/ -->\n<title>Templo Cristiano Vida Plena Internacional abre sus nuevas instalaciones - La Prensa Cristiana<\/title>\n<meta name=\"robots\" content=\"index, follow, max-snippet:-1, max-image-preview:large, max-video-preview:-1\" \/>\n<link rel=\"canonical\" href=\"https:\/\/laprensacristiana.com\/?p=16303\" \/>\n<meta property=\"og:locale\" content=\"es_ES\" \/>\n<meta property=\"og:type\" content=\"article\" \/>\n<meta property=\"og:title\" content=\"Templo Cristiano Vida Plena Internacional abre sus nuevas instalaciones - La Prensa Cristiana\" \/>\n<meta property=\"og:description\" content=\"La tarde del domingo 28 de enero con adoraci\u00f3n y exaltaci\u00f3n al Rey de Reyes y Se\u00f1or de Se\u00f1ores, Templo Cristiano Vida Plena Internacional abri\u00f3 las puertas de sus nuevas instalaciones. La alabanza estuvo a cargo del Ministerio Rio Music, quienes, con gozo y devoci\u00f3n, cantaron a Dios y la gloria del esp\u00edritu Santo descendi\u00f3 [&hellip;]\" \/>\n<meta property=\"og:url\" content=\"https:\/\/laprensacristiana.com\/?p=16303\" \/>\n<meta property=\"og:site_name\" content=\"La Prensa Cristiana\" \/>\n<meta property=\"article:published_time\" content=\"2024-02-15T16:02:17+00:00\" \/>\n<meta property=\"article:modified_time\" content=\"2024-02-15T16:02:18+00:00\" \/>\n<meta property=\"og:image\" content=\"https:\/\/laprensacristiana.com\/wp-content\/uploads\/2024\/02\/WhatsApp-Image-2024-02-14-at-11.20.33-AM-1.jpeg\" \/>\n\t<meta property=\"og:image:width\" content=\"1280\" \/>\n\t<meta property=\"og:image:height\" content=\"853\" \/>\n\t<meta property=\"og:image:type\" content=\"image\/jpeg\" \/>\n<meta name=\"author\" content=\"EDITOR\" \/>\n<meta name=\"twitter:card\" content=\"summary_large_image\" \/>\n<meta name=\"twitter:label1\" content=\"Escrito por\" \/>\n\t<meta name=\"twitter:data1\" content=\"EDITOR\" \/>\n\t<meta name=\"twitter:label2\" content=\"Tiempo de lectura\" \/>\n\t<meta name=\"twitter:data2\" content=\"3 minutos\" \/>\n<script type=\"application\/ld+json\" class=\"yoast-schema-graph\">{\"@context\":\"https:\/\/schema.org\",\"@graph\":[{\"@type\":\"WebPage\",\"@id\":\"https:\/\/laprensacristiana.com\/?p=16303\",\"url\":\"https:\/\/laprensacristiana.com\/?p=16303\",\"name\":\"Templo Cristiano Vida Plena Internacional abre sus nuevas instalaciones - La Prensa Cristiana\",\"isPartOf\":{\"@id\":\"https:\/\/laprensacristiana.com\/#website\"},\"datePublished\":\"2024-02-15T16:02:17+00:00\",\"dateModified\":\"2024-02-15T16:02:18+00:00\",\"author\":{\"@id\":\"https:\/\/laprensacristiana.com\/#\/schema\/person\/3e7d82c6bfd6b1fa67010f8f7cd5256e\"},\"breadcrumb\":{\"@id\":\"https:\/\/laprensacristiana.com\/?p=16303#breadcrumb\"},\"inLanguage\":\"es\",\"potentialAction\":[{\"@type\":\"ReadAction\",\"target\":[\"https:\/\/laprensacristiana.com\/?p=16303\"]}]},{\"@type\":\"BreadcrumbList\",\"@id\":\"https:\/\/laprensacristiana.com\/?p=16303#breadcrumb\",\"itemListElement\":[{\"@type\":\"ListItem\",\"position\":1,\"name\":\"Portada\",\"item\":\"https:\/\/laprensacristiana.com\/\"},{\"@type\":\"ListItem\",\"position\":2,\"name\":\"Templo Cristiano Vida Plena Internacional abre sus nuevas instalaciones\"}]},{\"@type\":\"WebSite\",\"@id\":\"https:\/\/laprensacristiana.com\/#website\",\"url\":\"https:\/\/laprensacristiana.com\/\",\"name\":\"La Prensa Cristiana\",\"description\":\"Anunciando Las Buenas Nuevas\",\"potentialAction\":[{\"@type\":\"SearchAction\",\"target\":{\"@type\":\"EntryPoint\",\"urlTemplate\":\"https:\/\/laprensacristiana.com\/?s={search_term_string}\"},\"query-input\":\"required name=search_term_string\"}],\"inLanguage\":\"es\"},{\"@type\":\"Person\",\"@id\":\"https:\/\/laprensacristiana.com\/#\/schema\/person\/3e7d82c6bfd6b1fa67010f8f7cd5256e\",\"name\":\"EDITOR\",\"image\":{\"@type\":\"ImageObject\",\"inLanguage\":\"es\",\"@id\":\"https:\/\/laprensacristiana.com\/#\/schema\/person\/image\/\",\"url\":\"https:\/\/secure.gravatar.com\/avatar\/72069dfb6c13772d9e8381e3638666d2?s=96&d=mm&r=g\",\"contentUrl\":\"https:\/\/secure.gravatar.com\/avatar\/72069dfb6c13772d9e8381e3638666d2?s=96&d=mm&r=g\",\"caption\":\"EDITOR\"},\"url\":\"https:\/\/laprensacristiana.com\/?author=3\"}]}<\/script>\n<!-- \/ Yoast SEO plugin. -->","yoast_head_json":{"title":"Templo Cristiano Vida Plena Internacional abre sus nuevas instalaciones - La Prensa Cristiana","robots":{"index":"index","follow":"follow","max-snippet":"max-snippet:-1","max-image-preview":"max-image-preview:large","max-video-preview":"max-video-preview:-1"},"canonical":"https:\/\/laprensacristiana.com\/?p=16303","og_locale":"es_ES","og_type":"article","og_title":"Templo Cristiano Vida Plena Internacional abre sus nuevas instalaciones - La Prensa Cristiana","og_description":"La tarde del domingo 28 de enero con adoraci\u00f3n y exaltaci\u00f3n al Rey de Reyes y Se\u00f1or de Se\u00f1ores, Templo Cristiano Vida Plena Internacional abri\u00f3 las puertas de sus nuevas instalaciones. La alabanza estuvo a cargo del Ministerio Rio Music, quienes, con gozo y devoci\u00f3n, cantaron a Dios y la gloria del esp\u00edritu Santo descendi\u00f3 [&hellip;]","og_url":"https:\/\/laprensacristiana.com\/?p=16303","og_site_name":"La Prensa Cristiana","article_published_time":"2024-02-15T16:02:17+00:00","article_modified_time":"2024-02-15T16:02:18+00:00","og_image":[{"width":1280,"height":853,"url":"https:\/\/laprensacristiana.com\/wp-content\/uploads\/2024\/02\/WhatsApp-Image-2024-02-14-at-11.20.33-AM-1.jpeg","type":"image\/jpeg"}],"author":"EDITOR","twitter_card":"summary_large_image","twitter_misc":{"Escrito por":"EDITOR","Tiempo de lectura":"3 minutos"},"schema":{"@context":"https:\/\/schema.org","@graph":[{"@type":"WebPage","@id":"https:\/\/laprensacristiana.com\/?p=16303","url":"https:\/\/laprensacristiana.com\/?p=16303","name":"Templo Cristiano Vida Plena Internacional abre sus nuevas instalaciones - La Prensa Cristiana","isPartOf":{"@id":"https:\/\/laprensacristiana.com\/#website"},"datePublished":"2024-02-15T16:02:17+00:00","dateModified":"2024-02-15T16:02:18+00:00","author":{"@id":"https:\/\/laprensacristiana.com\/#\/schema\/person\/3e7d82c6bfd6b1fa67010f8f7cd5256e"},"breadcrumb":{"@id":"https:\/\/laprensacristiana.com\/?p=16303#breadcrumb"},"inLanguage":"es","potentialAction":[{"@type":"ReadAction","target":["https:\/\/laprensacristiana.com\/?p=16303"]}]},{"@type":"BreadcrumbList","@id":"https:\/\/laprensacristiana.com\/?p=16303#breadcrumb","itemListElement":[{"@type":"ListItem","position":1,"name":"Portada","item":"https:\/\/laprensacristiana.com\/"},{"@type":"ListItem","position":2,"name":"Templo Cristiano Vida Plena Internacional abre sus nuevas instalaciones"}]},{"@type":"WebSite","@id":"https:\/\/laprensacristiana.com\/#website","url":"https:\/\/laprensacristiana.com\/","name":"La Prensa Cristiana","description":"Anunciando Las Buenas Nuevas","potentialAction":[{"@type":"SearchAction","target":{"@type":"EntryPoint","urlTemplate":"https:\/\/laprensacristiana.com\/?s={search_term_string}"},"query-input":"required name=search_term_string"}],"inLanguage":"es"},{"@type":"Person","@id":"https:\/\/laprensacristiana.com\/#\/schema\/person\/3e7d82c6bfd6b1fa67010f8f7cd5256e","name":"EDITOR","image":{"@type":"ImageObject","inLanguage":"es","@id":"https:\/\/laprensacristiana.com\/#\/schema\/person\/image\/","url":"https:\/\/secure.gravatar.com\/avatar\/72069dfb6c13772d9e8381e3638666d2?s=96&d=mm&r=g","contentUrl":"https:\/\/secure.gravatar.com\/avatar\/72069dfb6c13772d9e8381e3638666d2?s=96&d=mm&r=g","caption":"EDITOR"},"url":"https:\/\/laprensacristiana.com\/?author=3"}]}},"_links":{"self":[{"href":"https:\/\/laprensacristiana.com\/index.php?rest_route=\/wp\/v2\/posts\/16303"}],"collection":[{"href":"https:\/\/laprensacristiana.com\/index.php?rest_route=\/wp\/v2\/posts"}],"about":[{"href":"https:\/\/laprensacristiana.com\/index.php?rest_route=\/wp\/v2\/types\/post"}],"author":[{"embeddable":true,"href":"https:\/\/laprensacristiana.com\/index.php?rest_route=\/wp\/v2\/users\/3"}],"replies":[{"embeddable":true,"href":"https:\/\/laprensacristiana.com\/index.php?rest_route=%2Fwp%2Fv2%2Fcomments&post=16303"}],"version-history":[{"count":1,"href":"https:\/\/laprensacristiana.com\/index.php?rest_route=\/wp\/v2\/posts\/16303\/revisions"}],"predecessor-version":[{"id":16310,"href":"https:\/\/laprensacristiana.com\/index.php?rest_route=\/wp\/v2\/posts\/16303\/revisions\/16310"}],"wp:featuredmedia":[{"embeddable":true,"href":"https:\/\/laprensacristiana.com\/index.php?rest_route=\/wp\/v2\/media\/16305"}],"wp:attachment":[{"href":"https:\/\/laprensacristiana.com\/index.php?rest_route=%2Fwp%2Fv2%2Fmedia&parent=16303"}],"wp:term":[{"taxonomy":"category","embeddable":true,"href":"https:\/\/laprensacristiana.com\/index.php?rest_route=%2Fwp%2Fv2%2Fcategories&post=16303"},{"taxonomy":"post_tag","embeddable":true,"href":"https:\/\/laprensacristiana.com\/index.php?rest_route=%2Fwp%2Fv2%2Ftags&post=16303"}],"curies":[{"name":"wp","href":"https:\/\/api.w.org\/{rel}","templated":true}]}}