{"id":16311,"date":"2024-02-15T18:02:04","date_gmt":"2024-02-15T18:02:04","guid":{"rendered":"https:\/\/laprensacristiana.com\/?p=16311"},"modified":"2024-02-15T18:02:05","modified_gmt":"2024-02-15T18:02:05","slug":"pastor-thomas-a-gibson-un-legado-pastoral-y-servicio-a-latinoamerica","status":"publish","type":"post","link":"https:\/\/laprensacristiana.com\/?p=16311","title":{"rendered":"Pastor Thomas A. Gibson un legado pastoral y servicio a Latinoam\u00e9rica."},"content":{"rendered":"\n<p>Por: Edwin G\u00f3ngora <\/p>\n\n\n\n<p>Existe una frase que dice, \u201cQuien pierde un amigo pierde un tesoro\u201d.<\/p>\n\n\n\n<p>Esta quiz\u00e1s es una de las expresiones que se desprende de entre quienes conocieron al Pastor Thomas A. Gibson y que tras su fallecimiento fueron publicadas en redes sociales y hechas llegar a su familia.<\/p>\n\n\n\n<p>Y es que la vida y obra que el pastor Gibson realiz\u00f3 durante m\u00e1s de 40 a\u00f1os desde su Ministerio en Fredericksburg, Virginia, Estados Unidos, fue de servicio pleno en los caminos del Se\u00f1or.&nbsp; Una obra que fue bastante dirigida al sector latino, lo que le permiti\u00f3 marcar vidas, generar esperanza y restaurar sue\u00f1os entre quienes por medio de el recibieron palabra de Dios.<\/p>\n\n\n\n<figure class=\"wp-block-image size-full\"><img decoding=\"async\" loading=\"lazy\" width=\"720\" height=\"960\" src=\"https:\/\/laprensacristiana.com\/wp-content\/uploads\/2024\/02\/WhatsApp-Image-2024-02-15-at-11.14.33-AM-4.jpeg\" alt=\"\" class=\"wp-image-16313\" srcset=\"https:\/\/laprensacristiana.com\/wp-content\/uploads\/2024\/02\/WhatsApp-Image-2024-02-15-at-11.14.33-AM-4.jpeg 720w, https:\/\/laprensacristiana.com\/wp-content\/uploads\/2024\/02\/WhatsApp-Image-2024-02-15-at-11.14.33-AM-4-225x300.jpeg 225w, https:\/\/laprensacristiana.com\/wp-content\/uploads\/2024\/02\/WhatsApp-Image-2024-02-15-at-11.14.33-AM-4-696x928.jpeg 696w, https:\/\/laprensacristiana.com\/wp-content\/uploads\/2024\/02\/WhatsApp-Image-2024-02-15-at-11.14.33-AM-4-600x800.jpeg 600w\" sizes=\"(max-width: 720px) 100vw, 720px\" \/><\/figure>\n\n\n\n<p>Su labor pastoral le permiti\u00f3 visitar en varias ocasiones El Salvador, al entablar una amplia comunicaci\u00f3n con el Ministerio Visi\u00f3n de Fe, en Lourdes, departamento de La Libertad, del pastor Rogelio Rivera, quien tambi\u00e9n ya descansa en su morada celestial.<\/p>\n\n\n\n<p>El pastor Yuri Walberto Mart\u00ednez de Iglesia Tierra de Bendici\u00f3n, conoci\u00f3 muy de cerca al pastor Gibson, con quien desarroll\u00f3 una extraordinaria relaci\u00f3n de amistad y de mentor\u00eda en su formaci\u00f3n espiritual.<\/p>\n\n\n\n<p>Dos d\u00e9cadas son testimonio de esta relaci\u00f3n, sus platicas y actividades realizadas en conjunto para compartir la palabra de Dios.<\/p>\n\n\n\n<figure class=\"wp-block-image size-large\"><img decoding=\"async\" loading=\"lazy\" width=\"683\" height=\"1024\" src=\"https:\/\/laprensacristiana.com\/wp-content\/uploads\/2024\/02\/WhatsApp-Image-2024-02-15-at-11.14.34-AM-683x1024.jpeg\" alt=\"\" class=\"wp-image-16314\" srcset=\"https:\/\/laprensacristiana.com\/wp-content\/uploads\/2024\/02\/WhatsApp-Image-2024-02-15-at-11.14.34-AM-683x1024.jpeg 683w, https:\/\/laprensacristiana.com\/wp-content\/uploads\/2024\/02\/WhatsApp-Image-2024-02-15-at-11.14.34-AM-200x300.jpeg 200w, https:\/\/laprensacristiana.com\/wp-content\/uploads\/2024\/02\/WhatsApp-Image-2024-02-15-at-11.14.34-AM-768x1152.jpeg 768w, https:\/\/laprensacristiana.com\/wp-content\/uploads\/2024\/02\/WhatsApp-Image-2024-02-15-at-11.14.34-AM-1024x1536.jpeg 1024w, https:\/\/laprensacristiana.com\/wp-content\/uploads\/2024\/02\/WhatsApp-Image-2024-02-15-at-11.14.34-AM-696x1044.jpeg 696w, https:\/\/laprensacristiana.com\/wp-content\/uploads\/2024\/02\/WhatsApp-Image-2024-02-15-at-11.14.34-AM-1068x1602.jpeg 1068w, https:\/\/laprensacristiana.com\/wp-content\/uploads\/2024\/02\/WhatsApp-Image-2024-02-15-at-11.14.34-AM-600x900.jpeg 600w, https:\/\/laprensacristiana.com\/wp-content\/uploads\/2024\/02\/WhatsApp-Image-2024-02-15-at-11.14.34-AM.jpeg 1080w\" sizes=\"(max-width: 683px) 100vw, 683px\" \/><\/figure>\n\n\n\n<p>En su cuenta de Facebook, el pastor Yuri escribi\u00f3: \u201cHoy quedar\u00e1n los recuerdos de un pastor que cada vez que nos sent\u00e1bamos siempre me compart\u00eda una palabra preventiva y correctiva\u201d.<\/p>\n\n\n\n<p>En su publicaci\u00f3n el pastor Yuri agrego: \u201cCuando nos despedimos la \u00faltima vez, nuestros corazones sab\u00edan perfectamente que posiblemente ser\u00eda en la eternidad donde volver\u00edamos a vernos\u201d.<\/p>\n\n\n\n<p>El trabajo que desde su Ministerio realiz\u00f3 el pastor Gibson en compa\u00f1\u00eda de su esposa se hizo porque el Se\u00f1or se los revel\u00f3 y me lo comparti\u00f3, a\u00f1ade el pastor Yuri.<\/p>\n\n\n\n<p>\u201cQuienes me conocen saben el grado de amistad, hermandad y paternalismo que exist\u00eda de parte del pastor Thomas con nuestro hogar\u201d, indica.<\/p>\n\n\n\n<p>La labor del Pastor Thomas A. Gibson queda como un importante legado, legado afirma el pastor Yuri que se puede observar en los pastores de quienes fue su mentor, ya que luch\u00f3 mucho por la obra pastoral. Adem\u00e1s de sumarse al ej\u00e9rcito de Dios como evangelista al ir por las naciones predicando su palabra.<\/p>\n\n\n\n<figure class=\"wp-block-image size-full\"><img decoding=\"async\" loading=\"lazy\" width=\"960\" height=\"720\" src=\"https:\/\/laprensacristiana.com\/wp-content\/uploads\/2024\/02\/WhatsApp-Image-2024-02-15-at-11.14.33-AM-2.jpeg\" alt=\"\" class=\"wp-image-16315\" srcset=\"https:\/\/laprensacristiana.com\/wp-content\/uploads\/2024\/02\/WhatsApp-Image-2024-02-15-at-11.14.33-AM-2.jpeg 960w, https:\/\/laprensacristiana.com\/wp-content\/uploads\/2024\/02\/WhatsApp-Image-2024-02-15-at-11.14.33-AM-2-300x225.jpeg 300w, https:\/\/laprensacristiana.com\/wp-content\/uploads\/2024\/02\/WhatsApp-Image-2024-02-15-at-11.14.33-AM-2-768x576.jpeg 768w, https:\/\/laprensacristiana.com\/wp-content\/uploads\/2024\/02\/WhatsApp-Image-2024-02-15-at-11.14.33-AM-2-696x522.jpeg 696w, https:\/\/laprensacristiana.com\/wp-content\/uploads\/2024\/02\/WhatsApp-Image-2024-02-15-at-11.14.33-AM-2-600x450.jpeg 600w\" sizes=\"(max-width: 960px) 100vw, 960px\" \/><\/figure>\n\n\n\n<p>Misiones que alcanzaron el nuestro al arribar en varias oportunidades y compartir lo que Dios le regal\u00f3 para proclamar su nombre y anunciar las buenas nuevas.&nbsp;<\/p>\n\n\n\n<p>\u201cAlgo que ten\u00eda es que estaba pendiente de cada uno de nosotros como pastores, el pastoreaba pastores pr\u00e1cticamente. Con \u00e9l fue una relaci\u00f3n paternalista \u00e9ramos muy bueno amigos, b\u00e1sicamente\u201d, concluy\u00f3 el pastor Mart\u00ednez.<\/p>\n\n\n\n<p>Hoy oramos por su esposa, la pastora Deborah Gibson y pedimos al Esp\u00edritu Santo que le consuele y guarde a la Iglesia que pastoreaban.<\/p>\n\n\n\n<p>Descansa en paz Pastor Thomas A. Gibson.<\/p>\n\n\n\n<p>\u201cPrueben y vean que el Se\u00f1or es bueno; dichosos los que en \u00e9l se refugian\u201d.<\/p>\n\n\n\n<p>Salmo 34:8<\/p>\n\n\n\n<figure class=\"wp-block-gallery has-nested-images columns-default is-cropped wp-block-gallery-1 is-layout-flex\">\n<figure class=\"wp-block-image size-large\"><img decoding=\"async\" loading=\"lazy\" width=\"960\" height=\"720\" data-id=\"16316\"  src=\"https:\/\/laprensacristiana.com\/wp-content\/uploads\/2024\/02\/WhatsApp-Image-2024-02-15-at-11.14.33-AM.jpeg\" alt=\"\" class=\"wp-image-16316\" srcset=\"https:\/\/laprensacristiana.com\/wp-content\/uploads\/2024\/02\/WhatsApp-Image-2024-02-15-at-11.14.33-AM.jpeg 960w, https:\/\/laprensacristiana.com\/wp-content\/uploads\/2024\/02\/WhatsApp-Image-2024-02-15-at-11.14.33-AM-300x225.jpeg 300w, https:\/\/laprensacristiana.com\/wp-content\/uploads\/2024\/02\/WhatsApp-Image-2024-02-15-at-11.14.33-AM-768x576.jpeg 768w, https:\/\/laprensacristiana.com\/wp-content\/uploads\/2024\/02\/WhatsApp-Image-2024-02-15-at-11.14.33-AM-696x522.jpeg 696w, https:\/\/laprensacristiana.com\/wp-content\/uploads\/2024\/02\/WhatsApp-Image-2024-02-15-at-11.14.33-AM-600x450.jpeg 600w\" sizes=\"(max-width: 960px) 100vw, 960px\" \/><\/figure>\n<\/figure>\n\n\n\n<figure class=\"wp-block-image size-full\"><img decoding=\"async\" loading=\"lazy\" width=\"960\" height=\"720\" src=\"https:\/\/laprensacristiana.com\/wp-content\/uploads\/2024\/02\/WhatsApp-Image-2024-02-15-at-11.14.33-AM-3.jpeg\" alt=\"\" class=\"wp-image-16317\" srcset=\"https:\/\/laprensacristiana.com\/wp-content\/uploads\/2024\/02\/WhatsApp-Image-2024-02-15-at-11.14.33-AM-3.jpeg 960w, https:\/\/laprensacristiana.com\/wp-content\/uploads\/2024\/02\/WhatsApp-Image-2024-02-15-at-11.14.33-AM-3-300x225.jpeg 300w, https:\/\/laprensacristiana.com\/wp-content\/uploads\/2024\/02\/WhatsApp-Image-2024-02-15-at-11.14.33-AM-3-768x576.jpeg 768w, https:\/\/laprensacristiana.com\/wp-content\/uploads\/2024\/02\/WhatsApp-Image-2024-02-15-at-11.14.33-AM-3-696x522.jpeg 696w, https:\/\/laprensacristiana.com\/wp-content\/uploads\/2024\/02\/WhatsApp-Image-2024-02-15-at-11.14.33-AM-3-600x450.jpeg 600w\" sizes=\"(max-width: 960px) 100vw, 960px\" \/><\/figure>\n","protected":false},"excerpt":{"rendered":"<p>Por: Edwin G\u00f3ngora Existe una frase que dice, \u201cQuien pierde un amigo pierde un tesoro\u201d. Esta quiz\u00e1s es una de las expresiones que se desprende de entre quienes conocieron al Pastor Thomas A. Gibson y que tras su fallecimiento fueron publicadas en redes sociales y hechas llegar a su familia. Y es que la vida [&hellip;]<\/p>\n","protected":false},"author":3,"featured_media":16312,"comment_status":"open","ping_status":"open","sticky":false,"template":"","format":"standard","meta":[],"categories":[120],"tags":[],"yoast_head":"<!-- This site is optimized with the Yoast SEO plugin v20.8 - https:\/\/yoast.com\/wordpress\/plugins\/seo\/ -->\n<title>Pastor Thomas A. Gibson un legado pastoral y servicio a Latinoam\u00e9rica. - La Prensa Cristiana<\/title>\n<meta name=\"robots\" content=\"index, follow, max-snippet:-1, max-image-preview:large, max-video-preview:-1\" \/>\n<link rel=\"canonical\" href=\"https:\/\/laprensacristiana.com\/?p=16311\" \/>\n<meta property=\"og:locale\" content=\"es_ES\" \/>\n<meta property=\"og:type\" content=\"article\" \/>\n<meta property=\"og:title\" content=\"Pastor Thomas A. Gibson un legado pastoral y servicio a Latinoam\u00e9rica. - La Prensa Cristiana\" \/>\n<meta property=\"og:description\" content=\"Por: Edwin G\u00f3ngora Existe una frase que dice, \u201cQuien pierde un amigo pierde un tesoro\u201d. Esta quiz\u00e1s es una de las expresiones que se desprende de entre quienes conocieron al Pastor Thomas A. Gibson y que tras su fallecimiento fueron publicadas en redes sociales y hechas llegar a su familia. Y es que la vida [&hellip;]\" \/>\n<meta property=\"og:url\" content=\"https:\/\/laprensacristiana.com\/?p=16311\" \/>\n<meta property=\"og:site_name\" content=\"La Prensa Cristiana\" \/>\n<meta property=\"article:published_time\" content=\"2024-02-15T18:02:04+00:00\" \/>\n<meta property=\"article:modified_time\" content=\"2024-02-15T18:02:05+00:00\" \/>\n<meta property=\"og:image\" content=\"https:\/\/laprensacristiana.com\/wp-content\/uploads\/2024\/02\/WhatsApp-Image-2024-02-15-at-11.50.05-AM.jpeg\" \/>\n\t<meta property=\"og:image:width\" content=\"1280\" \/>\n\t<meta property=\"og:image:height\" content=\"768\" \/>\n\t<meta property=\"og:image:type\" content=\"image\/jpeg\" \/>\n<meta name=\"author\" content=\"EDITOR\" \/>\n<meta name=\"twitter:card\" content=\"summary_large_image\" \/>\n<meta name=\"twitter:label1\" content=\"Escrito por\" \/>\n\t<meta name=\"twitter:data1\" content=\"EDITOR\" \/>\n\t<meta name=\"twitter:label2\" content=\"Tiempo de lectura\" \/>\n\t<meta name=\"twitter:data2\" content=\"4 minutos\" \/>\n<script type=\"application\/ld+json\" class=\"yoast-schema-graph\">{\"@context\":\"https:\/\/schema.org\",\"@graph\":[{\"@type\":\"WebPage\",\"@id\":\"https:\/\/laprensacristiana.com\/?p=16311\",\"url\":\"https:\/\/laprensacristiana.com\/?p=16311\",\"name\":\"Pastor Thomas A. Gibson un legado pastoral y servicio a Latinoam\u00e9rica. - La Prensa Cristiana\",\"isPartOf\":{\"@id\":\"https:\/\/laprensacristiana.com\/#website\"},\"datePublished\":\"2024-02-15T18:02:04+00:00\",\"dateModified\":\"2024-02-15T18:02:05+00:00\",\"author\":{\"@id\":\"https:\/\/laprensacristiana.com\/#\/schema\/person\/3e7d82c6bfd6b1fa67010f8f7cd5256e\"},\"breadcrumb\":{\"@id\":\"https:\/\/laprensacristiana.com\/?p=16311#breadcrumb\"},\"inLanguage\":\"es\",\"potentialAction\":[{\"@type\":\"ReadAction\",\"target\":[\"https:\/\/laprensacristiana.com\/?p=16311\"]}]},{\"@type\":\"BreadcrumbList\",\"@id\":\"https:\/\/laprensacristiana.com\/?p=16311#breadcrumb\",\"itemListElement\":[{\"@type\":\"ListItem\",\"position\":1,\"name\":\"Portada\",\"item\":\"https:\/\/laprensacristiana.com\/\"},{\"@type\":\"ListItem\",\"position\":2,\"name\":\"Pastor Thomas A. Gibson un legado pastoral y servicio a Latinoam\u00e9rica.\"}]},{\"@type\":\"WebSite\",\"@id\":\"https:\/\/laprensacristiana.com\/#website\",\"url\":\"https:\/\/laprensacristiana.com\/\",\"name\":\"La Prensa Cristiana\",\"description\":\"Anunciando Las Buenas Nuevas\",\"potentialAction\":[{\"@type\":\"SearchAction\",\"target\":{\"@type\":\"EntryPoint\",\"urlTemplate\":\"https:\/\/laprensacristiana.com\/?s={search_term_string}\"},\"query-input\":\"required name=search_term_string\"}],\"inLanguage\":\"es\"},{\"@type\":\"Person\",\"@id\":\"https:\/\/laprensacristiana.com\/#\/schema\/person\/3e7d82c6bfd6b1fa67010f8f7cd5256e\",\"name\":\"EDITOR\",\"image\":{\"@type\":\"ImageObject\",\"inLanguage\":\"es\",\"@id\":\"https:\/\/laprensacristiana.com\/#\/schema\/person\/image\/\",\"url\":\"https:\/\/secure.gravatar.com\/avatar\/72069dfb6c13772d9e8381e3638666d2?s=96&d=mm&r=g\",\"contentUrl\":\"https:\/\/secure.gravatar.com\/avatar\/72069dfb6c13772d9e8381e3638666d2?s=96&d=mm&r=g\",\"caption\":\"EDITOR\"},\"url\":\"https:\/\/laprensacristiana.com\/?author=3\"}]}<\/script>\n<!-- \/ Yoast SEO plugin. -->","yoast_head_json":{"title":"Pastor Thomas A. Gibson un legado pastoral y servicio a Latinoam\u00e9rica. - La Prensa Cristiana","robots":{"index":"index","follow":"follow","max-snippet":"max-snippet:-1","max-image-preview":"max-image-preview:large","max-video-preview":"max-video-preview:-1"},"canonical":"https:\/\/laprensacristiana.com\/?p=16311","og_locale":"es_ES","og_type":"article","og_title":"Pastor Thomas A. Gibson un legado pastoral y servicio a Latinoam\u00e9rica. - La Prensa Cristiana","og_description":"Por: Edwin G\u00f3ngora Existe una frase que dice, \u201cQuien pierde un amigo pierde un tesoro\u201d. Esta quiz\u00e1s es una de las expresiones que se desprende de entre quienes conocieron al Pastor Thomas A. Gibson y que tras su fallecimiento fueron publicadas en redes sociales y hechas llegar a su familia. Y es que la vida [&hellip;]","og_url":"https:\/\/laprensacristiana.com\/?p=16311","og_site_name":"La Prensa Cristiana","article_published_time":"2024-02-15T18:02:04+00:00","article_modified_time":"2024-02-15T18:02:05+00:00","og_image":[{"width":1280,"height":768,"url":"https:\/\/laprensacristiana.com\/wp-content\/uploads\/2024\/02\/WhatsApp-Image-2024-02-15-at-11.50.05-AM.jpeg","type":"image\/jpeg"}],"author":"EDITOR","twitter_card":"summary_large_image","twitter_misc":{"Escrito por":"EDITOR","Tiempo de lectura":"4 minutos"},"schema":{"@context":"https:\/\/schema.org","@graph":[{"@type":"WebPage","@id":"https:\/\/laprensacristiana.com\/?p=16311","url":"https:\/\/laprensacristiana.com\/?p=16311","name":"Pastor Thomas A. Gibson un legado pastoral y servicio a Latinoam\u00e9rica. - La Prensa Cristiana","isPartOf":{"@id":"https:\/\/laprensacristiana.com\/#website"},"datePublished":"2024-02-15T18:02:04+00:00","dateModified":"2024-02-15T18:02:05+00:00","author":{"@id":"https:\/\/laprensacristiana.com\/#\/schema\/person\/3e7d82c6bfd6b1fa67010f8f7cd5256e"},"breadcrumb":{"@id":"https:\/\/laprensacristiana.com\/?p=16311#breadcrumb"},"inLanguage":"es","potentialAction":[{"@type":"ReadAction","target":["https:\/\/laprensacristiana.com\/?p=16311"]}]},{"@type":"BreadcrumbList","@id":"https:\/\/laprensacristiana.com\/?p=16311#breadcrumb","itemListElement":[{"@type":"ListItem","position":1,"name":"Portada","item":"https:\/\/laprensacristiana.com\/"},{"@type":"ListItem","position":2,"name":"Pastor Thomas A. Gibson un legado pastoral y servicio a Latinoam\u00e9rica."}]},{"@type":"WebSite","@id":"https:\/\/laprensacristiana.com\/#website","url":"https:\/\/laprensacristiana.com\/","name":"La Prensa Cristiana","description":"Anunciando Las Buenas Nuevas","potentialAction":[{"@type":"SearchAction","target":{"@type":"EntryPoint","urlTemplate":"https:\/\/laprensacristiana.com\/?s={search_term_string}"},"query-input":"required name=search_term_string"}],"inLanguage":"es"},{"@type":"Person","@id":"https:\/\/laprensacristiana.com\/#\/schema\/person\/3e7d82c6bfd6b1fa67010f8f7cd5256e","name":"EDITOR","image":{"@type":"ImageObject","inLanguage":"es","@id":"https:\/\/laprensacristiana.com\/#\/schema\/person\/image\/","url":"https:\/\/secure.gravatar.com\/avatar\/72069dfb6c13772d9e8381e3638666d2?s=96&d=mm&r=g","contentUrl":"https:\/\/secure.gravatar.com\/avatar\/72069dfb6c13772d9e8381e3638666d2?s=96&d=mm&r=g","caption":"EDITOR"},"url":"https:\/\/laprensacristiana.com\/?author=3"}]}},"_links":{"self":[{"href":"https:\/\/laprensacristiana.com\/index.php?rest_route=\/wp\/v2\/posts\/16311"}],"collection":[{"href":"https:\/\/laprensacristiana.com\/index.php?rest_route=\/wp\/v2\/posts"}],"about":[{"href":"https:\/\/laprensacristiana.com\/index.php?rest_route=\/wp\/v2\/types\/post"}],"author":[{"embeddable":true,"href":"https:\/\/laprensacristiana.com\/index.php?rest_route=\/wp\/v2\/users\/3"}],"replies":[{"embeddable":true,"href":"https:\/\/laprensacristiana.com\/index.php?rest_route=%2Fwp%2Fv2%2Fcomments&post=16311"}],"version-history":[{"count":1,"href":"https:\/\/laprensacristiana.com\/index.php?rest_route=\/wp\/v2\/posts\/16311\/revisions"}],"predecessor-version":[{"id":16318,"href":"https:\/\/laprensacristiana.com\/index.php?rest_route=\/wp\/v2\/posts\/16311\/revisions\/16318"}],"wp:featuredmedia":[{"embeddable":true,"href":"https:\/\/laprensacristiana.com\/index.php?rest_route=\/wp\/v2\/media\/16312"}],"wp:attachment":[{"href":"https:\/\/laprensacristiana.com\/index.php?rest_route=%2Fwp%2Fv2%2Fmedia&parent=16311"}],"wp:term":[{"taxonomy":"category","embeddable":true,"href":"https:\/\/laprensacristiana.com\/index.php?rest_route=%2Fwp%2Fv2%2Fcategories&post=16311"},{"taxonomy":"post_tag","embeddable":true,"href":"https:\/\/laprensacristiana.com\/index.php?rest_route=%2Fwp%2Fv2%2Ftags&post=16311"}],"curies":[{"name":"wp","href":"https:\/\/api.w.org\/{rel}","templated":true}]}}