{"id":16371,"date":"2024-02-24T16:26:15","date_gmt":"2024-02-24T16:26:15","guid":{"rendered":"https:\/\/laprensacristiana.com\/?p=16371"},"modified":"2024-02-24T16:26:16","modified_gmt":"2024-02-24T16:26:16","slug":"hasta-pronto-pastor-jose-de-la-paz-palacios","status":"publish","type":"post","link":"https:\/\/laprensacristiana.com\/?p=16371","title":{"rendered":"\u00a1Hasta pronto pastor Jos\u00e9 de la Paz Palacios!"},"content":{"rendered":"\n<p>Por: Josue Escamilla <\/p>\n\n\n\n<p>Cientos de personas se congregaron en el parque memorial Jardines del Recuerdo, para honrar la vida y ministerio del pastor general de la Iglesia Altar de Dios Internacional, Jos\u00e9 de la Paz Palacios.<\/p>\n\n\n\n<p>Pastores de diferentes denominaciones hicieron un pasillo para recibir el f\u00e9retro con los restos del pastor Palacios.<\/p>\n\n\n\n<p>El director del programa Santa Unci\u00f3n transmiti\u00f3 en diferentes estaciones, donde miles de oyentes recibieron una palabra de Dios para sus vidas.&nbsp;<\/p>\n\n\n\n<p>El legado y ministerio del pastor Palacios dej\u00f3 una huella imborrable no solamente en El Salvador, sino tambi\u00e9n en pa\u00edses como Italia, Suecia y Estados Unidos.<\/p>\n\n\n\n<p>\u201cEstamos muy agradecidos con el apoyo de ustedes en este momento, necesitamos mucho de sus oraciones\u201d, expres\u00f3 el presidente de la Misi\u00f3n Altar de Dios Internacional, Pedro Serrano.<\/p>\n\n\n\n<p>Honramos la vida y ministerio de un hombre que incansablemente predicaba: \u201cCristo est\u00e1 buscando obreros hoy\u201d.<\/p>\n\n\n\n<figure class=\"wp-block-gallery has-nested-images columns-default is-cropped wp-block-gallery-1 is-layout-flex\">\n<figure class=\"wp-block-image size-large\"><img decoding=\"async\" loading=\"lazy\" width=\"1024\" height=\"768\" data-id=\"16373\"  src=\"https:\/\/laprensacristiana.com\/wp-content\/uploads\/2024\/02\/09094067-BB6E-4A0F-8C1F-59DF4BF0344B-1024x768.jpeg\" alt=\"\" class=\"wp-image-16373\" srcset=\"https:\/\/laprensacristiana.com\/wp-content\/uploads\/2024\/02\/09094067-BB6E-4A0F-8C1F-59DF4BF0344B-1024x768.jpeg 1024w, https:\/\/laprensacristiana.com\/wp-content\/uploads\/2024\/02\/09094067-BB6E-4A0F-8C1F-59DF4BF0344B-300x225.jpeg 300w, https:\/\/laprensacristiana.com\/wp-content\/uploads\/2024\/02\/09094067-BB6E-4A0F-8C1F-59DF4BF0344B-768x576.jpeg 768w, https:\/\/laprensacristiana.com\/wp-content\/uploads\/2024\/02\/09094067-BB6E-4A0F-8C1F-59DF4BF0344B-1536x1152.jpeg 1536w, https:\/\/laprensacristiana.com\/wp-content\/uploads\/2024\/02\/09094067-BB6E-4A0F-8C1F-59DF4BF0344B-2048x1536.jpeg 2048w, https:\/\/laprensacristiana.com\/wp-content\/uploads\/2024\/02\/09094067-BB6E-4A0F-8C1F-59DF4BF0344B-696x522.jpeg 696w, https:\/\/laprensacristiana.com\/wp-content\/uploads\/2024\/02\/09094067-BB6E-4A0F-8C1F-59DF4BF0344B-1068x801.jpeg 1068w, https:\/\/laprensacristiana.com\/wp-content\/uploads\/2024\/02\/09094067-BB6E-4A0F-8C1F-59DF4BF0344B-1920x1440.jpeg 1920w, https:\/\/laprensacristiana.com\/wp-content\/uploads\/2024\/02\/09094067-BB6E-4A0F-8C1F-59DF4BF0344B-600x450.jpeg 600w\" sizes=\"(max-width: 1024px) 100vw, 1024px\" \/><\/figure>\n<\/figure>\n","protected":false},"excerpt":{"rendered":"<p>Por: Josue Escamilla Cientos de personas se congregaron en el parque memorial Jardines del Recuerdo, para honrar la vida y ministerio del pastor general de la Iglesia Altar de Dios Internacional, Jos\u00e9 de la Paz Palacios. Pastores de diferentes denominaciones hicieron un pasillo para recibir el f\u00e9retro con los restos del pastor Palacios. El director [&hellip;]<\/p>\n","protected":false},"author":3,"featured_media":16372,"comment_status":"open","ping_status":"open","sticky":false,"template":"","format":"standard","meta":[],"categories":[123],"tags":[],"yoast_head":"<!-- This site is optimized with the Yoast SEO plugin v20.8 - https:\/\/yoast.com\/wordpress\/plugins\/seo\/ -->\n<title>\u00a1Hasta pronto pastor Jos\u00e9 de la Paz Palacios! - La Prensa Cristiana<\/title>\n<meta name=\"robots\" content=\"index, follow, max-snippet:-1, max-image-preview:large, max-video-preview:-1\" \/>\n<link rel=\"canonical\" href=\"https:\/\/laprensacristiana.com\/?p=16371\" \/>\n<meta property=\"og:locale\" content=\"es_ES\" \/>\n<meta property=\"og:type\" content=\"article\" \/>\n<meta property=\"og:title\" content=\"\u00a1Hasta pronto pastor Jos\u00e9 de la Paz Palacios! - La Prensa Cristiana\" \/>\n<meta property=\"og:description\" content=\"Por: Josue Escamilla Cientos de personas se congregaron en el parque memorial Jardines del Recuerdo, para honrar la vida y ministerio del pastor general de la Iglesia Altar de Dios Internacional, Jos\u00e9 de la Paz Palacios. Pastores de diferentes denominaciones hicieron un pasillo para recibir el f\u00e9retro con los restos del pastor Palacios. El director [&hellip;]\" \/>\n<meta property=\"og:url\" content=\"https:\/\/laprensacristiana.com\/?p=16371\" \/>\n<meta property=\"og:site_name\" content=\"La Prensa Cristiana\" \/>\n<meta property=\"article:published_time\" content=\"2024-02-24T16:26:15+00:00\" \/>\n<meta property=\"article:modified_time\" content=\"2024-02-24T16:26:16+00:00\" \/>\n<meta property=\"og:image\" content=\"https:\/\/laprensacristiana.com\/wp-content\/uploads\/2024\/02\/5DCFEC1B-D6F8-44E7-B8EB-B5832B03B368-scaled.jpeg\" \/>\n\t<meta property=\"og:image:width\" content=\"2560\" \/>\n\t<meta property=\"og:image:height\" content=\"1920\" \/>\n\t<meta property=\"og:image:type\" content=\"image\/jpeg\" \/>\n<meta name=\"author\" content=\"EDITOR\" \/>\n<meta name=\"twitter:card\" content=\"summary_large_image\" \/>\n<meta name=\"twitter:label1\" content=\"Escrito por\" \/>\n\t<meta name=\"twitter:data1\" content=\"EDITOR\" \/>\n\t<meta name=\"twitter:label2\" content=\"Tiempo de lectura\" \/>\n\t<meta name=\"twitter:data2\" content=\"1 minuto\" \/>\n<script type=\"application\/ld+json\" class=\"yoast-schema-graph\">{\"@context\":\"https:\/\/schema.org\",\"@graph\":[{\"@type\":\"WebPage\",\"@id\":\"https:\/\/laprensacristiana.com\/?p=16371\",\"url\":\"https:\/\/laprensacristiana.com\/?p=16371\",\"name\":\"\u00a1Hasta pronto pastor Jos\u00e9 de la Paz Palacios! - La Prensa Cristiana\",\"isPartOf\":{\"@id\":\"https:\/\/laprensacristiana.com\/#website\"},\"datePublished\":\"2024-02-24T16:26:15+00:00\",\"dateModified\":\"2024-02-24T16:26:16+00:00\",\"author\":{\"@id\":\"https:\/\/laprensacristiana.com\/#\/schema\/person\/3e7d82c6bfd6b1fa67010f8f7cd5256e\"},\"breadcrumb\":{\"@id\":\"https:\/\/laprensacristiana.com\/?p=16371#breadcrumb\"},\"inLanguage\":\"es\",\"potentialAction\":[{\"@type\":\"ReadAction\",\"target\":[\"https:\/\/laprensacristiana.com\/?p=16371\"]}]},{\"@type\":\"BreadcrumbList\",\"@id\":\"https:\/\/laprensacristiana.com\/?p=16371#breadcrumb\",\"itemListElement\":[{\"@type\":\"ListItem\",\"position\":1,\"name\":\"Portada\",\"item\":\"https:\/\/laprensacristiana.com\/\"},{\"@type\":\"ListItem\",\"position\":2,\"name\":\"\u00a1Hasta pronto pastor Jos\u00e9 de la Paz Palacios!\"}]},{\"@type\":\"WebSite\",\"@id\":\"https:\/\/laprensacristiana.com\/#website\",\"url\":\"https:\/\/laprensacristiana.com\/\",\"name\":\"La Prensa Cristiana\",\"description\":\"Anunciando Las Buenas Nuevas\",\"potentialAction\":[{\"@type\":\"SearchAction\",\"target\":{\"@type\":\"EntryPoint\",\"urlTemplate\":\"https:\/\/laprensacristiana.com\/?s={search_term_string}\"},\"query-input\":\"required name=search_term_string\"}],\"inLanguage\":\"es\"},{\"@type\":\"Person\",\"@id\":\"https:\/\/laprensacristiana.com\/#\/schema\/person\/3e7d82c6bfd6b1fa67010f8f7cd5256e\",\"name\":\"EDITOR\",\"image\":{\"@type\":\"ImageObject\",\"inLanguage\":\"es\",\"@id\":\"https:\/\/laprensacristiana.com\/#\/schema\/person\/image\/\",\"url\":\"https:\/\/secure.gravatar.com\/avatar\/72069dfb6c13772d9e8381e3638666d2?s=96&d=mm&r=g\",\"contentUrl\":\"https:\/\/secure.gravatar.com\/avatar\/72069dfb6c13772d9e8381e3638666d2?s=96&d=mm&r=g\",\"caption\":\"EDITOR\"},\"url\":\"https:\/\/laprensacristiana.com\/?author=3\"}]}<\/script>\n<!-- \/ Yoast SEO plugin. -->","yoast_head_json":{"title":"\u00a1Hasta pronto pastor Jos\u00e9 de la Paz Palacios! - La Prensa Cristiana","robots":{"index":"index","follow":"follow","max-snippet":"max-snippet:-1","max-image-preview":"max-image-preview:large","max-video-preview":"max-video-preview:-1"},"canonical":"https:\/\/laprensacristiana.com\/?p=16371","og_locale":"es_ES","og_type":"article","og_title":"\u00a1Hasta pronto pastor Jos\u00e9 de la Paz Palacios! - La Prensa Cristiana","og_description":"Por: Josue Escamilla Cientos de personas se congregaron en el parque memorial Jardines del Recuerdo, para honrar la vida y ministerio del pastor general de la Iglesia Altar de Dios Internacional, Jos\u00e9 de la Paz Palacios. Pastores de diferentes denominaciones hicieron un pasillo para recibir el f\u00e9retro con los restos del pastor Palacios. El director [&hellip;]","og_url":"https:\/\/laprensacristiana.com\/?p=16371","og_site_name":"La Prensa Cristiana","article_published_time":"2024-02-24T16:26:15+00:00","article_modified_time":"2024-02-24T16:26:16+00:00","og_image":[{"width":2560,"height":1920,"url":"https:\/\/laprensacristiana.com\/wp-content\/uploads\/2024\/02\/5DCFEC1B-D6F8-44E7-B8EB-B5832B03B368-scaled.jpeg","type":"image\/jpeg"}],"author":"EDITOR","twitter_card":"summary_large_image","twitter_misc":{"Escrito por":"EDITOR","Tiempo de lectura":"1 minuto"},"schema":{"@context":"https:\/\/schema.org","@graph":[{"@type":"WebPage","@id":"https:\/\/laprensacristiana.com\/?p=16371","url":"https:\/\/laprensacristiana.com\/?p=16371","name":"\u00a1Hasta pronto pastor Jos\u00e9 de la Paz Palacios! - La Prensa Cristiana","isPartOf":{"@id":"https:\/\/laprensacristiana.com\/#website"},"datePublished":"2024-02-24T16:26:15+00:00","dateModified":"2024-02-24T16:26:16+00:00","author":{"@id":"https:\/\/laprensacristiana.com\/#\/schema\/person\/3e7d82c6bfd6b1fa67010f8f7cd5256e"},"breadcrumb":{"@id":"https:\/\/laprensacristiana.com\/?p=16371#breadcrumb"},"inLanguage":"es","potentialAction":[{"@type":"ReadAction","target":["https:\/\/laprensacristiana.com\/?p=16371"]}]},{"@type":"BreadcrumbList","@id":"https:\/\/laprensacristiana.com\/?p=16371#breadcrumb","itemListElement":[{"@type":"ListItem","position":1,"name":"Portada","item":"https:\/\/laprensacristiana.com\/"},{"@type":"ListItem","position":2,"name":"\u00a1Hasta pronto pastor Jos\u00e9 de la Paz Palacios!"}]},{"@type":"WebSite","@id":"https:\/\/laprensacristiana.com\/#website","url":"https:\/\/laprensacristiana.com\/","name":"La Prensa Cristiana","description":"Anunciando Las Buenas Nuevas","potentialAction":[{"@type":"SearchAction","target":{"@type":"EntryPoint","urlTemplate":"https:\/\/laprensacristiana.com\/?s={search_term_string}"},"query-input":"required name=search_term_string"}],"inLanguage":"es"},{"@type":"Person","@id":"https:\/\/laprensacristiana.com\/#\/schema\/person\/3e7d82c6bfd6b1fa67010f8f7cd5256e","name":"EDITOR","image":{"@type":"ImageObject","inLanguage":"es","@id":"https:\/\/laprensacristiana.com\/#\/schema\/person\/image\/","url":"https:\/\/secure.gravatar.com\/avatar\/72069dfb6c13772d9e8381e3638666d2?s=96&d=mm&r=g","contentUrl":"https:\/\/secure.gravatar.com\/avatar\/72069dfb6c13772d9e8381e3638666d2?s=96&d=mm&r=g","caption":"EDITOR"},"url":"https:\/\/laprensacristiana.com\/?author=3"}]}},"_links":{"self":[{"href":"https:\/\/laprensacristiana.com\/index.php?rest_route=\/wp\/v2\/posts\/16371"}],"collection":[{"href":"https:\/\/laprensacristiana.com\/index.php?rest_route=\/wp\/v2\/posts"}],"about":[{"href":"https:\/\/laprensacristiana.com\/index.php?rest_route=\/wp\/v2\/types\/post"}],"author":[{"embeddable":true,"href":"https:\/\/laprensacristiana.com\/index.php?rest_route=\/wp\/v2\/users\/3"}],"replies":[{"embeddable":true,"href":"https:\/\/laprensacristiana.com\/index.php?rest_route=%2Fwp%2Fv2%2Fcomments&post=16371"}],"version-history":[{"count":1,"href":"https:\/\/laprensacristiana.com\/index.php?rest_route=\/wp\/v2\/posts\/16371\/revisions"}],"predecessor-version":[{"id":16374,"href":"https:\/\/laprensacristiana.com\/index.php?rest_route=\/wp\/v2\/posts\/16371\/revisions\/16374"}],"wp:featuredmedia":[{"embeddable":true,"href":"https:\/\/laprensacristiana.com\/index.php?rest_route=\/wp\/v2\/media\/16372"}],"wp:attachment":[{"href":"https:\/\/laprensacristiana.com\/index.php?rest_route=%2Fwp%2Fv2%2Fmedia&parent=16371"}],"wp:term":[{"taxonomy":"category","embeddable":true,"href":"https:\/\/laprensacristiana.com\/index.php?rest_route=%2Fwp%2Fv2%2Fcategories&post=16371"},{"taxonomy":"post_tag","embeddable":true,"href":"https:\/\/laprensacristiana.com\/index.php?rest_route=%2Fwp%2Fv2%2Ftags&post=16371"}],"curies":[{"name":"wp","href":"https:\/\/api.w.org\/{rel}","templated":true}]}}