{"id":16534,"date":"2024-03-14T20:40:06","date_gmt":"2024-03-14T20:40:06","guid":{"rendered":"https:\/\/laprensacristiana.com\/?p=16534"},"modified":"2024-03-14T20:40:07","modified_gmt":"2024-03-14T20:40:07","slug":"canzion-films-lanza-su-nueva-produccion-nosotros-los-de-la-fe","status":"publish","type":"post","link":"https:\/\/laprensacristiana.com\/?p=16534","title":{"rendered":"Canzi\u00f2n Films lanza su nueva producci\u00f3n \u00abNosotros los de la FE\u00bb"},"content":{"rendered":"\n<p>Por: Edwin G\u00f3ngora <\/p>\n\n\n\n<p>Las vivencias de una familia cristiana son expuestas esta vez en una cinta que produce Canzion Films y que colocar\u00e1 en los pr\u00f3ximos d\u00edas en las pantalla grande.<\/p>\n\n\n\n<p>Nosotros los de la FE nos presenta la historia de una familia cristiana que a diario se esfuerza para mantener sus valores y principios a la par de conocer y convivir con diferentes personas que no comparten lo que ellas creen y viven a diario.<\/p>\n\n\n\n<p>\u201cLa pel\u00edcula nos invita a probarnos como cristianos y ha poder empatizar con el pr\u00f3jimo\u201d, comenta Arturo Allen, Director de Canzion Films, quien tambi\u00e9n fue uno de los escritores de la pel\u00edcula.<\/p>\n\n\n\n<figure class=\"wp-block-image size-full\"><img decoding=\"async\" loading=\"lazy\" width=\"938\" height=\"524\" src=\"https:\/\/laprensacristiana.com\/wp-content\/uploads\/2024\/03\/WhatsApp-Image-2024-03-14-at-2.37.29-PM.jpeg\" alt=\"\" class=\"wp-image-16538\" srcset=\"https:\/\/laprensacristiana.com\/wp-content\/uploads\/2024\/03\/WhatsApp-Image-2024-03-14-at-2.37.29-PM.jpeg 938w, https:\/\/laprensacristiana.com\/wp-content\/uploads\/2024\/03\/WhatsApp-Image-2024-03-14-at-2.37.29-PM-300x168.jpeg 300w, https:\/\/laprensacristiana.com\/wp-content\/uploads\/2024\/03\/WhatsApp-Image-2024-03-14-at-2.37.29-PM-768x429.jpeg 768w, https:\/\/laprensacristiana.com\/wp-content\/uploads\/2024\/03\/WhatsApp-Image-2024-03-14-at-2.37.29-PM-696x389.jpeg 696w, https:\/\/laprensacristiana.com\/wp-content\/uploads\/2024\/03\/WhatsApp-Image-2024-03-14-at-2.37.29-PM-600x335.jpeg 600w\" sizes=\"(max-width: 938px) 100vw, 938px\" \/><\/figure>\n\n\n\n<p>\u201cAmarnos entre nosotros sin importar que haya adversidades ni barreras\u201d, es otro de los aspectos que destaca la pel\u00edcula asegura Gian Franco Ap\u00f3stolo, protagonista.<\/p>\n\n\n\n<p>En su contenido esta filmaci\u00f3n toca la vida real evang\u00e9lica, con momentos de comedia, sentimiento y que nos pueda incomodar en alg\u00fan momento, pues nos emplazar\u00e1 como cristianos.<\/p>\n\n\n\n<p>En una peque\u00f1a probadita de la cinta, dos del equipo brindaron una conferencia de prensa donde dieron algunos detalles para motivar su asistencia a las salas cinematogr\u00e1ficas y disfrutar de esta producci\u00f3n.<\/p>\n\n\n\n<p>Veremos fases y etapas que los ni\u00f1os a medida crecen experimentan en el contenido de lo que nos presenta la Biblia. De igual manera veremos como los conflictos generacionales se dan en las familias cristianas y nos llevan a un mont\u00f3n de situaciones inesperadas.<\/p>\n\n\n\n<p>Si bien la pel\u00edcula es una comedia, muchos se pondr\u00e1n a prueba en su fe durante varios de sus tramos. Incluso quienes participaron en su rodaje y producci\u00f3n aseguran que la pel\u00edcula en si los llev\u00f3 a desaf\u00edos y a replantearse para depender de lo que Dios tiene planeado realizar en sus vidas.<\/p>\n\n\n\n<figure class=\"wp-block-gallery has-nested-images columns-default is-cropped wp-block-gallery-1 is-layout-flex\">\n<figure class=\"wp-block-image size-large\"><img decoding=\"async\" loading=\"lazy\" width=\"942\" height=\"528\" data-id=\"16539\"  src=\"https:\/\/laprensacristiana.com\/wp-content\/uploads\/2024\/03\/WhatsApp-Image-2024-03-14-at-2.31.40-PM.jpeg\" alt=\"\" class=\"wp-image-16539\" srcset=\"https:\/\/laprensacristiana.com\/wp-content\/uploads\/2024\/03\/WhatsApp-Image-2024-03-14-at-2.31.40-PM.jpeg 942w, https:\/\/laprensacristiana.com\/wp-content\/uploads\/2024\/03\/WhatsApp-Image-2024-03-14-at-2.31.40-PM-300x168.jpeg 300w, https:\/\/laprensacristiana.com\/wp-content\/uploads\/2024\/03\/WhatsApp-Image-2024-03-14-at-2.31.40-PM-768x430.jpeg 768w, https:\/\/laprensacristiana.com\/wp-content\/uploads\/2024\/03\/WhatsApp-Image-2024-03-14-at-2.31.40-PM-696x390.jpeg 696w, https:\/\/laprensacristiana.com\/wp-content\/uploads\/2024\/03\/WhatsApp-Image-2024-03-14-at-2.31.40-PM-600x336.jpeg 600w\" sizes=\"(max-width: 942px) 100vw, 942px\" \/><\/figure>\n\n\n\n<figure class=\"wp-block-image size-large\"><img decoding=\"async\" loading=\"lazy\" width=\"1024\" height=\"557\" data-id=\"16540\"  src=\"https:\/\/laprensacristiana.com\/wp-content\/uploads\/2024\/03\/WhatsApp-Image-2024-03-14-at-2.31.39-PM-1024x557.jpeg\" alt=\"\" class=\"wp-image-16540\" srcset=\"https:\/\/laprensacristiana.com\/wp-content\/uploads\/2024\/03\/WhatsApp-Image-2024-03-14-at-2.31.39-PM-1024x557.jpeg 1024w, https:\/\/laprensacristiana.com\/wp-content\/uploads\/2024\/03\/WhatsApp-Image-2024-03-14-at-2.31.39-PM-300x163.jpeg 300w, https:\/\/laprensacristiana.com\/wp-content\/uploads\/2024\/03\/WhatsApp-Image-2024-03-14-at-2.31.39-PM-768x418.jpeg 768w, https:\/\/laprensacristiana.com\/wp-content\/uploads\/2024\/03\/WhatsApp-Image-2024-03-14-at-2.31.39-PM-1536x836.jpeg 1536w, https:\/\/laprensacristiana.com\/wp-content\/uploads\/2024\/03\/WhatsApp-Image-2024-03-14-at-2.31.39-PM-696x379.jpeg 696w, https:\/\/laprensacristiana.com\/wp-content\/uploads\/2024\/03\/WhatsApp-Image-2024-03-14-at-2.31.39-PM-1068x581.jpeg 1068w, https:\/\/laprensacristiana.com\/wp-content\/uploads\/2024\/03\/WhatsApp-Image-2024-03-14-at-2.31.39-PM-600x326.jpeg 600w, https:\/\/laprensacristiana.com\/wp-content\/uploads\/2024\/03\/WhatsApp-Image-2024-03-14-at-2.31.39-PM.jpeg 1599w\" sizes=\"(max-width: 1024px) 100vw, 1024px\" \/><\/figure>\n<\/figure>\n\n\n\n<p>El elenco de esta producci\u00f3n cuenta con talentos j\u00f3venes y que han obtenido reconocimientos y destacadas participaciones en otras producciones. Entre ellos el actor Argentino Josu\u00e9: Gian Franco Ap\u00f3stolo, quien fue reconocido por su papel en la pel\u00edcula Poema de salvaci\u00f3n.<\/p>\n\n\n\n<p>Junto a \u00e9l Violeta Isfel, Luz Edith Rojas y Mayte Fierro entre otros son quienes le dan vida a esta producci\u00f3n.<\/p>\n\n\n\n<p>La pel\u00edcula aseguran est\u00e1 inspirada en miles de historias reales, que fueron tomadas como base. La pel\u00edcula estar\u00e1 en cartelera desde el pr\u00f3ximo 21 de marzo y sus productores conf\u00edan que esta permanezca una buena temporada en el gusto de las personas.<\/p>\n","protected":false},"excerpt":{"rendered":"<p>Por: Edwin G\u00f3ngora Las vivencias de una familia cristiana son expuestas esta vez en una cinta que produce Canzion Films y que colocar\u00e1 en los pr\u00f3ximos d\u00edas en las pantalla grande. Nosotros los de la FE nos presenta la historia de una familia cristiana que a diario se esfuerza para mantener sus valores y principios [&hellip;]<\/p>\n","protected":false},"author":3,"featured_media":16535,"comment_status":"open","ping_status":"open","sticky":false,"template":"","format":"standard","meta":[],"categories":[56],"tags":[],"yoast_head":"<!-- This site is optimized with the Yoast SEO plugin v20.8 - https:\/\/yoast.com\/wordpress\/plugins\/seo\/ -->\n<title>Canzi\u00f2n Films lanza su nueva producci\u00f3n \u00abNosotros los de la FE\u00bb - La Prensa Cristiana<\/title>\n<meta name=\"robots\" content=\"index, follow, max-snippet:-1, max-image-preview:large, max-video-preview:-1\" \/>\n<link rel=\"canonical\" href=\"https:\/\/laprensacristiana.com\/?p=16534\" \/>\n<meta property=\"og:locale\" content=\"es_ES\" \/>\n<meta property=\"og:type\" content=\"article\" \/>\n<meta property=\"og:title\" content=\"Canzi\u00f2n Films lanza su nueva producci\u00f3n \u00abNosotros los de la FE\u00bb - La Prensa Cristiana\" \/>\n<meta property=\"og:description\" content=\"Por: Edwin G\u00f3ngora Las vivencias de una familia cristiana son expuestas esta vez en una cinta que produce Canzion Films y que colocar\u00e1 en los pr\u00f3ximos d\u00edas en las pantalla grande. Nosotros los de la FE nos presenta la historia de una familia cristiana que a diario se esfuerza para mantener sus valores y principios [&hellip;]\" \/>\n<meta property=\"og:url\" content=\"https:\/\/laprensacristiana.com\/?p=16534\" \/>\n<meta property=\"og:site_name\" content=\"La Prensa Cristiana\" \/>\n<meta property=\"article:published_time\" content=\"2024-03-14T20:40:06+00:00\" \/>\n<meta property=\"article:modified_time\" content=\"2024-03-14T20:40:07+00:00\" \/>\n<meta property=\"og:image\" content=\"https:\/\/laprensacristiana.com\/wp-content\/uploads\/2024\/03\/WhatsApp-Image-2024-03-12-at-7.26.05-PM.jpeg\" \/>\n\t<meta property=\"og:image:width\" content=\"1600\" \/>\n\t<meta property=\"og:image:height\" content=\"1200\" \/>\n\t<meta property=\"og:image:type\" content=\"image\/jpeg\" \/>\n<meta name=\"author\" content=\"EDITOR\" \/>\n<meta name=\"twitter:card\" content=\"summary_large_image\" \/>\n<meta name=\"twitter:label1\" content=\"Escrito por\" \/>\n\t<meta name=\"twitter:data1\" content=\"EDITOR\" \/>\n\t<meta name=\"twitter:label2\" content=\"Tiempo de lectura\" \/>\n\t<meta name=\"twitter:data2\" content=\"3 minutos\" \/>\n<script type=\"application\/ld+json\" class=\"yoast-schema-graph\">{\"@context\":\"https:\/\/schema.org\",\"@graph\":[{\"@type\":\"WebPage\",\"@id\":\"https:\/\/laprensacristiana.com\/?p=16534\",\"url\":\"https:\/\/laprensacristiana.com\/?p=16534\",\"name\":\"Canzi\u00f2n Films lanza su nueva producci\u00f3n \u00abNosotros los de la FE\u00bb - La Prensa Cristiana\",\"isPartOf\":{\"@id\":\"https:\/\/laprensacristiana.com\/#website\"},\"datePublished\":\"2024-03-14T20:40:06+00:00\",\"dateModified\":\"2024-03-14T20:40:07+00:00\",\"author\":{\"@id\":\"https:\/\/laprensacristiana.com\/#\/schema\/person\/3e7d82c6bfd6b1fa67010f8f7cd5256e\"},\"breadcrumb\":{\"@id\":\"https:\/\/laprensacristiana.com\/?p=16534#breadcrumb\"},\"inLanguage\":\"es\",\"potentialAction\":[{\"@type\":\"ReadAction\",\"target\":[\"https:\/\/laprensacristiana.com\/?p=16534\"]}]},{\"@type\":\"BreadcrumbList\",\"@id\":\"https:\/\/laprensacristiana.com\/?p=16534#breadcrumb\",\"itemListElement\":[{\"@type\":\"ListItem\",\"position\":1,\"name\":\"Portada\",\"item\":\"https:\/\/laprensacristiana.com\/\"},{\"@type\":\"ListItem\",\"position\":2,\"name\":\"Canzi\u00f2n Films lanza su nueva producci\u00f3n \u00abNosotros los de la FE\u00bb\"}]},{\"@type\":\"WebSite\",\"@id\":\"https:\/\/laprensacristiana.com\/#website\",\"url\":\"https:\/\/laprensacristiana.com\/\",\"name\":\"La Prensa Cristiana\",\"description\":\"Anunciando Las Buenas Nuevas\",\"potentialAction\":[{\"@type\":\"SearchAction\",\"target\":{\"@type\":\"EntryPoint\",\"urlTemplate\":\"https:\/\/laprensacristiana.com\/?s={search_term_string}\"},\"query-input\":\"required name=search_term_string\"}],\"inLanguage\":\"es\"},{\"@type\":\"Person\",\"@id\":\"https:\/\/laprensacristiana.com\/#\/schema\/person\/3e7d82c6bfd6b1fa67010f8f7cd5256e\",\"name\":\"EDITOR\",\"image\":{\"@type\":\"ImageObject\",\"inLanguage\":\"es\",\"@id\":\"https:\/\/laprensacristiana.com\/#\/schema\/person\/image\/\",\"url\":\"https:\/\/secure.gravatar.com\/avatar\/72069dfb6c13772d9e8381e3638666d2?s=96&d=mm&r=g\",\"contentUrl\":\"https:\/\/secure.gravatar.com\/avatar\/72069dfb6c13772d9e8381e3638666d2?s=96&d=mm&r=g\",\"caption\":\"EDITOR\"},\"url\":\"https:\/\/laprensacristiana.com\/?author=3\"}]}<\/script>\n<!-- \/ Yoast SEO plugin. -->","yoast_head_json":{"title":"Canzi\u00f2n Films lanza su nueva producci\u00f3n \u00abNosotros los de la FE\u00bb - La Prensa Cristiana","robots":{"index":"index","follow":"follow","max-snippet":"max-snippet:-1","max-image-preview":"max-image-preview:large","max-video-preview":"max-video-preview:-1"},"canonical":"https:\/\/laprensacristiana.com\/?p=16534","og_locale":"es_ES","og_type":"article","og_title":"Canzi\u00f2n Films lanza su nueva producci\u00f3n \u00abNosotros los de la FE\u00bb - La Prensa Cristiana","og_description":"Por: Edwin G\u00f3ngora Las vivencias de una familia cristiana son expuestas esta vez en una cinta que produce Canzion Films y que colocar\u00e1 en los pr\u00f3ximos d\u00edas en las pantalla grande. Nosotros los de la FE nos presenta la historia de una familia cristiana que a diario se esfuerza para mantener sus valores y principios [&hellip;]","og_url":"https:\/\/laprensacristiana.com\/?p=16534","og_site_name":"La Prensa Cristiana","article_published_time":"2024-03-14T20:40:06+00:00","article_modified_time":"2024-03-14T20:40:07+00:00","og_image":[{"width":1600,"height":1200,"url":"https:\/\/laprensacristiana.com\/wp-content\/uploads\/2024\/03\/WhatsApp-Image-2024-03-12-at-7.26.05-PM.jpeg","type":"image\/jpeg"}],"author":"EDITOR","twitter_card":"summary_large_image","twitter_misc":{"Escrito por":"EDITOR","Tiempo de lectura":"3 minutos"},"schema":{"@context":"https:\/\/schema.org","@graph":[{"@type":"WebPage","@id":"https:\/\/laprensacristiana.com\/?p=16534","url":"https:\/\/laprensacristiana.com\/?p=16534","name":"Canzi\u00f2n Films lanza su nueva producci\u00f3n \u00abNosotros los de la FE\u00bb - La Prensa Cristiana","isPartOf":{"@id":"https:\/\/laprensacristiana.com\/#website"},"datePublished":"2024-03-14T20:40:06+00:00","dateModified":"2024-03-14T20:40:07+00:00","author":{"@id":"https:\/\/laprensacristiana.com\/#\/schema\/person\/3e7d82c6bfd6b1fa67010f8f7cd5256e"},"breadcrumb":{"@id":"https:\/\/laprensacristiana.com\/?p=16534#breadcrumb"},"inLanguage":"es","potentialAction":[{"@type":"ReadAction","target":["https:\/\/laprensacristiana.com\/?p=16534"]}]},{"@type":"BreadcrumbList","@id":"https:\/\/laprensacristiana.com\/?p=16534#breadcrumb","itemListElement":[{"@type":"ListItem","position":1,"name":"Portada","item":"https:\/\/laprensacristiana.com\/"},{"@type":"ListItem","position":2,"name":"Canzi\u00f2n Films lanza su nueva producci\u00f3n \u00abNosotros los de la FE\u00bb"}]},{"@type":"WebSite","@id":"https:\/\/laprensacristiana.com\/#website","url":"https:\/\/laprensacristiana.com\/","name":"La Prensa Cristiana","description":"Anunciando Las Buenas Nuevas","potentialAction":[{"@type":"SearchAction","target":{"@type":"EntryPoint","urlTemplate":"https:\/\/laprensacristiana.com\/?s={search_term_string}"},"query-input":"required name=search_term_string"}],"inLanguage":"es"},{"@type":"Person","@id":"https:\/\/laprensacristiana.com\/#\/schema\/person\/3e7d82c6bfd6b1fa67010f8f7cd5256e","name":"EDITOR","image":{"@type":"ImageObject","inLanguage":"es","@id":"https:\/\/laprensacristiana.com\/#\/schema\/person\/image\/","url":"https:\/\/secure.gravatar.com\/avatar\/72069dfb6c13772d9e8381e3638666d2?s=96&d=mm&r=g","contentUrl":"https:\/\/secure.gravatar.com\/avatar\/72069dfb6c13772d9e8381e3638666d2?s=96&d=mm&r=g","caption":"EDITOR"},"url":"https:\/\/laprensacristiana.com\/?author=3"}]}},"_links":{"self":[{"href":"https:\/\/laprensacristiana.com\/index.php?rest_route=\/wp\/v2\/posts\/16534"}],"collection":[{"href":"https:\/\/laprensacristiana.com\/index.php?rest_route=\/wp\/v2\/posts"}],"about":[{"href":"https:\/\/laprensacristiana.com\/index.php?rest_route=\/wp\/v2\/types\/post"}],"author":[{"embeddable":true,"href":"https:\/\/laprensacristiana.com\/index.php?rest_route=\/wp\/v2\/users\/3"}],"replies":[{"embeddable":true,"href":"https:\/\/laprensacristiana.com\/index.php?rest_route=%2Fwp%2Fv2%2Fcomments&post=16534"}],"version-history":[{"count":1,"href":"https:\/\/laprensacristiana.com\/index.php?rest_route=\/wp\/v2\/posts\/16534\/revisions"}],"predecessor-version":[{"id":16541,"href":"https:\/\/laprensacristiana.com\/index.php?rest_route=\/wp\/v2\/posts\/16534\/revisions\/16541"}],"wp:featuredmedia":[{"embeddable":true,"href":"https:\/\/laprensacristiana.com\/index.php?rest_route=\/wp\/v2\/media\/16535"}],"wp:attachment":[{"href":"https:\/\/laprensacristiana.com\/index.php?rest_route=%2Fwp%2Fv2%2Fmedia&parent=16534"}],"wp:term":[{"taxonomy":"category","embeddable":true,"href":"https:\/\/laprensacristiana.com\/index.php?rest_route=%2Fwp%2Fv2%2Fcategories&post=16534"},{"taxonomy":"post_tag","embeddable":true,"href":"https:\/\/laprensacristiana.com\/index.php?rest_route=%2Fwp%2Fv2%2Ftags&post=16534"}],"curies":[{"name":"wp","href":"https:\/\/api.w.org\/{rel}","templated":true}]}}