{"id":16585,"date":"2024-03-27T13:58:18","date_gmt":"2024-03-27T13:58:18","guid":{"rendered":"https:\/\/laprensacristiana.com\/?p=16585"},"modified":"2024-03-27T13:58:19","modified_gmt":"2024-03-27T13:58:19","slug":"como-reproducir-el-caracter-de-cristo","status":"publish","type":"post","link":"https:\/\/laprensacristiana.com\/?p=16585","title":{"rendered":"\u00bfC\u00f3mo reproducir el car\u00e1cter de Cristo?"},"content":{"rendered":"\n<p>Por: Edwin G\u00f3ngora <\/p>\n\n\n\n<p>Ricardo acudi\u00f3 hace meses atr\u00e1s a una actividad convocada por una iglesia de su comunidad. Lo invit\u00f3 uno de sus vecinos, quien antes allan\u00f3 el camino y le habl\u00f3 acerca de Jes\u00fas, el sacrificio que hizo por nosotros y lo que podemos encontrar al entrar en sus caminos.<\/p>\n\n\n\n<p>Ricardo no acept\u00f3 la invitaci\u00f3n en un inicio, sin embargo, algo le dec\u00eda por dentro que ser\u00eda bueno ir y escuchar el mensaje.<\/p>\n\n\n\n<p>La cosecha de almas durante esa campa\u00f1a fue extraordinaria gracias a Dios, Ricardo junto a 30 personas m\u00e1s aceptaron a Cristo.<\/p>\n\n\n\n<p>La vida en Jes\u00fas que experimentar\u00eda Ricardo iniciaba, un proceso de conocerle y consolidarse de tal manera su fe se fortalezca desde sus primeros pasos.<\/p>\n\n\n\n<p>Y es que a diario cientos de personas en diferentes iglesias y\/o actividades evangel\u00edsticas aceptan a Cristo, pero es aqu\u00ed donde una labor de seguimiento inicia.<\/p>\n\n\n\n<p>Para el Reverendo Jerem\u00edas Bola\u00f1os, Superintendente de las Asambleas de Dios en El Salvador, el trabajo por realizar le compete al liderazgo de cada iglesia, para que las estrategias que implementen permitan discipular a cada nueva alma ganada para Cristo.<\/p>\n\n\n\n<p>\u201cEn Asambleas de Dios contamos con un programa de crecimiento espiritual que incluyen m\u00faltiples estudios B\u00edblicos. Incluso este a\u00f1o 2024 lo hemos denominado el a\u00f1o del amor por la palabra de Dios, que pretende reforzar y mantener la lectura de la Biblia\u201d, indica.<\/p>\n\n\n\n<p>Ministerios como Sacudiendo las Naciones brinda apoyo a las iglesias que as\u00ed lo requieran: \u201cHacemos llegar materiales bibliogr\u00e1ficos y audiovisuales con el objetivo de que estas personas puedan echar ra\u00edces espirituales y ser miembros activos de las iglesias locales\u201d, explica el Pastor Mauricio Canales,<\/p>\n\n\n\n<p>Un consolidador debe ser alguien que ore por los nuevos, como nos lo presenta Romanos 1:9 \u201cPorque testigo me es Dios, a quien sirvo en mi esp\u00edritu en el evangelio de su Hijo, de que sin cesar menciono a vosotros siempre en mis oraciones\u201d. Adem\u00e1s, debe estar dispuesto a distribuir su tiempo para compartir con ellos.<\/p>\n\n\n\n<p>Hechos en el cap\u00edtulo 16 versos del 31 al 34 explica la importancia de creer en Jes\u00fas para alcanzar la salvaci\u00f3n.<\/p>\n\n\n\n<p>La habilidad para realizar una excelente consolidaci\u00f3n se adquiere en la medida que nos preparemos, y que lo hagamos constantemente.<\/p>\n\n\n\n<p>Lo que Dios permiti\u00f3 al abrir el coraz\u00f3n de las personas lo veamos como una semilla sembrada en tierra f\u00e9rtil y que al cuidarla crecer\u00e1 sana y fuerte que dar\u00e1 muchos frutos m\u00e1s.<\/p>\n","protected":false},"excerpt":{"rendered":"<p>Por: Edwin G\u00f3ngora Ricardo acudi\u00f3 hace meses atr\u00e1s a una actividad convocada por una iglesia de su comunidad. Lo invit\u00f3 uno de sus vecinos, quien antes allan\u00f3 el camino y le habl\u00f3 acerca de Jes\u00fas, el sacrificio que hizo por nosotros y lo que podemos encontrar al entrar en sus caminos. Ricardo no acept\u00f3 la [&hellip;]<\/p>\n","protected":false},"author":3,"featured_media":16586,"comment_status":"open","ping_status":"open","sticky":false,"template":"","format":"standard","meta":[],"categories":[75],"tags":[],"yoast_head":"<!-- This site is optimized with the Yoast SEO plugin v20.8 - https:\/\/yoast.com\/wordpress\/plugins\/seo\/ -->\n<title>\u00bfC\u00f3mo reproducir el car\u00e1cter de Cristo? - La Prensa Cristiana<\/title>\n<meta name=\"robots\" content=\"index, follow, max-snippet:-1, max-image-preview:large, max-video-preview:-1\" \/>\n<link rel=\"canonical\" href=\"https:\/\/laprensacristiana.com\/?p=16585\" \/>\n<meta property=\"og:locale\" content=\"es_ES\" \/>\n<meta property=\"og:type\" content=\"article\" \/>\n<meta property=\"og:title\" content=\"\u00bfC\u00f3mo reproducir el car\u00e1cter de Cristo? - La Prensa Cristiana\" \/>\n<meta property=\"og:description\" content=\"Por: Edwin G\u00f3ngora Ricardo acudi\u00f3 hace meses atr\u00e1s a una actividad convocada por una iglesia de su comunidad. Lo invit\u00f3 uno de sus vecinos, quien antes allan\u00f3 el camino y le habl\u00f3 acerca de Jes\u00fas, el sacrificio que hizo por nosotros y lo que podemos encontrar al entrar en sus caminos. Ricardo no acept\u00f3 la [&hellip;]\" \/>\n<meta property=\"og:url\" content=\"https:\/\/laprensacristiana.com\/?p=16585\" \/>\n<meta property=\"og:site_name\" content=\"La Prensa Cristiana\" \/>\n<meta property=\"article:published_time\" content=\"2024-03-27T13:58:18+00:00\" \/>\n<meta property=\"article:modified_time\" content=\"2024-03-27T13:58:19+00:00\" \/>\n<meta property=\"og:image\" content=\"https:\/\/laprensacristiana.com\/wp-content\/uploads\/2024\/03\/descarga-6.jpg\" \/>\n\t<meta property=\"og:image:width\" content=\"735\" \/>\n\t<meta property=\"og:image:height\" content=\"590\" \/>\n\t<meta property=\"og:image:type\" content=\"image\/jpeg\" \/>\n<meta name=\"author\" content=\"EDITOR\" \/>\n<meta name=\"twitter:card\" content=\"summary_large_image\" \/>\n<meta name=\"twitter:label1\" content=\"Escrito por\" \/>\n\t<meta name=\"twitter:data1\" content=\"EDITOR\" \/>\n\t<meta name=\"twitter:label2\" content=\"Tiempo de lectura\" \/>\n\t<meta name=\"twitter:data2\" content=\"2 minutos\" \/>\n<script type=\"application\/ld+json\" class=\"yoast-schema-graph\">{\"@context\":\"https:\/\/schema.org\",\"@graph\":[{\"@type\":\"WebPage\",\"@id\":\"https:\/\/laprensacristiana.com\/?p=16585\",\"url\":\"https:\/\/laprensacristiana.com\/?p=16585\",\"name\":\"\u00bfC\u00f3mo reproducir el car\u00e1cter de Cristo? - La Prensa Cristiana\",\"isPartOf\":{\"@id\":\"https:\/\/laprensacristiana.com\/#website\"},\"datePublished\":\"2024-03-27T13:58:18+00:00\",\"dateModified\":\"2024-03-27T13:58:19+00:00\",\"author\":{\"@id\":\"https:\/\/laprensacristiana.com\/#\/schema\/person\/3e7d82c6bfd6b1fa67010f8f7cd5256e\"},\"breadcrumb\":{\"@id\":\"https:\/\/laprensacristiana.com\/?p=16585#breadcrumb\"},\"inLanguage\":\"es\",\"potentialAction\":[{\"@type\":\"ReadAction\",\"target\":[\"https:\/\/laprensacristiana.com\/?p=16585\"]}]},{\"@type\":\"BreadcrumbList\",\"@id\":\"https:\/\/laprensacristiana.com\/?p=16585#breadcrumb\",\"itemListElement\":[{\"@type\":\"ListItem\",\"position\":1,\"name\":\"Portada\",\"item\":\"https:\/\/laprensacristiana.com\/\"},{\"@type\":\"ListItem\",\"position\":2,\"name\":\"\u00bfC\u00f3mo reproducir el car\u00e1cter de Cristo?\"}]},{\"@type\":\"WebSite\",\"@id\":\"https:\/\/laprensacristiana.com\/#website\",\"url\":\"https:\/\/laprensacristiana.com\/\",\"name\":\"La Prensa Cristiana\",\"description\":\"Anunciando Las Buenas Nuevas\",\"potentialAction\":[{\"@type\":\"SearchAction\",\"target\":{\"@type\":\"EntryPoint\",\"urlTemplate\":\"https:\/\/laprensacristiana.com\/?s={search_term_string}\"},\"query-input\":\"required name=search_term_string\"}],\"inLanguage\":\"es\"},{\"@type\":\"Person\",\"@id\":\"https:\/\/laprensacristiana.com\/#\/schema\/person\/3e7d82c6bfd6b1fa67010f8f7cd5256e\",\"name\":\"EDITOR\",\"image\":{\"@type\":\"ImageObject\",\"inLanguage\":\"es\",\"@id\":\"https:\/\/laprensacristiana.com\/#\/schema\/person\/image\/\",\"url\":\"https:\/\/secure.gravatar.com\/avatar\/72069dfb6c13772d9e8381e3638666d2?s=96&d=mm&r=g\",\"contentUrl\":\"https:\/\/secure.gravatar.com\/avatar\/72069dfb6c13772d9e8381e3638666d2?s=96&d=mm&r=g\",\"caption\":\"EDITOR\"},\"url\":\"https:\/\/laprensacristiana.com\/?author=3\"}]}<\/script>\n<!-- \/ Yoast SEO plugin. -->","yoast_head_json":{"title":"\u00bfC\u00f3mo reproducir el car\u00e1cter de Cristo? - La Prensa Cristiana","robots":{"index":"index","follow":"follow","max-snippet":"max-snippet:-1","max-image-preview":"max-image-preview:large","max-video-preview":"max-video-preview:-1"},"canonical":"https:\/\/laprensacristiana.com\/?p=16585","og_locale":"es_ES","og_type":"article","og_title":"\u00bfC\u00f3mo reproducir el car\u00e1cter de Cristo? - La Prensa Cristiana","og_description":"Por: Edwin G\u00f3ngora Ricardo acudi\u00f3 hace meses atr\u00e1s a una actividad convocada por una iglesia de su comunidad. Lo invit\u00f3 uno de sus vecinos, quien antes allan\u00f3 el camino y le habl\u00f3 acerca de Jes\u00fas, el sacrificio que hizo por nosotros y lo que podemos encontrar al entrar en sus caminos. Ricardo no acept\u00f3 la [&hellip;]","og_url":"https:\/\/laprensacristiana.com\/?p=16585","og_site_name":"La Prensa Cristiana","article_published_time":"2024-03-27T13:58:18+00:00","article_modified_time":"2024-03-27T13:58:19+00:00","og_image":[{"width":735,"height":590,"url":"https:\/\/laprensacristiana.com\/wp-content\/uploads\/2024\/03\/descarga-6.jpg","type":"image\/jpeg"}],"author":"EDITOR","twitter_card":"summary_large_image","twitter_misc":{"Escrito por":"EDITOR","Tiempo de lectura":"2 minutos"},"schema":{"@context":"https:\/\/schema.org","@graph":[{"@type":"WebPage","@id":"https:\/\/laprensacristiana.com\/?p=16585","url":"https:\/\/laprensacristiana.com\/?p=16585","name":"\u00bfC\u00f3mo reproducir el car\u00e1cter de Cristo? - La Prensa Cristiana","isPartOf":{"@id":"https:\/\/laprensacristiana.com\/#website"},"datePublished":"2024-03-27T13:58:18+00:00","dateModified":"2024-03-27T13:58:19+00:00","author":{"@id":"https:\/\/laprensacristiana.com\/#\/schema\/person\/3e7d82c6bfd6b1fa67010f8f7cd5256e"},"breadcrumb":{"@id":"https:\/\/laprensacristiana.com\/?p=16585#breadcrumb"},"inLanguage":"es","potentialAction":[{"@type":"ReadAction","target":["https:\/\/laprensacristiana.com\/?p=16585"]}]},{"@type":"BreadcrumbList","@id":"https:\/\/laprensacristiana.com\/?p=16585#breadcrumb","itemListElement":[{"@type":"ListItem","position":1,"name":"Portada","item":"https:\/\/laprensacristiana.com\/"},{"@type":"ListItem","position":2,"name":"\u00bfC\u00f3mo reproducir el car\u00e1cter de Cristo?"}]},{"@type":"WebSite","@id":"https:\/\/laprensacristiana.com\/#website","url":"https:\/\/laprensacristiana.com\/","name":"La Prensa Cristiana","description":"Anunciando Las Buenas Nuevas","potentialAction":[{"@type":"SearchAction","target":{"@type":"EntryPoint","urlTemplate":"https:\/\/laprensacristiana.com\/?s={search_term_string}"},"query-input":"required name=search_term_string"}],"inLanguage":"es"},{"@type":"Person","@id":"https:\/\/laprensacristiana.com\/#\/schema\/person\/3e7d82c6bfd6b1fa67010f8f7cd5256e","name":"EDITOR","image":{"@type":"ImageObject","inLanguage":"es","@id":"https:\/\/laprensacristiana.com\/#\/schema\/person\/image\/","url":"https:\/\/secure.gravatar.com\/avatar\/72069dfb6c13772d9e8381e3638666d2?s=96&d=mm&r=g","contentUrl":"https:\/\/secure.gravatar.com\/avatar\/72069dfb6c13772d9e8381e3638666d2?s=96&d=mm&r=g","caption":"EDITOR"},"url":"https:\/\/laprensacristiana.com\/?author=3"}]}},"_links":{"self":[{"href":"https:\/\/laprensacristiana.com\/index.php?rest_route=\/wp\/v2\/posts\/16585"}],"collection":[{"href":"https:\/\/laprensacristiana.com\/index.php?rest_route=\/wp\/v2\/posts"}],"about":[{"href":"https:\/\/laprensacristiana.com\/index.php?rest_route=\/wp\/v2\/types\/post"}],"author":[{"embeddable":true,"href":"https:\/\/laprensacristiana.com\/index.php?rest_route=\/wp\/v2\/users\/3"}],"replies":[{"embeddable":true,"href":"https:\/\/laprensacristiana.com\/index.php?rest_route=%2Fwp%2Fv2%2Fcomments&post=16585"}],"version-history":[{"count":1,"href":"https:\/\/laprensacristiana.com\/index.php?rest_route=\/wp\/v2\/posts\/16585\/revisions"}],"predecessor-version":[{"id":16587,"href":"https:\/\/laprensacristiana.com\/index.php?rest_route=\/wp\/v2\/posts\/16585\/revisions\/16587"}],"wp:featuredmedia":[{"embeddable":true,"href":"https:\/\/laprensacristiana.com\/index.php?rest_route=\/wp\/v2\/media\/16586"}],"wp:attachment":[{"href":"https:\/\/laprensacristiana.com\/index.php?rest_route=%2Fwp%2Fv2%2Fmedia&parent=16585"}],"wp:term":[{"taxonomy":"category","embeddable":true,"href":"https:\/\/laprensacristiana.com\/index.php?rest_route=%2Fwp%2Fv2%2Fcategories&post=16585"},{"taxonomy":"post_tag","embeddable":true,"href":"https:\/\/laprensacristiana.com\/index.php?rest_route=%2Fwp%2Fv2%2Ftags&post=16585"}],"curies":[{"name":"wp","href":"https:\/\/api.w.org\/{rel}","templated":true}]}}