{"id":16592,"date":"2024-03-27T15:37:56","date_gmt":"2024-03-27T15:37:56","guid":{"rendered":"https:\/\/laprensacristiana.com\/?p=16592"},"modified":"2024-03-27T15:37:57","modified_gmt":"2024-03-27T15:37:57","slug":"salmista-salvadoreno-daniel-zelar-mi-musica-nace-de-la-intimidad-con-dios","status":"publish","type":"post","link":"https:\/\/laprensacristiana.com\/?p=16592","title":{"rendered":"Salmista salvadore\u00f1o Daniel Zelar: \u00abMi m\u00fasica nace de la intimidad con Dios\u00bb"},"content":{"rendered":"\n<p>Por: Edwin G\u00f3ngora <\/p>\n\n\n\n<p>Tiene 18 a\u00f1os, pero desde los 5 aprendi\u00f3 a tocar piano, bater\u00eda y bajo.<\/p>\n\n\n\n<p>Haber nacido en el seno de una familia cristiana fue aumentando su gusto y pasi\u00f3n por la m\u00fasica de este g\u00e9nero.<\/p>\n\n\n\n<p>Tuve la oportunidad de conversar con Daniel Zepeda Aguilar, pero que su nombre art\u00edstico es Daniel Zelar, joven salmista que ya suena con el lanzamiento de su primer sencillo: \u201cComo las olas\u201d.<\/p>\n\n\n\n<p>Tuvimos una pl\u00e1tica amena y me cont\u00f3 que su nombre art\u00edstico es la fusi\u00f3n de sus apellidos. Daniel dice que desde peque\u00f1o asegura que Dios le prepar\u00f3 en el plan de la m\u00fasica, d\u00e1ndole ese don.<\/p>\n\n\n\n<p>Agrega que no solamente fue el hecho de aprender a tocar instrumentos, sino de conectar por medio del canto y los sonidos para adorar a Dios.<\/p>\n\n\n\n<figure class=\"wp-block-image size-large\"><img decoding=\"async\" loading=\"lazy\" width=\"1024\" height=\"1021\" src=\"https:\/\/laprensacristiana.com\/wp-content\/uploads\/2024\/03\/WhatsApp-Image-2024-03-27-at-9.31.42-AM-1024x1021.jpeg\" alt=\"\" class=\"wp-image-16596\" srcset=\"https:\/\/laprensacristiana.com\/wp-content\/uploads\/2024\/03\/WhatsApp-Image-2024-03-27-at-9.31.42-AM-1024x1021.jpeg 1024w, https:\/\/laprensacristiana.com\/wp-content\/uploads\/2024\/03\/WhatsApp-Image-2024-03-27-at-9.31.42-AM-300x300.jpeg 300w, https:\/\/laprensacristiana.com\/wp-content\/uploads\/2024\/03\/WhatsApp-Image-2024-03-27-at-9.31.42-AM-150x150.jpeg 150w, https:\/\/laprensacristiana.com\/wp-content\/uploads\/2024\/03\/WhatsApp-Image-2024-03-27-at-9.31.42-AM-768x766.jpeg 768w, https:\/\/laprensacristiana.com\/wp-content\/uploads\/2024\/03\/WhatsApp-Image-2024-03-27-at-9.31.42-AM-696x694.jpeg 696w, https:\/\/laprensacristiana.com\/wp-content\/uploads\/2024\/03\/WhatsApp-Image-2024-03-27-at-9.31.42-AM-1068x1065.jpeg 1068w, https:\/\/laprensacristiana.com\/wp-content\/uploads\/2024\/03\/WhatsApp-Image-2024-03-27-at-9.31.42-AM-600x598.jpeg 600w, https:\/\/laprensacristiana.com\/wp-content\/uploads\/2024\/03\/WhatsApp-Image-2024-03-27-at-9.31.42-AM-100x100.jpeg 100w, https:\/\/laprensacristiana.com\/wp-content\/uploads\/2024\/03\/WhatsApp-Image-2024-03-27-at-9.31.42-AM.jpeg 1079w\" sizes=\"(max-width: 1024px) 100vw, 1024px\" \/><\/figure>\n\n\n\n<p>\u201cCon los conocimientos que tuve me inspir\u00f3 siempre a querer crear algo nuevo y desde peque\u00f1o hac\u00eda canciones, pero incompletas, no las terminaba, eran ideas que se me ocurr\u00edan y las hac\u00eda con sonidos de YouTube\u201d. Me comparti\u00f3 Daniel.<\/p>\n\n\n\n<p>Pero fue durante la pandemia donde decide escribir de manera oficial lo que ser\u00edan sus canciones, aun as\u00ed, me explica, no se decid\u00eda hacerla realidad. Sin embargo, su l\u00edder de alabanza y unos amigos fueron esas \u201cconexiones\u201d que le ayudaron a crear las canciones y hacerlas realidad.&nbsp;&nbsp;<\/p>\n\n\n\n<p>A finales de diciembre de 2023 lanza su primer sencillo: \u201cComo las Olas\u201d, con la que inicia su sue\u00f1o, cantar. Daniel Zelar me asegur\u00f3 que sus canciones buscan bendecir a quienes las escuchen.<\/p>\n\n\n\n<p>\u201cAlgo que he platicado con Dios es que yo quiero crear alabanzas congregacionales para cantar en la iglesia. Yo he sentido que \u00e9l por medio de mi vida, a trav\u00e9s de esos momentos cruciales que he pasado puede ministrar a quienes lo necesiten\u201d.<\/p>\n\n\n\n<figure class=\"wp-block-image size-large\"><img decoding=\"async\" loading=\"lazy\" width=\"1024\" height=\"796\" src=\"https:\/\/laprensacristiana.com\/wp-content\/uploads\/2024\/03\/WhatsApp-Image-2024-03-22-at-6.59.31-PM-1-1024x796.jpeg\" alt=\"\" class=\"wp-image-16597\" srcset=\"https:\/\/laprensacristiana.com\/wp-content\/uploads\/2024\/03\/WhatsApp-Image-2024-03-22-at-6.59.31-PM-1-1024x796.jpeg 1024w, https:\/\/laprensacristiana.com\/wp-content\/uploads\/2024\/03\/WhatsApp-Image-2024-03-22-at-6.59.31-PM-1-300x233.jpeg 300w, https:\/\/laprensacristiana.com\/wp-content\/uploads\/2024\/03\/WhatsApp-Image-2024-03-22-at-6.59.31-PM-1-768x597.jpeg 768w, https:\/\/laprensacristiana.com\/wp-content\/uploads\/2024\/03\/WhatsApp-Image-2024-03-22-at-6.59.31-PM-1-696x541.jpeg 696w, https:\/\/laprensacristiana.com\/wp-content\/uploads\/2024\/03\/WhatsApp-Image-2024-03-22-at-6.59.31-PM-1-1068x831.jpeg 1068w, https:\/\/laprensacristiana.com\/wp-content\/uploads\/2024\/03\/WhatsApp-Image-2024-03-22-at-6.59.31-PM-1-600x467.jpeg 600w, https:\/\/laprensacristiana.com\/wp-content\/uploads\/2024\/03\/WhatsApp-Image-2024-03-22-at-6.59.31-PM-1.jpeg 1080w\" sizes=\"(max-width: 1024px) 100vw, 1024px\" \/><\/figure>\n\n\n\n<p>Daniel abre su coraz\u00f3n y me dice: \u201cYo puedo decirles a las personas que a trav\u00e9s de mi m\u00fasica s\u00e9 que los problemas pueden ser como olas, pero hay alguien que te ense\u00f1a a surfear encima de ellas y quien camin\u00f3 sobre las aguas puede entrar a tu coraz\u00f3n y ayudarte a pasar todos estos problemas\u201d. Asegura que de esta forma su m\u00fasica puede llegar a bendecir muchas vidas por medio de su testimonio.<\/p>\n\n\n\n<p>Le pregunte a Daniel \u00bfc\u00f3mo surgen las letras de tus canciones? Y me respondi\u00f3:<\/p>\n\n\n\n<p>Han surgido en el silencio, en la intimidad con Dios. Primero no escucho nada y luego todo se va integrando, la m\u00fasica y la letra.<\/p>\n\n\n\n<p>Este joven que se congrega junto a sus padres quienes pastorean la Comunidad Cristiana El Shaddai, en Santa Tecla ve como referentes en la alabanza a Cales Louima un cantautor de origen haitiano, quien a sus 31 a\u00f1os ya cuenta con un ministerio de alabanza y ha realizado un importante aporte a la m\u00fasica cristiana y varios grupos de m\u00fasica Worship.<\/p>\n\n\n\n<p>\u201cDesarrollan una adoraci\u00f3n espont\u00e1nea, considero que tienen una estructura con la que te identifican al mencionarte a Jes\u00fas como el centro de adoraci\u00f3n, a quien le debes todo y le puedes dar la gracia y honra por lo que es y hace\u201d.&nbsp;<\/p>\n\n\n\n<figure class=\"wp-block-image size-full\"><img decoding=\"async\" loading=\"lazy\" width=\"720\" height=\"720\" src=\"https:\/\/laprensacristiana.com\/wp-content\/uploads\/2024\/03\/WhatsApp-Image-2024-03-22-at-6.59.32-PM.jpeg\" alt=\"\" class=\"wp-image-16598\" srcset=\"https:\/\/laprensacristiana.com\/wp-content\/uploads\/2024\/03\/WhatsApp-Image-2024-03-22-at-6.59.32-PM.jpeg 720w, https:\/\/laprensacristiana.com\/wp-content\/uploads\/2024\/03\/WhatsApp-Image-2024-03-22-at-6.59.32-PM-300x300.jpeg 300w, https:\/\/laprensacristiana.com\/wp-content\/uploads\/2024\/03\/WhatsApp-Image-2024-03-22-at-6.59.32-PM-150x150.jpeg 150w, https:\/\/laprensacristiana.com\/wp-content\/uploads\/2024\/03\/WhatsApp-Image-2024-03-22-at-6.59.32-PM-696x696.jpeg 696w, https:\/\/laprensacristiana.com\/wp-content\/uploads\/2024\/03\/WhatsApp-Image-2024-03-22-at-6.59.32-PM-600x600.jpeg 600w, https:\/\/laprensacristiana.com\/wp-content\/uploads\/2024\/03\/WhatsApp-Image-2024-03-22-at-6.59.32-PM-100x100.jpeg 100w\" sizes=\"(max-width: 720px) 100vw, 720px\" \/><\/figure>\n\n\n\n<p>Daniel conf\u00eda que en 5 \u00f3 10 a\u00f1os pueda ser un referente de este g\u00e9nero musical, aunque est\u00e1 convencido no ser\u00e1 su propia fama y fuerzas con las que podr\u00e1 llegar, sino m\u00e1s bien si Dios lo permite.<\/p>\n\n\n\n<p>Apoya a Daniel Zelar, puedes escuchar su m\u00fasica por estas plataformas:<\/p>\n\n\n\n<p>Canal de YouTube: <\/p>\n\n\n\n<figure class=\"wp-block-embed\"><div class=\"wp-block-embed__wrapper\">\nhttps:\/\/youtube.com\/@danielzelar?si=NPyDlvmxp_uYL3VF\n<\/div><\/figure>\n\n\n\n<p>En Spotify: https:\/\/open.spotify.com\/user\/sxmuuds0d891dog1di8pzci5z?si=k8C-qYdGTCO9gkdebECCUQ<\/p>\n\n\n\n<p>Instagram:&nbsp; @danielzelar__<\/p>\n\n\n\n<p>Compartimos con ustedes su reciente lanzamiento. <\/p>\n\n\n\n<figure class=\"wp-block-embed is-type-video is-provider-youtube wp-block-embed-youtube wp-embed-aspect-16-9 wp-has-aspect-ratio\"><div class=\"wp-block-embed__wrapper\">\n<div class=\"youtube-embed\" data-video_id=\"gcnQ1yza0EE\"><iframe loading=\"lazy\" title=\"Como las Olas - Video Oficial\" width=\"696\" height=\"392\" src=\"https:\/\/www.youtube.com\/embed\/gcnQ1yza0EE?feature=oembed&#038;enablejsapi=1\" frameborder=\"0\" allow=\"accelerometer; autoplay; clipboard-write; encrypted-media; gyroscope; picture-in-picture; web-share\" referrerpolicy=\"strict-origin-when-cross-origin\" allowfullscreen><\/iframe><\/div>\n<\/div><\/figure>\n","protected":false},"excerpt":{"rendered":"<p>Por: Edwin G\u00f3ngora Tiene 18 a\u00f1os, pero desde los 5 aprendi\u00f3 a tocar piano, bater\u00eda y bajo. Haber nacido en el seno de una familia cristiana fue aumentando su gusto y pasi\u00f3n por la m\u00fasica de este g\u00e9nero. Tuve la oportunidad de conversar con Daniel Zepeda Aguilar, pero que su nombre art\u00edstico es Daniel Zelar, [&hellip;]<\/p>\n","protected":false},"author":3,"featured_media":16595,"comment_status":"open","ping_status":"open","sticky":false,"template":"","format":"standard","meta":[],"categories":[114],"tags":[],"yoast_head":"<!-- This site is optimized with the Yoast SEO plugin v20.8 - https:\/\/yoast.com\/wordpress\/plugins\/seo\/ -->\n<title>Salmista salvadore\u00f1o Daniel Zelar: \u00abMi m\u00fasica nace de la intimidad con Dios\u00bb - La Prensa Cristiana<\/title>\n<meta name=\"robots\" content=\"index, follow, max-snippet:-1, max-image-preview:large, max-video-preview:-1\" \/>\n<link rel=\"canonical\" href=\"https:\/\/laprensacristiana.com\/?p=16592\" \/>\n<meta property=\"og:locale\" content=\"es_ES\" \/>\n<meta property=\"og:type\" content=\"article\" \/>\n<meta property=\"og:title\" content=\"Salmista salvadore\u00f1o Daniel Zelar: \u00abMi m\u00fasica nace de la intimidad con Dios\u00bb - La Prensa Cristiana\" \/>\n<meta property=\"og:description\" content=\"Por: Edwin G\u00f3ngora Tiene 18 a\u00f1os, pero desde los 5 aprendi\u00f3 a tocar piano, bater\u00eda y bajo. Haber nacido en el seno de una familia cristiana fue aumentando su gusto y pasi\u00f3n por la m\u00fasica de este g\u00e9nero. Tuve la oportunidad de conversar con Daniel Zepeda Aguilar, pero que su nombre art\u00edstico es Daniel Zelar, [&hellip;]\" \/>\n<meta property=\"og:url\" content=\"https:\/\/laprensacristiana.com\/?p=16592\" \/>\n<meta property=\"og:site_name\" content=\"La Prensa Cristiana\" \/>\n<meta property=\"article:published_time\" content=\"2024-03-27T15:37:56+00:00\" \/>\n<meta property=\"article:modified_time\" content=\"2024-03-27T15:37:57+00:00\" \/>\n<meta property=\"og:image\" content=\"https:\/\/laprensacristiana.com\/wp-content\/uploads\/2024\/03\/WhatsApp-Image-2024-03-27-at-9.31.43-AM.jpeg\" \/>\n\t<meta property=\"og:image:width\" content=\"1079\" \/>\n\t<meta property=\"og:image:height\" content=\"1189\" \/>\n\t<meta property=\"og:image:type\" content=\"image\/jpeg\" \/>\n<meta name=\"author\" content=\"EDITOR\" \/>\n<meta name=\"twitter:card\" content=\"summary_large_image\" \/>\n<meta name=\"twitter:label1\" content=\"Escrito por\" \/>\n\t<meta name=\"twitter:data1\" content=\"EDITOR\" \/>\n\t<meta name=\"twitter:label2\" content=\"Tiempo de lectura\" \/>\n\t<meta name=\"twitter:data2\" content=\"4 minutos\" \/>\n<script type=\"application\/ld+json\" class=\"yoast-schema-graph\">{\"@context\":\"https:\/\/schema.org\",\"@graph\":[{\"@type\":\"WebPage\",\"@id\":\"https:\/\/laprensacristiana.com\/?p=16592\",\"url\":\"https:\/\/laprensacristiana.com\/?p=16592\",\"name\":\"Salmista salvadore\u00f1o Daniel Zelar: \u00abMi m\u00fasica nace de la intimidad con Dios\u00bb - La Prensa Cristiana\",\"isPartOf\":{\"@id\":\"https:\/\/laprensacristiana.com\/#website\"},\"datePublished\":\"2024-03-27T15:37:56+00:00\",\"dateModified\":\"2024-03-27T15:37:57+00:00\",\"author\":{\"@id\":\"https:\/\/laprensacristiana.com\/#\/schema\/person\/3e7d82c6bfd6b1fa67010f8f7cd5256e\"},\"breadcrumb\":{\"@id\":\"https:\/\/laprensacristiana.com\/?p=16592#breadcrumb\"},\"inLanguage\":\"es\",\"potentialAction\":[{\"@type\":\"ReadAction\",\"target\":[\"https:\/\/laprensacristiana.com\/?p=16592\"]}]},{\"@type\":\"BreadcrumbList\",\"@id\":\"https:\/\/laprensacristiana.com\/?p=16592#breadcrumb\",\"itemListElement\":[{\"@type\":\"ListItem\",\"position\":1,\"name\":\"Portada\",\"item\":\"https:\/\/laprensacristiana.com\/\"},{\"@type\":\"ListItem\",\"position\":2,\"name\":\"Salmista salvadore\u00f1o Daniel Zelar: \u00abMi m\u00fasica nace de la intimidad con Dios\u00bb\"}]},{\"@type\":\"WebSite\",\"@id\":\"https:\/\/laprensacristiana.com\/#website\",\"url\":\"https:\/\/laprensacristiana.com\/\",\"name\":\"La Prensa Cristiana\",\"description\":\"Anunciando Las Buenas Nuevas\",\"potentialAction\":[{\"@type\":\"SearchAction\",\"target\":{\"@type\":\"EntryPoint\",\"urlTemplate\":\"https:\/\/laprensacristiana.com\/?s={search_term_string}\"},\"query-input\":\"required name=search_term_string\"}],\"inLanguage\":\"es\"},{\"@type\":\"Person\",\"@id\":\"https:\/\/laprensacristiana.com\/#\/schema\/person\/3e7d82c6bfd6b1fa67010f8f7cd5256e\",\"name\":\"EDITOR\",\"image\":{\"@type\":\"ImageObject\",\"inLanguage\":\"es\",\"@id\":\"https:\/\/laprensacristiana.com\/#\/schema\/person\/image\/\",\"url\":\"https:\/\/secure.gravatar.com\/avatar\/72069dfb6c13772d9e8381e3638666d2?s=96&d=mm&r=g\",\"contentUrl\":\"https:\/\/secure.gravatar.com\/avatar\/72069dfb6c13772d9e8381e3638666d2?s=96&d=mm&r=g\",\"caption\":\"EDITOR\"},\"url\":\"https:\/\/laprensacristiana.com\/?author=3\"}]}<\/script>\n<!-- \/ Yoast SEO plugin. -->","yoast_head_json":{"title":"Salmista salvadore\u00f1o Daniel Zelar: \u00abMi m\u00fasica nace de la intimidad con Dios\u00bb - La Prensa Cristiana","robots":{"index":"index","follow":"follow","max-snippet":"max-snippet:-1","max-image-preview":"max-image-preview:large","max-video-preview":"max-video-preview:-1"},"canonical":"https:\/\/laprensacristiana.com\/?p=16592","og_locale":"es_ES","og_type":"article","og_title":"Salmista salvadore\u00f1o Daniel Zelar: \u00abMi m\u00fasica nace de la intimidad con Dios\u00bb - La Prensa Cristiana","og_description":"Por: Edwin G\u00f3ngora Tiene 18 a\u00f1os, pero desde los 5 aprendi\u00f3 a tocar piano, bater\u00eda y bajo. Haber nacido en el seno de una familia cristiana fue aumentando su gusto y pasi\u00f3n por la m\u00fasica de este g\u00e9nero. Tuve la oportunidad de conversar con Daniel Zepeda Aguilar, pero que su nombre art\u00edstico es Daniel Zelar, [&hellip;]","og_url":"https:\/\/laprensacristiana.com\/?p=16592","og_site_name":"La Prensa Cristiana","article_published_time":"2024-03-27T15:37:56+00:00","article_modified_time":"2024-03-27T15:37:57+00:00","og_image":[{"width":1079,"height":1189,"url":"https:\/\/laprensacristiana.com\/wp-content\/uploads\/2024\/03\/WhatsApp-Image-2024-03-27-at-9.31.43-AM.jpeg","type":"image\/jpeg"}],"author":"EDITOR","twitter_card":"summary_large_image","twitter_misc":{"Escrito por":"EDITOR","Tiempo de lectura":"4 minutos"},"schema":{"@context":"https:\/\/schema.org","@graph":[{"@type":"WebPage","@id":"https:\/\/laprensacristiana.com\/?p=16592","url":"https:\/\/laprensacristiana.com\/?p=16592","name":"Salmista salvadore\u00f1o Daniel Zelar: \u00abMi m\u00fasica nace de la intimidad con Dios\u00bb - La Prensa Cristiana","isPartOf":{"@id":"https:\/\/laprensacristiana.com\/#website"},"datePublished":"2024-03-27T15:37:56+00:00","dateModified":"2024-03-27T15:37:57+00:00","author":{"@id":"https:\/\/laprensacristiana.com\/#\/schema\/person\/3e7d82c6bfd6b1fa67010f8f7cd5256e"},"breadcrumb":{"@id":"https:\/\/laprensacristiana.com\/?p=16592#breadcrumb"},"inLanguage":"es","potentialAction":[{"@type":"ReadAction","target":["https:\/\/laprensacristiana.com\/?p=16592"]}]},{"@type":"BreadcrumbList","@id":"https:\/\/laprensacristiana.com\/?p=16592#breadcrumb","itemListElement":[{"@type":"ListItem","position":1,"name":"Portada","item":"https:\/\/laprensacristiana.com\/"},{"@type":"ListItem","position":2,"name":"Salmista salvadore\u00f1o Daniel Zelar: \u00abMi m\u00fasica nace de la intimidad con Dios\u00bb"}]},{"@type":"WebSite","@id":"https:\/\/laprensacristiana.com\/#website","url":"https:\/\/laprensacristiana.com\/","name":"La Prensa Cristiana","description":"Anunciando Las Buenas Nuevas","potentialAction":[{"@type":"SearchAction","target":{"@type":"EntryPoint","urlTemplate":"https:\/\/laprensacristiana.com\/?s={search_term_string}"},"query-input":"required name=search_term_string"}],"inLanguage":"es"},{"@type":"Person","@id":"https:\/\/laprensacristiana.com\/#\/schema\/person\/3e7d82c6bfd6b1fa67010f8f7cd5256e","name":"EDITOR","image":{"@type":"ImageObject","inLanguage":"es","@id":"https:\/\/laprensacristiana.com\/#\/schema\/person\/image\/","url":"https:\/\/secure.gravatar.com\/avatar\/72069dfb6c13772d9e8381e3638666d2?s=96&d=mm&r=g","contentUrl":"https:\/\/secure.gravatar.com\/avatar\/72069dfb6c13772d9e8381e3638666d2?s=96&d=mm&r=g","caption":"EDITOR"},"url":"https:\/\/laprensacristiana.com\/?author=3"}]}},"_links":{"self":[{"href":"https:\/\/laprensacristiana.com\/index.php?rest_route=\/wp\/v2\/posts\/16592"}],"collection":[{"href":"https:\/\/laprensacristiana.com\/index.php?rest_route=\/wp\/v2\/posts"}],"about":[{"href":"https:\/\/laprensacristiana.com\/index.php?rest_route=\/wp\/v2\/types\/post"}],"author":[{"embeddable":true,"href":"https:\/\/laprensacristiana.com\/index.php?rest_route=\/wp\/v2\/users\/3"}],"replies":[{"embeddable":true,"href":"https:\/\/laprensacristiana.com\/index.php?rest_route=%2Fwp%2Fv2%2Fcomments&post=16592"}],"version-history":[{"count":1,"href":"https:\/\/laprensacristiana.com\/index.php?rest_route=\/wp\/v2\/posts\/16592\/revisions"}],"predecessor-version":[{"id":16599,"href":"https:\/\/laprensacristiana.com\/index.php?rest_route=\/wp\/v2\/posts\/16592\/revisions\/16599"}],"wp:featuredmedia":[{"embeddable":true,"href":"https:\/\/laprensacristiana.com\/index.php?rest_route=\/wp\/v2\/media\/16595"}],"wp:attachment":[{"href":"https:\/\/laprensacristiana.com\/index.php?rest_route=%2Fwp%2Fv2%2Fmedia&parent=16592"}],"wp:term":[{"taxonomy":"category","embeddable":true,"href":"https:\/\/laprensacristiana.com\/index.php?rest_route=%2Fwp%2Fv2%2Fcategories&post=16592"},{"taxonomy":"post_tag","embeddable":true,"href":"https:\/\/laprensacristiana.com\/index.php?rest_route=%2Fwp%2Fv2%2Ftags&post=16592"}],"curies":[{"name":"wp","href":"https:\/\/api.w.org\/{rel}","templated":true}]}}