{"id":16659,"date":"2024-04-05T16:58:12","date_gmt":"2024-04-05T16:58:12","guid":{"rendered":"https:\/\/laprensacristiana.com\/?p=16659"},"modified":"2024-04-05T16:58:14","modified_gmt":"2024-04-05T16:58:14","slug":"te-amo-la-nueva-produccion-de-alex-campos","status":"publish","type":"post","link":"https:\/\/laprensacristiana.com\/?p=16659","title":{"rendered":"\u00abTe amo\u00bb La nueva producci\u00f3n de Alex Campos."},"content":{"rendered":"\n<p>Por: Edwin G\u00f3ngora <\/p>\n\n\n\n<p>Durante conferencia de prensa virtual con casi 200 representantes de diferentes medios de comunicaci\u00f3n de Latinoam\u00e9rica, el cantautor colombiano comparti\u00f3 desde su casa en Houston, Texas, Estados Unidos, los pormenores de su nuevo sencillo que coloc\u00f3 en las diferentes plataformas el pasado viernes santo.<\/p>\n\n\n\n<p>Te amo, es el tema que anuncia su producci\u00f3n general que llevar\u00e1 por nombre: \u201cEsencia Lat\u00edn Worship\u201d y que incluir\u00e1 13 temas m\u00e1s.<\/p>\n\n\n\n<p>\u201cLos latinos tenemos una voz, tenemos nuestro sonido y estilo, Am\u00e9rica Latina est\u00e1 llena de m\u00fasica, por qu\u00e9 no hacer un disco de alabanza y adoraci\u00f3n que tenga nuestra esencia y coraz\u00f3n\u201d, explic\u00f3.<\/p>\n\n\n\n<p>Alex Campos dijo a los medios que participamos en la rueda de prensa, que esta producci\u00f3n que realiza junto a Miel San Marcos es radicalmente congregacional y Cristo c\u00e9ntrico, con un lenguaje eclesi\u00e1stico, aspecto que logr\u00f3 consolidar gracias a haberse sentado a escribir con diferentes personas, entre ellas productores y otros colegas cantantes.<\/p>\n\n\n\n<p>\u201cEsto me permiti\u00f3 encontrar las melod\u00edas, si lo hago solo no hubieran salido estas armon\u00edas tan especiales y en la forma que se hicieron, por eso el sentarme con otras personas me lo permiti\u00f3, sino hubiera sido po\u00e9tico y profundo como siempre lo he hecho\u201d, destac\u00f3.<\/p>\n\n\n\n<figure class=\"wp-block-image size-large\"><img decoding=\"async\" loading=\"lazy\" width=\"1024\" height=\"578\" src=\"https:\/\/laprensacristiana.com\/wp-content\/uploads\/2024\/04\/WhatsApp-Image-2024-04-05-at-10.51.45-AM-1024x578.jpeg\" alt=\"\" class=\"wp-image-16661\" srcset=\"https:\/\/laprensacristiana.com\/wp-content\/uploads\/2024\/04\/WhatsApp-Image-2024-04-05-at-10.51.45-AM-1024x578.jpeg 1024w, https:\/\/laprensacristiana.com\/wp-content\/uploads\/2024\/04\/WhatsApp-Image-2024-04-05-at-10.51.45-AM-300x169.jpeg 300w, https:\/\/laprensacristiana.com\/wp-content\/uploads\/2024\/04\/WhatsApp-Image-2024-04-05-at-10.51.45-AM-768x433.jpeg 768w, https:\/\/laprensacristiana.com\/wp-content\/uploads\/2024\/04\/WhatsApp-Image-2024-04-05-at-10.51.45-AM-696x393.jpeg 696w, https:\/\/laprensacristiana.com\/wp-content\/uploads\/2024\/04\/WhatsApp-Image-2024-04-05-at-10.51.45-AM-1068x602.jpeg 1068w, https:\/\/laprensacristiana.com\/wp-content\/uploads\/2024\/04\/WhatsApp-Image-2024-04-05-at-10.51.45-AM-600x338.jpeg 600w, https:\/\/laprensacristiana.com\/wp-content\/uploads\/2024\/04\/WhatsApp-Image-2024-04-05-at-10.51.45-AM.jpeg 1078w\" sizes=\"(max-width: 1024px) 100vw, 1024px\" \/><\/figure>\n\n\n\n<p>Al profundizar acerca del tema que lidera esta producci\u00f3n, Alex Campos dijo que tiene su esencia y le permiti\u00f3 recordar sus inicios en la m\u00fasica, los cuales fueron en el grupo de alabanza de su iglesia donde aprendi\u00f3 a tocar flauta, guitarra, hizo coros, toco el bajo y la bater\u00eda.\u00a0 Yo pase por todos los puestos, enfatiza.<\/p>\n\n\n\n<p>\u201cDios despu\u00e9s me dio la m\u00fasica que es mucho m\u00e1s evangel\u00edstica, dentro de diferentes g\u00e9neros que me ha dado la posibilidad de hacer\u201d.<\/p>\n\n\n\n<p>Desde su primer sencillo en 1999 titulado: \u201cTiempo en la Cruz\u201d, han transcurrido 25 a\u00f1os y todo ese tiempo, m\u00e1s el que permaneci\u00f3 dirigiendo la alabanza en su iglesia, le permiti\u00f3 juntar esos sonidos que fueron particularmente especiales durante los 80 y 90 en los cantos de adoraci\u00f3n.<\/p>\n\n\n\n<p>\u201cLa canci\u00f3n lleva un poco de saxof\u00f3n que los lideres de alabanza actuales tienen olvidado y que destac\u00f3 bastante en esa \u00e9poca. Yo me dije, los instrumentos no caducan, porque no volver a destacar un saxof\u00f3n que fue de mucha bendici\u00f3n para nosotros\u201d.<\/p>\n\n\n\n<p>Campos revel\u00f3 adem\u00e1s que la letra del tema Te amo, no es de \u00e9l, ni de ning\u00fan otro productor o colega cantante, sino de un chico hondure\u00f1o que vive en Houston al que no identific\u00f3 y con quien convers\u00f3 para que se la cediera.&nbsp;&nbsp;<\/p>\n\n\n\n<p>Aunque el g\u00e9nero que ha caracterizado a Alex Campos ha sido el Rock cristiano, el de fusi\u00f3n y un poco la m\u00fasica folcl\u00f3rica colombiana, su nueva producci\u00f3n da un giro al incursionar al estilo Worship.<\/p>\n\n\n\n<figure class=\"wp-block-image size-large\"><img decoding=\"async\" loading=\"lazy\" width=\"1024\" height=\"464\" src=\"https:\/\/laprensacristiana.com\/wp-content\/uploads\/2024\/04\/WhatsApp-Image-2024-04-05-at-7.00.23-AM-1-1024x464.jpeg\" alt=\"\" class=\"wp-image-16662\" srcset=\"https:\/\/laprensacristiana.com\/wp-content\/uploads\/2024\/04\/WhatsApp-Image-2024-04-05-at-7.00.23-AM-1-1024x464.jpeg 1024w, https:\/\/laprensacristiana.com\/wp-content\/uploads\/2024\/04\/WhatsApp-Image-2024-04-05-at-7.00.23-AM-1-300x136.jpeg 300w, https:\/\/laprensacristiana.com\/wp-content\/uploads\/2024\/04\/WhatsApp-Image-2024-04-05-at-7.00.23-AM-1-768x348.jpeg 768w, https:\/\/laprensacristiana.com\/wp-content\/uploads\/2024\/04\/WhatsApp-Image-2024-04-05-at-7.00.23-AM-1-1536x695.jpeg 1536w, https:\/\/laprensacristiana.com\/wp-content\/uploads\/2024\/04\/WhatsApp-Image-2024-04-05-at-7.00.23-AM-1-696x315.jpeg 696w, https:\/\/laprensacristiana.com\/wp-content\/uploads\/2024\/04\/WhatsApp-Image-2024-04-05-at-7.00.23-AM-1-1068x484.jpeg 1068w, https:\/\/laprensacristiana.com\/wp-content\/uploads\/2024\/04\/WhatsApp-Image-2024-04-05-at-7.00.23-AM-1-600x272.jpeg 600w, https:\/\/laprensacristiana.com\/wp-content\/uploads\/2024\/04\/WhatsApp-Image-2024-04-05-at-7.00.23-AM-1.jpeg 1599w\" sizes=\"(max-width: 1024px) 100vw, 1024px\" \/><\/figure>\n\n\n\n<p>\u201cLo bueno del Worship es que hay un mismo esp\u00edritu que clama en nosotros Abba padre, es el que existe en cada una de estas canciones. Yo conect\u00e9 r\u00e1pido con esta canci\u00f3n y con estos compositores.&nbsp; Busque el rumbo que al cantarlas me sintiera como que si yo mismo las hubiera escrito y expresar lo que hay en el coraz\u00f3n\u201d.<\/p>\n\n\n\n<p>El reto asegura es seguir haciendo buena m\u00fasica y salirse de los esquemas, no acoplarse en lo mismo y hacer solo lo que suena. \u201cYo creo mucho en aquel que comparte su propio sonido, lo que Dios le dio y esto es bueno, porque nos permite ser luz all\u00e1 afuera\u201d.<\/p>\n\n\n\n<p>Campos sostiene que cada canci\u00f3n expresa lo que \u00e9l es, un adorador y lo que hay en su coraz\u00f3n para decirle al Se\u00f1or, en esta caso Te Amo, por todo lo que has hecho y har\u00e1s por m\u00ed. Sin duda es una frase poderosa y especial, amar a Dios independientemente de lo que vivamos, por lo que ya hizo y porque sigue siendo fiel.<\/p>\n\n\n\n<p>Consultado acerca de un p\u00e1rrafo de la canci\u00f3n que dice \u201cact\u00faas en mi presenta y obras en mi futuro\u201d, Campos dijo que entendi\u00f3 perfectamente que, aunque no se sienta c\u00f3modo a veces en hacer la voluntad del Se\u00f1or, sabe que \u00e9l act\u00faa y tiene el control de las cosas.<\/p>\n\n\n\n<p>\u201cNo siempre vamos a estar c\u00f3modos en hacer la voluntad de Dios, sin embargo, as\u00ed como actu\u00f3 en mi pasado y hace cosas en el presente, tambi\u00e9n tiene el control de mi futuro.<\/p>\n\n\n\n<p>El cantante colombiano habl\u00f3 adem\u00e1s de la portada del disco y a pregunta de una colega que significaba el fondo y los trazos, Campos respondi\u00f3:<\/p>\n\n\n\n<p>\u201cLas l\u00edneas que parecen garabatos es alguien sin Cristo. Cuando venimos a \u00e9l venimos desordenados, no sabe para donde vamos, pero al entrar \u00e9l en nuestra vida nos trae claridad, es una luz en nuestra vida\u201d.<\/p>\n\n\n\n<p>&nbsp;Consultado acerca del legado que estar\u00eda dejando con su m\u00fasica Alex Campos contest\u00f3 que es la pasi\u00f3n por servirle al Se\u00f1or.<\/p>\n\n\n\n<p>\u201cMi hijos ven como soy de apasionado al servirle al Se\u00f1or, que no escatimo y espero tener el recurso cien por ciento para llegar a los m\u00e1s alto\u201d.&nbsp;<\/p>\n\n\n\n<figure class=\"wp-block-image size-large\"><img decoding=\"async\" loading=\"lazy\" width=\"1024\" height=\"547\" src=\"https:\/\/laprensacristiana.com\/wp-content\/uploads\/2024\/04\/WhatsApp-Image-2024-04-05-at-7.00.23-AM-2-1024x547.jpeg\" alt=\"\" class=\"wp-image-16663\" srcset=\"https:\/\/laprensacristiana.com\/wp-content\/uploads\/2024\/04\/WhatsApp-Image-2024-04-05-at-7.00.23-AM-2-1024x547.jpeg 1024w, https:\/\/laprensacristiana.com\/wp-content\/uploads\/2024\/04\/WhatsApp-Image-2024-04-05-at-7.00.23-AM-2-300x160.jpeg 300w, https:\/\/laprensacristiana.com\/wp-content\/uploads\/2024\/04\/WhatsApp-Image-2024-04-05-at-7.00.23-AM-2-768x410.jpeg 768w, https:\/\/laprensacristiana.com\/wp-content\/uploads\/2024\/04\/WhatsApp-Image-2024-04-05-at-7.00.23-AM-2-696x371.jpeg 696w, https:\/\/laprensacristiana.com\/wp-content\/uploads\/2024\/04\/WhatsApp-Image-2024-04-05-at-7.00.23-AM-2-600x320.jpeg 600w, https:\/\/laprensacristiana.com\/wp-content\/uploads\/2024\/04\/WhatsApp-Image-2024-04-05-at-7.00.23-AM-2.jpeg 1068w\" sizes=\"(max-width: 1024px) 100vw, 1024px\" \/><\/figure>\n\n\n\n<p>Les estoy ense\u00f1ando que si quieres servir al Se\u00f1or lo tienen que hacer bien, no solo por ser el Se\u00f1or o la iglesia har\u00e1s algo r\u00e1pido y de bajo presupuesto, debes hacerlo bien, honestamente y con los mejores recursos que tengas. Eso quiero dejarles, esa pasi\u00f3n, ese fuego\u201d.&nbsp;&nbsp;&nbsp;<\/p>\n\n\n\n<p>En los pr\u00f3ximos meses Alex tiene planificadas varias giras que lo llevaran a Los \u00c1ngeles, Phoenix y La Florida, en Estados Unidos. Mientras que, a mediados de a\u00f1o en adelante, visitar\u00e1 Argentina, Ecuador, M\u00e9xico y Venezuela, incluyendo grabar en vivo varias canciones de esta nueva producci\u00f3n.<\/p>\n","protected":false},"excerpt":{"rendered":"<p>Por: Edwin G\u00f3ngora Durante conferencia de prensa virtual con casi 200 representantes de diferentes medios de comunicaci\u00f3n de Latinoam\u00e9rica, el cantautor colombiano comparti\u00f3 desde su casa en Houston, Texas, Estados Unidos, los pormenores de su nuevo sencillo que coloc\u00f3 en las diferentes plataformas el pasado viernes santo. Te amo, es el tema que anuncia su [&hellip;]<\/p>\n","protected":false},"author":3,"featured_media":16660,"comment_status":"open","ping_status":"open","sticky":false,"template":"","format":"standard","meta":[],"categories":[114],"tags":[],"yoast_head":"<!-- This site is optimized with the Yoast SEO plugin v20.8 - https:\/\/yoast.com\/wordpress\/plugins\/seo\/ -->\n<title>\u00abTe amo\u00bb La nueva producci\u00f3n de Alex Campos. - La Prensa Cristiana<\/title>\n<meta name=\"robots\" content=\"index, follow, max-snippet:-1, max-image-preview:large, max-video-preview:-1\" \/>\n<link rel=\"canonical\" href=\"https:\/\/laprensacristiana.com\/?p=16659\" \/>\n<meta property=\"og:locale\" content=\"es_ES\" \/>\n<meta property=\"og:type\" content=\"article\" \/>\n<meta property=\"og:title\" content=\"\u00abTe amo\u00bb La nueva producci\u00f3n de Alex Campos. - La Prensa Cristiana\" \/>\n<meta property=\"og:description\" content=\"Por: Edwin G\u00f3ngora Durante conferencia de prensa virtual con casi 200 representantes de diferentes medios de comunicaci\u00f3n de Latinoam\u00e9rica, el cantautor colombiano comparti\u00f3 desde su casa en Houston, Texas, Estados Unidos, los pormenores de su nuevo sencillo que coloc\u00f3 en las diferentes plataformas el pasado viernes santo. Te amo, es el tema que anuncia su [&hellip;]\" \/>\n<meta property=\"og:url\" content=\"https:\/\/laprensacristiana.com\/?p=16659\" \/>\n<meta property=\"og:site_name\" content=\"La Prensa Cristiana\" \/>\n<meta property=\"article:published_time\" content=\"2024-04-05T16:58:12+00:00\" \/>\n<meta property=\"article:modified_time\" content=\"2024-04-05T16:58:14+00:00\" \/>\n<meta property=\"og:image\" content=\"https:\/\/laprensacristiana.com\/wp-content\/uploads\/2024\/04\/WhatsApp-Image-2024-04-05-at-7.00.23-AM.jpeg\" \/>\n\t<meta property=\"og:image:width\" content=\"1600\" \/>\n\t<meta property=\"og:image:height\" content=\"892\" \/>\n\t<meta property=\"og:image:type\" content=\"image\/jpeg\" \/>\n<meta name=\"author\" content=\"EDITOR\" \/>\n<meta name=\"twitter:card\" content=\"summary_large_image\" \/>\n<meta name=\"twitter:label1\" content=\"Escrito por\" \/>\n\t<meta name=\"twitter:data1\" content=\"EDITOR\" \/>\n\t<meta name=\"twitter:label2\" content=\"Tiempo de lectura\" \/>\n\t<meta name=\"twitter:data2\" content=\"5 minutos\" \/>\n<script type=\"application\/ld+json\" class=\"yoast-schema-graph\">{\"@context\":\"https:\/\/schema.org\",\"@graph\":[{\"@type\":\"WebPage\",\"@id\":\"https:\/\/laprensacristiana.com\/?p=16659\",\"url\":\"https:\/\/laprensacristiana.com\/?p=16659\",\"name\":\"\u00abTe amo\u00bb La nueva producci\u00f3n de Alex Campos. - La Prensa Cristiana\",\"isPartOf\":{\"@id\":\"https:\/\/laprensacristiana.com\/#website\"},\"datePublished\":\"2024-04-05T16:58:12+00:00\",\"dateModified\":\"2024-04-05T16:58:14+00:00\",\"author\":{\"@id\":\"https:\/\/laprensacristiana.com\/#\/schema\/person\/3e7d82c6bfd6b1fa67010f8f7cd5256e\"},\"breadcrumb\":{\"@id\":\"https:\/\/laprensacristiana.com\/?p=16659#breadcrumb\"},\"inLanguage\":\"es\",\"potentialAction\":[{\"@type\":\"ReadAction\",\"target\":[\"https:\/\/laprensacristiana.com\/?p=16659\"]}]},{\"@type\":\"BreadcrumbList\",\"@id\":\"https:\/\/laprensacristiana.com\/?p=16659#breadcrumb\",\"itemListElement\":[{\"@type\":\"ListItem\",\"position\":1,\"name\":\"Portada\",\"item\":\"https:\/\/laprensacristiana.com\/\"},{\"@type\":\"ListItem\",\"position\":2,\"name\":\"\u00abTe amo\u00bb La nueva producci\u00f3n de Alex Campos.\"}]},{\"@type\":\"WebSite\",\"@id\":\"https:\/\/laprensacristiana.com\/#website\",\"url\":\"https:\/\/laprensacristiana.com\/\",\"name\":\"La Prensa Cristiana\",\"description\":\"Anunciando Las Buenas Nuevas\",\"potentialAction\":[{\"@type\":\"SearchAction\",\"target\":{\"@type\":\"EntryPoint\",\"urlTemplate\":\"https:\/\/laprensacristiana.com\/?s={search_term_string}\"},\"query-input\":\"required name=search_term_string\"}],\"inLanguage\":\"es\"},{\"@type\":\"Person\",\"@id\":\"https:\/\/laprensacristiana.com\/#\/schema\/person\/3e7d82c6bfd6b1fa67010f8f7cd5256e\",\"name\":\"EDITOR\",\"image\":{\"@type\":\"ImageObject\",\"inLanguage\":\"es\",\"@id\":\"https:\/\/laprensacristiana.com\/#\/schema\/person\/image\/\",\"url\":\"https:\/\/secure.gravatar.com\/avatar\/72069dfb6c13772d9e8381e3638666d2?s=96&d=mm&r=g\",\"contentUrl\":\"https:\/\/secure.gravatar.com\/avatar\/72069dfb6c13772d9e8381e3638666d2?s=96&d=mm&r=g\",\"caption\":\"EDITOR\"},\"url\":\"https:\/\/laprensacristiana.com\/?author=3\"}]}<\/script>\n<!-- \/ Yoast SEO plugin. -->","yoast_head_json":{"title":"\u00abTe amo\u00bb La nueva producci\u00f3n de Alex Campos. - La Prensa Cristiana","robots":{"index":"index","follow":"follow","max-snippet":"max-snippet:-1","max-image-preview":"max-image-preview:large","max-video-preview":"max-video-preview:-1"},"canonical":"https:\/\/laprensacristiana.com\/?p=16659","og_locale":"es_ES","og_type":"article","og_title":"\u00abTe amo\u00bb La nueva producci\u00f3n de Alex Campos. - La Prensa Cristiana","og_description":"Por: Edwin G\u00f3ngora Durante conferencia de prensa virtual con casi 200 representantes de diferentes medios de comunicaci\u00f3n de Latinoam\u00e9rica, el cantautor colombiano comparti\u00f3 desde su casa en Houston, Texas, Estados Unidos, los pormenores de su nuevo sencillo que coloc\u00f3 en las diferentes plataformas el pasado viernes santo. Te amo, es el tema que anuncia su [&hellip;]","og_url":"https:\/\/laprensacristiana.com\/?p=16659","og_site_name":"La Prensa Cristiana","article_published_time":"2024-04-05T16:58:12+00:00","article_modified_time":"2024-04-05T16:58:14+00:00","og_image":[{"width":1600,"height":892,"url":"https:\/\/laprensacristiana.com\/wp-content\/uploads\/2024\/04\/WhatsApp-Image-2024-04-05-at-7.00.23-AM.jpeg","type":"image\/jpeg"}],"author":"EDITOR","twitter_card":"summary_large_image","twitter_misc":{"Escrito por":"EDITOR","Tiempo de lectura":"5 minutos"},"schema":{"@context":"https:\/\/schema.org","@graph":[{"@type":"WebPage","@id":"https:\/\/laprensacristiana.com\/?p=16659","url":"https:\/\/laprensacristiana.com\/?p=16659","name":"\u00abTe amo\u00bb La nueva producci\u00f3n de Alex Campos. - La Prensa Cristiana","isPartOf":{"@id":"https:\/\/laprensacristiana.com\/#website"},"datePublished":"2024-04-05T16:58:12+00:00","dateModified":"2024-04-05T16:58:14+00:00","author":{"@id":"https:\/\/laprensacristiana.com\/#\/schema\/person\/3e7d82c6bfd6b1fa67010f8f7cd5256e"},"breadcrumb":{"@id":"https:\/\/laprensacristiana.com\/?p=16659#breadcrumb"},"inLanguage":"es","potentialAction":[{"@type":"ReadAction","target":["https:\/\/laprensacristiana.com\/?p=16659"]}]},{"@type":"BreadcrumbList","@id":"https:\/\/laprensacristiana.com\/?p=16659#breadcrumb","itemListElement":[{"@type":"ListItem","position":1,"name":"Portada","item":"https:\/\/laprensacristiana.com\/"},{"@type":"ListItem","position":2,"name":"\u00abTe amo\u00bb La nueva producci\u00f3n de Alex Campos."}]},{"@type":"WebSite","@id":"https:\/\/laprensacristiana.com\/#website","url":"https:\/\/laprensacristiana.com\/","name":"La Prensa Cristiana","description":"Anunciando Las Buenas Nuevas","potentialAction":[{"@type":"SearchAction","target":{"@type":"EntryPoint","urlTemplate":"https:\/\/laprensacristiana.com\/?s={search_term_string}"},"query-input":"required name=search_term_string"}],"inLanguage":"es"},{"@type":"Person","@id":"https:\/\/laprensacristiana.com\/#\/schema\/person\/3e7d82c6bfd6b1fa67010f8f7cd5256e","name":"EDITOR","image":{"@type":"ImageObject","inLanguage":"es","@id":"https:\/\/laprensacristiana.com\/#\/schema\/person\/image\/","url":"https:\/\/secure.gravatar.com\/avatar\/72069dfb6c13772d9e8381e3638666d2?s=96&d=mm&r=g","contentUrl":"https:\/\/secure.gravatar.com\/avatar\/72069dfb6c13772d9e8381e3638666d2?s=96&d=mm&r=g","caption":"EDITOR"},"url":"https:\/\/laprensacristiana.com\/?author=3"}]}},"_links":{"self":[{"href":"https:\/\/laprensacristiana.com\/index.php?rest_route=\/wp\/v2\/posts\/16659"}],"collection":[{"href":"https:\/\/laprensacristiana.com\/index.php?rest_route=\/wp\/v2\/posts"}],"about":[{"href":"https:\/\/laprensacristiana.com\/index.php?rest_route=\/wp\/v2\/types\/post"}],"author":[{"embeddable":true,"href":"https:\/\/laprensacristiana.com\/index.php?rest_route=\/wp\/v2\/users\/3"}],"replies":[{"embeddable":true,"href":"https:\/\/laprensacristiana.com\/index.php?rest_route=%2Fwp%2Fv2%2Fcomments&post=16659"}],"version-history":[{"count":1,"href":"https:\/\/laprensacristiana.com\/index.php?rest_route=\/wp\/v2\/posts\/16659\/revisions"}],"predecessor-version":[{"id":16664,"href":"https:\/\/laprensacristiana.com\/index.php?rest_route=\/wp\/v2\/posts\/16659\/revisions\/16664"}],"wp:featuredmedia":[{"embeddable":true,"href":"https:\/\/laprensacristiana.com\/index.php?rest_route=\/wp\/v2\/media\/16660"}],"wp:attachment":[{"href":"https:\/\/laprensacristiana.com\/index.php?rest_route=%2Fwp%2Fv2%2Fmedia&parent=16659"}],"wp:term":[{"taxonomy":"category","embeddable":true,"href":"https:\/\/laprensacristiana.com\/index.php?rest_route=%2Fwp%2Fv2%2Fcategories&post=16659"},{"taxonomy":"post_tag","embeddable":true,"href":"https:\/\/laprensacristiana.com\/index.php?rest_route=%2Fwp%2Fv2%2Ftags&post=16659"}],"curies":[{"name":"wp","href":"https:\/\/api.w.org\/{rel}","templated":true}]}}