{"id":1668,"date":"2016-10-17T16:08:33","date_gmt":"2016-10-17T16:08:33","guid":{"rendered":"https:\/\/laprensacristiana.com\/?p=1668"},"modified":"2020-07-02T01:38:38","modified_gmt":"2020-07-02T01:38:38","slug":"proclamemos-talento-de-primer-nivel-al-servicio-del-senor","status":"publish","type":"post","link":"https:\/\/laprensacristiana.com\/?p=1668","title":{"rendered":"\u00a1Proclamemos!, talento de primer nivel al servicio del Se\u00f1or"},"content":{"rendered":"<p>Siguiendo con la temporada de conciertos 2016, la Orquesta Sinf\u00f3nica Cristiana de El Salvador, celebr\u00f3 junto al Auditorio Cristiano \u201cJes\u00fas es el Se\u00f1or\u201d MCA, \u201cProclamemos\u201d, un concierto en honor al Se\u00f1or y en el marco de la celebraci\u00f3n de un a\u00f1o m\u00e1s del auditorio.<\/p>\n<p>La Orquesta Sinf\u00f3nica Cristiana, celebr\u00f3 el 37 aniversario del Auditorio Cristiano, acompa\u00f1ado de muchos asistentes que se dieron cita para poder deleitarse en la presencia del Se\u00f1or con las alabanzas que la orquesta interpreta junto a solistas que ponen su talento para la adoraci\u00f3n de Dios.<\/p>\n<p><img decoding=\"async\" loading=\"lazy\" class=\"alignnone size-medium wp-image-1670\" src=\"https:\/\/laprensacristiana.com\/wp-content\/uploads\/2016\/10\/OSC4-300x200.jpg\" alt=\"OSC4\" width=\"300\" height=\"200\" srcset=\"https:\/\/laprensacristiana.com\/wp-content\/uploads\/2016\/10\/OSC4-300x200.jpg 300w, https:\/\/laprensacristiana.com\/wp-content\/uploads\/2016\/10\/OSC4-600x400.jpg 600w, https:\/\/laprensacristiana.com\/wp-content\/uploads\/2016\/10\/OSC4-768x512.jpg 768w, https:\/\/laprensacristiana.com\/wp-content\/uploads\/2016\/10\/OSC4-1024x683.jpg 1024w, https:\/\/laprensacristiana.com\/wp-content\/uploads\/2016\/10\/OSC4-696x464.jpg 696w, https:\/\/laprensacristiana.com\/wp-content\/uploads\/2016\/10\/OSC4-1068x712.jpg 1068w, https:\/\/laprensacristiana.com\/wp-content\/uploads\/2016\/10\/OSC4-630x420.jpg 630w\" sizes=\"(max-width: 300px) 100vw, 300px\" \/><\/p>\n<p>A pesar de las inclemencias del clima, las personas asistieron, logrando as\u00ed un lleno total del lugar, todos buscando exaltar y glorificar el nombre de Dios, pero tambi\u00e9n agradecerle por los a\u00f1os que \u00c9l les ha permitido como iglesia.<\/p>\n<p>Entre los solistas invitados estaban, Pablo Rosales, Marinella Arru\u00e9, Jonathan Rivera, Abraham Reyes y Leslie Avenda\u00f1o, todos dirigidos por el maestro Mauricio Sol\u00eds.<\/p>\n<p>\u201cSiempre para m\u00ed, es un honor, un privilegio saber que m\u00fasicos de la talla de la orquesta est\u00e9n sirviendo a Dios como primer plano; me encanto ver bastantes personas\u201d dijo el maestro Sol\u00eds, cuando se le pregunto sobre el concierto \u201cproclamemos\u201d.<\/p>\n<p>Entre las voces femeninas que deleitaron a las personas, estaba Marinella Arru\u00e9, \u201cEs una gran bendici\u00f3n ver a tanto talento reunido, sobre todo para adorar y alabar al Se\u00f1or, es un orgullo porque es talento salvadore\u00f1o y ahora se ha demostrado que el mejor talento, lo tiene la m\u00fasica cristiana, eso me enorgullece todav\u00eda m\u00e1s\u201d expreso Arru\u00e9.<\/p>\n<p><img decoding=\"async\" loading=\"lazy\" class=\"alignnone size-medium wp-image-1671\" src=\"https:\/\/laprensacristiana.com\/wp-content\/uploads\/2016\/10\/OSC3-300x200.jpg\" alt=\"OSC3\" width=\"300\" height=\"200\" srcset=\"https:\/\/laprensacristiana.com\/wp-content\/uploads\/2016\/10\/OSC3-300x200.jpg 300w, https:\/\/laprensacristiana.com\/wp-content\/uploads\/2016\/10\/OSC3-600x400.jpg 600w, https:\/\/laprensacristiana.com\/wp-content\/uploads\/2016\/10\/OSC3-768x512.jpg 768w, https:\/\/laprensacristiana.com\/wp-content\/uploads\/2016\/10\/OSC3-1024x683.jpg 1024w, https:\/\/laprensacristiana.com\/wp-content\/uploads\/2016\/10\/OSC3-696x464.jpg 696w, https:\/\/laprensacristiana.com\/wp-content\/uploads\/2016\/10\/OSC3-1068x712.jpg 1068w, https:\/\/laprensacristiana.com\/wp-content\/uploads\/2016\/10\/OSC3-630x420.jpg 630w\" sizes=\"(max-width: 300px) 100vw, 300px\" \/><\/p>\n<p>La Orquesta Sinf\u00f3nica Cristiana, cuenta con un repertorio muy amplio de melod\u00edas que adoran al Se\u00f1or, entre ellas esta \u201cLo que necesito\u201d, que en este concierto fue interpretada por Jonathan Rivera, \u201cMuy privilegiado y agradecido con Dios por la oportunidad, con el maestro Mauricio Sol\u00eds por confiar en mis habilidades\u201d expres\u00f3 Rivera, adem\u00e1s dijo sentirse privilegiado por la oportunidad que Dios les est\u00e1 dando a los solistas y a la sinf\u00f3nica al abrir puertas en lugares importantes, como el Teatro Nacional de San Salvador.<\/p>\n<p>Pablo Rosales, quien por tercera vez acompa\u00f1\u00f3 a la orquesta dijo sentirse muy sorprendido por la cantidad de personas que gustan de esta clase de m\u00fasica, \u201cEs impresionante que les guste este tipo de m\u00fasica, eso nos dice que hay un espacio para la \u00f3pera, la pintura y para todas las otras artes que deber\u00edamos usarlas para llevar el Reino de los cielos a los que lo necesitan\u201d.<\/p>\n<p><img decoding=\"async\" loading=\"lazy\" class=\"alignnone size-medium wp-image-1672\" src=\"https:\/\/laprensacristiana.com\/wp-content\/uploads\/2016\/10\/OSC5-300x195.jpg\" alt=\"OSC5\" width=\"300\" height=\"195\" srcset=\"https:\/\/laprensacristiana.com\/wp-content\/uploads\/2016\/10\/OSC5-300x195.jpg 300w, https:\/\/laprensacristiana.com\/wp-content\/uploads\/2016\/10\/OSC5-600x390.jpg 600w, https:\/\/laprensacristiana.com\/wp-content\/uploads\/2016\/10\/OSC5-768x499.jpg 768w, https:\/\/laprensacristiana.com\/wp-content\/uploads\/2016\/10\/OSC5-1024x666.jpg 1024w, https:\/\/laprensacristiana.com\/wp-content\/uploads\/2016\/10\/OSC5-696x453.jpg 696w, https:\/\/laprensacristiana.com\/wp-content\/uploads\/2016\/10\/OSC5-1068x695.jpg 1068w, https:\/\/laprensacristiana.com\/wp-content\/uploads\/2016\/10\/OSC5-646x420.jpg 646w\" sizes=\"(max-width: 300px) 100vw, 300px\" \/><\/p>\n<p>El pr\u00f3ximo concierto de la Orquesta Sinf\u00f3nica Cristiana ser\u00e1 en el Teatro Nacional de San Salvador, como previa celebraci\u00f3n del d\u00eda nacional de la Iglesia Evang\u00e9lica en el pa\u00eds, \u201cEste es un concierto que me tiene con una gran emoci\u00f3n, es un concierto al que rendiremos tributo a nuestro Se\u00f1or Jesucristo, por ser el d\u00eda nacional de la Iglesia Evang\u00e9lica adem\u00e1s queremos hacer una honra a nuestros pastores, ministros, salmistas, y todo aquel que este involucrado en la proclamaci\u00f3n del evangelio en nuestro pa\u00eds; es un verdadero privilegio tocar un concierto para nuestros pastores\u201d dijo el maestro Sol\u00eds sobre la pr\u00f3xima presentaci\u00f3n.<\/p>\n","protected":false},"excerpt":{"rendered":"<p>Siguiendo con la temporada de conciertos 2016, la Orquesta Sinf\u00f3nica Cristiana de El Salvador, celebr\u00f3 junto al Auditorio Cristiano \u201cJes\u00fas es el Se\u00f1or\u201d MCA, \u201cProclamemos\u201d, un concierto en honor al Se\u00f1or y en el marco de la celebraci\u00f3n de un a\u00f1o m\u00e1s del auditorio. La Orquesta Sinf\u00f3nica Cristiana, celebr\u00f3 el 37 aniversario del Auditorio Cristiano, [&hellip;]<\/p>\n","protected":false},"author":3,"featured_media":1669,"comment_status":"open","ping_status":"open","sticky":false,"template":"","format":"standard","meta":[],"categories":[56],"tags":[],"yoast_head":"<!-- This site is optimized with the Yoast SEO plugin v20.8 - https:\/\/yoast.com\/wordpress\/plugins\/seo\/ -->\n<title>\u00a1Proclamemos!, talento de primer nivel al servicio del Se\u00f1or - La Prensa Cristiana<\/title>\n<meta name=\"robots\" content=\"index, follow, max-snippet:-1, max-image-preview:large, max-video-preview:-1\" \/>\n<link rel=\"canonical\" href=\"https:\/\/laprensacristiana.com\/?p=1668\" \/>\n<meta property=\"og:locale\" content=\"es_ES\" \/>\n<meta property=\"og:type\" content=\"article\" \/>\n<meta property=\"og:title\" content=\"\u00a1Proclamemos!, talento de primer nivel al servicio del Se\u00f1or - La Prensa Cristiana\" \/>\n<meta property=\"og:description\" content=\"Siguiendo con la temporada de conciertos 2016, la Orquesta Sinf\u00f3nica Cristiana de El Salvador, celebr\u00f3 junto al Auditorio Cristiano \u201cJes\u00fas es el Se\u00f1or\u201d MCA, \u201cProclamemos\u201d, un concierto en honor al Se\u00f1or y en el marco de la celebraci\u00f3n de un a\u00f1o m\u00e1s del auditorio. La Orquesta Sinf\u00f3nica Cristiana, celebr\u00f3 el 37 aniversario del Auditorio Cristiano, [&hellip;]\" \/>\n<meta property=\"og:url\" content=\"https:\/\/laprensacristiana.com\/?p=1668\" \/>\n<meta property=\"og:site_name\" content=\"La Prensa Cristiana\" \/>\n<meta property=\"article:published_time\" content=\"2016-10-17T16:08:33+00:00\" \/>\n<meta property=\"article:modified_time\" content=\"2020-07-02T01:38:38+00:00\" \/>\n<meta property=\"og:image\" content=\"https:\/\/laprensacristiana.com\/wp-content\/uploads\/2016\/10\/OSC2-scaled.jpg\" \/>\n\t<meta property=\"og:image:width\" content=\"2560\" \/>\n\t<meta property=\"og:image:height\" content=\"1364\" \/>\n\t<meta property=\"og:image:type\" content=\"image\/jpeg\" \/>\n<meta name=\"author\" content=\"EDITOR\" \/>\n<meta name=\"twitter:card\" content=\"summary_large_image\" \/>\n<meta name=\"twitter:label1\" content=\"Escrito por\" \/>\n\t<meta name=\"twitter:data1\" content=\"EDITOR\" \/>\n\t<meta name=\"twitter:label2\" content=\"Tiempo de lectura\" \/>\n\t<meta name=\"twitter:data2\" content=\"3 minutos\" \/>\n<script type=\"application\/ld+json\" class=\"yoast-schema-graph\">{\"@context\":\"https:\/\/schema.org\",\"@graph\":[{\"@type\":\"WebPage\",\"@id\":\"https:\/\/laprensacristiana.com\/?p=1668\",\"url\":\"https:\/\/laprensacristiana.com\/?p=1668\",\"name\":\"\u00a1Proclamemos!, talento de primer nivel al servicio del Se\u00f1or - La Prensa Cristiana\",\"isPartOf\":{\"@id\":\"https:\/\/laprensacristiana.com\/#website\"},\"datePublished\":\"2016-10-17T16:08:33+00:00\",\"dateModified\":\"2020-07-02T01:38:38+00:00\",\"author\":{\"@id\":\"https:\/\/laprensacristiana.com\/#\/schema\/person\/3e7d82c6bfd6b1fa67010f8f7cd5256e\"},\"breadcrumb\":{\"@id\":\"https:\/\/laprensacristiana.com\/?p=1668#breadcrumb\"},\"inLanguage\":\"es\",\"potentialAction\":[{\"@type\":\"ReadAction\",\"target\":[\"https:\/\/laprensacristiana.com\/?p=1668\"]}]},{\"@type\":\"BreadcrumbList\",\"@id\":\"https:\/\/laprensacristiana.com\/?p=1668#breadcrumb\",\"itemListElement\":[{\"@type\":\"ListItem\",\"position\":1,\"name\":\"Portada\",\"item\":\"https:\/\/laprensacristiana.com\/\"},{\"@type\":\"ListItem\",\"position\":2,\"name\":\"\u00a1Proclamemos!, talento de primer nivel al servicio del Se\u00f1or\"}]},{\"@type\":\"WebSite\",\"@id\":\"https:\/\/laprensacristiana.com\/#website\",\"url\":\"https:\/\/laprensacristiana.com\/\",\"name\":\"La Prensa Cristiana\",\"description\":\"Anunciando Las Buenas Nuevas\",\"potentialAction\":[{\"@type\":\"SearchAction\",\"target\":{\"@type\":\"EntryPoint\",\"urlTemplate\":\"https:\/\/laprensacristiana.com\/?s={search_term_string}\"},\"query-input\":\"required name=search_term_string\"}],\"inLanguage\":\"es\"},{\"@type\":\"Person\",\"@id\":\"https:\/\/laprensacristiana.com\/#\/schema\/person\/3e7d82c6bfd6b1fa67010f8f7cd5256e\",\"name\":\"EDITOR\",\"image\":{\"@type\":\"ImageObject\",\"inLanguage\":\"es\",\"@id\":\"https:\/\/laprensacristiana.com\/#\/schema\/person\/image\/\",\"url\":\"https:\/\/secure.gravatar.com\/avatar\/72069dfb6c13772d9e8381e3638666d2?s=96&d=mm&r=g\",\"contentUrl\":\"https:\/\/secure.gravatar.com\/avatar\/72069dfb6c13772d9e8381e3638666d2?s=96&d=mm&r=g\",\"caption\":\"EDITOR\"},\"url\":\"https:\/\/laprensacristiana.com\/?author=3\"}]}<\/script>\n<!-- \/ Yoast SEO plugin. -->","yoast_head_json":{"title":"\u00a1Proclamemos!, talento de primer nivel al servicio del Se\u00f1or - La Prensa Cristiana","robots":{"index":"index","follow":"follow","max-snippet":"max-snippet:-1","max-image-preview":"max-image-preview:large","max-video-preview":"max-video-preview:-1"},"canonical":"https:\/\/laprensacristiana.com\/?p=1668","og_locale":"es_ES","og_type":"article","og_title":"\u00a1Proclamemos!, talento de primer nivel al servicio del Se\u00f1or - La Prensa Cristiana","og_description":"Siguiendo con la temporada de conciertos 2016, la Orquesta Sinf\u00f3nica Cristiana de El Salvador, celebr\u00f3 junto al Auditorio Cristiano \u201cJes\u00fas es el Se\u00f1or\u201d MCA, \u201cProclamemos\u201d, un concierto en honor al Se\u00f1or y en el marco de la celebraci\u00f3n de un a\u00f1o m\u00e1s del auditorio. La Orquesta Sinf\u00f3nica Cristiana, celebr\u00f3 el 37 aniversario del Auditorio Cristiano, [&hellip;]","og_url":"https:\/\/laprensacristiana.com\/?p=1668","og_site_name":"La Prensa Cristiana","article_published_time":"2016-10-17T16:08:33+00:00","article_modified_time":"2020-07-02T01:38:38+00:00","og_image":[{"width":2560,"height":1364,"url":"https:\/\/laprensacristiana.com\/wp-content\/uploads\/2016\/10\/OSC2-scaled.jpg","type":"image\/jpeg"}],"author":"EDITOR","twitter_card":"summary_large_image","twitter_misc":{"Escrito por":"EDITOR","Tiempo de lectura":"3 minutos"},"schema":{"@context":"https:\/\/schema.org","@graph":[{"@type":"WebPage","@id":"https:\/\/laprensacristiana.com\/?p=1668","url":"https:\/\/laprensacristiana.com\/?p=1668","name":"\u00a1Proclamemos!, talento de primer nivel al servicio del Se\u00f1or - La Prensa Cristiana","isPartOf":{"@id":"https:\/\/laprensacristiana.com\/#website"},"datePublished":"2016-10-17T16:08:33+00:00","dateModified":"2020-07-02T01:38:38+00:00","author":{"@id":"https:\/\/laprensacristiana.com\/#\/schema\/person\/3e7d82c6bfd6b1fa67010f8f7cd5256e"},"breadcrumb":{"@id":"https:\/\/laprensacristiana.com\/?p=1668#breadcrumb"},"inLanguage":"es","potentialAction":[{"@type":"ReadAction","target":["https:\/\/laprensacristiana.com\/?p=1668"]}]},{"@type":"BreadcrumbList","@id":"https:\/\/laprensacristiana.com\/?p=1668#breadcrumb","itemListElement":[{"@type":"ListItem","position":1,"name":"Portada","item":"https:\/\/laprensacristiana.com\/"},{"@type":"ListItem","position":2,"name":"\u00a1Proclamemos!, talento de primer nivel al servicio del Se\u00f1or"}]},{"@type":"WebSite","@id":"https:\/\/laprensacristiana.com\/#website","url":"https:\/\/laprensacristiana.com\/","name":"La Prensa Cristiana","description":"Anunciando Las Buenas Nuevas","potentialAction":[{"@type":"SearchAction","target":{"@type":"EntryPoint","urlTemplate":"https:\/\/laprensacristiana.com\/?s={search_term_string}"},"query-input":"required name=search_term_string"}],"inLanguage":"es"},{"@type":"Person","@id":"https:\/\/laprensacristiana.com\/#\/schema\/person\/3e7d82c6bfd6b1fa67010f8f7cd5256e","name":"EDITOR","image":{"@type":"ImageObject","inLanguage":"es","@id":"https:\/\/laprensacristiana.com\/#\/schema\/person\/image\/","url":"https:\/\/secure.gravatar.com\/avatar\/72069dfb6c13772d9e8381e3638666d2?s=96&d=mm&r=g","contentUrl":"https:\/\/secure.gravatar.com\/avatar\/72069dfb6c13772d9e8381e3638666d2?s=96&d=mm&r=g","caption":"EDITOR"},"url":"https:\/\/laprensacristiana.com\/?author=3"}]}},"_links":{"self":[{"href":"https:\/\/laprensacristiana.com\/index.php?rest_route=\/wp\/v2\/posts\/1668"}],"collection":[{"href":"https:\/\/laprensacristiana.com\/index.php?rest_route=\/wp\/v2\/posts"}],"about":[{"href":"https:\/\/laprensacristiana.com\/index.php?rest_route=\/wp\/v2\/types\/post"}],"author":[{"embeddable":true,"href":"https:\/\/laprensacristiana.com\/index.php?rest_route=\/wp\/v2\/users\/3"}],"replies":[{"embeddable":true,"href":"https:\/\/laprensacristiana.com\/index.php?rest_route=%2Fwp%2Fv2%2Fcomments&post=1668"}],"version-history":[{"count":1,"href":"https:\/\/laprensacristiana.com\/index.php?rest_route=\/wp\/v2\/posts\/1668\/revisions"}],"predecessor-version":[{"id":1673,"href":"https:\/\/laprensacristiana.com\/index.php?rest_route=\/wp\/v2\/posts\/1668\/revisions\/1673"}],"wp:featuredmedia":[{"embeddable":true,"href":"https:\/\/laprensacristiana.com\/index.php?rest_route=\/wp\/v2\/media\/1669"}],"wp:attachment":[{"href":"https:\/\/laprensacristiana.com\/index.php?rest_route=%2Fwp%2Fv2%2Fmedia&parent=1668"}],"wp:term":[{"taxonomy":"category","embeddable":true,"href":"https:\/\/laprensacristiana.com\/index.php?rest_route=%2Fwp%2Fv2%2Fcategories&post=1668"},{"taxonomy":"post_tag","embeddable":true,"href":"https:\/\/laprensacristiana.com\/index.php?rest_route=%2Fwp%2Fv2%2Ftags&post=1668"}],"curies":[{"name":"wp","href":"https:\/\/api.w.org\/{rel}","templated":true}]}}