{"id":16694,"date":"2024-04-09T21:01:41","date_gmt":"2024-04-09T21:01:41","guid":{"rendered":"https:\/\/laprensacristiana.com\/?p=16694"},"modified":"2024-04-09T21:04:31","modified_gmt":"2024-04-09T21:04:31","slug":"en-memoria-de-su-padre-hijo-de-pastor-jose-de-la-paz-palacios-lanza-alabanza-espiritu-santo-bendito-y-bueno","status":"publish","type":"post","link":"https:\/\/laprensacristiana.com\/?p=16694","title":{"rendered":"En memoria de su padre, hijo de pastor Jos\u00e9 de la Paz Palacios, lanza alabanza \u201cEsp\u00edritu Santo bendito y bueno\u201d."},"content":{"rendered":"\n<p>Por: Edwin G\u00f3ngora <\/p>\n\n\n\n<p>Como una persona fuertemente apasionada y enamorada por el Esp\u00edritu Santo, as\u00ed recuerda a su padre, Daniel Palacios, hijo del fallecido pastor Jos\u00e9 de las Paz Palacios, quien por m\u00e1s de 40 a\u00f1os predic\u00f3 la palabra y dirigi\u00f3 la iglesia \u201cAltar de Dios Santa Unci\u00f3n\u201d<\/p>\n\n\n\n<p>Daniel coloc\u00f3 en las redes sociales el pasado 27 de marzo la alabanza \u201cEsp\u00edritu Santo bendito y bueno, mi alma te alaba\u201d, escrita por su padre, pero que desde esa fecha se volvi\u00f3 un canto en homenaje p\u00f3stumo a \u00e9l.<\/p>\n\n\n\n<p>El haber grabado esta alabanza explica Daniel, le confront\u00f3 al buscar imitar a un referente como lo fue su padre, llevando a su vida pr\u00e1cticas y la b\u00fasqueda de la presencia de Dios.<\/p>\n\n\n\n<p>\u201cBusco con esta alabanza poder sentir esa misma pasi\u00f3n que el sent\u00eda y quienes la escuchen, sientan ese mismo deseo de amar la presencia de Dios, de amar al Esp\u00edritu Santo y desear estar con \u00c9l\u201d.<\/p>\n\n\n\n<p>La letra es corta y sencilla, pero al escucharla notar\u00e1n, que fue la expresi\u00f3n m\u00e1s clara de amor que su padre tuvo en su vida por la presencia de Dios.<\/p>\n\n\n\n<figure class=\"wp-block-image size-large\"><img decoding=\"async\" loading=\"lazy\" width=\"1024\" height=\"1024\" src=\"https:\/\/laprensacristiana.com\/wp-content\/uploads\/2024\/04\/WhatsApp-Image-2024-04-08-at-10.22.47-PM-1024x1024.jpeg\" alt=\"\" class=\"wp-image-16698\" srcset=\"https:\/\/laprensacristiana.com\/wp-content\/uploads\/2024\/04\/WhatsApp-Image-2024-04-08-at-10.22.47-PM-1024x1024.jpeg 1024w, https:\/\/laprensacristiana.com\/wp-content\/uploads\/2024\/04\/WhatsApp-Image-2024-04-08-at-10.22.47-PM-300x300.jpeg 300w, https:\/\/laprensacristiana.com\/wp-content\/uploads\/2024\/04\/WhatsApp-Image-2024-04-08-at-10.22.47-PM-150x150.jpeg 150w, https:\/\/laprensacristiana.com\/wp-content\/uploads\/2024\/04\/WhatsApp-Image-2024-04-08-at-10.22.47-PM-768x768.jpeg 768w, https:\/\/laprensacristiana.com\/wp-content\/uploads\/2024\/04\/WhatsApp-Image-2024-04-08-at-10.22.47-PM-1536x1536.jpeg 1536w, https:\/\/laprensacristiana.com\/wp-content\/uploads\/2024\/04\/WhatsApp-Image-2024-04-08-at-10.22.47-PM-696x696.jpeg 696w, https:\/\/laprensacristiana.com\/wp-content\/uploads\/2024\/04\/WhatsApp-Image-2024-04-08-at-10.22.47-PM-1068x1068.jpeg 1068w, https:\/\/laprensacristiana.com\/wp-content\/uploads\/2024\/04\/WhatsApp-Image-2024-04-08-at-10.22.47-PM-600x600.jpeg 600w, https:\/\/laprensacristiana.com\/wp-content\/uploads\/2024\/04\/WhatsApp-Image-2024-04-08-at-10.22.47-PM-100x100.jpeg 100w, https:\/\/laprensacristiana.com\/wp-content\/uploads\/2024\/04\/WhatsApp-Image-2024-04-08-at-10.22.47-PM.jpeg 1600w\" sizes=\"(max-width: 1024px) 100vw, 1024px\" \/><\/figure>\n\n\n\n<p>Al Hablar del tema, es dif\u00edcil evitar que a su mente lleguen momentos y la emoci\u00f3n acorte la voz por un instante. \u00a0Con mucha satisfacci\u00f3n me dice que el separar de quien fue su padre del pastor es un poco dif\u00edcil.<\/p>\n\n\n\n<p>\u201cComo pastor fue una figura intachable en su testimonio, una persona correcta en caminar con Dios, un ejemplo a seguir. Y como padre lo pude ver como una persona luchadora y amante de los desaf\u00edos\u201d.<\/p>\n\n\n\n<p>El pastor Jos\u00e9 de las Paz Palacios naci\u00f3 en San Miguel, se calz\u00f3 hasta cumplir los 14 a\u00f1os y vivi\u00f3 en San Salvador desde sus 17. Culmin\u00f3 sus tercer ciclo y bachillerato e inicio a trabajar como auxiliar de cocinero en un cuartel.<\/p>\n\n\n\n<p>Daniel asegura que fue desde ese momento que Dios lo prepar\u00f3 hasta llegar a ser secretario general de la polic\u00eda en 1980.<\/p>\n\n\n\n<p>Logro graduarse como licenciado en ciencias de la educaci\u00f3n, fund\u00f3 un colegio, un instituto B\u00edblico y la iglesia que pastore\u00f3, adem\u00e1s de abrir 35 filiales en todo el pais.<\/p>\n\n\n\n<p>En la m\u00fasica de alabanza y adoraci\u00f3n, la memoria del Pastor de la Paz Palacios permanecer\u00e1 al dejar varias letras que hoy su hijo asegura retomar\u00e1.<\/p>\n\n\n\n<p>\u00a0\u201cEstamos por grabar una segunda canci\u00f3n que se llama \u201cCristo bendito t\u00fa eres mi vida\u201d y esperemos tenerla lista en mayo.\u00a0 Tenemos una lista de 10 a 12 canciones que el escribi\u00f3 que est\u00e1n en proyecto de grabaci\u00f3n\u201d, asegura Daniel. Conf\u00eda que la canci\u00f3n ser\u00e1 de bendici\u00f3n y ministre a todo aquel que la escuche, de tal manera esa presencia que su padre buscaba desde temprano llegue a su vida<\/p>\n\n\n\n<figure class=\"wp-block-embed is-type-video is-provider-youtube wp-block-embed-youtube wp-embed-aspect-16-9 wp-has-aspect-ratio\"><div class=\"wp-block-embed__wrapper\">\n<iframe loading=\"lazy\" title=\"ESPIRITU SANTO (Bendito y Bueno) Daniel Palacios ft Jos\u00e9 de la Paz Palacios\" width=\"696\" height=\"392\" src=\"https:\/\/www.youtube.com\/embed\/Ff9o6PB9gHg?feature=oembed\" frameborder=\"0\" allow=\"accelerometer; autoplay; clipboard-write; encrypted-media; gyroscope; picture-in-picture; web-share\" referrerpolicy=\"strict-origin-when-cross-origin\" allowfullscreen><\/iframe>\n<\/div><\/figure>\n","protected":false},"excerpt":{"rendered":"<p>Por: Edwin G\u00f3ngora Como una persona fuertemente apasionada y enamorada por el Esp\u00edritu Santo, as\u00ed recuerda a su padre, Daniel Palacios, hijo del fallecido pastor Jos\u00e9 de las Paz Palacios, quien por m\u00e1s de 40 a\u00f1os predic\u00f3 la palabra y dirigi\u00f3 la iglesia \u201cAltar de Dios Santa Unci\u00f3n\u201d Daniel coloc\u00f3 en las redes sociales el [&hellip;]<\/p>\n","protected":false},"author":3,"featured_media":16695,"comment_status":"open","ping_status":"open","sticky":false,"template":"","format":"standard","meta":[],"categories":[114],"tags":[],"yoast_head":"<!-- This site is optimized with the Yoast SEO plugin v20.8 - https:\/\/yoast.com\/wordpress\/plugins\/seo\/ -->\n<title>En memoria de su padre, hijo de pastor Jos\u00e9 de la Paz Palacios, lanza alabanza \u201cEsp\u00edritu Santo bendito y bueno\u201d. - La Prensa Cristiana<\/title>\n<meta name=\"robots\" content=\"index, follow, max-snippet:-1, max-image-preview:large, max-video-preview:-1\" \/>\n<link rel=\"canonical\" href=\"https:\/\/laprensacristiana.com\/?p=16694\" \/>\n<meta property=\"og:locale\" content=\"es_ES\" \/>\n<meta property=\"og:type\" content=\"article\" \/>\n<meta property=\"og:title\" content=\"En memoria de su padre, hijo de pastor Jos\u00e9 de la Paz Palacios, lanza alabanza \u201cEsp\u00edritu Santo bendito y bueno\u201d. - La Prensa Cristiana\" \/>\n<meta property=\"og:description\" content=\"Por: Edwin G\u00f3ngora Como una persona fuertemente apasionada y enamorada por el Esp\u00edritu Santo, as\u00ed recuerda a su padre, Daniel Palacios, hijo del fallecido pastor Jos\u00e9 de las Paz Palacios, quien por m\u00e1s de 40 a\u00f1os predic\u00f3 la palabra y dirigi\u00f3 la iglesia \u201cAltar de Dios Santa Unci\u00f3n\u201d Daniel coloc\u00f3 en las redes sociales el [&hellip;]\" \/>\n<meta property=\"og:url\" content=\"https:\/\/laprensacristiana.com\/?p=16694\" \/>\n<meta property=\"og:site_name\" content=\"La Prensa Cristiana\" \/>\n<meta property=\"article:published_time\" content=\"2024-04-09T21:01:41+00:00\" \/>\n<meta property=\"article:modified_time\" content=\"2024-04-09T21:04:31+00:00\" \/>\n<meta property=\"og:image\" content=\"https:\/\/laprensacristiana.com\/wp-content\/uploads\/2024\/04\/WhatsApp-Image-2024-04-08-at-10.22.46-PM.jpeg\" \/>\n\t<meta property=\"og:image:width\" content=\"1600\" \/>\n\t<meta property=\"og:image:height\" content=\"900\" \/>\n\t<meta property=\"og:image:type\" content=\"image\/jpeg\" \/>\n<meta name=\"author\" content=\"EDITOR\" \/>\n<meta name=\"twitter:card\" content=\"summary_large_image\" \/>\n<meta name=\"twitter:label1\" content=\"Escrito por\" \/>\n\t<meta name=\"twitter:data1\" content=\"EDITOR\" \/>\n\t<meta name=\"twitter:label2\" content=\"Tiempo de lectura\" \/>\n\t<meta name=\"twitter:data2\" content=\"3 minutos\" \/>\n<script type=\"application\/ld+json\" class=\"yoast-schema-graph\">{\"@context\":\"https:\/\/schema.org\",\"@graph\":[{\"@type\":\"WebPage\",\"@id\":\"https:\/\/laprensacristiana.com\/?p=16694\",\"url\":\"https:\/\/laprensacristiana.com\/?p=16694\",\"name\":\"En memoria de su padre, hijo de pastor Jos\u00e9 de la Paz Palacios, lanza alabanza \u201cEsp\u00edritu Santo bendito y bueno\u201d. - La Prensa Cristiana\",\"isPartOf\":{\"@id\":\"https:\/\/laprensacristiana.com\/#website\"},\"datePublished\":\"2024-04-09T21:01:41+00:00\",\"dateModified\":\"2024-04-09T21:04:31+00:00\",\"author\":{\"@id\":\"https:\/\/laprensacristiana.com\/#\/schema\/person\/3e7d82c6bfd6b1fa67010f8f7cd5256e\"},\"breadcrumb\":{\"@id\":\"https:\/\/laprensacristiana.com\/?p=16694#breadcrumb\"},\"inLanguage\":\"es\",\"potentialAction\":[{\"@type\":\"ReadAction\",\"target\":[\"https:\/\/laprensacristiana.com\/?p=16694\"]}]},{\"@type\":\"BreadcrumbList\",\"@id\":\"https:\/\/laprensacristiana.com\/?p=16694#breadcrumb\",\"itemListElement\":[{\"@type\":\"ListItem\",\"position\":1,\"name\":\"Portada\",\"item\":\"https:\/\/laprensacristiana.com\/\"},{\"@type\":\"ListItem\",\"position\":2,\"name\":\"En memoria de su padre, hijo de pastor Jos\u00e9 de la Paz Palacios, lanza alabanza \u201cEsp\u00edritu Santo bendito y bueno\u201d.\"}]},{\"@type\":\"WebSite\",\"@id\":\"https:\/\/laprensacristiana.com\/#website\",\"url\":\"https:\/\/laprensacristiana.com\/\",\"name\":\"La Prensa Cristiana\",\"description\":\"Anunciando Las Buenas Nuevas\",\"potentialAction\":[{\"@type\":\"SearchAction\",\"target\":{\"@type\":\"EntryPoint\",\"urlTemplate\":\"https:\/\/laprensacristiana.com\/?s={search_term_string}\"},\"query-input\":\"required name=search_term_string\"}],\"inLanguage\":\"es\"},{\"@type\":\"Person\",\"@id\":\"https:\/\/laprensacristiana.com\/#\/schema\/person\/3e7d82c6bfd6b1fa67010f8f7cd5256e\",\"name\":\"EDITOR\",\"image\":{\"@type\":\"ImageObject\",\"inLanguage\":\"es\",\"@id\":\"https:\/\/laprensacristiana.com\/#\/schema\/person\/image\/\",\"url\":\"https:\/\/secure.gravatar.com\/avatar\/72069dfb6c13772d9e8381e3638666d2?s=96&d=mm&r=g\",\"contentUrl\":\"https:\/\/secure.gravatar.com\/avatar\/72069dfb6c13772d9e8381e3638666d2?s=96&d=mm&r=g\",\"caption\":\"EDITOR\"},\"url\":\"https:\/\/laprensacristiana.com\/?author=3\"}]}<\/script>\n<!-- \/ Yoast SEO plugin. -->","yoast_head_json":{"title":"En memoria de su padre, hijo de pastor Jos\u00e9 de la Paz Palacios, lanza alabanza \u201cEsp\u00edritu Santo bendito y bueno\u201d. - La Prensa Cristiana","robots":{"index":"index","follow":"follow","max-snippet":"max-snippet:-1","max-image-preview":"max-image-preview:large","max-video-preview":"max-video-preview:-1"},"canonical":"https:\/\/laprensacristiana.com\/?p=16694","og_locale":"es_ES","og_type":"article","og_title":"En memoria de su padre, hijo de pastor Jos\u00e9 de la Paz Palacios, lanza alabanza \u201cEsp\u00edritu Santo bendito y bueno\u201d. - La Prensa Cristiana","og_description":"Por: Edwin G\u00f3ngora Como una persona fuertemente apasionada y enamorada por el Esp\u00edritu Santo, as\u00ed recuerda a su padre, Daniel Palacios, hijo del fallecido pastor Jos\u00e9 de las Paz Palacios, quien por m\u00e1s de 40 a\u00f1os predic\u00f3 la palabra y dirigi\u00f3 la iglesia \u201cAltar de Dios Santa Unci\u00f3n\u201d Daniel coloc\u00f3 en las redes sociales el [&hellip;]","og_url":"https:\/\/laprensacristiana.com\/?p=16694","og_site_name":"La Prensa Cristiana","article_published_time":"2024-04-09T21:01:41+00:00","article_modified_time":"2024-04-09T21:04:31+00:00","og_image":[{"width":1600,"height":900,"url":"https:\/\/laprensacristiana.com\/wp-content\/uploads\/2024\/04\/WhatsApp-Image-2024-04-08-at-10.22.46-PM.jpeg","type":"image\/jpeg"}],"author":"EDITOR","twitter_card":"summary_large_image","twitter_misc":{"Escrito por":"EDITOR","Tiempo de lectura":"3 minutos"},"schema":{"@context":"https:\/\/schema.org","@graph":[{"@type":"WebPage","@id":"https:\/\/laprensacristiana.com\/?p=16694","url":"https:\/\/laprensacristiana.com\/?p=16694","name":"En memoria de su padre, hijo de pastor Jos\u00e9 de la Paz Palacios, lanza alabanza \u201cEsp\u00edritu Santo bendito y bueno\u201d. - La Prensa Cristiana","isPartOf":{"@id":"https:\/\/laprensacristiana.com\/#website"},"datePublished":"2024-04-09T21:01:41+00:00","dateModified":"2024-04-09T21:04:31+00:00","author":{"@id":"https:\/\/laprensacristiana.com\/#\/schema\/person\/3e7d82c6bfd6b1fa67010f8f7cd5256e"},"breadcrumb":{"@id":"https:\/\/laprensacristiana.com\/?p=16694#breadcrumb"},"inLanguage":"es","potentialAction":[{"@type":"ReadAction","target":["https:\/\/laprensacristiana.com\/?p=16694"]}]},{"@type":"BreadcrumbList","@id":"https:\/\/laprensacristiana.com\/?p=16694#breadcrumb","itemListElement":[{"@type":"ListItem","position":1,"name":"Portada","item":"https:\/\/laprensacristiana.com\/"},{"@type":"ListItem","position":2,"name":"En memoria de su padre, hijo de pastor Jos\u00e9 de la Paz Palacios, lanza alabanza \u201cEsp\u00edritu Santo bendito y bueno\u201d."}]},{"@type":"WebSite","@id":"https:\/\/laprensacristiana.com\/#website","url":"https:\/\/laprensacristiana.com\/","name":"La Prensa Cristiana","description":"Anunciando Las Buenas Nuevas","potentialAction":[{"@type":"SearchAction","target":{"@type":"EntryPoint","urlTemplate":"https:\/\/laprensacristiana.com\/?s={search_term_string}"},"query-input":"required name=search_term_string"}],"inLanguage":"es"},{"@type":"Person","@id":"https:\/\/laprensacristiana.com\/#\/schema\/person\/3e7d82c6bfd6b1fa67010f8f7cd5256e","name":"EDITOR","image":{"@type":"ImageObject","inLanguage":"es","@id":"https:\/\/laprensacristiana.com\/#\/schema\/person\/image\/","url":"https:\/\/secure.gravatar.com\/avatar\/72069dfb6c13772d9e8381e3638666d2?s=96&d=mm&r=g","contentUrl":"https:\/\/secure.gravatar.com\/avatar\/72069dfb6c13772d9e8381e3638666d2?s=96&d=mm&r=g","caption":"EDITOR"},"url":"https:\/\/laprensacristiana.com\/?author=3"}]}},"_links":{"self":[{"href":"https:\/\/laprensacristiana.com\/index.php?rest_route=\/wp\/v2\/posts\/16694"}],"collection":[{"href":"https:\/\/laprensacristiana.com\/index.php?rest_route=\/wp\/v2\/posts"}],"about":[{"href":"https:\/\/laprensacristiana.com\/index.php?rest_route=\/wp\/v2\/types\/post"}],"author":[{"embeddable":true,"href":"https:\/\/laprensacristiana.com\/index.php?rest_route=\/wp\/v2\/users\/3"}],"replies":[{"embeddable":true,"href":"https:\/\/laprensacristiana.com\/index.php?rest_route=%2Fwp%2Fv2%2Fcomments&post=16694"}],"version-history":[{"count":2,"href":"https:\/\/laprensacristiana.com\/index.php?rest_route=\/wp\/v2\/posts\/16694\/revisions"}],"predecessor-version":[{"id":16699,"href":"https:\/\/laprensacristiana.com\/index.php?rest_route=\/wp\/v2\/posts\/16694\/revisions\/16699"}],"wp:featuredmedia":[{"embeddable":true,"href":"https:\/\/laprensacristiana.com\/index.php?rest_route=\/wp\/v2\/media\/16695"}],"wp:attachment":[{"href":"https:\/\/laprensacristiana.com\/index.php?rest_route=%2Fwp%2Fv2%2Fmedia&parent=16694"}],"wp:term":[{"taxonomy":"category","embeddable":true,"href":"https:\/\/laprensacristiana.com\/index.php?rest_route=%2Fwp%2Fv2%2Fcategories&post=16694"},{"taxonomy":"post_tag","embeddable":true,"href":"https:\/\/laprensacristiana.com\/index.php?rest_route=%2Fwp%2Fv2%2Ftags&post=16694"}],"curies":[{"name":"wp","href":"https:\/\/api.w.org\/{rel}","templated":true}]}}