{"id":1674,"date":"2016-10-17T18:04:36","date_gmt":"2016-10-17T18:04:36","guid":{"rendered":"https:\/\/laprensacristiana.com\/?p=1674"},"modified":"2016-10-17T18:04:36","modified_gmt":"2016-10-17T18:04:36","slug":"el-poder-de-la-oracion","status":"publish","type":"post","link":"https:\/\/laprensacristiana.com\/?p=1674","title":{"rendered":"EL PODER DE LA ORACI\u00d3N"},"content":{"rendered":"<p>Cuando tus rodillas tocan el suelo, tus oraciones tocan el cielo; esta es la garant\u00eda de aquel que ora con fe, es interesante ver como la oraci\u00f3n ocupa un lugar especial en muchas regiones en el mundo ya sean monote\u00edstas o pante\u00edstas, todos y cada uno de sus adeptos lo saben. La soluci\u00f3n radica en la oraci\u00f3n.<\/p>\n<p>La oraci\u00f3n es un lenguaje universal, tanto los cristianos como los musulmanes coinciden en esto, orar es hablar el idioma del alma, orar es expresar lo \u00edntimo del coraz\u00f3n, oraci\u00f3n es comunicaci\u00f3n directa para con ese ser Superior que rige en Mundo como el Universo, oraci\u00f3n es la puerta para encontrar la soluci\u00f3n.<\/p>\n<p>La Biblia para nosotros los Cristianos nos recuerda que debemos orar en todo tiempo y lugar, es ah\u00ed donde radica el poder del Cristiano en la oraci\u00f3n, pero cuando digo oraci\u00f3n es la oraci\u00f3n de fe; la oraci\u00f3n de fe se genera cuando existe suficiente confianza para saber que todo lo que pidamos en el nombre de Jes\u00fas lo recibiremos.<\/p>\n<p>La oraci\u00f3n es tambi\u00e9n el mejor regalo que podemos dar a nuestros hijos y hermanos, esto aplica tambi\u00e9n para con nuestros amigos; la oraci\u00f3n intercesora frena la maldad, cuida el coraz\u00f3n de nuestros seres queridos, fortalece al debilitado, sana al enfermo y en muchas ocasiones es la oraci\u00f3n la que nos hace entrar en raz\u00f3n.<\/p>\n<p>La oraci\u00f3n es la herramienta que todo ser humano necesita en su vida, para orar no necesitas estar limpio, santo, apto, preparado; solo basta con creer en aquel a quien invocas, pides, apelas, hablo de Dios, el Dios de la Biblia. Ninguna otra actividad bajo el cielo produce los efectos que produce la oraci\u00f3n de fe en Dios. Quien practica la oraci\u00f3n se le facilitan todas las cosas.<\/p>\n<p>La oraci\u00f3n necesita de un solo aliado para ser efectiva, la persistencia; no te canses de clamar a Dios por tu causa o problema, desactiva la critica de los que no creen y aplica hoy a tu problema una oraci\u00f3n de fe. No le digas a Dios cuan grande es tu problema, dile a tu problema cuan grande es tu Dios ora.<br \/>\n\u00a1NO LE DIGAS A DIOS CUAN GRANDE ES TU PROBLEMA, DILE A TU PROBLEMA CUAN GRANDE ES TU DIOS!<\/p>\n","protected":false},"excerpt":{"rendered":"<p>Cuando tus rodillas tocan el suelo, tus oraciones tocan el cielo; esta es la garant\u00eda de aquel que ora con fe, es interesante ver como la oraci\u00f3n ocupa un lugar especial en muchas regiones en el mundo ya sean monote\u00edstas o pante\u00edstas, todos y cada uno de sus adeptos lo saben. La soluci\u00f3n radica en [&hellip;]<\/p>\n","protected":false},"author":3,"featured_media":1351,"comment_status":"open","ping_status":"open","sticky":false,"template":"","format":"standard","meta":[],"categories":[23],"tags":[],"yoast_head":"<!-- This site is optimized with the Yoast SEO plugin v20.8 - https:\/\/yoast.com\/wordpress\/plugins\/seo\/ -->\n<title>EL PODER DE LA ORACI\u00d3N - La Prensa Cristiana<\/title>\n<meta name=\"robots\" content=\"index, follow, max-snippet:-1, max-image-preview:large, max-video-preview:-1\" \/>\n<link rel=\"canonical\" href=\"https:\/\/laprensacristiana.com\/?p=1674\" \/>\n<meta property=\"og:locale\" content=\"es_ES\" \/>\n<meta property=\"og:type\" content=\"article\" \/>\n<meta property=\"og:title\" content=\"EL PODER DE LA ORACI\u00d3N - La Prensa Cristiana\" \/>\n<meta property=\"og:description\" content=\"Cuando tus rodillas tocan el suelo, tus oraciones tocan el cielo; esta es la garant\u00eda de aquel que ora con fe, es interesante ver como la oraci\u00f3n ocupa un lugar especial en muchas regiones en el mundo ya sean monote\u00edstas o pante\u00edstas, todos y cada uno de sus adeptos lo saben. La soluci\u00f3n radica en [&hellip;]\" \/>\n<meta property=\"og:url\" content=\"https:\/\/laprensacristiana.com\/?p=1674\" \/>\n<meta property=\"og:site_name\" content=\"La Prensa Cristiana\" \/>\n<meta property=\"article:published_time\" content=\"2016-10-17T18:04:36+00:00\" \/>\n<meta property=\"og:image\" content=\"https:\/\/laprensacristiana.com\/wp-content\/uploads\/2016\/08\/OPINION-PASTOR-TOBY-JR-01-scaled.jpg\" \/>\n\t<meta property=\"og:image:width\" content=\"2560\" \/>\n\t<meta property=\"og:image:height\" content=\"1429\" \/>\n\t<meta property=\"og:image:type\" content=\"image\/jpeg\" \/>\n<meta name=\"author\" content=\"EDITOR\" \/>\n<meta name=\"twitter:card\" content=\"summary_large_image\" \/>\n<meta name=\"twitter:label1\" content=\"Escrito por\" \/>\n\t<meta name=\"twitter:data1\" content=\"EDITOR\" \/>\n\t<meta name=\"twitter:label2\" content=\"Tiempo de lectura\" \/>\n\t<meta name=\"twitter:data2\" content=\"2 minutos\" \/>\n<script type=\"application\/ld+json\" class=\"yoast-schema-graph\">{\"@context\":\"https:\/\/schema.org\",\"@graph\":[{\"@type\":\"WebPage\",\"@id\":\"https:\/\/laprensacristiana.com\/?p=1674\",\"url\":\"https:\/\/laprensacristiana.com\/?p=1674\",\"name\":\"EL PODER DE LA ORACI\u00d3N - La Prensa Cristiana\",\"isPartOf\":{\"@id\":\"https:\/\/laprensacristiana.com\/#website\"},\"datePublished\":\"2016-10-17T18:04:36+00:00\",\"dateModified\":\"2016-10-17T18:04:36+00:00\",\"author\":{\"@id\":\"https:\/\/laprensacristiana.com\/#\/schema\/person\/3e7d82c6bfd6b1fa67010f8f7cd5256e\"},\"breadcrumb\":{\"@id\":\"https:\/\/laprensacristiana.com\/?p=1674#breadcrumb\"},\"inLanguage\":\"es\",\"potentialAction\":[{\"@type\":\"ReadAction\",\"target\":[\"https:\/\/laprensacristiana.com\/?p=1674\"]}]},{\"@type\":\"BreadcrumbList\",\"@id\":\"https:\/\/laprensacristiana.com\/?p=1674#breadcrumb\",\"itemListElement\":[{\"@type\":\"ListItem\",\"position\":1,\"name\":\"Portada\",\"item\":\"https:\/\/laprensacristiana.com\/\"},{\"@type\":\"ListItem\",\"position\":2,\"name\":\"EL PODER DE LA ORACI\u00d3N\"}]},{\"@type\":\"WebSite\",\"@id\":\"https:\/\/laprensacristiana.com\/#website\",\"url\":\"https:\/\/laprensacristiana.com\/\",\"name\":\"La Prensa Cristiana\",\"description\":\"Anunciando Las Buenas Nuevas\",\"potentialAction\":[{\"@type\":\"SearchAction\",\"target\":{\"@type\":\"EntryPoint\",\"urlTemplate\":\"https:\/\/laprensacristiana.com\/?s={search_term_string}\"},\"query-input\":\"required name=search_term_string\"}],\"inLanguage\":\"es\"},{\"@type\":\"Person\",\"@id\":\"https:\/\/laprensacristiana.com\/#\/schema\/person\/3e7d82c6bfd6b1fa67010f8f7cd5256e\",\"name\":\"EDITOR\",\"image\":{\"@type\":\"ImageObject\",\"inLanguage\":\"es\",\"@id\":\"https:\/\/laprensacristiana.com\/#\/schema\/person\/image\/\",\"url\":\"https:\/\/secure.gravatar.com\/avatar\/72069dfb6c13772d9e8381e3638666d2?s=96&d=mm&r=g\",\"contentUrl\":\"https:\/\/secure.gravatar.com\/avatar\/72069dfb6c13772d9e8381e3638666d2?s=96&d=mm&r=g\",\"caption\":\"EDITOR\"},\"url\":\"https:\/\/laprensacristiana.com\/?author=3\"}]}<\/script>\n<!-- \/ Yoast SEO plugin. -->","yoast_head_json":{"title":"EL PODER DE LA ORACI\u00d3N - La Prensa Cristiana","robots":{"index":"index","follow":"follow","max-snippet":"max-snippet:-1","max-image-preview":"max-image-preview:large","max-video-preview":"max-video-preview:-1"},"canonical":"https:\/\/laprensacristiana.com\/?p=1674","og_locale":"es_ES","og_type":"article","og_title":"EL PODER DE LA ORACI\u00d3N - La Prensa Cristiana","og_description":"Cuando tus rodillas tocan el suelo, tus oraciones tocan el cielo; esta es la garant\u00eda de aquel que ora con fe, es interesante ver como la oraci\u00f3n ocupa un lugar especial en muchas regiones en el mundo ya sean monote\u00edstas o pante\u00edstas, todos y cada uno de sus adeptos lo saben. La soluci\u00f3n radica en [&hellip;]","og_url":"https:\/\/laprensacristiana.com\/?p=1674","og_site_name":"La Prensa Cristiana","article_published_time":"2016-10-17T18:04:36+00:00","og_image":[{"width":2560,"height":1429,"url":"https:\/\/laprensacristiana.com\/wp-content\/uploads\/2016\/08\/OPINION-PASTOR-TOBY-JR-01-scaled.jpg","type":"image\/jpeg"}],"author":"EDITOR","twitter_card":"summary_large_image","twitter_misc":{"Escrito por":"EDITOR","Tiempo de lectura":"2 minutos"},"schema":{"@context":"https:\/\/schema.org","@graph":[{"@type":"WebPage","@id":"https:\/\/laprensacristiana.com\/?p=1674","url":"https:\/\/laprensacristiana.com\/?p=1674","name":"EL PODER DE LA ORACI\u00d3N - La Prensa Cristiana","isPartOf":{"@id":"https:\/\/laprensacristiana.com\/#website"},"datePublished":"2016-10-17T18:04:36+00:00","dateModified":"2016-10-17T18:04:36+00:00","author":{"@id":"https:\/\/laprensacristiana.com\/#\/schema\/person\/3e7d82c6bfd6b1fa67010f8f7cd5256e"},"breadcrumb":{"@id":"https:\/\/laprensacristiana.com\/?p=1674#breadcrumb"},"inLanguage":"es","potentialAction":[{"@type":"ReadAction","target":["https:\/\/laprensacristiana.com\/?p=1674"]}]},{"@type":"BreadcrumbList","@id":"https:\/\/laprensacristiana.com\/?p=1674#breadcrumb","itemListElement":[{"@type":"ListItem","position":1,"name":"Portada","item":"https:\/\/laprensacristiana.com\/"},{"@type":"ListItem","position":2,"name":"EL PODER DE LA ORACI\u00d3N"}]},{"@type":"WebSite","@id":"https:\/\/laprensacristiana.com\/#website","url":"https:\/\/laprensacristiana.com\/","name":"La Prensa Cristiana","description":"Anunciando Las Buenas Nuevas","potentialAction":[{"@type":"SearchAction","target":{"@type":"EntryPoint","urlTemplate":"https:\/\/laprensacristiana.com\/?s={search_term_string}"},"query-input":"required name=search_term_string"}],"inLanguage":"es"},{"@type":"Person","@id":"https:\/\/laprensacristiana.com\/#\/schema\/person\/3e7d82c6bfd6b1fa67010f8f7cd5256e","name":"EDITOR","image":{"@type":"ImageObject","inLanguage":"es","@id":"https:\/\/laprensacristiana.com\/#\/schema\/person\/image\/","url":"https:\/\/secure.gravatar.com\/avatar\/72069dfb6c13772d9e8381e3638666d2?s=96&d=mm&r=g","contentUrl":"https:\/\/secure.gravatar.com\/avatar\/72069dfb6c13772d9e8381e3638666d2?s=96&d=mm&r=g","caption":"EDITOR"},"url":"https:\/\/laprensacristiana.com\/?author=3"}]}},"_links":{"self":[{"href":"https:\/\/laprensacristiana.com\/index.php?rest_route=\/wp\/v2\/posts\/1674"}],"collection":[{"href":"https:\/\/laprensacristiana.com\/index.php?rest_route=\/wp\/v2\/posts"}],"about":[{"href":"https:\/\/laprensacristiana.com\/index.php?rest_route=\/wp\/v2\/types\/post"}],"author":[{"embeddable":true,"href":"https:\/\/laprensacristiana.com\/index.php?rest_route=\/wp\/v2\/users\/3"}],"replies":[{"embeddable":true,"href":"https:\/\/laprensacristiana.com\/index.php?rest_route=%2Fwp%2Fv2%2Fcomments&post=1674"}],"version-history":[{"count":1,"href":"https:\/\/laprensacristiana.com\/index.php?rest_route=\/wp\/v2\/posts\/1674\/revisions"}],"predecessor-version":[{"id":1675,"href":"https:\/\/laprensacristiana.com\/index.php?rest_route=\/wp\/v2\/posts\/1674\/revisions\/1675"}],"wp:featuredmedia":[{"embeddable":true,"href":"https:\/\/laprensacristiana.com\/index.php?rest_route=\/wp\/v2\/media\/1351"}],"wp:attachment":[{"href":"https:\/\/laprensacristiana.com\/index.php?rest_route=%2Fwp%2Fv2%2Fmedia&parent=1674"}],"wp:term":[{"taxonomy":"category","embeddable":true,"href":"https:\/\/laprensacristiana.com\/index.php?rest_route=%2Fwp%2Fv2%2Fcategories&post=1674"},{"taxonomy":"post_tag","embeddable":true,"href":"https:\/\/laprensacristiana.com\/index.php?rest_route=%2Fwp%2Fv2%2Ftags&post=1674"}],"curies":[{"name":"wp","href":"https:\/\/api.w.org\/{rel}","templated":true}]}}