{"id":1679,"date":"2016-10-18T15:09:19","date_gmt":"2016-10-18T15:09:19","guid":{"rendered":"https:\/\/laprensacristiana.com\/?p=1679"},"modified":"2020-07-02T01:38:11","modified_gmt":"2020-07-02T01:38:11","slug":"alex-campos-presenta-perdoname","status":"publish","type":"post","link":"https:\/\/laprensacristiana.com\/?p=1679","title":{"rendered":"Alex Campos presenta \u201cPerd\u00f3name\u201d"},"content":{"rendered":"<p>Para la adoraci\u00f3n al Se\u00f1or no existen l\u00edmites de ning\u00fan tipo, esto ha demostrado el cantante colombiano Alex Campos, quien dejo su estilo \u00fanico y se aventur\u00f3 por cantar un g\u00e9nero diferente, que siempre hab\u00eda querido interpretar.<\/p>\n<p>El autor de \u201cAl taller del maestro\u201d, lanzo el primer sencillo de su nueva producci\u00f3n llamada \u201cMomentos\u201d, la primicia fue presentada en sus redes sociales, teniendo muy buen recibimiento de las personas que lo siguen.<\/p>\n<p>\u201cPerd\u00f3name\u201d es el t\u00edtulo del primer sencillo al estilo ranchero, este nuevo tema forma parte de los 9 m\u00e1s que contiene el nuevo disco, en el cual est\u00e1 acompa\u00f1ado de mariachis.<\/p>\n<p>En su mayor\u00eda los temas del nuevo \u00e1lbum hablan sobre la vida de Campos y la forma de c\u00f3mo ha marcado su relaci\u00f3n con Dios, su familia y el ministerio, en sus 40 a\u00f1os de vida. Dicha producci\u00f3n fue grabada en Ciudad de M\u00e9xico, esto con el objetivo de que las melod\u00edas sonaran cl\u00e1sicas del pa\u00eds azteca.<\/p>\n<p>Alex Campos cuenta con la participaci\u00f3n de Coalo Zamorano, Gadiel Espinosa, Vicente Monta\u00f1o, Christine D\u2019Clario, Ver\u00f3nica Leal y Karina Moreno, en el tema \u201cTu amistad me hace bien\u201d.<\/p>\n<div class=\"youtube-embed\" data-video_id=\"0_OWA8MqmKg\"><iframe loading=\"lazy\" title=\"Perd\u00f3name Alex Campos visualizador oficial HD\" width=\"696\" height=\"392\" src=\"https:\/\/www.youtube.com\/embed\/0_OWA8MqmKg?feature=oembed&#038;enablejsapi=1\" frameborder=\"0\" allow=\"accelerometer; autoplay; encrypted-media; gyroscope; picture-in-picture\" allowfullscreen><\/iframe><\/div>\n","protected":false},"excerpt":{"rendered":"<p>Para la adoraci\u00f3n al Se\u00f1or no existen l\u00edmites de ning\u00fan tipo, esto ha demostrado el cantante colombiano Alex Campos, quien dejo su estilo \u00fanico y se aventur\u00f3 por cantar un g\u00e9nero diferente, que siempre hab\u00eda querido interpretar. El autor de \u201cAl taller del maestro\u201d, lanzo el primer sencillo de su nueva producci\u00f3n llamada \u201cMomentos\u201d, la [&hellip;]<\/p>\n","protected":false},"author":3,"featured_media":1680,"comment_status":"open","ping_status":"open","sticky":false,"template":"","format":"standard","meta":[],"categories":[101],"tags":[],"yoast_head":"<!-- This site is optimized with the Yoast SEO plugin v20.8 - https:\/\/yoast.com\/wordpress\/plugins\/seo\/ -->\n<title>Alex Campos presenta \u201cPerd\u00f3name\u201d - La Prensa Cristiana<\/title>\n<meta name=\"robots\" content=\"index, follow, max-snippet:-1, max-image-preview:large, max-video-preview:-1\" \/>\n<link rel=\"canonical\" href=\"https:\/\/laprensacristiana.com\/?p=1679\" \/>\n<meta property=\"og:locale\" content=\"es_ES\" \/>\n<meta property=\"og:type\" content=\"article\" \/>\n<meta property=\"og:title\" content=\"Alex Campos presenta \u201cPerd\u00f3name\u201d - La Prensa Cristiana\" \/>\n<meta property=\"og:description\" content=\"Para la adoraci\u00f3n al Se\u00f1or no existen l\u00edmites de ning\u00fan tipo, esto ha demostrado el cantante colombiano Alex Campos, quien dejo su estilo \u00fanico y se aventur\u00f3 por cantar un g\u00e9nero diferente, que siempre hab\u00eda querido interpretar. El autor de \u201cAl taller del maestro\u201d, lanzo el primer sencillo de su nueva producci\u00f3n llamada \u201cMomentos\u201d, la [&hellip;]\" \/>\n<meta property=\"og:url\" content=\"https:\/\/laprensacristiana.com\/?p=1679\" \/>\n<meta property=\"og:site_name\" content=\"La Prensa Cristiana\" \/>\n<meta property=\"article:published_time\" content=\"2016-10-18T15:09:19+00:00\" \/>\n<meta property=\"article:modified_time\" content=\"2020-07-02T01:38:11+00:00\" \/>\n<meta property=\"og:image\" content=\"https:\/\/laprensacristiana.com\/wp-content\/uploads\/2016\/10\/Alex-Campos1.jpg\" \/>\n\t<meta property=\"og:image:width\" content=\"960\" \/>\n\t<meta property=\"og:image:height\" content=\"540\" \/>\n\t<meta property=\"og:image:type\" content=\"image\/jpeg\" \/>\n<meta name=\"author\" content=\"EDITOR\" \/>\n<meta name=\"twitter:card\" content=\"summary_large_image\" \/>\n<meta name=\"twitter:label1\" content=\"Escrito por\" \/>\n\t<meta name=\"twitter:data1\" content=\"EDITOR\" \/>\n\t<meta name=\"twitter:label2\" content=\"Tiempo de lectura\" \/>\n\t<meta name=\"twitter:data2\" content=\"1 minuto\" \/>\n<script type=\"application\/ld+json\" class=\"yoast-schema-graph\">{\"@context\":\"https:\/\/schema.org\",\"@graph\":[{\"@type\":\"WebPage\",\"@id\":\"https:\/\/laprensacristiana.com\/?p=1679\",\"url\":\"https:\/\/laprensacristiana.com\/?p=1679\",\"name\":\"Alex Campos presenta \u201cPerd\u00f3name\u201d - La Prensa Cristiana\",\"isPartOf\":{\"@id\":\"https:\/\/laprensacristiana.com\/#website\"},\"datePublished\":\"2016-10-18T15:09:19+00:00\",\"dateModified\":\"2020-07-02T01:38:11+00:00\",\"author\":{\"@id\":\"https:\/\/laprensacristiana.com\/#\/schema\/person\/3e7d82c6bfd6b1fa67010f8f7cd5256e\"},\"breadcrumb\":{\"@id\":\"https:\/\/laprensacristiana.com\/?p=1679#breadcrumb\"},\"inLanguage\":\"es\",\"potentialAction\":[{\"@type\":\"ReadAction\",\"target\":[\"https:\/\/laprensacristiana.com\/?p=1679\"]}]},{\"@type\":\"BreadcrumbList\",\"@id\":\"https:\/\/laprensacristiana.com\/?p=1679#breadcrumb\",\"itemListElement\":[{\"@type\":\"ListItem\",\"position\":1,\"name\":\"Portada\",\"item\":\"https:\/\/laprensacristiana.com\/\"},{\"@type\":\"ListItem\",\"position\":2,\"name\":\"Alex Campos presenta \u201cPerd\u00f3name\u201d\"}]},{\"@type\":\"WebSite\",\"@id\":\"https:\/\/laprensacristiana.com\/#website\",\"url\":\"https:\/\/laprensacristiana.com\/\",\"name\":\"La Prensa Cristiana\",\"description\":\"Anunciando Las Buenas Nuevas\",\"potentialAction\":[{\"@type\":\"SearchAction\",\"target\":{\"@type\":\"EntryPoint\",\"urlTemplate\":\"https:\/\/laprensacristiana.com\/?s={search_term_string}\"},\"query-input\":\"required name=search_term_string\"}],\"inLanguage\":\"es\"},{\"@type\":\"Person\",\"@id\":\"https:\/\/laprensacristiana.com\/#\/schema\/person\/3e7d82c6bfd6b1fa67010f8f7cd5256e\",\"name\":\"EDITOR\",\"image\":{\"@type\":\"ImageObject\",\"inLanguage\":\"es\",\"@id\":\"https:\/\/laprensacristiana.com\/#\/schema\/person\/image\/\",\"url\":\"https:\/\/secure.gravatar.com\/avatar\/72069dfb6c13772d9e8381e3638666d2?s=96&d=mm&r=g\",\"contentUrl\":\"https:\/\/secure.gravatar.com\/avatar\/72069dfb6c13772d9e8381e3638666d2?s=96&d=mm&r=g\",\"caption\":\"EDITOR\"},\"url\":\"https:\/\/laprensacristiana.com\/?author=3\"}]}<\/script>\n<!-- \/ Yoast SEO plugin. -->","yoast_head_json":{"title":"Alex Campos presenta \u201cPerd\u00f3name\u201d - La Prensa Cristiana","robots":{"index":"index","follow":"follow","max-snippet":"max-snippet:-1","max-image-preview":"max-image-preview:large","max-video-preview":"max-video-preview:-1"},"canonical":"https:\/\/laprensacristiana.com\/?p=1679","og_locale":"es_ES","og_type":"article","og_title":"Alex Campos presenta \u201cPerd\u00f3name\u201d - La Prensa Cristiana","og_description":"Para la adoraci\u00f3n al Se\u00f1or no existen l\u00edmites de ning\u00fan tipo, esto ha demostrado el cantante colombiano Alex Campos, quien dejo su estilo \u00fanico y se aventur\u00f3 por cantar un g\u00e9nero diferente, que siempre hab\u00eda querido interpretar. El autor de \u201cAl taller del maestro\u201d, lanzo el primer sencillo de su nueva producci\u00f3n llamada \u201cMomentos\u201d, la [&hellip;]","og_url":"https:\/\/laprensacristiana.com\/?p=1679","og_site_name":"La Prensa Cristiana","article_published_time":"2016-10-18T15:09:19+00:00","article_modified_time":"2020-07-02T01:38:11+00:00","og_image":[{"width":960,"height":540,"url":"https:\/\/laprensacristiana.com\/wp-content\/uploads\/2016\/10\/Alex-Campos1.jpg","type":"image\/jpeg"}],"author":"EDITOR","twitter_card":"summary_large_image","twitter_misc":{"Escrito por":"EDITOR","Tiempo de lectura":"1 minuto"},"schema":{"@context":"https:\/\/schema.org","@graph":[{"@type":"WebPage","@id":"https:\/\/laprensacristiana.com\/?p=1679","url":"https:\/\/laprensacristiana.com\/?p=1679","name":"Alex Campos presenta \u201cPerd\u00f3name\u201d - La Prensa Cristiana","isPartOf":{"@id":"https:\/\/laprensacristiana.com\/#website"},"datePublished":"2016-10-18T15:09:19+00:00","dateModified":"2020-07-02T01:38:11+00:00","author":{"@id":"https:\/\/laprensacristiana.com\/#\/schema\/person\/3e7d82c6bfd6b1fa67010f8f7cd5256e"},"breadcrumb":{"@id":"https:\/\/laprensacristiana.com\/?p=1679#breadcrumb"},"inLanguage":"es","potentialAction":[{"@type":"ReadAction","target":["https:\/\/laprensacristiana.com\/?p=1679"]}]},{"@type":"BreadcrumbList","@id":"https:\/\/laprensacristiana.com\/?p=1679#breadcrumb","itemListElement":[{"@type":"ListItem","position":1,"name":"Portada","item":"https:\/\/laprensacristiana.com\/"},{"@type":"ListItem","position":2,"name":"Alex Campos presenta \u201cPerd\u00f3name\u201d"}]},{"@type":"WebSite","@id":"https:\/\/laprensacristiana.com\/#website","url":"https:\/\/laprensacristiana.com\/","name":"La Prensa Cristiana","description":"Anunciando Las Buenas Nuevas","potentialAction":[{"@type":"SearchAction","target":{"@type":"EntryPoint","urlTemplate":"https:\/\/laprensacristiana.com\/?s={search_term_string}"},"query-input":"required name=search_term_string"}],"inLanguage":"es"},{"@type":"Person","@id":"https:\/\/laprensacristiana.com\/#\/schema\/person\/3e7d82c6bfd6b1fa67010f8f7cd5256e","name":"EDITOR","image":{"@type":"ImageObject","inLanguage":"es","@id":"https:\/\/laprensacristiana.com\/#\/schema\/person\/image\/","url":"https:\/\/secure.gravatar.com\/avatar\/72069dfb6c13772d9e8381e3638666d2?s=96&d=mm&r=g","contentUrl":"https:\/\/secure.gravatar.com\/avatar\/72069dfb6c13772d9e8381e3638666d2?s=96&d=mm&r=g","caption":"EDITOR"},"url":"https:\/\/laprensacristiana.com\/?author=3"}]}},"_links":{"self":[{"href":"https:\/\/laprensacristiana.com\/index.php?rest_route=\/wp\/v2\/posts\/1679"}],"collection":[{"href":"https:\/\/laprensacristiana.com\/index.php?rest_route=\/wp\/v2\/posts"}],"about":[{"href":"https:\/\/laprensacristiana.com\/index.php?rest_route=\/wp\/v2\/types\/post"}],"author":[{"embeddable":true,"href":"https:\/\/laprensacristiana.com\/index.php?rest_route=\/wp\/v2\/users\/3"}],"replies":[{"embeddable":true,"href":"https:\/\/laprensacristiana.com\/index.php?rest_route=%2Fwp%2Fv2%2Fcomments&post=1679"}],"version-history":[{"count":2,"href":"https:\/\/laprensacristiana.com\/index.php?rest_route=\/wp\/v2\/posts\/1679\/revisions"}],"predecessor-version":[{"id":1682,"href":"https:\/\/laprensacristiana.com\/index.php?rest_route=\/wp\/v2\/posts\/1679\/revisions\/1682"}],"wp:featuredmedia":[{"embeddable":true,"href":"https:\/\/laprensacristiana.com\/index.php?rest_route=\/wp\/v2\/media\/1680"}],"wp:attachment":[{"href":"https:\/\/laprensacristiana.com\/index.php?rest_route=%2Fwp%2Fv2%2Fmedia&parent=1679"}],"wp:term":[{"taxonomy":"category","embeddable":true,"href":"https:\/\/laprensacristiana.com\/index.php?rest_route=%2Fwp%2Fv2%2Fcategories&post=1679"},{"taxonomy":"post_tag","embeddable":true,"href":"https:\/\/laprensacristiana.com\/index.php?rest_route=%2Fwp%2Fv2%2Ftags&post=1679"}],"curies":[{"name":"wp","href":"https:\/\/api.w.org\/{rel}","templated":true}]}}