{"id":16829,"date":"2024-04-18T17:01:46","date_gmt":"2024-04-18T17:01:46","guid":{"rendered":"https:\/\/laprensacristiana.com\/?p=16829"},"modified":"2024-04-18T18:36:58","modified_gmt":"2024-04-18T18:36:58","slug":"desde-mi-infancia-tenia-el-deseo-de-honrar-al-rey-con-la-musica-de-mariachis-nery-garcia","status":"publish","type":"post","link":"https:\/\/laprensacristiana.com\/?p=16829","title":{"rendered":"Desde mi infancia, ten\u00eda el deseo de honrar al Rey con la m\u00fasica de mariachis. Neri Garc\u00eda."},"content":{"rendered":"\n<p>Por: Edwin G\u00f3ngora <\/p>\n\n\n\n<p>43 a\u00f1os han transcurrido desde que en el cant\u00f3n El Coco, del caser\u00edo Tierra Blanca, en Chalchuapa, Santa Ana, nace en un hogar cristiano, Neri Garc\u00eda.<\/p>\n\n\n\n<p>Hijo de don Jorge e Hilda Garc\u00eda, Neri \u00a0muestra desde temprana edad habilidad para cantar y tocar instrumentos. No era para menos, en la genealog\u00eda paterna, su abuelo, padre y todos sus t\u00edos tocaron y tocan a perfecci\u00f3n varios instrumentos.<\/p>\n\n\n\n<p>A sus cuatro a\u00f1os recuerda que su padre le motiv\u00f3 para que inicie a cantar los coritos de la iglesia donde se congregaban. &nbsp;A los 10 acept\u00f3 a Cristo y su inter\u00e9s por el canto iba en crecimiento.<\/p>\n\n\n\n<p>En una amena pl\u00e1tica con La Prensa Cristiana, Neri nos confiesa que hubo una etapa en su adolescencia en la que se apart\u00f3 del evangelio; sin embargo, consciente de su error, regresa a su congregaci\u00f3n.<\/p>\n\n\n\n<p>Luego de varios a\u00f1os, en el 2008, asegura que el Se\u00f1or le llama a desarrollar a tiempo completo el ministerio pastoral, convirti\u00e9ndose desde esa fecha en el pastor auxiliar del Templo Bethel, de las Asambleas de Dios, en Santa Tecla.<\/p>\n\n\n\n<figure class=\"wp-block-image size-large\"><img decoding=\"async\" loading=\"lazy\" width=\"1024\" height=\"683\" src=\"https:\/\/laprensacristiana.com\/wp-content\/uploads\/2024\/04\/WhatsApp-Image-2024-04-17-at-4.05.45-PM-1024x683.jpeg\" alt=\"\" class=\"wp-image-16831\" srcset=\"https:\/\/laprensacristiana.com\/wp-content\/uploads\/2024\/04\/WhatsApp-Image-2024-04-17-at-4.05.45-PM-1024x683.jpeg 1024w, https:\/\/laprensacristiana.com\/wp-content\/uploads\/2024\/04\/WhatsApp-Image-2024-04-17-at-4.05.45-PM-300x200.jpeg 300w, https:\/\/laprensacristiana.com\/wp-content\/uploads\/2024\/04\/WhatsApp-Image-2024-04-17-at-4.05.45-PM-768x512.jpeg 768w, https:\/\/laprensacristiana.com\/wp-content\/uploads\/2024\/04\/WhatsApp-Image-2024-04-17-at-4.05.45-PM-696x464.jpeg 696w, https:\/\/laprensacristiana.com\/wp-content\/uploads\/2024\/04\/WhatsApp-Image-2024-04-17-at-4.05.45-PM-1068x712.jpeg 1068w, https:\/\/laprensacristiana.com\/wp-content\/uploads\/2024\/04\/WhatsApp-Image-2024-04-17-at-4.05.45-PM-600x400.jpeg 600w, https:\/\/laprensacristiana.com\/wp-content\/uploads\/2024\/04\/WhatsApp-Image-2024-04-17-at-4.05.45-PM.jpeg 1080w\" sizes=\"(max-width: 1024px) 100vw, 1024px\" \/><\/figure>\n\n\n\n<p>Sin embargo, su deseo por alabar al Rey con su voz se manten\u00eda latente en su mente y coraz\u00f3n.<\/p>\n\n\n\n<p>\u201cSiempre tuve intenciones de grabar, pero por falta de recursos no hab\u00eda podido\u201d, nos dice Neri.<\/p>\n\n\n\n<p>Era el a\u00f1o 2021 y reci\u00e9n sal\u00edamos de las restricciones implementadas por el Covid 19, nos comparte que un hermano de la iglesia que pastorea abre un estudio de grabaci\u00f3n y le regala una producci\u00f3n completa.<\/p>\n\n\n\n<p>La palabra escrita en el Salmo 37:4 cobra fuerza para Neri, \u201cDel\u00e9itate en el&nbsp;Se\u00f1or. As\u00ed \u00e9l te dar\u00e1 lo que tu coraz\u00f3n anhela\u201d.<\/p>\n\n\n\n<p>Su primera producci\u00f3n se llama \u201cVeremos al Cordero\u201d la que contiene siete alabanzas, ninguna ranchera, sino en un formato pop. La mayor\u00eda de sus letras son de su creaci\u00f3n, \u201cDios me las dio y el mensaje que llevan es siempre el mismo, la respuesta es Jes\u00fas\u201d.<\/p>\n\n\n\n<p>Pero la intenci\u00f3n de cantar \u201crancheras\u201d se manten\u00eda latente. \u201cEn el 2023 uno de mis hermanos me ofrece pagar todo y es donde surge mi segunda producci\u00f3n, \u201cBuscando Felicidad\u201d.<\/p>\n\n\n\n<figure class=\"wp-block-image size-large\"><img decoding=\"async\" loading=\"lazy\" width=\"1024\" height=\"934\" src=\"https:\/\/laprensacristiana.com\/wp-content\/uploads\/2024\/04\/WhatsApp-Image-2024-04-17-at-3.59.37-PM-1024x934.jpeg\" alt=\"\" class=\"wp-image-16832\" srcset=\"https:\/\/laprensacristiana.com\/wp-content\/uploads\/2024\/04\/WhatsApp-Image-2024-04-17-at-3.59.37-PM-1024x934.jpeg 1024w, https:\/\/laprensacristiana.com\/wp-content\/uploads\/2024\/04\/WhatsApp-Image-2024-04-17-at-3.59.37-PM-300x274.jpeg 300w, https:\/\/laprensacristiana.com\/wp-content\/uploads\/2024\/04\/WhatsApp-Image-2024-04-17-at-3.59.37-PM-768x701.jpeg 768w, https:\/\/laprensacristiana.com\/wp-content\/uploads\/2024\/04\/WhatsApp-Image-2024-04-17-at-3.59.37-PM-1536x1402.jpeg 1536w, https:\/\/laprensacristiana.com\/wp-content\/uploads\/2024\/04\/WhatsApp-Image-2024-04-17-at-3.59.37-PM-696x635.jpeg 696w, https:\/\/laprensacristiana.com\/wp-content\/uploads\/2024\/04\/WhatsApp-Image-2024-04-17-at-3.59.37-PM-1068x975.jpeg 1068w, https:\/\/laprensacristiana.com\/wp-content\/uploads\/2024\/04\/WhatsApp-Image-2024-04-17-at-3.59.37-PM-600x548.jpeg 600w, https:\/\/laprensacristiana.com\/wp-content\/uploads\/2024\/04\/WhatsApp-Image-2024-04-17-at-3.59.37-PM.jpeg 1600w\" sizes=\"(max-width: 1024px) 100vw, 1024px\" \/><\/figure>\n\n\n\n<p>\u201cEsta habla de todo lo que el ser humano busca en la vida, \u201cla felicidad\u201d pero solo la recibes cuando realmente te encuentras con Jes\u00fas, ah\u00ed est\u00e1 la verdadera felicidad\u201d.<\/p>\n\n\n\n<p>Cantar m\u00fasica ranchera era algo que Neri desde ni\u00f1o quer\u00eda hacer, ya que fue el g\u00e9nero con el que se crio.<\/p>\n\n\n\n<p>\u201cLo escuchaba donde viv\u00edamos, en la radio y los coritos que cant\u00e1bamos en la iglesia lo hac\u00edan bajo este formato, norte\u00f1o, de cuerdas. Recuerda.<\/p>\n\n\n\n<p>La familia lo alent\u00f3 ya que, al hacerlo para Dios, \u00e9l lo respaldar\u00eda, pues su canto ser\u00edan alabanzas al Rey.<\/p>\n\n\n\n<p>\u00a0En su reciente producci\u00f3n encontraremos cantos como \u201cGracias\u201d, que se refiere a la gratitud que debemos tener por la salvaci\u00f3n que Cristo nos regal\u00f3. \u201cJes\u00fas de Nazaret\u201d que habla del amor de Jes\u00fas por nosotros, de su entrega y muerte por nosotros, y \u201cManantial Bendito\u201d, que se refiere al matrimonio, y su letra es pr\u00e1cticamente el texto que aparece en los cap\u00edtulos 5 y 6 de proverbios, que hace una exhortaci\u00f3n a la fidelidad del matrimonio.<\/p>\n\n\n\n<p>\u201cEl mensaje en cada alabanza es uno, que en Jes\u00fas hay respuesta y salvaci\u00f3n\u201d. Subraya.<\/p>\n\n\n\n<p>Neri Garc\u00eda lamenta que hoy en d\u00eda muchos de los salmistas o cantautores cristianos nos enfoquen sus contenidos musicales a dar genuina alabanza y adoraci\u00f3n a Dios.<\/p>\n\n\n\n<p>\u201cYo veo lamentable que no se aproveche el medio de la m\u00fasica para dar un mensaje Cristo c\u00e9ntrico y teol\u00f3gico que exalte a Jes\u00fas su muerte y resurrecci\u00f3n\u201d.<\/p>\n\n\n\n<p>Para Neri, los compositores no conocen mucha teolog\u00eda y por eso cometen los errores que cometen y da la impresi\u00f3n de no tener a nadie que les ayude a filtrar su contenido.<\/p>\n\n\n\n<p>Ya en mente tiene su tercera producci\u00f3n, que conf\u00eda en que la pueda publicar en breve. Incluso no descarta hacerlo con su peque\u00f1a hija Abigail, quien le sigue los pasos.<\/p>\n\n\n\n<p>Le invitamos a que apoye a Neri Garc\u00eda y escuche su talentosa voz en la plataforma de YouTube. De igual manera, si le gustar\u00eda invitarlo a su congregaci\u00f3n a que alabe el nombre del se\u00f1or, puede contactarlo al n\u00famero 7137-7586.<\/p>\n\n\n\n<figure class=\"wp-block-image size-large\"><img decoding=\"async\" loading=\"lazy\" width=\"1024\" height=\"682\" src=\"https:\/\/laprensacristiana.com\/wp-content\/uploads\/2024\/04\/WhatsApp-Image-2024-04-17-at-4.11.23-PM-1024x682.jpeg\" alt=\"\" class=\"wp-image-16833\" srcset=\"https:\/\/laprensacristiana.com\/wp-content\/uploads\/2024\/04\/WhatsApp-Image-2024-04-17-at-4.11.23-PM-1024x682.jpeg 1024w, https:\/\/laprensacristiana.com\/wp-content\/uploads\/2024\/04\/WhatsApp-Image-2024-04-17-at-4.11.23-PM-300x200.jpeg 300w, https:\/\/laprensacristiana.com\/wp-content\/uploads\/2024\/04\/WhatsApp-Image-2024-04-17-at-4.11.23-PM-768x512.jpeg 768w, https:\/\/laprensacristiana.com\/wp-content\/uploads\/2024\/04\/WhatsApp-Image-2024-04-17-at-4.11.23-PM-1536x1023.jpeg 1536w, https:\/\/laprensacristiana.com\/wp-content\/uploads\/2024\/04\/WhatsApp-Image-2024-04-17-at-4.11.23-PM-696x464.jpeg 696w, https:\/\/laprensacristiana.com\/wp-content\/uploads\/2024\/04\/WhatsApp-Image-2024-04-17-at-4.11.23-PM-1068x712.jpeg 1068w, https:\/\/laprensacristiana.com\/wp-content\/uploads\/2024\/04\/WhatsApp-Image-2024-04-17-at-4.11.23-PM-600x400.jpeg 600w, https:\/\/laprensacristiana.com\/wp-content\/uploads\/2024\/04\/WhatsApp-Image-2024-04-17-at-4.11.23-PM.jpeg 1600w\" sizes=\"(max-width: 1024px) 100vw, 1024px\" \/><\/figure>\n\n\n\n<figure class=\"wp-block-embed is-type-video is-provider-youtube wp-block-embed-youtube wp-embed-aspect-16-9 wp-has-aspect-ratio\"><div class=\"wp-block-embed__wrapper\">\n<div class=\"youtube-embed\" data-video_id=\"UlP4kthl6pw\"><iframe loading=\"lazy\" title=\"Buscando felicidad, Neri Garc\u00eda (El dulce cantor)\" width=\"696\" height=\"392\" src=\"https:\/\/www.youtube.com\/embed\/UlP4kthl6pw?feature=oembed&#038;enablejsapi=1\" frameborder=\"0\" allow=\"accelerometer; autoplay; clipboard-write; encrypted-media; gyroscope; picture-in-picture; web-share\" referrerpolicy=\"strict-origin-when-cross-origin\" allowfullscreen><\/iframe><\/div>\n<\/div><\/figure>\n","protected":false},"excerpt":{"rendered":"<p>Por: Edwin G\u00f3ngora 43 a\u00f1os han transcurrido desde que en el cant\u00f3n El Coco, del caser\u00edo Tierra Blanca, en Chalchuapa, Santa Ana, nace en un hogar cristiano, Neri Garc\u00eda. Hijo de don Jorge e Hilda Garc\u00eda, Neri \u00a0muestra desde temprana edad habilidad para cantar y tocar instrumentos. No era para menos, en la genealog\u00eda paterna, [&hellip;]<\/p>\n","protected":false},"author":3,"featured_media":16836,"comment_status":"open","ping_status":"open","sticky":false,"template":"","format":"standard","meta":[],"categories":[114],"tags":[],"yoast_head":"<!-- This site is optimized with the Yoast SEO plugin v20.8 - https:\/\/yoast.com\/wordpress\/plugins\/seo\/ -->\n<title>Desde mi infancia, ten\u00eda el deseo de honrar al Rey con la m\u00fasica de mariachis. Neri Garc\u00eda. - La Prensa Cristiana<\/title>\n<meta name=\"robots\" content=\"index, follow, max-snippet:-1, max-image-preview:large, max-video-preview:-1\" \/>\n<link rel=\"canonical\" href=\"https:\/\/laprensacristiana.com\/?p=16829\" \/>\n<meta property=\"og:locale\" content=\"es_ES\" \/>\n<meta property=\"og:type\" content=\"article\" \/>\n<meta property=\"og:title\" content=\"Desde mi infancia, ten\u00eda el deseo de honrar al Rey con la m\u00fasica de mariachis. Neri Garc\u00eda. - La Prensa Cristiana\" \/>\n<meta property=\"og:description\" content=\"Por: Edwin G\u00f3ngora 43 a\u00f1os han transcurrido desde que en el cant\u00f3n El Coco, del caser\u00edo Tierra Blanca, en Chalchuapa, Santa Ana, nace en un hogar cristiano, Neri Garc\u00eda. Hijo de don Jorge e Hilda Garc\u00eda, Neri \u00a0muestra desde temprana edad habilidad para cantar y tocar instrumentos. No era para menos, en la genealog\u00eda paterna, [&hellip;]\" \/>\n<meta property=\"og:url\" content=\"https:\/\/laprensacristiana.com\/?p=16829\" \/>\n<meta property=\"og:site_name\" content=\"La Prensa Cristiana\" \/>\n<meta property=\"article:published_time\" content=\"2024-04-18T17:01:46+00:00\" \/>\n<meta property=\"article:modified_time\" content=\"2024-04-18T18:36:58+00:00\" \/>\n<meta property=\"og:image\" content=\"https:\/\/laprensacristiana.com\/wp-content\/uploads\/2024\/04\/WhatsApp-Image-2024-04-18-at-11.09.35-AM.jpeg\" \/>\n\t<meta property=\"og:image:width\" content=\"903\" \/>\n\t<meta property=\"og:image:height\" content=\"822\" \/>\n\t<meta property=\"og:image:type\" content=\"image\/jpeg\" \/>\n<meta name=\"author\" content=\"EDITOR\" \/>\n<meta name=\"twitter:card\" content=\"summary_large_image\" \/>\n<meta name=\"twitter:label1\" content=\"Escrito por\" \/>\n\t<meta name=\"twitter:data1\" content=\"EDITOR\" \/>\n\t<meta name=\"twitter:label2\" content=\"Tiempo de lectura\" \/>\n\t<meta name=\"twitter:data2\" content=\"4 minutos\" \/>\n<script type=\"application\/ld+json\" class=\"yoast-schema-graph\">{\"@context\":\"https:\/\/schema.org\",\"@graph\":[{\"@type\":\"WebPage\",\"@id\":\"https:\/\/laprensacristiana.com\/?p=16829\",\"url\":\"https:\/\/laprensacristiana.com\/?p=16829\",\"name\":\"Desde mi infancia, ten\u00eda el deseo de honrar al Rey con la m\u00fasica de mariachis. Neri Garc\u00eda. - La Prensa Cristiana\",\"isPartOf\":{\"@id\":\"https:\/\/laprensacristiana.com\/#website\"},\"datePublished\":\"2024-04-18T17:01:46+00:00\",\"dateModified\":\"2024-04-18T18:36:58+00:00\",\"author\":{\"@id\":\"https:\/\/laprensacristiana.com\/#\/schema\/person\/3e7d82c6bfd6b1fa67010f8f7cd5256e\"},\"breadcrumb\":{\"@id\":\"https:\/\/laprensacristiana.com\/?p=16829#breadcrumb\"},\"inLanguage\":\"es\",\"potentialAction\":[{\"@type\":\"ReadAction\",\"target\":[\"https:\/\/laprensacristiana.com\/?p=16829\"]}]},{\"@type\":\"BreadcrumbList\",\"@id\":\"https:\/\/laprensacristiana.com\/?p=16829#breadcrumb\",\"itemListElement\":[{\"@type\":\"ListItem\",\"position\":1,\"name\":\"Portada\",\"item\":\"https:\/\/laprensacristiana.com\/\"},{\"@type\":\"ListItem\",\"position\":2,\"name\":\"Desde mi infancia, ten\u00eda el deseo de honrar al Rey con la m\u00fasica de mariachis. Neri Garc\u00eda.\"}]},{\"@type\":\"WebSite\",\"@id\":\"https:\/\/laprensacristiana.com\/#website\",\"url\":\"https:\/\/laprensacristiana.com\/\",\"name\":\"La Prensa Cristiana\",\"description\":\"Anunciando Las Buenas Nuevas\",\"potentialAction\":[{\"@type\":\"SearchAction\",\"target\":{\"@type\":\"EntryPoint\",\"urlTemplate\":\"https:\/\/laprensacristiana.com\/?s={search_term_string}\"},\"query-input\":\"required name=search_term_string\"}],\"inLanguage\":\"es\"},{\"@type\":\"Person\",\"@id\":\"https:\/\/laprensacristiana.com\/#\/schema\/person\/3e7d82c6bfd6b1fa67010f8f7cd5256e\",\"name\":\"EDITOR\",\"image\":{\"@type\":\"ImageObject\",\"inLanguage\":\"es\",\"@id\":\"https:\/\/laprensacristiana.com\/#\/schema\/person\/image\/\",\"url\":\"https:\/\/secure.gravatar.com\/avatar\/72069dfb6c13772d9e8381e3638666d2?s=96&d=mm&r=g\",\"contentUrl\":\"https:\/\/secure.gravatar.com\/avatar\/72069dfb6c13772d9e8381e3638666d2?s=96&d=mm&r=g\",\"caption\":\"EDITOR\"},\"url\":\"https:\/\/laprensacristiana.com\/?author=3\"}]}<\/script>\n<!-- \/ Yoast SEO plugin. -->","yoast_head_json":{"title":"Desde mi infancia, ten\u00eda el deseo de honrar al Rey con la m\u00fasica de mariachis. Neri Garc\u00eda. - La Prensa Cristiana","robots":{"index":"index","follow":"follow","max-snippet":"max-snippet:-1","max-image-preview":"max-image-preview:large","max-video-preview":"max-video-preview:-1"},"canonical":"https:\/\/laprensacristiana.com\/?p=16829","og_locale":"es_ES","og_type":"article","og_title":"Desde mi infancia, ten\u00eda el deseo de honrar al Rey con la m\u00fasica de mariachis. Neri Garc\u00eda. - La Prensa Cristiana","og_description":"Por: Edwin G\u00f3ngora 43 a\u00f1os han transcurrido desde que en el cant\u00f3n El Coco, del caser\u00edo Tierra Blanca, en Chalchuapa, Santa Ana, nace en un hogar cristiano, Neri Garc\u00eda. Hijo de don Jorge e Hilda Garc\u00eda, Neri \u00a0muestra desde temprana edad habilidad para cantar y tocar instrumentos. No era para menos, en la genealog\u00eda paterna, [&hellip;]","og_url":"https:\/\/laprensacristiana.com\/?p=16829","og_site_name":"La Prensa Cristiana","article_published_time":"2024-04-18T17:01:46+00:00","article_modified_time":"2024-04-18T18:36:58+00:00","og_image":[{"width":903,"height":822,"url":"https:\/\/laprensacristiana.com\/wp-content\/uploads\/2024\/04\/WhatsApp-Image-2024-04-18-at-11.09.35-AM.jpeg","type":"image\/jpeg"}],"author":"EDITOR","twitter_card":"summary_large_image","twitter_misc":{"Escrito por":"EDITOR","Tiempo de lectura":"4 minutos"},"schema":{"@context":"https:\/\/schema.org","@graph":[{"@type":"WebPage","@id":"https:\/\/laprensacristiana.com\/?p=16829","url":"https:\/\/laprensacristiana.com\/?p=16829","name":"Desde mi infancia, ten\u00eda el deseo de honrar al Rey con la m\u00fasica de mariachis. Neri Garc\u00eda. - La Prensa Cristiana","isPartOf":{"@id":"https:\/\/laprensacristiana.com\/#website"},"datePublished":"2024-04-18T17:01:46+00:00","dateModified":"2024-04-18T18:36:58+00:00","author":{"@id":"https:\/\/laprensacristiana.com\/#\/schema\/person\/3e7d82c6bfd6b1fa67010f8f7cd5256e"},"breadcrumb":{"@id":"https:\/\/laprensacristiana.com\/?p=16829#breadcrumb"},"inLanguage":"es","potentialAction":[{"@type":"ReadAction","target":["https:\/\/laprensacristiana.com\/?p=16829"]}]},{"@type":"BreadcrumbList","@id":"https:\/\/laprensacristiana.com\/?p=16829#breadcrumb","itemListElement":[{"@type":"ListItem","position":1,"name":"Portada","item":"https:\/\/laprensacristiana.com\/"},{"@type":"ListItem","position":2,"name":"Desde mi infancia, ten\u00eda el deseo de honrar al Rey con la m\u00fasica de mariachis. Neri Garc\u00eda."}]},{"@type":"WebSite","@id":"https:\/\/laprensacristiana.com\/#website","url":"https:\/\/laprensacristiana.com\/","name":"La Prensa Cristiana","description":"Anunciando Las Buenas Nuevas","potentialAction":[{"@type":"SearchAction","target":{"@type":"EntryPoint","urlTemplate":"https:\/\/laprensacristiana.com\/?s={search_term_string}"},"query-input":"required name=search_term_string"}],"inLanguage":"es"},{"@type":"Person","@id":"https:\/\/laprensacristiana.com\/#\/schema\/person\/3e7d82c6bfd6b1fa67010f8f7cd5256e","name":"EDITOR","image":{"@type":"ImageObject","inLanguage":"es","@id":"https:\/\/laprensacristiana.com\/#\/schema\/person\/image\/","url":"https:\/\/secure.gravatar.com\/avatar\/72069dfb6c13772d9e8381e3638666d2?s=96&d=mm&r=g","contentUrl":"https:\/\/secure.gravatar.com\/avatar\/72069dfb6c13772d9e8381e3638666d2?s=96&d=mm&r=g","caption":"EDITOR"},"url":"https:\/\/laprensacristiana.com\/?author=3"}]}},"_links":{"self":[{"href":"https:\/\/laprensacristiana.com\/index.php?rest_route=\/wp\/v2\/posts\/16829"}],"collection":[{"href":"https:\/\/laprensacristiana.com\/index.php?rest_route=\/wp\/v2\/posts"}],"about":[{"href":"https:\/\/laprensacristiana.com\/index.php?rest_route=\/wp\/v2\/types\/post"}],"author":[{"embeddable":true,"href":"https:\/\/laprensacristiana.com\/index.php?rest_route=\/wp\/v2\/users\/3"}],"replies":[{"embeddable":true,"href":"https:\/\/laprensacristiana.com\/index.php?rest_route=%2Fwp%2Fv2%2Fcomments&post=16829"}],"version-history":[{"count":7,"href":"https:\/\/laprensacristiana.com\/index.php?rest_route=\/wp\/v2\/posts\/16829\/revisions"}],"predecessor-version":[{"id":16847,"href":"https:\/\/laprensacristiana.com\/index.php?rest_route=\/wp\/v2\/posts\/16829\/revisions\/16847"}],"wp:featuredmedia":[{"embeddable":true,"href":"https:\/\/laprensacristiana.com\/index.php?rest_route=\/wp\/v2\/media\/16836"}],"wp:attachment":[{"href":"https:\/\/laprensacristiana.com\/index.php?rest_route=%2Fwp%2Fv2%2Fmedia&parent=16829"}],"wp:term":[{"taxonomy":"category","embeddable":true,"href":"https:\/\/laprensacristiana.com\/index.php?rest_route=%2Fwp%2Fv2%2Fcategories&post=16829"},{"taxonomy":"post_tag","embeddable":true,"href":"https:\/\/laprensacristiana.com\/index.php?rest_route=%2Fwp%2Fv2%2Ftags&post=16829"}],"curies":[{"name":"wp","href":"https:\/\/api.w.org\/{rel}","templated":true}]}}