{"id":1686,"date":"2016-10-18T20:56:02","date_gmt":"2016-10-18T20:56:02","guid":{"rendered":"https:\/\/laprensacristiana.com\/?p=1686"},"modified":"2020-07-02T01:37:46","modified_gmt":"2020-07-02T01:37:46","slug":"entrevista-a-juan-de-montreal","status":"publish","type":"post","link":"https:\/\/laprensacristiana.com\/?p=1686","title":{"rendered":"Entrevista a Juan de Montreal"},"content":{"rendered":"<p>Ministro de alabanza, pastor de j\u00f3venes y m\u00fasico. Proveniente de una familia pastoral, es parte de una banda llamada <em>Montreal <\/em>conformada por \u00e9l y sus cuatro hermanos.<\/p>\n<p>Hac\u00eda humor desde ni\u00f1o, tom\u00f3 la decisi\u00f3n de hacer videos con el fin de mostrar realidades de la iglesia o cuestiones que para \u00e9l se pudieran cambiar dentro de las congregaciones, pero lo hace de una forma divertida. Con esta faceta de su vida lleva alrededor 3 meses, y el contenido plasmado son situaciones que ha pasado \u00e9l y su familia.<\/p>\n<p>Mencion\u00f3 que ha tenido un recibimiento bastante positivo de parte de sus seguidores por las redes sociales, ya que m\u00e1s de uno se siente identificado con lo que \u00e9l expresa<em>.<\/em><em>\u201cJam\u00e1s en mi vida tuve idea de ser un youtuber o bloguero<\/em>\u201d. Se\u00f1al\u00f3.<\/p>\n<p>Dijo adem\u00e1s que una de las personas a quien admira mucho por su forma tan humor\u00edstica de expresarse es Dante Gebel<\/p>\n<p>\u00bfQu\u00e9 mensaje les puedes dar a la juventud salvadore\u00f1a?<\/p>\n<p><em>\u201cLes ha tocado una generaci\u00f3n m\u00e1s arriesgada, sean m\u00e1s valientes, m\u00e1s atrevidos, a no avergonzarse que son hijos de Cristo. Lo que yo hago espero que los pueda inspirar a hacer lo que ustedes quieran sin miedo; sin importar las cr\u00edticas, t\u00fa solo mant\u00e9n tu coraz\u00f3n limpio ante Dios, mant\u00e9n tu coraz\u00f3n\u00a0\u00edntegro\u201d.<\/em><\/p>\n<div style=\"width: 420px;\" class=\"wp-video\"><!--[if lt IE 9]><script>document.createElement('video');<\/script><![endif]-->\n<video class=\"wp-video-shortcode\" id=\"video-1686-1\" width=\"420\" height=\"240\" preload=\"metadata\" controls=\"controls\"><source type=\"video\/mp4\" src=\"https:\/\/laprensacristiana.com\/wp-content\/uploads\/2016\/10\/Juan-de-Montrial.mp4?_=1\" \/><a href=\"https:\/\/laprensacristiana.com\/wp-content\/uploads\/2016\/10\/Juan-de-Montrial.mp4\">https:\/\/laprensacristiana.com\/wp-content\/uploads\/2016\/10\/Juan-de-Montrial.mp4<\/a><\/video><\/div>\n<p>&nbsp;<\/p>\n","protected":false},"excerpt":{"rendered":"<p>Ministro de alabanza, pastor de j\u00f3venes y m\u00fasico. Proveniente de una familia pastoral, es parte de una banda llamada Montreal conformada por \u00e9l y sus cuatro hermanos. Hac\u00eda humor desde ni\u00f1o, tom\u00f3 la decisi\u00f3n de hacer videos con el fin de mostrar realidades de la iglesia o cuestiones que para \u00e9l se pudieran cambiar dentro [&hellip;]<\/p>\n","protected":false},"author":3,"featured_media":1691,"comment_status":"open","ping_status":"open","sticky":false,"template":"","format":"standard","meta":[],"categories":[103],"tags":[],"yoast_head":"<!-- This site is optimized with the Yoast SEO plugin v20.8 - https:\/\/yoast.com\/wordpress\/plugins\/seo\/ -->\n<title>Entrevista a Juan de Montreal - La Prensa Cristiana<\/title>\n<meta name=\"robots\" content=\"index, follow, max-snippet:-1, max-image-preview:large, max-video-preview:-1\" \/>\n<link rel=\"canonical\" href=\"https:\/\/laprensacristiana.com\/?p=1686\" \/>\n<meta property=\"og:locale\" content=\"es_ES\" \/>\n<meta property=\"og:type\" content=\"article\" \/>\n<meta property=\"og:title\" content=\"Entrevista a Juan de Montreal - La Prensa Cristiana\" \/>\n<meta property=\"og:description\" content=\"Ministro de alabanza, pastor de j\u00f3venes y m\u00fasico. Proveniente de una familia pastoral, es parte de una banda llamada Montreal conformada por \u00e9l y sus cuatro hermanos. Hac\u00eda humor desde ni\u00f1o, tom\u00f3 la decisi\u00f3n de hacer videos con el fin de mostrar realidades de la iglesia o cuestiones que para \u00e9l se pudieran cambiar dentro [&hellip;]\" \/>\n<meta property=\"og:url\" content=\"https:\/\/laprensacristiana.com\/?p=1686\" \/>\n<meta property=\"og:site_name\" content=\"La Prensa Cristiana\" \/>\n<meta property=\"article:published_time\" content=\"2016-10-18T20:56:02+00:00\" \/>\n<meta property=\"article:modified_time\" content=\"2020-07-02T01:37:46+00:00\" \/>\n<meta property=\"og:image\" content=\"https:\/\/laprensacristiana.com\/wp-content\/uploads\/2016\/10\/JUANN-scaled.jpg\" \/>\n\t<meta property=\"og:image:width\" content=\"2560\" \/>\n\t<meta property=\"og:image:height\" content=\"1054\" \/>\n\t<meta property=\"og:image:type\" content=\"image\/jpeg\" \/>\n<meta name=\"author\" content=\"EDITOR\" \/>\n<meta name=\"twitter:card\" content=\"summary_large_image\" \/>\n<meta name=\"twitter:label1\" content=\"Escrito por\" \/>\n\t<meta name=\"twitter:data1\" content=\"EDITOR\" \/>\n\t<meta name=\"twitter:label2\" content=\"Tiempo de lectura\" \/>\n\t<meta name=\"twitter:data2\" content=\"1 minuto\" \/>\n<script type=\"application\/ld+json\" class=\"yoast-schema-graph\">{\"@context\":\"https:\/\/schema.org\",\"@graph\":[{\"@type\":\"WebPage\",\"@id\":\"https:\/\/laprensacristiana.com\/?p=1686\",\"url\":\"https:\/\/laprensacristiana.com\/?p=1686\",\"name\":\"Entrevista a Juan de Montreal - La Prensa Cristiana\",\"isPartOf\":{\"@id\":\"https:\/\/laprensacristiana.com\/#website\"},\"datePublished\":\"2016-10-18T20:56:02+00:00\",\"dateModified\":\"2020-07-02T01:37:46+00:00\",\"author\":{\"@id\":\"https:\/\/laprensacristiana.com\/#\/schema\/person\/3e7d82c6bfd6b1fa67010f8f7cd5256e\"},\"breadcrumb\":{\"@id\":\"https:\/\/laprensacristiana.com\/?p=1686#breadcrumb\"},\"inLanguage\":\"es\",\"potentialAction\":[{\"@type\":\"ReadAction\",\"target\":[\"https:\/\/laprensacristiana.com\/?p=1686\"]}]},{\"@type\":\"BreadcrumbList\",\"@id\":\"https:\/\/laprensacristiana.com\/?p=1686#breadcrumb\",\"itemListElement\":[{\"@type\":\"ListItem\",\"position\":1,\"name\":\"Portada\",\"item\":\"https:\/\/laprensacristiana.com\/\"},{\"@type\":\"ListItem\",\"position\":2,\"name\":\"Entrevista a Juan de Montreal\"}]},{\"@type\":\"WebSite\",\"@id\":\"https:\/\/laprensacristiana.com\/#website\",\"url\":\"https:\/\/laprensacristiana.com\/\",\"name\":\"La Prensa Cristiana\",\"description\":\"Anunciando Las Buenas Nuevas\",\"potentialAction\":[{\"@type\":\"SearchAction\",\"target\":{\"@type\":\"EntryPoint\",\"urlTemplate\":\"https:\/\/laprensacristiana.com\/?s={search_term_string}\"},\"query-input\":\"required name=search_term_string\"}],\"inLanguage\":\"es\"},{\"@type\":\"Person\",\"@id\":\"https:\/\/laprensacristiana.com\/#\/schema\/person\/3e7d82c6bfd6b1fa67010f8f7cd5256e\",\"name\":\"EDITOR\",\"image\":{\"@type\":\"ImageObject\",\"inLanguage\":\"es\",\"@id\":\"https:\/\/laprensacristiana.com\/#\/schema\/person\/image\/\",\"url\":\"https:\/\/secure.gravatar.com\/avatar\/72069dfb6c13772d9e8381e3638666d2?s=96&d=mm&r=g\",\"contentUrl\":\"https:\/\/secure.gravatar.com\/avatar\/72069dfb6c13772d9e8381e3638666d2?s=96&d=mm&r=g\",\"caption\":\"EDITOR\"},\"url\":\"https:\/\/laprensacristiana.com\/?author=3\"}]}<\/script>\n<!-- \/ Yoast SEO plugin. -->","yoast_head_json":{"title":"Entrevista a Juan de Montreal - La Prensa Cristiana","robots":{"index":"index","follow":"follow","max-snippet":"max-snippet:-1","max-image-preview":"max-image-preview:large","max-video-preview":"max-video-preview:-1"},"canonical":"https:\/\/laprensacristiana.com\/?p=1686","og_locale":"es_ES","og_type":"article","og_title":"Entrevista a Juan de Montreal - La Prensa Cristiana","og_description":"Ministro de alabanza, pastor de j\u00f3venes y m\u00fasico. Proveniente de una familia pastoral, es parte de una banda llamada Montreal conformada por \u00e9l y sus cuatro hermanos. Hac\u00eda humor desde ni\u00f1o, tom\u00f3 la decisi\u00f3n de hacer videos con el fin de mostrar realidades de la iglesia o cuestiones que para \u00e9l se pudieran cambiar dentro [&hellip;]","og_url":"https:\/\/laprensacristiana.com\/?p=1686","og_site_name":"La Prensa Cristiana","article_published_time":"2016-10-18T20:56:02+00:00","article_modified_time":"2020-07-02T01:37:46+00:00","og_image":[{"width":2560,"height":1054,"url":"https:\/\/laprensacristiana.com\/wp-content\/uploads\/2016\/10\/JUANN-scaled.jpg","type":"image\/jpeg"}],"author":"EDITOR","twitter_card":"summary_large_image","twitter_misc":{"Escrito por":"EDITOR","Tiempo de lectura":"1 minuto"},"schema":{"@context":"https:\/\/schema.org","@graph":[{"@type":"WebPage","@id":"https:\/\/laprensacristiana.com\/?p=1686","url":"https:\/\/laprensacristiana.com\/?p=1686","name":"Entrevista a Juan de Montreal - La Prensa Cristiana","isPartOf":{"@id":"https:\/\/laprensacristiana.com\/#website"},"datePublished":"2016-10-18T20:56:02+00:00","dateModified":"2020-07-02T01:37:46+00:00","author":{"@id":"https:\/\/laprensacristiana.com\/#\/schema\/person\/3e7d82c6bfd6b1fa67010f8f7cd5256e"},"breadcrumb":{"@id":"https:\/\/laprensacristiana.com\/?p=1686#breadcrumb"},"inLanguage":"es","potentialAction":[{"@type":"ReadAction","target":["https:\/\/laprensacristiana.com\/?p=1686"]}]},{"@type":"BreadcrumbList","@id":"https:\/\/laprensacristiana.com\/?p=1686#breadcrumb","itemListElement":[{"@type":"ListItem","position":1,"name":"Portada","item":"https:\/\/laprensacristiana.com\/"},{"@type":"ListItem","position":2,"name":"Entrevista a Juan de Montreal"}]},{"@type":"WebSite","@id":"https:\/\/laprensacristiana.com\/#website","url":"https:\/\/laprensacristiana.com\/","name":"La Prensa Cristiana","description":"Anunciando Las Buenas Nuevas","potentialAction":[{"@type":"SearchAction","target":{"@type":"EntryPoint","urlTemplate":"https:\/\/laprensacristiana.com\/?s={search_term_string}"},"query-input":"required name=search_term_string"}],"inLanguage":"es"},{"@type":"Person","@id":"https:\/\/laprensacristiana.com\/#\/schema\/person\/3e7d82c6bfd6b1fa67010f8f7cd5256e","name":"EDITOR","image":{"@type":"ImageObject","inLanguage":"es","@id":"https:\/\/laprensacristiana.com\/#\/schema\/person\/image\/","url":"https:\/\/secure.gravatar.com\/avatar\/72069dfb6c13772d9e8381e3638666d2?s=96&d=mm&r=g","contentUrl":"https:\/\/secure.gravatar.com\/avatar\/72069dfb6c13772d9e8381e3638666d2?s=96&d=mm&r=g","caption":"EDITOR"},"url":"https:\/\/laprensacristiana.com\/?author=3"}]}},"_links":{"self":[{"href":"https:\/\/laprensacristiana.com\/index.php?rest_route=\/wp\/v2\/posts\/1686"}],"collection":[{"href":"https:\/\/laprensacristiana.com\/index.php?rest_route=\/wp\/v2\/posts"}],"about":[{"href":"https:\/\/laprensacristiana.com\/index.php?rest_route=\/wp\/v2\/types\/post"}],"author":[{"embeddable":true,"href":"https:\/\/laprensacristiana.com\/index.php?rest_route=\/wp\/v2\/users\/3"}],"replies":[{"embeddable":true,"href":"https:\/\/laprensacristiana.com\/index.php?rest_route=%2Fwp%2Fv2%2Fcomments&post=1686"}],"version-history":[{"count":3,"href":"https:\/\/laprensacristiana.com\/index.php?rest_route=\/wp\/v2\/posts\/1686\/revisions"}],"predecessor-version":[{"id":1694,"href":"https:\/\/laprensacristiana.com\/index.php?rest_route=\/wp\/v2\/posts\/1686\/revisions\/1694"}],"wp:featuredmedia":[{"embeddable":true,"href":"https:\/\/laprensacristiana.com\/index.php?rest_route=\/wp\/v2\/media\/1691"}],"wp:attachment":[{"href":"https:\/\/laprensacristiana.com\/index.php?rest_route=%2Fwp%2Fv2%2Fmedia&parent=1686"}],"wp:term":[{"taxonomy":"category","embeddable":true,"href":"https:\/\/laprensacristiana.com\/index.php?rest_route=%2Fwp%2Fv2%2Fcategories&post=1686"},{"taxonomy":"post_tag","embeddable":true,"href":"https:\/\/laprensacristiana.com\/index.php?rest_route=%2Fwp%2Fv2%2Ftags&post=1686"}],"curies":[{"name":"wp","href":"https:\/\/api.w.org\/{rel}","templated":true}]}}