{"id":1695,"date":"2016-10-19T16:19:17","date_gmt":"2016-10-19T16:19:17","guid":{"rendered":"https:\/\/laprensacristiana.com\/?p=1695"},"modified":"2020-07-02T01:37:33","modified_gmt":"2020-07-02T01:37:33","slug":"pablo-rosales-presenta-abran-las-puertas","status":"publish","type":"post","link":"https:\/\/laprensacristiana.com\/?p=1695","title":{"rendered":"Pablo Rosales presenta \u201cAbran las puertas\u201d"},"content":{"rendered":"<p>La m\u00fasica cristiana nacional cuenta con gran talento que pone en alto el nombre del Se\u00f1or por medio de sus diferentes interpretaciones, ya sea en banda o como solistas, y \u201cAbran las puertas\u201d no ser\u00e1 la excepci\u00f3n.<\/p>\n<p>El salmista y vocalista de la banda Radicales 51, Pablo Rosales, grabar\u00e1 concierto en vivo de su nueva producci\u00f3n como solista, Rosales estar\u00e1 acompa\u00f1ado de diferentes m\u00fasicos y artistas especiales invitados.<\/p>\n<p>Pero adem\u00e1s de disfrutar la buena m\u00fasica y de alabar a Dios, \u201cHabr\u00e1n plenarias para aprender de composici\u00f3n, sobre producci\u00f3n musical y sobre adoraci\u00f3n, seguido del concierto \u201cAbran las puertas\u201d que forma parte del material nuevo, de alabanza y adoraci\u00f3n. Luego de este concierto, los asistentes podr\u00e1n disfrutar de un mini concierto con Radicales 51, donde vamos a cantar las canciones que ya conocen, est\u00e1n todos invitados\u201d Dijo Pablo Rosales.<\/p>\n<p>El concierto ser\u00e1 el 13 de noviembre, a las 6:00 pm en el hotel Holiday Inn, en Santa Elena. Ya puedes conseguir tus entradas en los diferentes puntos de distribuci\u00f3n, o adquirirlas el d\u00eda del evento.<\/p>\n","protected":false},"excerpt":{"rendered":"<p>La m\u00fasica cristiana nacional cuenta con gran talento que pone en alto el nombre del Se\u00f1or por medio de sus diferentes interpretaciones, ya sea en banda o como solistas, y \u201cAbran las puertas\u201d no ser\u00e1 la excepci\u00f3n. El salmista y vocalista de la banda Radicales 51, Pablo Rosales, grabar\u00e1 concierto en vivo de su nueva [&hellip;]<\/p>\n","protected":false},"author":3,"featured_media":1696,"comment_status":"open","ping_status":"open","sticky":false,"template":"","format":"standard","meta":[],"categories":[101],"tags":[],"yoast_head":"<!-- This site is optimized with the Yoast SEO plugin v20.8 - https:\/\/yoast.com\/wordpress\/plugins\/seo\/ -->\n<title>Pablo Rosales presenta \u201cAbran las puertas\u201d - La Prensa Cristiana<\/title>\n<meta name=\"robots\" content=\"index, follow, max-snippet:-1, max-image-preview:large, max-video-preview:-1\" \/>\n<link rel=\"canonical\" href=\"https:\/\/laprensacristiana.com\/?p=1695\" \/>\n<meta property=\"og:locale\" content=\"es_ES\" \/>\n<meta property=\"og:type\" content=\"article\" \/>\n<meta property=\"og:title\" content=\"Pablo Rosales presenta \u201cAbran las puertas\u201d - La Prensa Cristiana\" \/>\n<meta property=\"og:description\" content=\"La m\u00fasica cristiana nacional cuenta con gran talento que pone en alto el nombre del Se\u00f1or por medio de sus diferentes interpretaciones, ya sea en banda o como solistas, y \u201cAbran las puertas\u201d no ser\u00e1 la excepci\u00f3n. El salmista y vocalista de la banda Radicales 51, Pablo Rosales, grabar\u00e1 concierto en vivo de su nueva [&hellip;]\" \/>\n<meta property=\"og:url\" content=\"https:\/\/laprensacristiana.com\/?p=1695\" \/>\n<meta property=\"og:site_name\" content=\"La Prensa Cristiana\" \/>\n<meta property=\"article:published_time\" content=\"2016-10-19T16:19:17+00:00\" \/>\n<meta property=\"article:modified_time\" content=\"2020-07-02T01:37:33+00:00\" \/>\n<meta property=\"og:image\" content=\"https:\/\/laprensacristiana.com\/wp-content\/uploads\/2016\/10\/Abran-las-puertas.jpg\" \/>\n\t<meta property=\"og:image:width\" content=\"960\" \/>\n\t<meta property=\"og:image:height\" content=\"354\" \/>\n\t<meta property=\"og:image:type\" content=\"image\/jpeg\" \/>\n<meta name=\"author\" content=\"EDITOR\" \/>\n<meta name=\"twitter:card\" content=\"summary_large_image\" \/>\n<meta name=\"twitter:label1\" content=\"Escrito por\" \/>\n\t<meta name=\"twitter:data1\" content=\"EDITOR\" \/>\n\t<meta name=\"twitter:label2\" content=\"Tiempo de lectura\" \/>\n\t<meta name=\"twitter:data2\" content=\"1 minuto\" \/>\n<script type=\"application\/ld+json\" class=\"yoast-schema-graph\">{\"@context\":\"https:\/\/schema.org\",\"@graph\":[{\"@type\":\"WebPage\",\"@id\":\"https:\/\/laprensacristiana.com\/?p=1695\",\"url\":\"https:\/\/laprensacristiana.com\/?p=1695\",\"name\":\"Pablo Rosales presenta \u201cAbran las puertas\u201d - La Prensa Cristiana\",\"isPartOf\":{\"@id\":\"https:\/\/laprensacristiana.com\/#website\"},\"datePublished\":\"2016-10-19T16:19:17+00:00\",\"dateModified\":\"2020-07-02T01:37:33+00:00\",\"author\":{\"@id\":\"https:\/\/laprensacristiana.com\/#\/schema\/person\/3e7d82c6bfd6b1fa67010f8f7cd5256e\"},\"breadcrumb\":{\"@id\":\"https:\/\/laprensacristiana.com\/?p=1695#breadcrumb\"},\"inLanguage\":\"es\",\"potentialAction\":[{\"@type\":\"ReadAction\",\"target\":[\"https:\/\/laprensacristiana.com\/?p=1695\"]}]},{\"@type\":\"BreadcrumbList\",\"@id\":\"https:\/\/laprensacristiana.com\/?p=1695#breadcrumb\",\"itemListElement\":[{\"@type\":\"ListItem\",\"position\":1,\"name\":\"Portada\",\"item\":\"https:\/\/laprensacristiana.com\/\"},{\"@type\":\"ListItem\",\"position\":2,\"name\":\"Pablo Rosales presenta \u201cAbran las puertas\u201d\"}]},{\"@type\":\"WebSite\",\"@id\":\"https:\/\/laprensacristiana.com\/#website\",\"url\":\"https:\/\/laprensacristiana.com\/\",\"name\":\"La Prensa Cristiana\",\"description\":\"Anunciando Las Buenas Nuevas\",\"potentialAction\":[{\"@type\":\"SearchAction\",\"target\":{\"@type\":\"EntryPoint\",\"urlTemplate\":\"https:\/\/laprensacristiana.com\/?s={search_term_string}\"},\"query-input\":\"required name=search_term_string\"}],\"inLanguage\":\"es\"},{\"@type\":\"Person\",\"@id\":\"https:\/\/laprensacristiana.com\/#\/schema\/person\/3e7d82c6bfd6b1fa67010f8f7cd5256e\",\"name\":\"EDITOR\",\"image\":{\"@type\":\"ImageObject\",\"inLanguage\":\"es\",\"@id\":\"https:\/\/laprensacristiana.com\/#\/schema\/person\/image\/\",\"url\":\"https:\/\/secure.gravatar.com\/avatar\/72069dfb6c13772d9e8381e3638666d2?s=96&d=mm&r=g\",\"contentUrl\":\"https:\/\/secure.gravatar.com\/avatar\/72069dfb6c13772d9e8381e3638666d2?s=96&d=mm&r=g\",\"caption\":\"EDITOR\"},\"url\":\"https:\/\/laprensacristiana.com\/?author=3\"}]}<\/script>\n<!-- \/ Yoast SEO plugin. -->","yoast_head_json":{"title":"Pablo Rosales presenta \u201cAbran las puertas\u201d - La Prensa Cristiana","robots":{"index":"index","follow":"follow","max-snippet":"max-snippet:-1","max-image-preview":"max-image-preview:large","max-video-preview":"max-video-preview:-1"},"canonical":"https:\/\/laprensacristiana.com\/?p=1695","og_locale":"es_ES","og_type":"article","og_title":"Pablo Rosales presenta \u201cAbran las puertas\u201d - La Prensa Cristiana","og_description":"La m\u00fasica cristiana nacional cuenta con gran talento que pone en alto el nombre del Se\u00f1or por medio de sus diferentes interpretaciones, ya sea en banda o como solistas, y \u201cAbran las puertas\u201d no ser\u00e1 la excepci\u00f3n. El salmista y vocalista de la banda Radicales 51, Pablo Rosales, grabar\u00e1 concierto en vivo de su nueva [&hellip;]","og_url":"https:\/\/laprensacristiana.com\/?p=1695","og_site_name":"La Prensa Cristiana","article_published_time":"2016-10-19T16:19:17+00:00","article_modified_time":"2020-07-02T01:37:33+00:00","og_image":[{"width":960,"height":354,"url":"https:\/\/laprensacristiana.com\/wp-content\/uploads\/2016\/10\/Abran-las-puertas.jpg","type":"image\/jpeg"}],"author":"EDITOR","twitter_card":"summary_large_image","twitter_misc":{"Escrito por":"EDITOR","Tiempo de lectura":"1 minuto"},"schema":{"@context":"https:\/\/schema.org","@graph":[{"@type":"WebPage","@id":"https:\/\/laprensacristiana.com\/?p=1695","url":"https:\/\/laprensacristiana.com\/?p=1695","name":"Pablo Rosales presenta \u201cAbran las puertas\u201d - La Prensa Cristiana","isPartOf":{"@id":"https:\/\/laprensacristiana.com\/#website"},"datePublished":"2016-10-19T16:19:17+00:00","dateModified":"2020-07-02T01:37:33+00:00","author":{"@id":"https:\/\/laprensacristiana.com\/#\/schema\/person\/3e7d82c6bfd6b1fa67010f8f7cd5256e"},"breadcrumb":{"@id":"https:\/\/laprensacristiana.com\/?p=1695#breadcrumb"},"inLanguage":"es","potentialAction":[{"@type":"ReadAction","target":["https:\/\/laprensacristiana.com\/?p=1695"]}]},{"@type":"BreadcrumbList","@id":"https:\/\/laprensacristiana.com\/?p=1695#breadcrumb","itemListElement":[{"@type":"ListItem","position":1,"name":"Portada","item":"https:\/\/laprensacristiana.com\/"},{"@type":"ListItem","position":2,"name":"Pablo Rosales presenta \u201cAbran las puertas\u201d"}]},{"@type":"WebSite","@id":"https:\/\/laprensacristiana.com\/#website","url":"https:\/\/laprensacristiana.com\/","name":"La Prensa Cristiana","description":"Anunciando Las Buenas Nuevas","potentialAction":[{"@type":"SearchAction","target":{"@type":"EntryPoint","urlTemplate":"https:\/\/laprensacristiana.com\/?s={search_term_string}"},"query-input":"required name=search_term_string"}],"inLanguage":"es"},{"@type":"Person","@id":"https:\/\/laprensacristiana.com\/#\/schema\/person\/3e7d82c6bfd6b1fa67010f8f7cd5256e","name":"EDITOR","image":{"@type":"ImageObject","inLanguage":"es","@id":"https:\/\/laprensacristiana.com\/#\/schema\/person\/image\/","url":"https:\/\/secure.gravatar.com\/avatar\/72069dfb6c13772d9e8381e3638666d2?s=96&d=mm&r=g","contentUrl":"https:\/\/secure.gravatar.com\/avatar\/72069dfb6c13772d9e8381e3638666d2?s=96&d=mm&r=g","caption":"EDITOR"},"url":"https:\/\/laprensacristiana.com\/?author=3"}]}},"_links":{"self":[{"href":"https:\/\/laprensacristiana.com\/index.php?rest_route=\/wp\/v2\/posts\/1695"}],"collection":[{"href":"https:\/\/laprensacristiana.com\/index.php?rest_route=\/wp\/v2\/posts"}],"about":[{"href":"https:\/\/laprensacristiana.com\/index.php?rest_route=\/wp\/v2\/types\/post"}],"author":[{"embeddable":true,"href":"https:\/\/laprensacristiana.com\/index.php?rest_route=\/wp\/v2\/users\/3"}],"replies":[{"embeddable":true,"href":"https:\/\/laprensacristiana.com\/index.php?rest_route=%2Fwp%2Fv2%2Fcomments&post=1695"}],"version-history":[{"count":1,"href":"https:\/\/laprensacristiana.com\/index.php?rest_route=\/wp\/v2\/posts\/1695\/revisions"}],"predecessor-version":[{"id":1697,"href":"https:\/\/laprensacristiana.com\/index.php?rest_route=\/wp\/v2\/posts\/1695\/revisions\/1697"}],"wp:featuredmedia":[{"embeddable":true,"href":"https:\/\/laprensacristiana.com\/index.php?rest_route=\/wp\/v2\/media\/1696"}],"wp:attachment":[{"href":"https:\/\/laprensacristiana.com\/index.php?rest_route=%2Fwp%2Fv2%2Fmedia&parent=1695"}],"wp:term":[{"taxonomy":"category","embeddable":true,"href":"https:\/\/laprensacristiana.com\/index.php?rest_route=%2Fwp%2Fv2%2Fcategories&post=1695"},{"taxonomy":"post_tag","embeddable":true,"href":"https:\/\/laprensacristiana.com\/index.php?rest_route=%2Fwp%2Fv2%2Ftags&post=1695"}],"curies":[{"name":"wp","href":"https:\/\/api.w.org\/{rel}","templated":true}]}}