{"id":1698,"date":"2016-10-19T17:18:00","date_gmt":"2016-10-19T17:18:00","guid":{"rendered":"https:\/\/laprensacristiana.com\/?p=1698"},"modified":"2016-10-19T17:18:00","modified_gmt":"2016-10-19T17:18:00","slug":"la-iglesia-ante-las-realidades-coyunturales-del-pais","status":"publish","type":"post","link":"https:\/\/laprensacristiana.com\/?p=1698","title":{"rendered":"La iglesia ante las realidades coyunturales del pa\u00eds"},"content":{"rendered":"<p>Nadie escapa a las actuales realidades que vivimos los salvadore\u00f1os tocante al clima de inseguridad, la corrupci\u00f3n, la econom\u00eda y otros fen\u00f3menos que saltan a la vista con cada d\u00eda que vivimos.<\/p>\n<p>Mientras hay quienes piensan que lo mejor es mantenerse al margen porque nuestra \u00fanica funci\u00f3n es espiritual, hay otros que piensan que se debe hacer algo m\u00e1s, como por ejemplo que los cristianos ocupen posiciones de decisi\u00f3n en este pa\u00eds. No voy a pronunciarme por una u otra posici\u00f3n, pero lo que s\u00ed no puede negarse es que queramos o no, somos parte de esta naci\u00f3n y lo que sucede nos afecta directamente.<\/p>\n<p>He aqu\u00ed mi humilde opini\u00f3n al respecto: En primer lugar, creo que la iglesia (por no decir la cristiandad evang\u00e9lica salvadore\u00f1a) no debe comprometer sus principios y valores b\u00edblicos-cristianos con ning\u00fan sistema que atente contra lo que creemos y defendemos. Deber\u00edamos alejarnos de todo aquello que ri\u00f1a con las verdades que por siempre hemos sostenido. La historia nos da la raz\u00f3n, pues ya hemos visto en repetidas ocasiones que las ideolog\u00edas pasan y lo \u00fanico que hacen es dividir a los pueblos; lo \u00fanico que no cambia es Dios y su Palabra.<\/p>\n<p>En segundo lugar, deber\u00edamos juzgar el accionar de nuestros representantes en el gobierno a la luz de la Palabra de Dios y la constituci\u00f3n de la Rep\u00fablica. Pasar por alto este deber es caer en alienaci\u00f3n y eso es peligroso. Por encima de nuestras simpat\u00edas ideol\u00f3gicas-pol\u00edticas est\u00e1 la verdad ineludible de la Palabra de Dios y la constituci\u00f3n.<\/p>\n<p>En tercer lugar, deber\u00edamos ser m\u00e1s unidos cuando se trata de sacar adelante al pa\u00eds. Somos alrededor del cuarenta por ciento de la poblaci\u00f3n y al mismo tiempo somos tan d\u00e9biles que los pol\u00edticos nos ven de menos y \u00fanicamente nos usan para su propio beneficio. Que tal si nos uni\u00e9ramos para dar pronunciamientos respecto a los intentos de legalizar el aborto por ejemplo. El d\u00eda que los pol\u00edticos vean una sola voz en nosotros, ese d\u00eda nos van a respetar.<\/p>\n<p>Y en cuarto lugar, no olvidemos que la intercesi\u00f3n cambia el rumbo de la historia. Mois\u00e9s cambi\u00f3 la historia por medio de la intercesi\u00f3n cuando le pidi\u00f3 a Dios que no matara a los hebreos en el desierto. De no haberse interpuesto Mois\u00e9s, la historia hoy fuera otra. Si amamos este pa\u00eds y no nos agrada como est\u00e1n marchando las cosas, intercedamos por \u00e9l. Dios puede y quiere actuar a favor nuestro.<\/p>\n","protected":false},"excerpt":{"rendered":"<p>Nadie escapa a las actuales realidades que vivimos los salvadore\u00f1os tocante al clima de inseguridad, la corrupci\u00f3n, la econom\u00eda y otros fen\u00f3menos que saltan a la vista con cada d\u00eda que vivimos. Mientras hay quienes piensan que lo mejor es mantenerse al margen porque nuestra \u00fanica funci\u00f3n es espiritual, hay otros que piensan que se [&hellip;]<\/p>\n","protected":false},"author":3,"featured_media":1699,"comment_status":"open","ping_status":"open","sticky":false,"template":"","format":"standard","meta":[],"categories":[23],"tags":[],"yoast_head":"<!-- This site is optimized with the Yoast SEO plugin v20.8 - https:\/\/yoast.com\/wordpress\/plugins\/seo\/ -->\n<title>La iglesia ante las realidades coyunturales del pa\u00eds - La Prensa Cristiana<\/title>\n<meta name=\"robots\" content=\"index, follow, max-snippet:-1, max-image-preview:large, max-video-preview:-1\" \/>\n<link rel=\"canonical\" href=\"https:\/\/laprensacristiana.com\/?p=1698\" \/>\n<meta property=\"og:locale\" content=\"es_ES\" \/>\n<meta property=\"og:type\" content=\"article\" \/>\n<meta property=\"og:title\" content=\"La iglesia ante las realidades coyunturales del pa\u00eds - La Prensa Cristiana\" \/>\n<meta property=\"og:description\" content=\"Nadie escapa a las actuales realidades que vivimos los salvadore\u00f1os tocante al clima de inseguridad, la corrupci\u00f3n, la econom\u00eda y otros fen\u00f3menos que saltan a la vista con cada d\u00eda que vivimos. Mientras hay quienes piensan que lo mejor es mantenerse al margen porque nuestra \u00fanica funci\u00f3n es espiritual, hay otros que piensan que se [&hellip;]\" \/>\n<meta property=\"og:url\" content=\"https:\/\/laprensacristiana.com\/?p=1698\" \/>\n<meta property=\"og:site_name\" content=\"La Prensa Cristiana\" \/>\n<meta property=\"article:published_time\" content=\"2016-10-19T17:18:00+00:00\" \/>\n<meta property=\"og:image\" content=\"https:\/\/laprensacristiana.com\/wp-content\/uploads\/2016\/10\/OPINION-PASTOR-JULIO-AGREDA-01-scaled.jpg\" \/>\n\t<meta property=\"og:image:width\" content=\"2560\" \/>\n\t<meta property=\"og:image:height\" content=\"1429\" \/>\n\t<meta property=\"og:image:type\" content=\"image\/jpeg\" \/>\n<meta name=\"author\" content=\"EDITOR\" \/>\n<meta name=\"twitter:card\" content=\"summary_large_image\" \/>\n<meta name=\"twitter:label1\" content=\"Escrito por\" \/>\n\t<meta name=\"twitter:data1\" content=\"EDITOR\" \/>\n\t<meta name=\"twitter:label2\" content=\"Tiempo de lectura\" \/>\n\t<meta name=\"twitter:data2\" content=\"2 minutos\" \/>\n<script type=\"application\/ld+json\" class=\"yoast-schema-graph\">{\"@context\":\"https:\/\/schema.org\",\"@graph\":[{\"@type\":\"WebPage\",\"@id\":\"https:\/\/laprensacristiana.com\/?p=1698\",\"url\":\"https:\/\/laprensacristiana.com\/?p=1698\",\"name\":\"La iglesia ante las realidades coyunturales del pa\u00eds - La Prensa Cristiana\",\"isPartOf\":{\"@id\":\"https:\/\/laprensacristiana.com\/#website\"},\"datePublished\":\"2016-10-19T17:18:00+00:00\",\"dateModified\":\"2016-10-19T17:18:00+00:00\",\"author\":{\"@id\":\"https:\/\/laprensacristiana.com\/#\/schema\/person\/3e7d82c6bfd6b1fa67010f8f7cd5256e\"},\"breadcrumb\":{\"@id\":\"https:\/\/laprensacristiana.com\/?p=1698#breadcrumb\"},\"inLanguage\":\"es\",\"potentialAction\":[{\"@type\":\"ReadAction\",\"target\":[\"https:\/\/laprensacristiana.com\/?p=1698\"]}]},{\"@type\":\"BreadcrumbList\",\"@id\":\"https:\/\/laprensacristiana.com\/?p=1698#breadcrumb\",\"itemListElement\":[{\"@type\":\"ListItem\",\"position\":1,\"name\":\"Portada\",\"item\":\"https:\/\/laprensacristiana.com\/\"},{\"@type\":\"ListItem\",\"position\":2,\"name\":\"La iglesia ante las realidades coyunturales del pa\u00eds\"}]},{\"@type\":\"WebSite\",\"@id\":\"https:\/\/laprensacristiana.com\/#website\",\"url\":\"https:\/\/laprensacristiana.com\/\",\"name\":\"La Prensa Cristiana\",\"description\":\"Anunciando Las Buenas Nuevas\",\"potentialAction\":[{\"@type\":\"SearchAction\",\"target\":{\"@type\":\"EntryPoint\",\"urlTemplate\":\"https:\/\/laprensacristiana.com\/?s={search_term_string}\"},\"query-input\":\"required name=search_term_string\"}],\"inLanguage\":\"es\"},{\"@type\":\"Person\",\"@id\":\"https:\/\/laprensacristiana.com\/#\/schema\/person\/3e7d82c6bfd6b1fa67010f8f7cd5256e\",\"name\":\"EDITOR\",\"image\":{\"@type\":\"ImageObject\",\"inLanguage\":\"es\",\"@id\":\"https:\/\/laprensacristiana.com\/#\/schema\/person\/image\/\",\"url\":\"https:\/\/secure.gravatar.com\/avatar\/72069dfb6c13772d9e8381e3638666d2?s=96&d=mm&r=g\",\"contentUrl\":\"https:\/\/secure.gravatar.com\/avatar\/72069dfb6c13772d9e8381e3638666d2?s=96&d=mm&r=g\",\"caption\":\"EDITOR\"},\"url\":\"https:\/\/laprensacristiana.com\/?author=3\"}]}<\/script>\n<!-- \/ Yoast SEO plugin. -->","yoast_head_json":{"title":"La iglesia ante las realidades coyunturales del pa\u00eds - La Prensa Cristiana","robots":{"index":"index","follow":"follow","max-snippet":"max-snippet:-1","max-image-preview":"max-image-preview:large","max-video-preview":"max-video-preview:-1"},"canonical":"https:\/\/laprensacristiana.com\/?p=1698","og_locale":"es_ES","og_type":"article","og_title":"La iglesia ante las realidades coyunturales del pa\u00eds - La Prensa Cristiana","og_description":"Nadie escapa a las actuales realidades que vivimos los salvadore\u00f1os tocante al clima de inseguridad, la corrupci\u00f3n, la econom\u00eda y otros fen\u00f3menos que saltan a la vista con cada d\u00eda que vivimos. Mientras hay quienes piensan que lo mejor es mantenerse al margen porque nuestra \u00fanica funci\u00f3n es espiritual, hay otros que piensan que se [&hellip;]","og_url":"https:\/\/laprensacristiana.com\/?p=1698","og_site_name":"La Prensa Cristiana","article_published_time":"2016-10-19T17:18:00+00:00","og_image":[{"width":2560,"height":1429,"url":"https:\/\/laprensacristiana.com\/wp-content\/uploads\/2016\/10\/OPINION-PASTOR-JULIO-AGREDA-01-scaled.jpg","type":"image\/jpeg"}],"author":"EDITOR","twitter_card":"summary_large_image","twitter_misc":{"Escrito por":"EDITOR","Tiempo de lectura":"2 minutos"},"schema":{"@context":"https:\/\/schema.org","@graph":[{"@type":"WebPage","@id":"https:\/\/laprensacristiana.com\/?p=1698","url":"https:\/\/laprensacristiana.com\/?p=1698","name":"La iglesia ante las realidades coyunturales del pa\u00eds - La Prensa Cristiana","isPartOf":{"@id":"https:\/\/laprensacristiana.com\/#website"},"datePublished":"2016-10-19T17:18:00+00:00","dateModified":"2016-10-19T17:18:00+00:00","author":{"@id":"https:\/\/laprensacristiana.com\/#\/schema\/person\/3e7d82c6bfd6b1fa67010f8f7cd5256e"},"breadcrumb":{"@id":"https:\/\/laprensacristiana.com\/?p=1698#breadcrumb"},"inLanguage":"es","potentialAction":[{"@type":"ReadAction","target":["https:\/\/laprensacristiana.com\/?p=1698"]}]},{"@type":"BreadcrumbList","@id":"https:\/\/laprensacristiana.com\/?p=1698#breadcrumb","itemListElement":[{"@type":"ListItem","position":1,"name":"Portada","item":"https:\/\/laprensacristiana.com\/"},{"@type":"ListItem","position":2,"name":"La iglesia ante las realidades coyunturales del pa\u00eds"}]},{"@type":"WebSite","@id":"https:\/\/laprensacristiana.com\/#website","url":"https:\/\/laprensacristiana.com\/","name":"La Prensa Cristiana","description":"Anunciando Las Buenas Nuevas","potentialAction":[{"@type":"SearchAction","target":{"@type":"EntryPoint","urlTemplate":"https:\/\/laprensacristiana.com\/?s={search_term_string}"},"query-input":"required name=search_term_string"}],"inLanguage":"es"},{"@type":"Person","@id":"https:\/\/laprensacristiana.com\/#\/schema\/person\/3e7d82c6bfd6b1fa67010f8f7cd5256e","name":"EDITOR","image":{"@type":"ImageObject","inLanguage":"es","@id":"https:\/\/laprensacristiana.com\/#\/schema\/person\/image\/","url":"https:\/\/secure.gravatar.com\/avatar\/72069dfb6c13772d9e8381e3638666d2?s=96&d=mm&r=g","contentUrl":"https:\/\/secure.gravatar.com\/avatar\/72069dfb6c13772d9e8381e3638666d2?s=96&d=mm&r=g","caption":"EDITOR"},"url":"https:\/\/laprensacristiana.com\/?author=3"}]}},"_links":{"self":[{"href":"https:\/\/laprensacristiana.com\/index.php?rest_route=\/wp\/v2\/posts\/1698"}],"collection":[{"href":"https:\/\/laprensacristiana.com\/index.php?rest_route=\/wp\/v2\/posts"}],"about":[{"href":"https:\/\/laprensacristiana.com\/index.php?rest_route=\/wp\/v2\/types\/post"}],"author":[{"embeddable":true,"href":"https:\/\/laprensacristiana.com\/index.php?rest_route=\/wp\/v2\/users\/3"}],"replies":[{"embeddable":true,"href":"https:\/\/laprensacristiana.com\/index.php?rest_route=%2Fwp%2Fv2%2Fcomments&post=1698"}],"version-history":[{"count":1,"href":"https:\/\/laprensacristiana.com\/index.php?rest_route=\/wp\/v2\/posts\/1698\/revisions"}],"predecessor-version":[{"id":1700,"href":"https:\/\/laprensacristiana.com\/index.php?rest_route=\/wp\/v2\/posts\/1698\/revisions\/1700"}],"wp:featuredmedia":[{"embeddable":true,"href":"https:\/\/laprensacristiana.com\/index.php?rest_route=\/wp\/v2\/media\/1699"}],"wp:attachment":[{"href":"https:\/\/laprensacristiana.com\/index.php?rest_route=%2Fwp%2Fv2%2Fmedia&parent=1698"}],"wp:term":[{"taxonomy":"category","embeddable":true,"href":"https:\/\/laprensacristiana.com\/index.php?rest_route=%2Fwp%2Fv2%2Fcategories&post=1698"},{"taxonomy":"post_tag","embeddable":true,"href":"https:\/\/laprensacristiana.com\/index.php?rest_route=%2Fwp%2Fv2%2Ftags&post=1698"}],"curies":[{"name":"wp","href":"https:\/\/api.w.org\/{rel}","templated":true}]}}