{"id":1701,"date":"2016-10-19T23:05:36","date_gmt":"2016-10-19T23:05:36","guid":{"rendered":"https:\/\/laprensacristiana.com\/?p=1701"},"modified":"2020-07-02T01:37:22","modified_gmt":"2020-07-02T01:37:22","slug":"marcha-para-jesus-2016","status":"publish","type":"post","link":"https:\/\/laprensacristiana.com\/?p=1701","title":{"rendered":"Marcha para Jes\u00fas 2016"},"content":{"rendered":"<p>El pr\u00f3ximo s\u00e1bado 29 de octubre se realizar\u00e1 la segunda <em>Marcha para Jes\u00fas 2016, <\/em>con el \u00fanico objetivo de reunir al pueblo de Dios y poder exaltar a Jes\u00fas. Partiendo desde las fuentes Beethoven hasta llegar a la Plaza Salvador del Mundo.<\/p>\n<p>Hace trece a\u00f1os que se inici\u00f3 con esta actividad, pero se tuvo que pausar y fue hasta el a\u00f1o pasado que se retom\u00f3. En la marcha del 2015 se contabilizaron a 4,000 asistentes; para este a\u00f1o se espera la llegada de m\u00e1s personas.<\/p>\n<p>Dentro del programa habr\u00e1 danzas, chofaristas y m\u00e1s de 25 bandas de paz de diferentes colegios y escuelas del pa\u00eds. Adem\u00e1s como invitados especiales estar\u00e1n bandas musicales, distintas iglesias, salmistas, predicadores salvadore\u00f1os y extranjeros, ONG cristianas, ministerios y universidades.<\/p>\n<p>Ser\u00e1 un evento \u00fanico ya que este es en conmemoraci\u00f3n del d\u00eda mundial de la iglesia evang\u00e9lica, y por medio de esta iniciativa adoran, predican y oran por El Salvador.<\/p>\n<figure id=\"attachment_1706\" aria-describedby=\"caption-attachment-1706\" style=\"width: 300px\" class=\"wp-caption alignright\"><img decoding=\"async\" loading=\"lazy\" class=\"size-medium wp-image-1706\" src=\"https:\/\/laprensacristiana.com\/wp-content\/uploads\/2016\/10\/WhatsApp-Image-2016-10-19-at-5.55.58-PM-300x225.jpeg\" alt=\"Pastor Amabilex Rodriguez, organizador de Marcha para Jes\u00fas\" width=\"300\" height=\"225\" srcset=\"https:\/\/laprensacristiana.com\/wp-content\/uploads\/2016\/10\/WhatsApp-Image-2016-10-19-at-5.55.58-PM-300x225.jpeg 300w, https:\/\/laprensacristiana.com\/wp-content\/uploads\/2016\/10\/WhatsApp-Image-2016-10-19-at-5.55.58-PM-600x450.jpeg 600w, https:\/\/laprensacristiana.com\/wp-content\/uploads\/2016\/10\/WhatsApp-Image-2016-10-19-at-5.55.58-PM-768x576.jpeg 768w, https:\/\/laprensacristiana.com\/wp-content\/uploads\/2016\/10\/WhatsApp-Image-2016-10-19-at-5.55.58-PM-1024x768.jpeg 1024w, https:\/\/laprensacristiana.com\/wp-content\/uploads\/2016\/10\/WhatsApp-Image-2016-10-19-at-5.55.58-PM-80x60.jpeg 80w, https:\/\/laprensacristiana.com\/wp-content\/uploads\/2016\/10\/WhatsApp-Image-2016-10-19-at-5.55.58-PM-265x198.jpeg 265w, https:\/\/laprensacristiana.com\/wp-content\/uploads\/2016\/10\/WhatsApp-Image-2016-10-19-at-5.55.58-PM-696x522.jpeg 696w, https:\/\/laprensacristiana.com\/wp-content\/uploads\/2016\/10\/WhatsApp-Image-2016-10-19-at-5.55.58-PM-1068x801.jpeg 1068w, https:\/\/laprensacristiana.com\/wp-content\/uploads\/2016\/10\/WhatsApp-Image-2016-10-19-at-5.55.58-PM-560x420.jpeg 560w, https:\/\/laprensacristiana.com\/wp-content\/uploads\/2016\/10\/WhatsApp-Image-2016-10-19-at-5.55.58-PM.jpeg 1280w\" sizes=\"(max-width: 300px) 100vw, 300px\" \/><figcaption id=\"caption-attachment-1706\" class=\"wp-caption-text\">Pastor Amabilex Rodriguez, organizador de Marcha para Jes\u00fas<\/figcaption><\/figure>\n<p>Para Amabilex Rodr\u00edguez, quien es uno de los organizadores de la marcha, menciona la alegr\u00eda que le ha dado ver la reacci\u00f3n de la gente que ha asistido a este suceso, pues asegura que a quienes m\u00e1s les interesa y entusiasma es a los j\u00f3venes.<\/p>\n","protected":false},"excerpt":{"rendered":"<p>El pr\u00f3ximo s\u00e1bado 29 de octubre se realizar\u00e1 la segunda Marcha para Jes\u00fas 2016, con el \u00fanico objetivo de reunir al pueblo de Dios y poder exaltar a Jes\u00fas. Partiendo desde las fuentes Beethoven hasta llegar a la Plaza Salvador del Mundo. Hace trece a\u00f1os que se inici\u00f3 con esta actividad, pero se tuvo que [&hellip;]<\/p>\n","protected":false},"author":3,"featured_media":1702,"comment_status":"open","ping_status":"open","sticky":false,"template":"","format":"standard","meta":[],"categories":[56],"tags":[],"yoast_head":"<!-- This site is optimized with the Yoast SEO plugin v20.8 - https:\/\/yoast.com\/wordpress\/plugins\/seo\/ -->\n<title>Marcha para Jes\u00fas 2016 - La Prensa Cristiana<\/title>\n<meta name=\"robots\" content=\"index, follow, max-snippet:-1, max-image-preview:large, max-video-preview:-1\" \/>\n<link rel=\"canonical\" href=\"https:\/\/laprensacristiana.com\/?p=1701\" \/>\n<meta property=\"og:locale\" content=\"es_ES\" \/>\n<meta property=\"og:type\" content=\"article\" \/>\n<meta property=\"og:title\" content=\"Marcha para Jes\u00fas 2016 - La Prensa Cristiana\" \/>\n<meta property=\"og:description\" content=\"El pr\u00f3ximo s\u00e1bado 29 de octubre se realizar\u00e1 la segunda Marcha para Jes\u00fas 2016, con el \u00fanico objetivo de reunir al pueblo de Dios y poder exaltar a Jes\u00fas. Partiendo desde las fuentes Beethoven hasta llegar a la Plaza Salvador del Mundo. Hace trece a\u00f1os que se inici\u00f3 con esta actividad, pero se tuvo que [&hellip;]\" \/>\n<meta property=\"og:url\" content=\"https:\/\/laprensacristiana.com\/?p=1701\" \/>\n<meta property=\"og:site_name\" content=\"La Prensa Cristiana\" \/>\n<meta property=\"article:published_time\" content=\"2016-10-19T23:05:36+00:00\" \/>\n<meta property=\"article:modified_time\" content=\"2020-07-02T01:37:22+00:00\" \/>\n<meta property=\"og:image\" content=\"https:\/\/laprensacristiana.com\/wp-content\/uploads\/2016\/10\/MARCHA-J.jpg\" \/>\n\t<meta property=\"og:image:width\" content=\"1280\" \/>\n\t<meta property=\"og:image:height\" content=\"988\" \/>\n\t<meta property=\"og:image:type\" content=\"image\/jpeg\" \/>\n<meta name=\"author\" content=\"EDITOR\" \/>\n<meta name=\"twitter:card\" content=\"summary_large_image\" \/>\n<meta name=\"twitter:label1\" content=\"Escrito por\" \/>\n\t<meta name=\"twitter:data1\" content=\"EDITOR\" \/>\n\t<meta name=\"twitter:label2\" content=\"Tiempo de lectura\" \/>\n\t<meta name=\"twitter:data2\" content=\"1 minuto\" \/>\n<script type=\"application\/ld+json\" class=\"yoast-schema-graph\">{\"@context\":\"https:\/\/schema.org\",\"@graph\":[{\"@type\":\"WebPage\",\"@id\":\"https:\/\/laprensacristiana.com\/?p=1701\",\"url\":\"https:\/\/laprensacristiana.com\/?p=1701\",\"name\":\"Marcha para Jes\u00fas 2016 - La Prensa Cristiana\",\"isPartOf\":{\"@id\":\"https:\/\/laprensacristiana.com\/#website\"},\"datePublished\":\"2016-10-19T23:05:36+00:00\",\"dateModified\":\"2020-07-02T01:37:22+00:00\",\"author\":{\"@id\":\"https:\/\/laprensacristiana.com\/#\/schema\/person\/3e7d82c6bfd6b1fa67010f8f7cd5256e\"},\"breadcrumb\":{\"@id\":\"https:\/\/laprensacristiana.com\/?p=1701#breadcrumb\"},\"inLanguage\":\"es\",\"potentialAction\":[{\"@type\":\"ReadAction\",\"target\":[\"https:\/\/laprensacristiana.com\/?p=1701\"]}]},{\"@type\":\"BreadcrumbList\",\"@id\":\"https:\/\/laprensacristiana.com\/?p=1701#breadcrumb\",\"itemListElement\":[{\"@type\":\"ListItem\",\"position\":1,\"name\":\"Portada\",\"item\":\"https:\/\/laprensacristiana.com\/\"},{\"@type\":\"ListItem\",\"position\":2,\"name\":\"Marcha para Jes\u00fas 2016\"}]},{\"@type\":\"WebSite\",\"@id\":\"https:\/\/laprensacristiana.com\/#website\",\"url\":\"https:\/\/laprensacristiana.com\/\",\"name\":\"La Prensa Cristiana\",\"description\":\"Anunciando Las Buenas Nuevas\",\"potentialAction\":[{\"@type\":\"SearchAction\",\"target\":{\"@type\":\"EntryPoint\",\"urlTemplate\":\"https:\/\/laprensacristiana.com\/?s={search_term_string}\"},\"query-input\":\"required name=search_term_string\"}],\"inLanguage\":\"es\"},{\"@type\":\"Person\",\"@id\":\"https:\/\/laprensacristiana.com\/#\/schema\/person\/3e7d82c6bfd6b1fa67010f8f7cd5256e\",\"name\":\"EDITOR\",\"image\":{\"@type\":\"ImageObject\",\"inLanguage\":\"es\",\"@id\":\"https:\/\/laprensacristiana.com\/#\/schema\/person\/image\/\",\"url\":\"https:\/\/secure.gravatar.com\/avatar\/72069dfb6c13772d9e8381e3638666d2?s=96&d=mm&r=g\",\"contentUrl\":\"https:\/\/secure.gravatar.com\/avatar\/72069dfb6c13772d9e8381e3638666d2?s=96&d=mm&r=g\",\"caption\":\"EDITOR\"},\"url\":\"https:\/\/laprensacristiana.com\/?author=3\"}]}<\/script>\n<!-- \/ Yoast SEO plugin. -->","yoast_head_json":{"title":"Marcha para Jes\u00fas 2016 - La Prensa Cristiana","robots":{"index":"index","follow":"follow","max-snippet":"max-snippet:-1","max-image-preview":"max-image-preview:large","max-video-preview":"max-video-preview:-1"},"canonical":"https:\/\/laprensacristiana.com\/?p=1701","og_locale":"es_ES","og_type":"article","og_title":"Marcha para Jes\u00fas 2016 - La Prensa Cristiana","og_description":"El pr\u00f3ximo s\u00e1bado 29 de octubre se realizar\u00e1 la segunda Marcha para Jes\u00fas 2016, con el \u00fanico objetivo de reunir al pueblo de Dios y poder exaltar a Jes\u00fas. Partiendo desde las fuentes Beethoven hasta llegar a la Plaza Salvador del Mundo. Hace trece a\u00f1os que se inici\u00f3 con esta actividad, pero se tuvo que [&hellip;]","og_url":"https:\/\/laprensacristiana.com\/?p=1701","og_site_name":"La Prensa Cristiana","article_published_time":"2016-10-19T23:05:36+00:00","article_modified_time":"2020-07-02T01:37:22+00:00","og_image":[{"width":1280,"height":988,"url":"https:\/\/laprensacristiana.com\/wp-content\/uploads\/2016\/10\/MARCHA-J.jpg","type":"image\/jpeg"}],"author":"EDITOR","twitter_card":"summary_large_image","twitter_misc":{"Escrito por":"EDITOR","Tiempo de lectura":"1 minuto"},"schema":{"@context":"https:\/\/schema.org","@graph":[{"@type":"WebPage","@id":"https:\/\/laprensacristiana.com\/?p=1701","url":"https:\/\/laprensacristiana.com\/?p=1701","name":"Marcha para Jes\u00fas 2016 - La Prensa Cristiana","isPartOf":{"@id":"https:\/\/laprensacristiana.com\/#website"},"datePublished":"2016-10-19T23:05:36+00:00","dateModified":"2020-07-02T01:37:22+00:00","author":{"@id":"https:\/\/laprensacristiana.com\/#\/schema\/person\/3e7d82c6bfd6b1fa67010f8f7cd5256e"},"breadcrumb":{"@id":"https:\/\/laprensacristiana.com\/?p=1701#breadcrumb"},"inLanguage":"es","potentialAction":[{"@type":"ReadAction","target":["https:\/\/laprensacristiana.com\/?p=1701"]}]},{"@type":"BreadcrumbList","@id":"https:\/\/laprensacristiana.com\/?p=1701#breadcrumb","itemListElement":[{"@type":"ListItem","position":1,"name":"Portada","item":"https:\/\/laprensacristiana.com\/"},{"@type":"ListItem","position":2,"name":"Marcha para Jes\u00fas 2016"}]},{"@type":"WebSite","@id":"https:\/\/laprensacristiana.com\/#website","url":"https:\/\/laprensacristiana.com\/","name":"La Prensa Cristiana","description":"Anunciando Las Buenas Nuevas","potentialAction":[{"@type":"SearchAction","target":{"@type":"EntryPoint","urlTemplate":"https:\/\/laprensacristiana.com\/?s={search_term_string}"},"query-input":"required name=search_term_string"}],"inLanguage":"es"},{"@type":"Person","@id":"https:\/\/laprensacristiana.com\/#\/schema\/person\/3e7d82c6bfd6b1fa67010f8f7cd5256e","name":"EDITOR","image":{"@type":"ImageObject","inLanguage":"es","@id":"https:\/\/laprensacristiana.com\/#\/schema\/person\/image\/","url":"https:\/\/secure.gravatar.com\/avatar\/72069dfb6c13772d9e8381e3638666d2?s=96&d=mm&r=g","contentUrl":"https:\/\/secure.gravatar.com\/avatar\/72069dfb6c13772d9e8381e3638666d2?s=96&d=mm&r=g","caption":"EDITOR"},"url":"https:\/\/laprensacristiana.com\/?author=3"}]}},"_links":{"self":[{"href":"https:\/\/laprensacristiana.com\/index.php?rest_route=\/wp\/v2\/posts\/1701"}],"collection":[{"href":"https:\/\/laprensacristiana.com\/index.php?rest_route=\/wp\/v2\/posts"}],"about":[{"href":"https:\/\/laprensacristiana.com\/index.php?rest_route=\/wp\/v2\/types\/post"}],"author":[{"embeddable":true,"href":"https:\/\/laprensacristiana.com\/index.php?rest_route=\/wp\/v2\/users\/3"}],"replies":[{"embeddable":true,"href":"https:\/\/laprensacristiana.com\/index.php?rest_route=%2Fwp%2Fv2%2Fcomments&post=1701"}],"version-history":[{"count":6,"href":"https:\/\/laprensacristiana.com\/index.php?rest_route=\/wp\/v2\/posts\/1701\/revisions"}],"predecessor-version":[{"id":1712,"href":"https:\/\/laprensacristiana.com\/index.php?rest_route=\/wp\/v2\/posts\/1701\/revisions\/1712"}],"wp:featuredmedia":[{"embeddable":true,"href":"https:\/\/laprensacristiana.com\/index.php?rest_route=\/wp\/v2\/media\/1702"}],"wp:attachment":[{"href":"https:\/\/laprensacristiana.com\/index.php?rest_route=%2Fwp%2Fv2%2Fmedia&parent=1701"}],"wp:term":[{"taxonomy":"category","embeddable":true,"href":"https:\/\/laprensacristiana.com\/index.php?rest_route=%2Fwp%2Fv2%2Fcategories&post=1701"},{"taxonomy":"post_tag","embeddable":true,"href":"https:\/\/laprensacristiana.com\/index.php?rest_route=%2Fwp%2Fv2%2Ftags&post=1701"}],"curies":[{"name":"wp","href":"https:\/\/api.w.org\/{rel}","templated":true}]}}