{"id":17097,"date":"2024-05-09T17:05:27","date_gmt":"2024-05-09T17:05:27","guid":{"rendered":"https:\/\/laprensacristiana.com\/?p=17097"},"modified":"2024-05-09T17:24:10","modified_gmt":"2024-05-09T17:24:10","slug":"anuncian-desarrollo-del-primer-congreso-nacional-sobre-prevencion-del-suicidio","status":"publish","type":"post","link":"https:\/\/laprensacristiana.com\/?p=17097","title":{"rendered":"Anuncian desarrollo del Primer Congreso Nacional sobre prevenci\u00f3n del suicidio."},"content":{"rendered":"\n<p>Por: Edwin G\u00f3ngora <\/p>\n\n\n\n<p>La alta incidencia que los suicidios han alcanzado en los \u00faltimos a\u00f1os en el pa\u00eds, adem\u00e1s de preocupar a diferentes sectores, ha motivado a entidades e instituciones de comunicaci\u00f3n a contribuir con la b\u00fasqueda de mecanismos que coadyuven a que las personas que tengan en mente tomar esta decisi\u00f3n desistan y sepan que a\u00fan existen soluciones.<\/p>\n\n\n\n<p>La organizaci\u00f3n Sobrevivientes, Iglesia Kemuel y La Prensa Cristiana, son las instituciones que han unido esfuerzos para realizar un evento en el que se aborde desde diferentes \u00e1ngulos el tema, pero que al mismo tiempo plantee mecanismos de asistencia y soluci\u00f3n a esta fat\u00eddica decisi\u00f3n.<\/p>\n\n\n\n<p>El congreso se ha denominado \u201cRenace\u201d, porque siempre hay una esperanza, donde la organizaci\u00f3n Sobrevivientes, fundada por la Licenciada Jessica Berr\u00edos, es la raz\u00f3n de estar desarrollando este evento, quien adem\u00e1s brindar\u00e1 sus aportes, y soluciones a la vez que est\u00e1 siendo parte de la soluci\u00f3n.<\/p>\n\n\n\n<p>Sobrevivientes est\u00e1 preparando el lanzamiento de una: \u201cl\u00ednea amiga\u201d, para que las personas tengan la oportunidad de llamar y especialistas los escuchen y puedan darles seguimiento a los casos.<\/p>\n\n\n\n<figure class=\"wp-block-gallery has-nested-images columns-default is-cropped wp-block-gallery-1 is-layout-flex\">\n<figure class=\"wp-block-image size-large\"><img decoding=\"async\" loading=\"lazy\" width=\"1024\" height=\"358\" data-id=\"17104\"  src=\"https:\/\/laprensacristiana.com\/wp-content\/uploads\/2024\/05\/sobrevivientes-2-1024x358.jpg\" alt=\"\" class=\"wp-image-17104\" srcset=\"https:\/\/laprensacristiana.com\/wp-content\/uploads\/2024\/05\/sobrevivientes-2-1024x358.jpg 1024w, https:\/\/laprensacristiana.com\/wp-content\/uploads\/2024\/05\/sobrevivientes-2-300x105.jpg 300w, https:\/\/laprensacristiana.com\/wp-content\/uploads\/2024\/05\/sobrevivientes-2-768x268.jpg 768w, https:\/\/laprensacristiana.com\/wp-content\/uploads\/2024\/05\/sobrevivientes-2-696x243.jpg 696w, https:\/\/laprensacristiana.com\/wp-content\/uploads\/2024\/05\/sobrevivientes-2-1068x373.jpg 1068w, https:\/\/laprensacristiana.com\/wp-content\/uploads\/2024\/05\/sobrevivientes-2-600x210.jpg 600w, https:\/\/laprensacristiana.com\/wp-content\/uploads\/2024\/05\/sobrevivientes-2.jpg 1208w\" sizes=\"(max-width: 1024px) 100vw, 1024px\" \/><\/figure>\n<\/figure>\n\n\n\n<p>Entre algunos de los puntos que se abordar\u00e1n durante el evento, se encuentran aspectos como los mitos que rodean el tema y algunas de las razones del porqu\u00e9.<\/p>\n\n\n\n<p>las personas se suicidan.<\/p>\n\n\n\n<p>El congreso no est\u00e1 planificado para ser desarrollado desde una sola \u00f3ptica, sino establecer desde diferentes puntos de vista, entre ellos el m\u00e9dico, cu\u00e1les son las causas que desencadenen a que una persona se suicide, as\u00ed tambi\u00e9n desde el punto de vista religioso, entre otros.<\/p>\n\n\n\n<p>Uno de los vac\u00edos en estas personas es que tienden a creer que no hay ma\u00f1ana y que en una etapa de desesperaci\u00f3n y crisis aseguran que no hay esperanza. Otro aspecto de los que se hablar\u00e1 es el de la empat\u00eda, ya que en el caso de ni\u00f1os que han tomado esta decisi\u00f3n, sus problemas en varios casos son irrelevantes para los adultos y lo que vemos es un hecho lamentable de suicidio.<\/p>\n\n\n\n<figure class=\"wp-block-image size-full\"><img decoding=\"async\" loading=\"lazy\" width=\"494\" height=\"406\" src=\"https:\/\/laprensacristiana.com\/wp-content\/uploads\/2024\/05\/PREVIENE-SUICIDIO-1.jpg\" alt=\"\" class=\"wp-image-17111\" srcset=\"https:\/\/laprensacristiana.com\/wp-content\/uploads\/2024\/05\/PREVIENE-SUICIDIO-1.jpg 494w, https:\/\/laprensacristiana.com\/wp-content\/uploads\/2024\/05\/PREVIENE-SUICIDIO-1-300x247.jpg 300w\" sizes=\"(max-width: 494px) 100vw, 494px\" \/><\/figure>\n\n\n\n<p>El pastor Juan Carlos Hasbun, de Iglesia Cristiana Kemuel, como parte de los organizadores, comprende que uno de los elementos en el suicidio es el espiritual y considera que es importante que las personas est\u00e9n conscientes de que no est\u00e1n solos, existe un Dios que puede llenar los vac\u00edos que se sienten en las crisis y problemas, adem\u00e1s de encontrar un consejo y acompa\u00f1amiento oportuno.<\/p>\n\n\n\n<p>Como La Prensa Cristiana compartimos con ustedes todo lo relacionado con este evento present\u00e1ndoles en nuestras ediciones, el antes, durante y despu\u00e9s de la actividad, la cual aseguramos ser\u00e1 de mucha bendici\u00f3n para quienes lo necesiten y a\u00fan m\u00e1s.<\/p>\n\n\n\n<p>El evento se realizar\u00e1 el 21 de mayo en el Hotel Barcel\u00f3 de ocho de la ma\u00f1ana a las 12 del mediod\u00eda.<\/p>\n\n\n\n<figure class=\"wp-block-image size-full\"><img decoding=\"async\" loading=\"lazy\" width=\"940\" height=\"788\" src=\"https:\/\/laprensacristiana.com\/wp-content\/uploads\/2024\/05\/INVITACION-2.jpeg\" alt=\"\" class=\"wp-image-17114\" srcset=\"https:\/\/laprensacristiana.com\/wp-content\/uploads\/2024\/05\/INVITACION-2.jpeg 940w, https:\/\/laprensacristiana.com\/wp-content\/uploads\/2024\/05\/INVITACION-2-300x251.jpeg 300w, https:\/\/laprensacristiana.com\/wp-content\/uploads\/2024\/05\/INVITACION-2-768x644.jpeg 768w, https:\/\/laprensacristiana.com\/wp-content\/uploads\/2024\/05\/INVITACION-2-696x583.jpeg 696w, https:\/\/laprensacristiana.com\/wp-content\/uploads\/2024\/05\/INVITACION-2-600x503.jpeg 600w\" sizes=\"(max-width: 940px) 100vw, 940px\" \/><\/figure>\n","protected":false},"excerpt":{"rendered":"<p>Por: Edwin G\u00f3ngora La alta incidencia que los suicidios han alcanzado en los \u00faltimos a\u00f1os en el pa\u00eds, adem\u00e1s de preocupar a diferentes sectores, ha motivado a entidades e instituciones de comunicaci\u00f3n a contribuir con la b\u00fasqueda de mecanismos que coadyuven a que las personas que tengan en mente tomar esta decisi\u00f3n desistan y sepan [&hellip;]<\/p>\n","protected":false},"author":3,"featured_media":17110,"comment_status":"open","ping_status":"open","sticky":false,"template":"","format":"standard","meta":[],"categories":[56],"tags":[],"yoast_head":"<!-- This site is optimized with the Yoast SEO plugin v20.8 - https:\/\/yoast.com\/wordpress\/plugins\/seo\/ -->\n<title>Anuncian desarrollo del Primer Congreso Nacional sobre prevenci\u00f3n del suicidio. - La Prensa Cristiana<\/title>\n<meta name=\"robots\" content=\"index, follow, max-snippet:-1, max-image-preview:large, max-video-preview:-1\" \/>\n<link rel=\"canonical\" href=\"https:\/\/laprensacristiana.com\/?p=17097\" \/>\n<meta property=\"og:locale\" content=\"es_ES\" \/>\n<meta property=\"og:type\" content=\"article\" \/>\n<meta property=\"og:title\" content=\"Anuncian desarrollo del Primer Congreso Nacional sobre prevenci\u00f3n del suicidio. - La Prensa Cristiana\" \/>\n<meta property=\"og:description\" content=\"Por: Edwin G\u00f3ngora La alta incidencia que los suicidios han alcanzado en los \u00faltimos a\u00f1os en el pa\u00eds, adem\u00e1s de preocupar a diferentes sectores, ha motivado a entidades e instituciones de comunicaci\u00f3n a contribuir con la b\u00fasqueda de mecanismos que coadyuven a que las personas que tengan en mente tomar esta decisi\u00f3n desistan y sepan [&hellip;]\" \/>\n<meta property=\"og:url\" content=\"https:\/\/laprensacristiana.com\/?p=17097\" \/>\n<meta property=\"og:site_name\" content=\"La Prensa Cristiana\" \/>\n<meta property=\"article:published_time\" content=\"2024-05-09T17:05:27+00:00\" \/>\n<meta property=\"article:modified_time\" content=\"2024-05-09T17:24:10+00:00\" \/>\n<meta property=\"og:image\" content=\"https:\/\/laprensacristiana.com\/wp-content\/uploads\/2024\/05\/WhatsApp-Image-2024-05-09-at-10.57.44-AM.jpeg\" \/>\n\t<meta property=\"og:image:width\" content=\"1242\" \/>\n\t<meta property=\"og:image:height\" content=\"867\" \/>\n\t<meta property=\"og:image:type\" content=\"image\/jpeg\" \/>\n<meta name=\"author\" content=\"EDITOR\" \/>\n<meta name=\"twitter:card\" content=\"summary_large_image\" \/>\n<meta name=\"twitter:label1\" content=\"Escrito por\" \/>\n\t<meta name=\"twitter:data1\" content=\"EDITOR\" \/>\n\t<meta name=\"twitter:label2\" content=\"Tiempo de lectura\" \/>\n\t<meta name=\"twitter:data2\" content=\"3 minutos\" \/>\n<script type=\"application\/ld+json\" class=\"yoast-schema-graph\">{\"@context\":\"https:\/\/schema.org\",\"@graph\":[{\"@type\":\"WebPage\",\"@id\":\"https:\/\/laprensacristiana.com\/?p=17097\",\"url\":\"https:\/\/laprensacristiana.com\/?p=17097\",\"name\":\"Anuncian desarrollo del Primer Congreso Nacional sobre prevenci\u00f3n del suicidio. - La Prensa Cristiana\",\"isPartOf\":{\"@id\":\"https:\/\/laprensacristiana.com\/#website\"},\"datePublished\":\"2024-05-09T17:05:27+00:00\",\"dateModified\":\"2024-05-09T17:24:10+00:00\",\"author\":{\"@id\":\"https:\/\/laprensacristiana.com\/#\/schema\/person\/3e7d82c6bfd6b1fa67010f8f7cd5256e\"},\"breadcrumb\":{\"@id\":\"https:\/\/laprensacristiana.com\/?p=17097#breadcrumb\"},\"inLanguage\":\"es\",\"potentialAction\":[{\"@type\":\"ReadAction\",\"target\":[\"https:\/\/laprensacristiana.com\/?p=17097\"]}]},{\"@type\":\"BreadcrumbList\",\"@id\":\"https:\/\/laprensacristiana.com\/?p=17097#breadcrumb\",\"itemListElement\":[{\"@type\":\"ListItem\",\"position\":1,\"name\":\"Portada\",\"item\":\"https:\/\/laprensacristiana.com\/\"},{\"@type\":\"ListItem\",\"position\":2,\"name\":\"Anuncian desarrollo del Primer Congreso Nacional sobre prevenci\u00f3n del suicidio.\"}]},{\"@type\":\"WebSite\",\"@id\":\"https:\/\/laprensacristiana.com\/#website\",\"url\":\"https:\/\/laprensacristiana.com\/\",\"name\":\"La Prensa Cristiana\",\"description\":\"Anunciando Las Buenas Nuevas\",\"potentialAction\":[{\"@type\":\"SearchAction\",\"target\":{\"@type\":\"EntryPoint\",\"urlTemplate\":\"https:\/\/laprensacristiana.com\/?s={search_term_string}\"},\"query-input\":\"required name=search_term_string\"}],\"inLanguage\":\"es\"},{\"@type\":\"Person\",\"@id\":\"https:\/\/laprensacristiana.com\/#\/schema\/person\/3e7d82c6bfd6b1fa67010f8f7cd5256e\",\"name\":\"EDITOR\",\"image\":{\"@type\":\"ImageObject\",\"inLanguage\":\"es\",\"@id\":\"https:\/\/laprensacristiana.com\/#\/schema\/person\/image\/\",\"url\":\"https:\/\/secure.gravatar.com\/avatar\/72069dfb6c13772d9e8381e3638666d2?s=96&d=mm&r=g\",\"contentUrl\":\"https:\/\/secure.gravatar.com\/avatar\/72069dfb6c13772d9e8381e3638666d2?s=96&d=mm&r=g\",\"caption\":\"EDITOR\"},\"url\":\"https:\/\/laprensacristiana.com\/?author=3\"}]}<\/script>\n<!-- \/ Yoast SEO plugin. -->","yoast_head_json":{"title":"Anuncian desarrollo del Primer Congreso Nacional sobre prevenci\u00f3n del suicidio. - La Prensa Cristiana","robots":{"index":"index","follow":"follow","max-snippet":"max-snippet:-1","max-image-preview":"max-image-preview:large","max-video-preview":"max-video-preview:-1"},"canonical":"https:\/\/laprensacristiana.com\/?p=17097","og_locale":"es_ES","og_type":"article","og_title":"Anuncian desarrollo del Primer Congreso Nacional sobre prevenci\u00f3n del suicidio. - La Prensa Cristiana","og_description":"Por: Edwin G\u00f3ngora La alta incidencia que los suicidios han alcanzado en los \u00faltimos a\u00f1os en el pa\u00eds, adem\u00e1s de preocupar a diferentes sectores, ha motivado a entidades e instituciones de comunicaci\u00f3n a contribuir con la b\u00fasqueda de mecanismos que coadyuven a que las personas que tengan en mente tomar esta decisi\u00f3n desistan y sepan [&hellip;]","og_url":"https:\/\/laprensacristiana.com\/?p=17097","og_site_name":"La Prensa Cristiana","article_published_time":"2024-05-09T17:05:27+00:00","article_modified_time":"2024-05-09T17:24:10+00:00","og_image":[{"width":1242,"height":867,"url":"https:\/\/laprensacristiana.com\/wp-content\/uploads\/2024\/05\/WhatsApp-Image-2024-05-09-at-10.57.44-AM.jpeg","type":"image\/jpeg"}],"author":"EDITOR","twitter_card":"summary_large_image","twitter_misc":{"Escrito por":"EDITOR","Tiempo de lectura":"3 minutos"},"schema":{"@context":"https:\/\/schema.org","@graph":[{"@type":"WebPage","@id":"https:\/\/laprensacristiana.com\/?p=17097","url":"https:\/\/laprensacristiana.com\/?p=17097","name":"Anuncian desarrollo del Primer Congreso Nacional sobre prevenci\u00f3n del suicidio. - La Prensa Cristiana","isPartOf":{"@id":"https:\/\/laprensacristiana.com\/#website"},"datePublished":"2024-05-09T17:05:27+00:00","dateModified":"2024-05-09T17:24:10+00:00","author":{"@id":"https:\/\/laprensacristiana.com\/#\/schema\/person\/3e7d82c6bfd6b1fa67010f8f7cd5256e"},"breadcrumb":{"@id":"https:\/\/laprensacristiana.com\/?p=17097#breadcrumb"},"inLanguage":"es","potentialAction":[{"@type":"ReadAction","target":["https:\/\/laprensacristiana.com\/?p=17097"]}]},{"@type":"BreadcrumbList","@id":"https:\/\/laprensacristiana.com\/?p=17097#breadcrumb","itemListElement":[{"@type":"ListItem","position":1,"name":"Portada","item":"https:\/\/laprensacristiana.com\/"},{"@type":"ListItem","position":2,"name":"Anuncian desarrollo del Primer Congreso Nacional sobre prevenci\u00f3n del suicidio."}]},{"@type":"WebSite","@id":"https:\/\/laprensacristiana.com\/#website","url":"https:\/\/laprensacristiana.com\/","name":"La Prensa Cristiana","description":"Anunciando Las Buenas Nuevas","potentialAction":[{"@type":"SearchAction","target":{"@type":"EntryPoint","urlTemplate":"https:\/\/laprensacristiana.com\/?s={search_term_string}"},"query-input":"required name=search_term_string"}],"inLanguage":"es"},{"@type":"Person","@id":"https:\/\/laprensacristiana.com\/#\/schema\/person\/3e7d82c6bfd6b1fa67010f8f7cd5256e","name":"EDITOR","image":{"@type":"ImageObject","inLanguage":"es","@id":"https:\/\/laprensacristiana.com\/#\/schema\/person\/image\/","url":"https:\/\/secure.gravatar.com\/avatar\/72069dfb6c13772d9e8381e3638666d2?s=96&d=mm&r=g","contentUrl":"https:\/\/secure.gravatar.com\/avatar\/72069dfb6c13772d9e8381e3638666d2?s=96&d=mm&r=g","caption":"EDITOR"},"url":"https:\/\/laprensacristiana.com\/?author=3"}]}},"_links":{"self":[{"href":"https:\/\/laprensacristiana.com\/index.php?rest_route=\/wp\/v2\/posts\/17097"}],"collection":[{"href":"https:\/\/laprensacristiana.com\/index.php?rest_route=\/wp\/v2\/posts"}],"about":[{"href":"https:\/\/laprensacristiana.com\/index.php?rest_route=\/wp\/v2\/types\/post"}],"author":[{"embeddable":true,"href":"https:\/\/laprensacristiana.com\/index.php?rest_route=\/wp\/v2\/users\/3"}],"replies":[{"embeddable":true,"href":"https:\/\/laprensacristiana.com\/index.php?rest_route=%2Fwp%2Fv2%2Fcomments&post=17097"}],"version-history":[{"count":5,"href":"https:\/\/laprensacristiana.com\/index.php?rest_route=\/wp\/v2\/posts\/17097\/revisions"}],"predecessor-version":[{"id":17116,"href":"https:\/\/laprensacristiana.com\/index.php?rest_route=\/wp\/v2\/posts\/17097\/revisions\/17116"}],"wp:featuredmedia":[{"embeddable":true,"href":"https:\/\/laprensacristiana.com\/index.php?rest_route=\/wp\/v2\/media\/17110"}],"wp:attachment":[{"href":"https:\/\/laprensacristiana.com\/index.php?rest_route=%2Fwp%2Fv2%2Fmedia&parent=17097"}],"wp:term":[{"taxonomy":"category","embeddable":true,"href":"https:\/\/laprensacristiana.com\/index.php?rest_route=%2Fwp%2Fv2%2Fcategories&post=17097"},{"taxonomy":"post_tag","embeddable":true,"href":"https:\/\/laprensacristiana.com\/index.php?rest_route=%2Fwp%2Fv2%2Ftags&post=17097"}],"curies":[{"name":"wp","href":"https:\/\/api.w.org\/{rel}","templated":true}]}}