{"id":17156,"date":"2024-05-15T19:57:42","date_gmt":"2024-05-15T19:57:42","guid":{"rendered":"https:\/\/laprensacristiana.com\/?p=17156"},"modified":"2024-05-15T20:01:35","modified_gmt":"2024-05-15T20:01:35","slug":"banda-cristiana-iddo-lanza-su-nueva-produccion-ha-sido-un-gusto-conocerte-inspirada-en-la-madre-de-uno-de-sus-miembros","status":"publish","type":"post","link":"https:\/\/laprensacristiana.com\/?p=17156","title":{"rendered":"Banda Cristiana IDDO lanza su nueva producci\u00f3n \u201cHa sido un gusto conocerte\u201d, inspirada en la madre de uno de sus miembros.\u00a0"},"content":{"rendered":"\n<p>Por: Edwin G\u00f3ngora<\/p>\n\n\n\n<p>Con unas delicadas notas de piano, acompa\u00f1adas de violines, Jos\u00e9 Fernando Castillo suelta las primeras frases de esta canci\u00f3n que el diez de mayo los miembros de la Banda&nbsp; musical cristiana IDDOS, lanzaron oficialmente en sus cuentas de redes sociales y en varios medios de comunicaci\u00f3n.<\/p>\n\n\n\n<p>\u201cHa sido un gusto conocerte\u201d es su nombre, la que fue escrita por Fernando hace dos a\u00f1os, justo en el momento que su mam\u00e1 experimentaba crisis por una enfermedad terminal que le hab\u00edan diagnosticado varios a\u00f1os atr\u00e1s.&nbsp;&nbsp;<\/p>\n\n\n\n<p>\u201cNo ha sido f\u00e1cil caminar, seguir tus paso sin llorar en medio de un desierto o en mi debilidad, s\u00e9 que eres fiel eternamente tu mano no me saltara, has sido un gusto conocerte solo te quiero adorar\u201d.<\/p>\n\n\n\n<p>Yo vi a mi madre firmes en sus convicciones\u201d, dice Fernando, despu\u00e9s de cantarnos el primer p\u00e1rrafo de la canci\u00f3n.<\/p>\n\n\n\n<p>\u201cNuca la vi deprimida, ni triste, ella nos daba animo a nosotros, su fe en Dios eran tan grande que siempre dec\u00eda, Dios me va a dar m\u00e1s vida\u201d.<\/p>\n\n\n\n<p>Ella pudo escuchar la canci\u00f3n, pero hace un a\u00f1o la enfermedad le gano.<\/p>\n\n\n\n<figure class=\"wp-block-image size-large\"><img decoding=\"async\" loading=\"lazy\" width=\"1024\" height=\"461\" src=\"https:\/\/laprensacristiana.com\/wp-content\/uploads\/2024\/05\/WhatsApp-Image-2024-05-15-at-1.19.37-PM-1024x461.jpeg\" alt=\"\" class=\"wp-image-17158\" srcset=\"https:\/\/laprensacristiana.com\/wp-content\/uploads\/2024\/05\/WhatsApp-Image-2024-05-15-at-1.19.37-PM-1024x461.jpeg 1024w, https:\/\/laprensacristiana.com\/wp-content\/uploads\/2024\/05\/WhatsApp-Image-2024-05-15-at-1.19.37-PM-300x135.jpeg 300w, https:\/\/laprensacristiana.com\/wp-content\/uploads\/2024\/05\/WhatsApp-Image-2024-05-15-at-1.19.37-PM-768x346.jpeg 768w, https:\/\/laprensacristiana.com\/wp-content\/uploads\/2024\/05\/WhatsApp-Image-2024-05-15-at-1.19.37-PM-1536x691.jpeg 1536w, https:\/\/laprensacristiana.com\/wp-content\/uploads\/2024\/05\/WhatsApp-Image-2024-05-15-at-1.19.37-PM-696x313.jpeg 696w, https:\/\/laprensacristiana.com\/wp-content\/uploads\/2024\/05\/WhatsApp-Image-2024-05-15-at-1.19.37-PM-1068x481.jpeg 1068w, https:\/\/laprensacristiana.com\/wp-content\/uploads\/2024\/05\/WhatsApp-Image-2024-05-15-at-1.19.37-PM-600x270.jpeg 600w, https:\/\/laprensacristiana.com\/wp-content\/uploads\/2024\/05\/WhatsApp-Image-2024-05-15-at-1.19.37-PM.jpeg 1600w\" sizes=\"(max-width: 1024px) 100vw, 1024px\" \/><\/figure>\n\n\n\n<p>Un a\u00f1o despu\u00e9s del deceso de su madre, Fernando comparte que en algunos momentos se cuestiona de porque depender de cosas externas y no verdaderamente de Dios como debe de ser, viendo el mejor ejemplo en su progenitora.<\/p>\n\n\n\n<p>\u201cLa canci\u00f3n habla del proceso del cristiano\u201d. Todos tenemos un proceso en la vida o varios, pero debemos entender que ese es el objetivo de Dios, llevarnos a un proceso para alcanzar la meta.\u201d&nbsp; Se\u00f1ala.<\/p>\n\n\n\n<p>A su mente vienen dos vers\u00edculos b\u00edblicos.&nbsp;<\/p>\n\n\n\n<p>Juan 16: 33, \u201cLes digo estas cosas para que est\u00e9n unidos a m\u00ed y as\u00ed sean felices de verdad. Pero tengan valor: yo he vencido a los poderes que gobiernan este mundo\u201d.&nbsp;<\/p>\n\n\n\n<p>Y Salmos&nbsp; 23: 4,&nbsp; \u201cAunque ande en valle de sombra de muerte, No temer\u00e9 mal alguno, porque t\u00fa estar\u00e1s conmigo; Tu vara y tu cayado me infundir\u00e1n aliento.\u201d<\/p>\n\n\n\n<figure class=\"wp-block-image size-large\"><img decoding=\"async\" loading=\"lazy\" width=\"1024\" height=\"591\" src=\"https:\/\/laprensacristiana.com\/wp-content\/uploads\/2024\/05\/WhatsApp-Image-2024-05-15-at-1.19.36-PM-2-1024x591.jpeg\" alt=\"\" class=\"wp-image-17159\" srcset=\"https:\/\/laprensacristiana.com\/wp-content\/uploads\/2024\/05\/WhatsApp-Image-2024-05-15-at-1.19.36-PM-2-1024x591.jpeg 1024w, https:\/\/laprensacristiana.com\/wp-content\/uploads\/2024\/05\/WhatsApp-Image-2024-05-15-at-1.19.36-PM-2-300x173.jpeg 300w, https:\/\/laprensacristiana.com\/wp-content\/uploads\/2024\/05\/WhatsApp-Image-2024-05-15-at-1.19.36-PM-2-768x443.jpeg 768w, https:\/\/laprensacristiana.com\/wp-content\/uploads\/2024\/05\/WhatsApp-Image-2024-05-15-at-1.19.36-PM-2-696x402.jpeg 696w, https:\/\/laprensacristiana.com\/wp-content\/uploads\/2024\/05\/WhatsApp-Image-2024-05-15-at-1.19.36-PM-2-1068x616.jpeg 1068w, https:\/\/laprensacristiana.com\/wp-content\/uploads\/2024\/05\/WhatsApp-Image-2024-05-15-at-1.19.36-PM-2-600x346.jpeg 600w, https:\/\/laprensacristiana.com\/wp-content\/uploads\/2024\/05\/WhatsApp-Image-2024-05-15-at-1.19.36-PM-2.jpeg 1438w\" sizes=\"(max-width: 1024px) 100vw, 1024px\" \/><\/figure>\n\n\n\n<p>Recuerda que en medio de esos momentos duros su madre le dijo \u201cno me arrepiento haber conocido a Dios, aun con mi enfermedad no me arrepiento\u00b4.<\/p>\n\n\n\n<p>IDDOS naci\u00f3 en septiembre de 2014 y en un principio pasaron varios a\u00f1os haciendo coros para salmistas nacionales e internacionales como Pablo Rosales, Ana L\u00ed y Ricardo Quinteros entre otros.<\/p>\n\n\n\n<p>Fernando ya conoc\u00eda a Oscar Chac\u00f3n, el otro vocalista de la banda, ambos con el talento para cantar. Pero justo en esos momentos de sus inicios es que le llega la crisis a su madre y enferma.<\/p>\n\n\n\n<p>Fernando asume la responsabilidad y busca un empleo para comprar los medicamentos necesarios para su madre. Como una medida salvadora, unos amigos le ofrecen cantar en un bar, donde le pagar\u00edan mucho. &nbsp;Pero su madre le externos estas palabras \u201cDios te ha dado ese talento, pero para que le sirvas a \u00e9l no para que vayas a cantar a un bar\u201d.<\/p>\n\n\n\n<p>Decide obedecerle y el contrato que ya hab\u00eda sido fue roto, pues no se presentar\u00eda en ese lugar.<\/p>\n\n\n\n<p>Iniciaron junto a su amigo Oscar a escribir canciones y un d\u00eda alabando a Dios en una c\u00e9lula familiar, conocen a la madre del productor musical Tito Mart\u00ednez, quien los presenta con su hijo, que al escucharlos se convierte hasta el d\u00eda de hoy en su productor.<\/p>\n\n\n\n<p>Dios sab\u00eda que as\u00ed&nbsp; &nbsp;ten\u00eda que ser destaca Fernando.<\/p>\n\n\n\n<figure class=\"wp-block-image size-large\"><img decoding=\"async\" loading=\"lazy\" width=\"794\" height=\"1024\" src=\"https:\/\/laprensacristiana.com\/wp-content\/uploads\/2024\/05\/WhatsApp-Image-2024-05-15-at-1.19.37-PM-2-794x1024.jpeg\" alt=\"\" class=\"wp-image-17160\" srcset=\"https:\/\/laprensacristiana.com\/wp-content\/uploads\/2024\/05\/WhatsApp-Image-2024-05-15-at-1.19.37-PM-2-794x1024.jpeg 794w, https:\/\/laprensacristiana.com\/wp-content\/uploads\/2024\/05\/WhatsApp-Image-2024-05-15-at-1.19.37-PM-2-233x300.jpeg 233w, https:\/\/laprensacristiana.com\/wp-content\/uploads\/2024\/05\/WhatsApp-Image-2024-05-15-at-1.19.37-PM-2-768x990.jpeg 768w, https:\/\/laprensacristiana.com\/wp-content\/uploads\/2024\/05\/WhatsApp-Image-2024-05-15-at-1.19.37-PM-2-1191x1536.jpeg 1191w, https:\/\/laprensacristiana.com\/wp-content\/uploads\/2024\/05\/WhatsApp-Image-2024-05-15-at-1.19.37-PM-2-696x897.jpeg 696w, https:\/\/laprensacristiana.com\/wp-content\/uploads\/2024\/05\/WhatsApp-Image-2024-05-15-at-1.19.37-PM-2-1068x1377.jpeg 1068w, https:\/\/laprensacristiana.com\/wp-content\/uploads\/2024\/05\/WhatsApp-Image-2024-05-15-at-1.19.37-PM-2-600x774.jpeg 600w, https:\/\/laprensacristiana.com\/wp-content\/uploads\/2024\/05\/WhatsApp-Image-2024-05-15-at-1.19.37-PM-2.jpeg 1241w\" sizes=\"(max-width: 794px) 100vw, 794px\" \/><\/figure>\n\n\n\n<pre class=\"wp-block-preformatted\">Las ofertas han ido llegando paulatinamente, entre ellas una en la que les ofrecieron ser opening (la apertura) del concierto de Danny Berrios y Roberto Orellana, ambos reconocidos salmistas.<\/pre>\n\n\n\n<pre class=\"wp-block-preformatted\">\u00a0Yo siento que Dios me est\u00e1 encaminando.<\/pre>\n\n\n\n<p>Hoy son una banda que tienen contratos discogr\u00e1ficos con la disquera La Voz Producciones Inc.<\/p>\n\n\n\n<p>IDOO&nbsp; es una palabra de origen hebreo que&nbsp; significa&nbsp; \u201coportuno\u201d a lo que &nbsp;los miembros de la banda la acoplan en su contexto de la siguiente manera, \u201cnuestra m\u00fasica llega oportunamente a la vida de las personas en el tiempo perfecto de Dios\u201d.<\/p>\n\n\n\n<p>Fernando Castillo ronda ya los treinta a\u00f1os al igual que el resto de su grupo, pero asegura verse en cinco o diez a\u00f1os sirviendo a Dios , convencido que debe de honrar el legado de su madre\u00a0 y seguir con su prop\u00f3sito y llamado que Dios le ha hecho para cantarle.<\/p>\n\n\n\n<p>La m\u00fasica de esta banda ya est\u00e1 disponible para que la puedas escuchar, aqu\u00ed te dejamos su nueva producci\u00f3n y un correo y n\u00famero de celular para que si lo deseas te puedas comunicar con ellos para alguna actividad.<\/p>\n\n\n\n<p><a href=\"mailto:iddo.oportuno@gmail.com\">iddo.oportuno@gmail.com<\/a>\u00a0\u00a0\u00a0 6073-3309\u00a0<\/p>\n\n\n\n<figure class=\"wp-block-embed is-type-video is-provider-youtube wp-block-embed-youtube wp-embed-aspect-16-9 wp-has-aspect-ratio\"><div class=\"wp-block-embed__wrapper\">\n<iframe loading=\"lazy\" title=\"HA SIDO UN GUSTO CONOCERTE (VIDEO OFICIAL) IDDO\" width=\"696\" height=\"392\" src=\"https:\/\/www.youtube.com\/embed\/enLfJ-Wfxk0?feature=oembed\" frameborder=\"0\" allow=\"accelerometer; autoplay; clipboard-write; encrypted-media; gyroscope; picture-in-picture; web-share\" referrerpolicy=\"strict-origin-when-cross-origin\" allowfullscreen><\/iframe>\n<\/div><\/figure>\n","protected":false},"excerpt":{"rendered":"<p>Por: Edwin G\u00f3ngora Con unas delicadas notas de piano, acompa\u00f1adas de violines, Jos\u00e9 Fernando Castillo suelta las primeras frases de esta canci\u00f3n que el diez de mayo los miembros de la Banda&nbsp; musical cristiana IDDOS, lanzaron oficialmente en sus cuentas de redes sociales y en varios medios de comunicaci\u00f3n. \u201cHa sido un gusto conocerte\u201d es [&hellip;]<\/p>\n","protected":false},"author":3,"featured_media":17157,"comment_status":"open","ping_status":"open","sticky":false,"template":"","format":"standard","meta":[],"categories":[114],"tags":[],"yoast_head":"<!-- This site is optimized with the Yoast SEO plugin v20.8 - https:\/\/yoast.com\/wordpress\/plugins\/seo\/ -->\n<title>Banda Cristiana IDDO lanza su nueva producci\u00f3n \u201cHa sido un gusto conocerte\u201d, inspirada en la madre de uno de sus miembros.\u00a0 - La Prensa Cristiana<\/title>\n<meta name=\"robots\" content=\"index, follow, max-snippet:-1, max-image-preview:large, max-video-preview:-1\" \/>\n<link rel=\"canonical\" href=\"https:\/\/laprensacristiana.com\/?p=17156\" \/>\n<meta property=\"og:locale\" content=\"es_ES\" \/>\n<meta property=\"og:type\" content=\"article\" \/>\n<meta property=\"og:title\" content=\"Banda Cristiana IDDO lanza su nueva producci\u00f3n \u201cHa sido un gusto conocerte\u201d, inspirada en la madre de uno de sus miembros.\u00a0 - La Prensa Cristiana\" \/>\n<meta property=\"og:description\" content=\"Por: Edwin G\u00f3ngora Con unas delicadas notas de piano, acompa\u00f1adas de violines, Jos\u00e9 Fernando Castillo suelta las primeras frases de esta canci\u00f3n que el diez de mayo los miembros de la Banda&nbsp; musical cristiana IDDOS, lanzaron oficialmente en sus cuentas de redes sociales y en varios medios de comunicaci\u00f3n. \u201cHa sido un gusto conocerte\u201d es [&hellip;]\" \/>\n<meta property=\"og:url\" content=\"https:\/\/laprensacristiana.com\/?p=17156\" \/>\n<meta property=\"og:site_name\" content=\"La Prensa Cristiana\" \/>\n<meta property=\"article:published_time\" content=\"2024-05-15T19:57:42+00:00\" \/>\n<meta property=\"article:modified_time\" content=\"2024-05-15T20:01:35+00:00\" \/>\n<meta property=\"og:image\" content=\"https:\/\/laprensacristiana.com\/wp-content\/uploads\/2024\/05\/WhatsApp-Image-2024-05-15-at-1.19.35-PM.jpeg\" \/>\n\t<meta property=\"og:image:width\" content=\"1500\" \/>\n\t<meta property=\"og:image:height\" content=\"1500\" \/>\n\t<meta property=\"og:image:type\" content=\"image\/jpeg\" \/>\n<meta name=\"author\" content=\"EDITOR\" \/>\n<meta name=\"twitter:card\" content=\"summary_large_image\" \/>\n<meta name=\"twitter:label1\" content=\"Escrito por\" \/>\n\t<meta name=\"twitter:data1\" content=\"EDITOR\" \/>\n\t<meta name=\"twitter:label2\" content=\"Tiempo de lectura\" \/>\n\t<meta name=\"twitter:data2\" content=\"4 minutos\" \/>\n<script type=\"application\/ld+json\" class=\"yoast-schema-graph\">{\"@context\":\"https:\/\/schema.org\",\"@graph\":[{\"@type\":\"WebPage\",\"@id\":\"https:\/\/laprensacristiana.com\/?p=17156\",\"url\":\"https:\/\/laprensacristiana.com\/?p=17156\",\"name\":\"Banda Cristiana IDDO lanza su nueva producci\u00f3n \u201cHa sido un gusto conocerte\u201d, inspirada en la madre de uno de sus miembros.\u00a0 - La Prensa Cristiana\",\"isPartOf\":{\"@id\":\"https:\/\/laprensacristiana.com\/#website\"},\"datePublished\":\"2024-05-15T19:57:42+00:00\",\"dateModified\":\"2024-05-15T20:01:35+00:00\",\"author\":{\"@id\":\"https:\/\/laprensacristiana.com\/#\/schema\/person\/3e7d82c6bfd6b1fa67010f8f7cd5256e\"},\"breadcrumb\":{\"@id\":\"https:\/\/laprensacristiana.com\/?p=17156#breadcrumb\"},\"inLanguage\":\"es\",\"potentialAction\":[{\"@type\":\"ReadAction\",\"target\":[\"https:\/\/laprensacristiana.com\/?p=17156\"]}]},{\"@type\":\"BreadcrumbList\",\"@id\":\"https:\/\/laprensacristiana.com\/?p=17156#breadcrumb\",\"itemListElement\":[{\"@type\":\"ListItem\",\"position\":1,\"name\":\"Portada\",\"item\":\"https:\/\/laprensacristiana.com\/\"},{\"@type\":\"ListItem\",\"position\":2,\"name\":\"Banda Cristiana IDDO lanza su nueva producci\u00f3n \u201cHa sido un gusto conocerte\u201d, inspirada en la madre de uno de sus miembros.\u00a0\"}]},{\"@type\":\"WebSite\",\"@id\":\"https:\/\/laprensacristiana.com\/#website\",\"url\":\"https:\/\/laprensacristiana.com\/\",\"name\":\"La Prensa Cristiana\",\"description\":\"Anunciando Las Buenas Nuevas\",\"potentialAction\":[{\"@type\":\"SearchAction\",\"target\":{\"@type\":\"EntryPoint\",\"urlTemplate\":\"https:\/\/laprensacristiana.com\/?s={search_term_string}\"},\"query-input\":\"required name=search_term_string\"}],\"inLanguage\":\"es\"},{\"@type\":\"Person\",\"@id\":\"https:\/\/laprensacristiana.com\/#\/schema\/person\/3e7d82c6bfd6b1fa67010f8f7cd5256e\",\"name\":\"EDITOR\",\"image\":{\"@type\":\"ImageObject\",\"inLanguage\":\"es\",\"@id\":\"https:\/\/laprensacristiana.com\/#\/schema\/person\/image\/\",\"url\":\"https:\/\/secure.gravatar.com\/avatar\/72069dfb6c13772d9e8381e3638666d2?s=96&d=mm&r=g\",\"contentUrl\":\"https:\/\/secure.gravatar.com\/avatar\/72069dfb6c13772d9e8381e3638666d2?s=96&d=mm&r=g\",\"caption\":\"EDITOR\"},\"url\":\"https:\/\/laprensacristiana.com\/?author=3\"}]}<\/script>\n<!-- \/ Yoast SEO plugin. -->","yoast_head_json":{"title":"Banda Cristiana IDDO lanza su nueva producci\u00f3n \u201cHa sido un gusto conocerte\u201d, inspirada en la madre de uno de sus miembros.\u00a0 - La Prensa Cristiana","robots":{"index":"index","follow":"follow","max-snippet":"max-snippet:-1","max-image-preview":"max-image-preview:large","max-video-preview":"max-video-preview:-1"},"canonical":"https:\/\/laprensacristiana.com\/?p=17156","og_locale":"es_ES","og_type":"article","og_title":"Banda Cristiana IDDO lanza su nueva producci\u00f3n \u201cHa sido un gusto conocerte\u201d, inspirada en la madre de uno de sus miembros.\u00a0 - La Prensa Cristiana","og_description":"Por: Edwin G\u00f3ngora Con unas delicadas notas de piano, acompa\u00f1adas de violines, Jos\u00e9 Fernando Castillo suelta las primeras frases de esta canci\u00f3n que el diez de mayo los miembros de la Banda&nbsp; musical cristiana IDDOS, lanzaron oficialmente en sus cuentas de redes sociales y en varios medios de comunicaci\u00f3n. \u201cHa sido un gusto conocerte\u201d es [&hellip;]","og_url":"https:\/\/laprensacristiana.com\/?p=17156","og_site_name":"La Prensa Cristiana","article_published_time":"2024-05-15T19:57:42+00:00","article_modified_time":"2024-05-15T20:01:35+00:00","og_image":[{"width":1500,"height":1500,"url":"https:\/\/laprensacristiana.com\/wp-content\/uploads\/2024\/05\/WhatsApp-Image-2024-05-15-at-1.19.35-PM.jpeg","type":"image\/jpeg"}],"author":"EDITOR","twitter_card":"summary_large_image","twitter_misc":{"Escrito por":"EDITOR","Tiempo de lectura":"4 minutos"},"schema":{"@context":"https:\/\/schema.org","@graph":[{"@type":"WebPage","@id":"https:\/\/laprensacristiana.com\/?p=17156","url":"https:\/\/laprensacristiana.com\/?p=17156","name":"Banda Cristiana IDDO lanza su nueva producci\u00f3n \u201cHa sido un gusto conocerte\u201d, inspirada en la madre de uno de sus miembros.\u00a0 - La Prensa Cristiana","isPartOf":{"@id":"https:\/\/laprensacristiana.com\/#website"},"datePublished":"2024-05-15T19:57:42+00:00","dateModified":"2024-05-15T20:01:35+00:00","author":{"@id":"https:\/\/laprensacristiana.com\/#\/schema\/person\/3e7d82c6bfd6b1fa67010f8f7cd5256e"},"breadcrumb":{"@id":"https:\/\/laprensacristiana.com\/?p=17156#breadcrumb"},"inLanguage":"es","potentialAction":[{"@type":"ReadAction","target":["https:\/\/laprensacristiana.com\/?p=17156"]}]},{"@type":"BreadcrumbList","@id":"https:\/\/laprensacristiana.com\/?p=17156#breadcrumb","itemListElement":[{"@type":"ListItem","position":1,"name":"Portada","item":"https:\/\/laprensacristiana.com\/"},{"@type":"ListItem","position":2,"name":"Banda Cristiana IDDO lanza su nueva producci\u00f3n \u201cHa sido un gusto conocerte\u201d, inspirada en la madre de uno de sus miembros.\u00a0"}]},{"@type":"WebSite","@id":"https:\/\/laprensacristiana.com\/#website","url":"https:\/\/laprensacristiana.com\/","name":"La Prensa Cristiana","description":"Anunciando Las Buenas Nuevas","potentialAction":[{"@type":"SearchAction","target":{"@type":"EntryPoint","urlTemplate":"https:\/\/laprensacristiana.com\/?s={search_term_string}"},"query-input":"required name=search_term_string"}],"inLanguage":"es"},{"@type":"Person","@id":"https:\/\/laprensacristiana.com\/#\/schema\/person\/3e7d82c6bfd6b1fa67010f8f7cd5256e","name":"EDITOR","image":{"@type":"ImageObject","inLanguage":"es","@id":"https:\/\/laprensacristiana.com\/#\/schema\/person\/image\/","url":"https:\/\/secure.gravatar.com\/avatar\/72069dfb6c13772d9e8381e3638666d2?s=96&d=mm&r=g","contentUrl":"https:\/\/secure.gravatar.com\/avatar\/72069dfb6c13772d9e8381e3638666d2?s=96&d=mm&r=g","caption":"EDITOR"},"url":"https:\/\/laprensacristiana.com\/?author=3"}]}},"_links":{"self":[{"href":"https:\/\/laprensacristiana.com\/index.php?rest_route=\/wp\/v2\/posts\/17156"}],"collection":[{"href":"https:\/\/laprensacristiana.com\/index.php?rest_route=\/wp\/v2\/posts"}],"about":[{"href":"https:\/\/laprensacristiana.com\/index.php?rest_route=\/wp\/v2\/types\/post"}],"author":[{"embeddable":true,"href":"https:\/\/laprensacristiana.com\/index.php?rest_route=\/wp\/v2\/users\/3"}],"replies":[{"embeddable":true,"href":"https:\/\/laprensacristiana.com\/index.php?rest_route=%2Fwp%2Fv2%2Fcomments&post=17156"}],"version-history":[{"count":2,"href":"https:\/\/laprensacristiana.com\/index.php?rest_route=\/wp\/v2\/posts\/17156\/revisions"}],"predecessor-version":[{"id":17162,"href":"https:\/\/laprensacristiana.com\/index.php?rest_route=\/wp\/v2\/posts\/17156\/revisions\/17162"}],"wp:featuredmedia":[{"embeddable":true,"href":"https:\/\/laprensacristiana.com\/index.php?rest_route=\/wp\/v2\/media\/17157"}],"wp:attachment":[{"href":"https:\/\/laprensacristiana.com\/index.php?rest_route=%2Fwp%2Fv2%2Fmedia&parent=17156"}],"wp:term":[{"taxonomy":"category","embeddable":true,"href":"https:\/\/laprensacristiana.com\/index.php?rest_route=%2Fwp%2Fv2%2Fcategories&post=17156"},{"taxonomy":"post_tag","embeddable":true,"href":"https:\/\/laprensacristiana.com\/index.php?rest_route=%2Fwp%2Fv2%2Ftags&post=17156"}],"curies":[{"name":"wp","href":"https:\/\/api.w.org\/{rel}","templated":true}]}}