{"id":17179,"date":"2024-05-20T14:24:32","date_gmt":"2024-05-20T14:24:32","guid":{"rendered":"https:\/\/laprensacristiana.com\/?p=17179"},"modified":"2024-05-20T14:37:15","modified_gmt":"2024-05-20T14:37:15","slug":"ucad-fortalece-la-formacion-ministerial-con-lanzamientos-de-diplomados-y-certificaciones","status":"publish","type":"post","link":"https:\/\/laprensacristiana.com\/?p=17179","title":{"rendered":"UCAD fortalece la formaci\u00f3n ministerial con lanzamientos de diplomados y certificaciones."},"content":{"rendered":"\n<p>La Universidad Cristiana de las Asambleas de Dios reafirma su compromiso con la formaci\u00f3n integral de pastores y l\u00edderes cristianos de todas las denominaciones, impulsando un enfoque centrado en el crecimiento eclesi\u00e1stico y el servicio comunitario. En esta l\u00ednea, la Facultad de Teolog\u00eda Dr. DeLonn Lynn Rance ha lanzado una serie de diplomados y certificaciones dise\u00f1adas para potenciar las habilidades y conocimientos de quienes sirven en el ministerio pastoral y en el liderazgo de iglesias.<\/p>\n\n\n\n<p>Entre las ofertas se destacan las certificaciones en el liderazgo de la mujer, en el liderazgo juvenil y liderazgo infantil, as\u00ed como el Diplomado B\u00edblico Ministerial. Estos programas, cuidadosamente dise\u00f1ados, buscan dotar a los participantes de herramientas pr\u00e1cticas y teol\u00f3gicas fundamentales para un liderazgo efectivo en sus respectivos ministerios. La UCAD reconoce la importancia de fortalecer estos aspectos clave en la formaci\u00f3n de l\u00edderes que influir\u00e1n en las comunidades cristianas a lo largo y ancho del pa\u00eds.<\/p>\n\n\n\n<p>Adem\u00e1s, la Facultad de Ciencias y Humanidades se complace en anunciar el lanzamiento del primer Diplomado Multimedia para Iglesias. Este innovador programa surge como respuesta a la creciente necesidad de capacitar a l\u00edderes en el uso efectivo de medios y recursos digitales para la difusi\u00f3n del evangelio. En un mundo cada vez m\u00e1s conectado, la relevancia de estas habilidades se ha vuelto imprescindible, especialmente desde el contexto de la pandemia, donde las iglesias han adoptado nuevas estrategias para alcanzar a sus feligreses.<\/p>\n\n\n\n<figure class=\"wp-block-image size-large\"><img decoding=\"async\" loading=\"lazy\" width=\"1024\" height=\"943\" src=\"https:\/\/laprensacristiana.com\/wp-content\/uploads\/2024\/05\/WhatsApp-Image-2024-05-20-at-7.07.52-AM-1024x943.jpeg\" alt=\"\" class=\"wp-image-17182\" srcset=\"https:\/\/laprensacristiana.com\/wp-content\/uploads\/2024\/05\/WhatsApp-Image-2024-05-20-at-7.07.52-AM-1024x943.jpeg 1024w, https:\/\/laprensacristiana.com\/wp-content\/uploads\/2024\/05\/WhatsApp-Image-2024-05-20-at-7.07.52-AM-300x276.jpeg 300w, https:\/\/laprensacristiana.com\/wp-content\/uploads\/2024\/05\/WhatsApp-Image-2024-05-20-at-7.07.52-AM-768x708.jpeg 768w, https:\/\/laprensacristiana.com\/wp-content\/uploads\/2024\/05\/WhatsApp-Image-2024-05-20-at-7.07.52-AM-1536x1415.jpeg 1536w, https:\/\/laprensacristiana.com\/wp-content\/uploads\/2024\/05\/WhatsApp-Image-2024-05-20-at-7.07.52-AM-696x641.jpeg 696w, https:\/\/laprensacristiana.com\/wp-content\/uploads\/2024\/05\/WhatsApp-Image-2024-05-20-at-7.07.52-AM-1068x984.jpeg 1068w, https:\/\/laprensacristiana.com\/wp-content\/uploads\/2024\/05\/WhatsApp-Image-2024-05-20-at-7.07.52-AM-600x553.jpeg 600w, https:\/\/laprensacristiana.com\/wp-content\/uploads\/2024\/05\/WhatsApp-Image-2024-05-20-at-7.07.52-AM.jpeg 1600w\" sizes=\"(max-width: 1024px) 100vw, 1024px\" \/><\/figure>\n\n\n\n<p>El Diplomado Multimedia para Iglesias ofrece un plan de estudios completo, enfocado en el manejo de herramientas tecnol\u00f3gicas, producci\u00f3n de contenido multimedia y estrategias de comunicaci\u00f3n digital. Con la orientaci\u00f3n de expertos en el campo, los participantes adquirir\u00e1n las competencias necesarias para amplificar el alcance de su ministerio y adaptarse a los desaf\u00edos del mundo contempor\u00e1neo.<\/p>\n\n\n\n<p>La Universidad Cristiana de las Asambleas de Dios se enorgullece de ser pionera en la formaci\u00f3n teol\u00f3gica y ministerial, comprometi\u00e9ndose constantemente a innovar y adaptarse a las necesidades cambiantes de la sociedad. Estos nuevos programas reflejan el firme prop\u00f3sito de la instituci\u00f3n de equipar a l\u00edderes cristianos con las herramientas y el conocimiento necesario para impactar positivamente en sus congregaciones y en el mundo en general.<\/p>\n\n\n\n<p><\/p>\n","protected":false},"excerpt":{"rendered":"<p>La Universidad Cristiana de las Asambleas de Dios reafirma su compromiso con la formaci\u00f3n integral de pastores y l\u00edderes cristianos de todas las denominaciones, impulsando un enfoque centrado en el crecimiento eclesi\u00e1stico y el servicio comunitario. En esta l\u00ednea, la Facultad de Teolog\u00eda Dr. DeLonn Lynn Rance ha lanzado una serie de diplomados y certificaciones [&hellip;]<\/p>\n","protected":false},"author":3,"featured_media":17180,"comment_status":"open","ping_status":"open","sticky":false,"template":"","format":"standard","meta":[],"categories":[56],"tags":[],"yoast_head":"<!-- This site is optimized with the Yoast SEO plugin v20.8 - https:\/\/yoast.com\/wordpress\/plugins\/seo\/ -->\n<title>UCAD fortalece la formaci\u00f3n ministerial con lanzamientos de diplomados y certificaciones. - La Prensa Cristiana<\/title>\n<meta name=\"robots\" content=\"index, follow, max-snippet:-1, max-image-preview:large, max-video-preview:-1\" \/>\n<link rel=\"canonical\" href=\"https:\/\/laprensacristiana.com\/?p=17179\" \/>\n<meta property=\"og:locale\" content=\"es_ES\" \/>\n<meta property=\"og:type\" content=\"article\" \/>\n<meta property=\"og:title\" content=\"UCAD fortalece la formaci\u00f3n ministerial con lanzamientos de diplomados y certificaciones. - La Prensa Cristiana\" \/>\n<meta property=\"og:description\" content=\"La Universidad Cristiana de las Asambleas de Dios reafirma su compromiso con la formaci\u00f3n integral de pastores y l\u00edderes cristianos de todas las denominaciones, impulsando un enfoque centrado en el crecimiento eclesi\u00e1stico y el servicio comunitario. En esta l\u00ednea, la Facultad de Teolog\u00eda Dr. DeLonn Lynn Rance ha lanzado una serie de diplomados y certificaciones [&hellip;]\" \/>\n<meta property=\"og:url\" content=\"https:\/\/laprensacristiana.com\/?p=17179\" \/>\n<meta property=\"og:site_name\" content=\"La Prensa Cristiana\" \/>\n<meta property=\"article:published_time\" content=\"2024-05-20T14:24:32+00:00\" \/>\n<meta property=\"article:modified_time\" content=\"2024-05-20T14:37:15+00:00\" \/>\n<meta property=\"og:image\" content=\"https:\/\/laprensacristiana.com\/wp-content\/uploads\/2024\/05\/WhatsApp-Image-2024-05-20-at-7.07.51-AM.jpeg\" \/>\n\t<meta property=\"og:image:width\" content=\"1600\" \/>\n\t<meta property=\"og:image:height\" content=\"876\" \/>\n\t<meta property=\"og:image:type\" content=\"image\/jpeg\" \/>\n<meta name=\"author\" content=\"EDITOR\" \/>\n<meta name=\"twitter:card\" content=\"summary_large_image\" \/>\n<meta name=\"twitter:label1\" content=\"Escrito por\" \/>\n\t<meta name=\"twitter:data1\" content=\"EDITOR\" \/>\n\t<meta name=\"twitter:label2\" content=\"Tiempo de lectura\" \/>\n\t<meta name=\"twitter:data2\" content=\"2 minutos\" \/>\n<script type=\"application\/ld+json\" class=\"yoast-schema-graph\">{\"@context\":\"https:\/\/schema.org\",\"@graph\":[{\"@type\":\"WebPage\",\"@id\":\"https:\/\/laprensacristiana.com\/?p=17179\",\"url\":\"https:\/\/laprensacristiana.com\/?p=17179\",\"name\":\"UCAD fortalece la formaci\u00f3n ministerial con lanzamientos de diplomados y certificaciones. - La Prensa Cristiana\",\"isPartOf\":{\"@id\":\"https:\/\/laprensacristiana.com\/#website\"},\"datePublished\":\"2024-05-20T14:24:32+00:00\",\"dateModified\":\"2024-05-20T14:37:15+00:00\",\"author\":{\"@id\":\"https:\/\/laprensacristiana.com\/#\/schema\/person\/3e7d82c6bfd6b1fa67010f8f7cd5256e\"},\"breadcrumb\":{\"@id\":\"https:\/\/laprensacristiana.com\/?p=17179#breadcrumb\"},\"inLanguage\":\"es\",\"potentialAction\":[{\"@type\":\"ReadAction\",\"target\":[\"https:\/\/laprensacristiana.com\/?p=17179\"]}]},{\"@type\":\"BreadcrumbList\",\"@id\":\"https:\/\/laprensacristiana.com\/?p=17179#breadcrumb\",\"itemListElement\":[{\"@type\":\"ListItem\",\"position\":1,\"name\":\"Portada\",\"item\":\"https:\/\/laprensacristiana.com\/\"},{\"@type\":\"ListItem\",\"position\":2,\"name\":\"UCAD fortalece la formaci\u00f3n ministerial con lanzamientos de diplomados y certificaciones.\"}]},{\"@type\":\"WebSite\",\"@id\":\"https:\/\/laprensacristiana.com\/#website\",\"url\":\"https:\/\/laprensacristiana.com\/\",\"name\":\"La Prensa Cristiana\",\"description\":\"Anunciando Las Buenas Nuevas\",\"potentialAction\":[{\"@type\":\"SearchAction\",\"target\":{\"@type\":\"EntryPoint\",\"urlTemplate\":\"https:\/\/laprensacristiana.com\/?s={search_term_string}\"},\"query-input\":\"required name=search_term_string\"}],\"inLanguage\":\"es\"},{\"@type\":\"Person\",\"@id\":\"https:\/\/laprensacristiana.com\/#\/schema\/person\/3e7d82c6bfd6b1fa67010f8f7cd5256e\",\"name\":\"EDITOR\",\"image\":{\"@type\":\"ImageObject\",\"inLanguage\":\"es\",\"@id\":\"https:\/\/laprensacristiana.com\/#\/schema\/person\/image\/\",\"url\":\"https:\/\/secure.gravatar.com\/avatar\/72069dfb6c13772d9e8381e3638666d2?s=96&d=mm&r=g\",\"contentUrl\":\"https:\/\/secure.gravatar.com\/avatar\/72069dfb6c13772d9e8381e3638666d2?s=96&d=mm&r=g\",\"caption\":\"EDITOR\"},\"url\":\"https:\/\/laprensacristiana.com\/?author=3\"}]}<\/script>\n<!-- \/ Yoast SEO plugin. -->","yoast_head_json":{"title":"UCAD fortalece la formaci\u00f3n ministerial con lanzamientos de diplomados y certificaciones. - La Prensa Cristiana","robots":{"index":"index","follow":"follow","max-snippet":"max-snippet:-1","max-image-preview":"max-image-preview:large","max-video-preview":"max-video-preview:-1"},"canonical":"https:\/\/laprensacristiana.com\/?p=17179","og_locale":"es_ES","og_type":"article","og_title":"UCAD fortalece la formaci\u00f3n ministerial con lanzamientos de diplomados y certificaciones. - La Prensa Cristiana","og_description":"La Universidad Cristiana de las Asambleas de Dios reafirma su compromiso con la formaci\u00f3n integral de pastores y l\u00edderes cristianos de todas las denominaciones, impulsando un enfoque centrado en el crecimiento eclesi\u00e1stico y el servicio comunitario. En esta l\u00ednea, la Facultad de Teolog\u00eda Dr. DeLonn Lynn Rance ha lanzado una serie de diplomados y certificaciones [&hellip;]","og_url":"https:\/\/laprensacristiana.com\/?p=17179","og_site_name":"La Prensa Cristiana","article_published_time":"2024-05-20T14:24:32+00:00","article_modified_time":"2024-05-20T14:37:15+00:00","og_image":[{"width":1600,"height":876,"url":"https:\/\/laprensacristiana.com\/wp-content\/uploads\/2024\/05\/WhatsApp-Image-2024-05-20-at-7.07.51-AM.jpeg","type":"image\/jpeg"}],"author":"EDITOR","twitter_card":"summary_large_image","twitter_misc":{"Escrito por":"EDITOR","Tiempo de lectura":"2 minutos"},"schema":{"@context":"https:\/\/schema.org","@graph":[{"@type":"WebPage","@id":"https:\/\/laprensacristiana.com\/?p=17179","url":"https:\/\/laprensacristiana.com\/?p=17179","name":"UCAD fortalece la formaci\u00f3n ministerial con lanzamientos de diplomados y certificaciones. - La Prensa Cristiana","isPartOf":{"@id":"https:\/\/laprensacristiana.com\/#website"},"datePublished":"2024-05-20T14:24:32+00:00","dateModified":"2024-05-20T14:37:15+00:00","author":{"@id":"https:\/\/laprensacristiana.com\/#\/schema\/person\/3e7d82c6bfd6b1fa67010f8f7cd5256e"},"breadcrumb":{"@id":"https:\/\/laprensacristiana.com\/?p=17179#breadcrumb"},"inLanguage":"es","potentialAction":[{"@type":"ReadAction","target":["https:\/\/laprensacristiana.com\/?p=17179"]}]},{"@type":"BreadcrumbList","@id":"https:\/\/laprensacristiana.com\/?p=17179#breadcrumb","itemListElement":[{"@type":"ListItem","position":1,"name":"Portada","item":"https:\/\/laprensacristiana.com\/"},{"@type":"ListItem","position":2,"name":"UCAD fortalece la formaci\u00f3n ministerial con lanzamientos de diplomados y certificaciones."}]},{"@type":"WebSite","@id":"https:\/\/laprensacristiana.com\/#website","url":"https:\/\/laprensacristiana.com\/","name":"La Prensa Cristiana","description":"Anunciando Las Buenas Nuevas","potentialAction":[{"@type":"SearchAction","target":{"@type":"EntryPoint","urlTemplate":"https:\/\/laprensacristiana.com\/?s={search_term_string}"},"query-input":"required name=search_term_string"}],"inLanguage":"es"},{"@type":"Person","@id":"https:\/\/laprensacristiana.com\/#\/schema\/person\/3e7d82c6bfd6b1fa67010f8f7cd5256e","name":"EDITOR","image":{"@type":"ImageObject","inLanguage":"es","@id":"https:\/\/laprensacristiana.com\/#\/schema\/person\/image\/","url":"https:\/\/secure.gravatar.com\/avatar\/72069dfb6c13772d9e8381e3638666d2?s=96&d=mm&r=g","contentUrl":"https:\/\/secure.gravatar.com\/avatar\/72069dfb6c13772d9e8381e3638666d2?s=96&d=mm&r=g","caption":"EDITOR"},"url":"https:\/\/laprensacristiana.com\/?author=3"}]}},"_links":{"self":[{"href":"https:\/\/laprensacristiana.com\/index.php?rest_route=\/wp\/v2\/posts\/17179"}],"collection":[{"href":"https:\/\/laprensacristiana.com\/index.php?rest_route=\/wp\/v2\/posts"}],"about":[{"href":"https:\/\/laprensacristiana.com\/index.php?rest_route=\/wp\/v2\/types\/post"}],"author":[{"embeddable":true,"href":"https:\/\/laprensacristiana.com\/index.php?rest_route=\/wp\/v2\/users\/3"}],"replies":[{"embeddable":true,"href":"https:\/\/laprensacristiana.com\/index.php?rest_route=%2Fwp%2Fv2%2Fcomments&post=17179"}],"version-history":[{"count":2,"href":"https:\/\/laprensacristiana.com\/index.php?rest_route=\/wp\/v2\/posts\/17179\/revisions"}],"predecessor-version":[{"id":17183,"href":"https:\/\/laprensacristiana.com\/index.php?rest_route=\/wp\/v2\/posts\/17179\/revisions\/17183"}],"wp:featuredmedia":[{"embeddable":true,"href":"https:\/\/laprensacristiana.com\/index.php?rest_route=\/wp\/v2\/media\/17180"}],"wp:attachment":[{"href":"https:\/\/laprensacristiana.com\/index.php?rest_route=%2Fwp%2Fv2%2Fmedia&parent=17179"}],"wp:term":[{"taxonomy":"category","embeddable":true,"href":"https:\/\/laprensacristiana.com\/index.php?rest_route=%2Fwp%2Fv2%2Fcategories&post=17179"},{"taxonomy":"post_tag","embeddable":true,"href":"https:\/\/laprensacristiana.com\/index.php?rest_route=%2Fwp%2Fv2%2Ftags&post=17179"}],"curies":[{"name":"wp","href":"https:\/\/api.w.org\/{rel}","templated":true}]}}