{"id":17200,"date":"2024-05-23T18:11:36","date_gmt":"2024-05-23T18:11:36","guid":{"rendered":"https:\/\/laprensacristiana.com\/?p=17200"},"modified":"2024-05-23T18:11:37","modified_gmt":"2024-05-23T18:11:37","slug":"asociacion-de-pastores-de-la-union-busca-unir-esfuerzos-entre-iglesias-de-la-zona-para-mejorar-labor-evangelizadora-y-de-ayuda-a-los-mas-necesitados","status":"publish","type":"post","link":"https:\/\/laprensacristiana.com\/?p=17200","title":{"rendered":"Asociaci\u00f3n de pastores de la Uni\u00f3n busca unir esfuerzos entre iglesias de la zona para \u00a0mejorar labor evangelizadora y de ayuda a los m\u00e1s necesitados."},"content":{"rendered":"\n<p>Por: Edwin G\u00f3ngora <\/p>\n\n\n\n<p>Acercamientos con diferentes pastores de la Uni\u00f3n contin\u00faa desarrollando La Asociaci\u00f3n de Pastores Evang\u00e9licos de La Uni\u00f3n, APEU, de tal manera compartir los componentes que conforman dicha asociaci\u00f3n.<\/p>\n\n\n\n<p>Este mi\u00e9rcoles m\u00e1s de treinta representantes pastorales de Iglesias como Asambleas de Dios, Ap\u00f3stoles y Profetas, &nbsp;Iglesia de Dios, Bautista y Profec\u00eda Universal, entre otras,&nbsp; se&nbsp; reunieron para escuchar del Licenciado Herbert H. Bonilla quien preside la asociaci\u00f3n, los objetivos, misi\u00f3n y visi\u00f3n de APEU, que hace diversos esfuerzos por que cada ministerio fortalezca su labor.<\/p>\n\n\n\n<p>\u201cConvocar a los pastores para conversar con ellos y plantear que trabajar unidos nos permite articular voluntades&nbsp; y poner a disposici\u00f3n recursos para exaltar el nombre de Jesucristo, fue uno de los aspectos abordados\u201d, se\u00f1al\u00f3 el licenciado Bonilla.<\/p>\n\n\n\n<figure class=\"wp-block-image size-large\"><img decoding=\"async\" loading=\"lazy\" width=\"1024\" height=\"768\" src=\"https:\/\/laprensacristiana.com\/wp-content\/uploads\/2024\/05\/WhatsApp-Image-2024-05-22-at-3.26.39-PM-1024x768.jpeg\" alt=\"\" class=\"wp-image-17202\" srcset=\"https:\/\/laprensacristiana.com\/wp-content\/uploads\/2024\/05\/WhatsApp-Image-2024-05-22-at-3.26.39-PM-1024x768.jpeg 1024w, https:\/\/laprensacristiana.com\/wp-content\/uploads\/2024\/05\/WhatsApp-Image-2024-05-22-at-3.26.39-PM-300x225.jpeg 300w, https:\/\/laprensacristiana.com\/wp-content\/uploads\/2024\/05\/WhatsApp-Image-2024-05-22-at-3.26.39-PM-768x576.jpeg 768w, https:\/\/laprensacristiana.com\/wp-content\/uploads\/2024\/05\/WhatsApp-Image-2024-05-22-at-3.26.39-PM-696x522.jpeg 696w, https:\/\/laprensacristiana.com\/wp-content\/uploads\/2024\/05\/WhatsApp-Image-2024-05-22-at-3.26.39-PM-1068x801.jpeg 1068w, https:\/\/laprensacristiana.com\/wp-content\/uploads\/2024\/05\/WhatsApp-Image-2024-05-22-at-3.26.39-PM-600x450.jpeg 600w, https:\/\/laprensacristiana.com\/wp-content\/uploads\/2024\/05\/WhatsApp-Image-2024-05-22-at-3.26.39-PM.jpeg 1080w\" sizes=\"(max-width: 1024px) 100vw, 1024px\" \/><\/figure>\n\n\n\n<p>Buscar la uni\u00f3n no es f\u00e1cil, ya que existen factores lit\u00fargicos y doctrinarios que pueden limitar hasta cierto punto una uni\u00f3n entre el cuerpo de Cristo, sin embargo el Licenciado H. Bonilla&nbsp; manifest\u00f3 que lo que juntos se puede lograr puede tener un mejor alcance y beneficiar a quienes lo necesitan.<\/p>\n\n\n\n<p>\u201cHay una obra que el Esp\u00edritu Santo ha puesto en el coraz\u00f3n de &nbsp;todos y es el deseo de trabajar&nbsp; en equipo. Creo que Dios est\u00e1 uniendo a la iglesia evang\u00e9lica en la ciudad de la Uni\u00f3n para lograr cosas grandes.\u201d Asegur\u00f3. &nbsp;&nbsp;<\/p>\n\n\n\n<p>&nbsp;Para el pastor Herman Eliseo Hern\u00e1ndez, de la Iglesia Ap\u00f3stoles y Profetas \u201ces bueno que se trate de tener esa armon\u00eda entre diferentes pastores y enfocase en la proclamaci\u00f3n del evangelio, algo que traer\u00eda mucha mejor\u00eda.\u201d<\/p>\n\n\n\n<figure class=\"wp-block-image size-large\"><img decoding=\"async\" loading=\"lazy\" width=\"1024\" height=\"768\" src=\"https:\/\/laprensacristiana.com\/wp-content\/uploads\/2024\/05\/WhatsApp-Image-2024-05-22-at-11.05.54-AM-1-1024x768.jpeg\" alt=\"\" class=\"wp-image-17203\" srcset=\"https:\/\/laprensacristiana.com\/wp-content\/uploads\/2024\/05\/WhatsApp-Image-2024-05-22-at-11.05.54-AM-1-1024x768.jpeg 1024w, https:\/\/laprensacristiana.com\/wp-content\/uploads\/2024\/05\/WhatsApp-Image-2024-05-22-at-11.05.54-AM-1-300x225.jpeg 300w, https:\/\/laprensacristiana.com\/wp-content\/uploads\/2024\/05\/WhatsApp-Image-2024-05-22-at-11.05.54-AM-1-768x576.jpeg 768w, https:\/\/laprensacristiana.com\/wp-content\/uploads\/2024\/05\/WhatsApp-Image-2024-05-22-at-11.05.54-AM-1-1536x1152.jpeg 1536w, https:\/\/laprensacristiana.com\/wp-content\/uploads\/2024\/05\/WhatsApp-Image-2024-05-22-at-11.05.54-AM-1-696x522.jpeg 696w, https:\/\/laprensacristiana.com\/wp-content\/uploads\/2024\/05\/WhatsApp-Image-2024-05-22-at-11.05.54-AM-1-1068x801.jpeg 1068w, https:\/\/laprensacristiana.com\/wp-content\/uploads\/2024\/05\/WhatsApp-Image-2024-05-22-at-11.05.54-AM-1-600x450.jpeg 600w, https:\/\/laprensacristiana.com\/wp-content\/uploads\/2024\/05\/WhatsApp-Image-2024-05-22-at-11.05.54-AM-1.jpeg 1600w\" sizes=\"(max-width: 1024px) 100vw, 1024px\" \/><\/figure>\n\n\n\n<p>Omar Carbajal &nbsp;es el pastor de la Iglesia de Dios Tabern\u00e1culo Mahanaim de Pasquina, pero tambi\u00e9n es representante para la Uni\u00f3n de La Comisi\u00f3n de Valores del gobierno.<\/p>\n\n\n\n<p>Para el pastor Carbajal &nbsp;el encuentro &nbsp;fue bueno y un &nbsp;signo de que \u201cla uni\u00f3n s\u00ed hace la fuerza\u201d<\/p>\n\n\n\n<p>\u201cMuchas veces existen personas que buscan protagonismo, no buscan la unidad, el trabajo y el fortalecimiento de lo que es la misi\u00f3n, pero estamos viendo en este grupo de pastores que tienen el buen prop\u00f3sito de servir en el reino y en unidad.\u201d Destaco.<\/p>\n\n\n\n<p>Durante la reuni\u00f3n se conocieron propuestas de Misiones Solidarias &nbsp;del Santuario Jireh de la Iglesia de Dios en El Salvador, Red Hechos 2 de El Salvador, Comisi\u00f3n de Valores de El Salvador y como La Prensa Cristiana, confiamos que Dios ya abri\u00f3 &nbsp;puertas &nbsp;que nos permita informar acerca del trabajo que las iglesias de esta zona del pa\u00eds realizan.<\/p>\n\n\n\n<figure class=\"wp-block-gallery has-nested-images columns-default is-cropped wp-block-gallery-1 is-layout-flex\">\n<figure class=\"wp-block-image size-large\"><img decoding=\"async\" loading=\"lazy\" width=\"1024\" height=\"768\" data-id=\"17204\"  src=\"https:\/\/laprensacristiana.com\/wp-content\/uploads\/2024\/05\/WhatsApp-Image-2024-05-23-at-11.55.30-AM-1024x768.jpeg\" alt=\"\" class=\"wp-image-17204\" srcset=\"https:\/\/laprensacristiana.com\/wp-content\/uploads\/2024\/05\/WhatsApp-Image-2024-05-23-at-11.55.30-AM-1024x768.jpeg 1024w, https:\/\/laprensacristiana.com\/wp-content\/uploads\/2024\/05\/WhatsApp-Image-2024-05-23-at-11.55.30-AM-300x225.jpeg 300w, https:\/\/laprensacristiana.com\/wp-content\/uploads\/2024\/05\/WhatsApp-Image-2024-05-23-at-11.55.30-AM-768x576.jpeg 768w, https:\/\/laprensacristiana.com\/wp-content\/uploads\/2024\/05\/WhatsApp-Image-2024-05-23-at-11.55.30-AM-1536x1152.jpeg 1536w, https:\/\/laprensacristiana.com\/wp-content\/uploads\/2024\/05\/WhatsApp-Image-2024-05-23-at-11.55.30-AM-696x522.jpeg 696w, https:\/\/laprensacristiana.com\/wp-content\/uploads\/2024\/05\/WhatsApp-Image-2024-05-23-at-11.55.30-AM-1068x801.jpeg 1068w, https:\/\/laprensacristiana.com\/wp-content\/uploads\/2024\/05\/WhatsApp-Image-2024-05-23-at-11.55.30-AM-600x450.jpeg 600w, https:\/\/laprensacristiana.com\/wp-content\/uploads\/2024\/05\/WhatsApp-Image-2024-05-23-at-11.55.30-AM.jpeg 1600w\" sizes=\"(max-width: 1024px) 100vw, 1024px\" \/><\/figure>\n\n\n\n<figure class=\"wp-block-image size-large\"><img decoding=\"async\" loading=\"lazy\" width=\"768\" height=\"1024\" data-id=\"17205\"  src=\"https:\/\/laprensacristiana.com\/wp-content\/uploads\/2024\/05\/WhatsApp-Image-2024-05-23-at-11.55.32-AM-768x1024.jpeg\" alt=\"\" class=\"wp-image-17205\" srcset=\"https:\/\/laprensacristiana.com\/wp-content\/uploads\/2024\/05\/WhatsApp-Image-2024-05-23-at-11.55.32-AM-768x1024.jpeg 768w, https:\/\/laprensacristiana.com\/wp-content\/uploads\/2024\/05\/WhatsApp-Image-2024-05-23-at-11.55.32-AM-225x300.jpeg 225w, https:\/\/laprensacristiana.com\/wp-content\/uploads\/2024\/05\/WhatsApp-Image-2024-05-23-at-11.55.32-AM-1152x1536.jpeg 1152w, https:\/\/laprensacristiana.com\/wp-content\/uploads\/2024\/05\/WhatsApp-Image-2024-05-23-at-11.55.32-AM-696x928.jpeg 696w, https:\/\/laprensacristiana.com\/wp-content\/uploads\/2024\/05\/WhatsApp-Image-2024-05-23-at-11.55.32-AM-1068x1424.jpeg 1068w, https:\/\/laprensacristiana.com\/wp-content\/uploads\/2024\/05\/WhatsApp-Image-2024-05-23-at-11.55.32-AM-600x800.jpeg 600w, https:\/\/laprensacristiana.com\/wp-content\/uploads\/2024\/05\/WhatsApp-Image-2024-05-23-at-11.55.32-AM.jpeg 1200w\" sizes=\"(max-width: 768px) 100vw, 768px\" \/><\/figure>\n<\/figure>\n\n\n\n<figure class=\"wp-block-image size-large\"><img decoding=\"async\" loading=\"lazy\" width=\"1024\" height=\"768\" src=\"https:\/\/laprensacristiana.com\/wp-content\/uploads\/2024\/05\/WhatsApp-Image-2024-05-22-at-3.26.40-PM-1-1024x768.jpeg\" alt=\"\" class=\"wp-image-17206\" srcset=\"https:\/\/laprensacristiana.com\/wp-content\/uploads\/2024\/05\/WhatsApp-Image-2024-05-22-at-3.26.40-PM-1-1024x768.jpeg 1024w, https:\/\/laprensacristiana.com\/wp-content\/uploads\/2024\/05\/WhatsApp-Image-2024-05-22-at-3.26.40-PM-1-300x225.jpeg 300w, https:\/\/laprensacristiana.com\/wp-content\/uploads\/2024\/05\/WhatsApp-Image-2024-05-22-at-3.26.40-PM-1-768x576.jpeg 768w, https:\/\/laprensacristiana.com\/wp-content\/uploads\/2024\/05\/WhatsApp-Image-2024-05-22-at-3.26.40-PM-1-696x522.jpeg 696w, https:\/\/laprensacristiana.com\/wp-content\/uploads\/2024\/05\/WhatsApp-Image-2024-05-22-at-3.26.40-PM-1-1068x801.jpeg 1068w, https:\/\/laprensacristiana.com\/wp-content\/uploads\/2024\/05\/WhatsApp-Image-2024-05-22-at-3.26.40-PM-1-600x450.jpeg 600w, https:\/\/laprensacristiana.com\/wp-content\/uploads\/2024\/05\/WhatsApp-Image-2024-05-22-at-3.26.40-PM-1.jpeg 1080w\" sizes=\"(max-width: 1024px) 100vw, 1024px\" \/><\/figure>\n","protected":false},"excerpt":{"rendered":"<p>Por: Edwin G\u00f3ngora Acercamientos con diferentes pastores de la Uni\u00f3n contin\u00faa desarrollando La Asociaci\u00f3n de Pastores Evang\u00e9licos de La Uni\u00f3n, APEU, de tal manera compartir los componentes que conforman dicha asociaci\u00f3n. Este mi\u00e9rcoles m\u00e1s de treinta representantes pastorales de Iglesias como Asambleas de Dios, Ap\u00f3stoles y Profetas, &nbsp;Iglesia de Dios, Bautista y Profec\u00eda Universal, entre [&hellip;]<\/p>\n","protected":false},"author":3,"featured_media":17201,"comment_status":"open","ping_status":"open","sticky":false,"template":"","format":"standard","meta":[],"categories":[56],"tags":[],"yoast_head":"<!-- This site is optimized with the Yoast SEO plugin v20.8 - https:\/\/yoast.com\/wordpress\/plugins\/seo\/ -->\n<title>Asociaci\u00f3n de pastores de la Uni\u00f3n busca unir esfuerzos entre iglesias de la zona para \u00a0mejorar labor evangelizadora y de ayuda a los m\u00e1s necesitados. - La Prensa Cristiana<\/title>\n<meta name=\"robots\" content=\"index, follow, max-snippet:-1, max-image-preview:large, max-video-preview:-1\" \/>\n<link rel=\"canonical\" href=\"https:\/\/laprensacristiana.com\/?p=17200\" \/>\n<meta property=\"og:locale\" content=\"es_ES\" \/>\n<meta property=\"og:type\" content=\"article\" \/>\n<meta property=\"og:title\" content=\"Asociaci\u00f3n de pastores de la Uni\u00f3n busca unir esfuerzos entre iglesias de la zona para \u00a0mejorar labor evangelizadora y de ayuda a los m\u00e1s necesitados. - La Prensa Cristiana\" \/>\n<meta property=\"og:description\" content=\"Por: Edwin G\u00f3ngora Acercamientos con diferentes pastores de la Uni\u00f3n contin\u00faa desarrollando La Asociaci\u00f3n de Pastores Evang\u00e9licos de La Uni\u00f3n, APEU, de tal manera compartir los componentes que conforman dicha asociaci\u00f3n. Este mi\u00e9rcoles m\u00e1s de treinta representantes pastorales de Iglesias como Asambleas de Dios, Ap\u00f3stoles y Profetas, &nbsp;Iglesia de Dios, Bautista y Profec\u00eda Universal, entre [&hellip;]\" \/>\n<meta property=\"og:url\" content=\"https:\/\/laprensacristiana.com\/?p=17200\" \/>\n<meta property=\"og:site_name\" content=\"La Prensa Cristiana\" \/>\n<meta property=\"article:published_time\" content=\"2024-05-23T18:11:36+00:00\" \/>\n<meta property=\"article:modified_time\" content=\"2024-05-23T18:11:37+00:00\" \/>\n<meta property=\"og:image\" content=\"https:\/\/laprensacristiana.com\/wp-content\/uploads\/2024\/05\/WhatsApp-Image-2024-05-22-at-3.26.39-PM-2.jpeg\" \/>\n\t<meta property=\"og:image:width\" content=\"1080\" \/>\n\t<meta property=\"og:image:height\" content=\"810\" \/>\n\t<meta property=\"og:image:type\" content=\"image\/jpeg\" \/>\n<meta name=\"author\" content=\"EDITOR\" \/>\n<meta name=\"twitter:card\" content=\"summary_large_image\" \/>\n<meta name=\"twitter:label1\" content=\"Escrito por\" \/>\n\t<meta name=\"twitter:data1\" content=\"EDITOR\" \/>\n\t<meta name=\"twitter:label2\" content=\"Tiempo de lectura\" \/>\n\t<meta name=\"twitter:data2\" content=\"3 minutos\" \/>\n<script type=\"application\/ld+json\" class=\"yoast-schema-graph\">{\"@context\":\"https:\/\/schema.org\",\"@graph\":[{\"@type\":\"WebPage\",\"@id\":\"https:\/\/laprensacristiana.com\/?p=17200\",\"url\":\"https:\/\/laprensacristiana.com\/?p=17200\",\"name\":\"Asociaci\u00f3n de pastores de la Uni\u00f3n busca unir esfuerzos entre iglesias de la zona para \u00a0mejorar labor evangelizadora y de ayuda a los m\u00e1s necesitados. - La Prensa Cristiana\",\"isPartOf\":{\"@id\":\"https:\/\/laprensacristiana.com\/#website\"},\"datePublished\":\"2024-05-23T18:11:36+00:00\",\"dateModified\":\"2024-05-23T18:11:37+00:00\",\"author\":{\"@id\":\"https:\/\/laprensacristiana.com\/#\/schema\/person\/3e7d82c6bfd6b1fa67010f8f7cd5256e\"},\"breadcrumb\":{\"@id\":\"https:\/\/laprensacristiana.com\/?p=17200#breadcrumb\"},\"inLanguage\":\"es\",\"potentialAction\":[{\"@type\":\"ReadAction\",\"target\":[\"https:\/\/laprensacristiana.com\/?p=17200\"]}]},{\"@type\":\"BreadcrumbList\",\"@id\":\"https:\/\/laprensacristiana.com\/?p=17200#breadcrumb\",\"itemListElement\":[{\"@type\":\"ListItem\",\"position\":1,\"name\":\"Portada\",\"item\":\"https:\/\/laprensacristiana.com\/\"},{\"@type\":\"ListItem\",\"position\":2,\"name\":\"Asociaci\u00f3n de pastores de la Uni\u00f3n busca unir esfuerzos entre iglesias de la zona para \u00a0mejorar labor evangelizadora y de ayuda a los m\u00e1s necesitados.\"}]},{\"@type\":\"WebSite\",\"@id\":\"https:\/\/laprensacristiana.com\/#website\",\"url\":\"https:\/\/laprensacristiana.com\/\",\"name\":\"La Prensa Cristiana\",\"description\":\"Anunciando Las Buenas Nuevas\",\"potentialAction\":[{\"@type\":\"SearchAction\",\"target\":{\"@type\":\"EntryPoint\",\"urlTemplate\":\"https:\/\/laprensacristiana.com\/?s={search_term_string}\"},\"query-input\":\"required name=search_term_string\"}],\"inLanguage\":\"es\"},{\"@type\":\"Person\",\"@id\":\"https:\/\/laprensacristiana.com\/#\/schema\/person\/3e7d82c6bfd6b1fa67010f8f7cd5256e\",\"name\":\"EDITOR\",\"image\":{\"@type\":\"ImageObject\",\"inLanguage\":\"es\",\"@id\":\"https:\/\/laprensacristiana.com\/#\/schema\/person\/image\/\",\"url\":\"https:\/\/secure.gravatar.com\/avatar\/72069dfb6c13772d9e8381e3638666d2?s=96&d=mm&r=g\",\"contentUrl\":\"https:\/\/secure.gravatar.com\/avatar\/72069dfb6c13772d9e8381e3638666d2?s=96&d=mm&r=g\",\"caption\":\"EDITOR\"},\"url\":\"https:\/\/laprensacristiana.com\/?author=3\"}]}<\/script>\n<!-- \/ Yoast SEO plugin. -->","yoast_head_json":{"title":"Asociaci\u00f3n de pastores de la Uni\u00f3n busca unir esfuerzos entre iglesias de la zona para \u00a0mejorar labor evangelizadora y de ayuda a los m\u00e1s necesitados. - La Prensa Cristiana","robots":{"index":"index","follow":"follow","max-snippet":"max-snippet:-1","max-image-preview":"max-image-preview:large","max-video-preview":"max-video-preview:-1"},"canonical":"https:\/\/laprensacristiana.com\/?p=17200","og_locale":"es_ES","og_type":"article","og_title":"Asociaci\u00f3n de pastores de la Uni\u00f3n busca unir esfuerzos entre iglesias de la zona para \u00a0mejorar labor evangelizadora y de ayuda a los m\u00e1s necesitados. - La Prensa Cristiana","og_description":"Por: Edwin G\u00f3ngora Acercamientos con diferentes pastores de la Uni\u00f3n contin\u00faa desarrollando La Asociaci\u00f3n de Pastores Evang\u00e9licos de La Uni\u00f3n, APEU, de tal manera compartir los componentes que conforman dicha asociaci\u00f3n. Este mi\u00e9rcoles m\u00e1s de treinta representantes pastorales de Iglesias como Asambleas de Dios, Ap\u00f3stoles y Profetas, &nbsp;Iglesia de Dios, Bautista y Profec\u00eda Universal, entre [&hellip;]","og_url":"https:\/\/laprensacristiana.com\/?p=17200","og_site_name":"La Prensa Cristiana","article_published_time":"2024-05-23T18:11:36+00:00","article_modified_time":"2024-05-23T18:11:37+00:00","og_image":[{"width":1080,"height":810,"url":"https:\/\/laprensacristiana.com\/wp-content\/uploads\/2024\/05\/WhatsApp-Image-2024-05-22-at-3.26.39-PM-2.jpeg","type":"image\/jpeg"}],"author":"EDITOR","twitter_card":"summary_large_image","twitter_misc":{"Escrito por":"EDITOR","Tiempo de lectura":"3 minutos"},"schema":{"@context":"https:\/\/schema.org","@graph":[{"@type":"WebPage","@id":"https:\/\/laprensacristiana.com\/?p=17200","url":"https:\/\/laprensacristiana.com\/?p=17200","name":"Asociaci\u00f3n de pastores de la Uni\u00f3n busca unir esfuerzos entre iglesias de la zona para \u00a0mejorar labor evangelizadora y de ayuda a los m\u00e1s necesitados. - La Prensa Cristiana","isPartOf":{"@id":"https:\/\/laprensacristiana.com\/#website"},"datePublished":"2024-05-23T18:11:36+00:00","dateModified":"2024-05-23T18:11:37+00:00","author":{"@id":"https:\/\/laprensacristiana.com\/#\/schema\/person\/3e7d82c6bfd6b1fa67010f8f7cd5256e"},"breadcrumb":{"@id":"https:\/\/laprensacristiana.com\/?p=17200#breadcrumb"},"inLanguage":"es","potentialAction":[{"@type":"ReadAction","target":["https:\/\/laprensacristiana.com\/?p=17200"]}]},{"@type":"BreadcrumbList","@id":"https:\/\/laprensacristiana.com\/?p=17200#breadcrumb","itemListElement":[{"@type":"ListItem","position":1,"name":"Portada","item":"https:\/\/laprensacristiana.com\/"},{"@type":"ListItem","position":2,"name":"Asociaci\u00f3n de pastores de la Uni\u00f3n busca unir esfuerzos entre iglesias de la zona para \u00a0mejorar labor evangelizadora y de ayuda a los m\u00e1s necesitados."}]},{"@type":"WebSite","@id":"https:\/\/laprensacristiana.com\/#website","url":"https:\/\/laprensacristiana.com\/","name":"La Prensa Cristiana","description":"Anunciando Las Buenas Nuevas","potentialAction":[{"@type":"SearchAction","target":{"@type":"EntryPoint","urlTemplate":"https:\/\/laprensacristiana.com\/?s={search_term_string}"},"query-input":"required name=search_term_string"}],"inLanguage":"es"},{"@type":"Person","@id":"https:\/\/laprensacristiana.com\/#\/schema\/person\/3e7d82c6bfd6b1fa67010f8f7cd5256e","name":"EDITOR","image":{"@type":"ImageObject","inLanguage":"es","@id":"https:\/\/laprensacristiana.com\/#\/schema\/person\/image\/","url":"https:\/\/secure.gravatar.com\/avatar\/72069dfb6c13772d9e8381e3638666d2?s=96&d=mm&r=g","contentUrl":"https:\/\/secure.gravatar.com\/avatar\/72069dfb6c13772d9e8381e3638666d2?s=96&d=mm&r=g","caption":"EDITOR"},"url":"https:\/\/laprensacristiana.com\/?author=3"}]}},"_links":{"self":[{"href":"https:\/\/laprensacristiana.com\/index.php?rest_route=\/wp\/v2\/posts\/17200"}],"collection":[{"href":"https:\/\/laprensacristiana.com\/index.php?rest_route=\/wp\/v2\/posts"}],"about":[{"href":"https:\/\/laprensacristiana.com\/index.php?rest_route=\/wp\/v2\/types\/post"}],"author":[{"embeddable":true,"href":"https:\/\/laprensacristiana.com\/index.php?rest_route=\/wp\/v2\/users\/3"}],"replies":[{"embeddable":true,"href":"https:\/\/laprensacristiana.com\/index.php?rest_route=%2Fwp%2Fv2%2Fcomments&post=17200"}],"version-history":[{"count":1,"href":"https:\/\/laprensacristiana.com\/index.php?rest_route=\/wp\/v2\/posts\/17200\/revisions"}],"predecessor-version":[{"id":17207,"href":"https:\/\/laprensacristiana.com\/index.php?rest_route=\/wp\/v2\/posts\/17200\/revisions\/17207"}],"wp:featuredmedia":[{"embeddable":true,"href":"https:\/\/laprensacristiana.com\/index.php?rest_route=\/wp\/v2\/media\/17201"}],"wp:attachment":[{"href":"https:\/\/laprensacristiana.com\/index.php?rest_route=%2Fwp%2Fv2%2Fmedia&parent=17200"}],"wp:term":[{"taxonomy":"category","embeddable":true,"href":"https:\/\/laprensacristiana.com\/index.php?rest_route=%2Fwp%2Fv2%2Fcategories&post=17200"},{"taxonomy":"post_tag","embeddable":true,"href":"https:\/\/laprensacristiana.com\/index.php?rest_route=%2Fwp%2Fv2%2Ftags&post=17200"}],"curies":[{"name":"wp","href":"https:\/\/api.w.org\/{rel}","templated":true}]}}