{"id":17208,"date":"2024-05-23T21:53:16","date_gmt":"2024-05-23T21:53:16","guid":{"rendered":"https:\/\/laprensacristiana.com\/?p=17208"},"modified":"2024-05-23T21:53:16","modified_gmt":"2024-05-23T21:53:16","slug":"la-fe-nos-permite-que-toda-ayuda-la-concretemos-presidente-de-misiones-solidarias","status":"publish","type":"post","link":"https:\/\/laprensacristiana.com\/?p=17208","title":{"rendered":"\u00a0\u201cLa Fe nos permite que toda ayuda la concretemos\u201d, Presidente de Misiones Solidarias."},"content":{"rendered":"\n<p>Por: Edwin G\u00f3ngora <\/p>\n\n\n\n<p>Efra\u00edn Soto es un hombre sencillo, pero de una enorme coraz\u00f3n.<\/p>\n\n\n\n<p>El forma parte de la Iglesia &nbsp;de Dios en Bobadilla la Uni\u00f3n y es all\u00ed asegura, que el principio de ayudar a quien lo necesita le fue ense\u00f1ado.<\/p>\n\n\n\n<p>Desde hace seis meses forma parte de la Organizaci\u00f3n Misiones Solidarias, que gestiona recursos y servicios para responder las peticiones de las personas con mayor necesidad de la Uni\u00f3n, El Salvador y las Naciones.<\/p>\n\n\n\n<figure class=\"wp-block-image size-large\"><img decoding=\"async\" loading=\"lazy\" width=\"778\" height=\"1024\" src=\"https:\/\/laprensacristiana.com\/wp-content\/uploads\/2024\/05\/WhatsApp-Image-2024-05-23-at-3.32.35-PM-778x1024.jpeg\" alt=\"\" class=\"wp-image-17210\" srcset=\"https:\/\/laprensacristiana.com\/wp-content\/uploads\/2024\/05\/WhatsApp-Image-2024-05-23-at-3.32.35-PM-778x1024.jpeg 778w, https:\/\/laprensacristiana.com\/wp-content\/uploads\/2024\/05\/WhatsApp-Image-2024-05-23-at-3.32.35-PM-228x300.jpeg 228w, https:\/\/laprensacristiana.com\/wp-content\/uploads\/2024\/05\/WhatsApp-Image-2024-05-23-at-3.32.35-PM-768x1011.jpeg 768w, https:\/\/laprensacristiana.com\/wp-content\/uploads\/2024\/05\/WhatsApp-Image-2024-05-23-at-3.32.35-PM-696x916.jpeg 696w, https:\/\/laprensacristiana.com\/wp-content\/uploads\/2024\/05\/WhatsApp-Image-2024-05-23-at-3.32.35-PM-600x790.jpeg 600w, https:\/\/laprensacristiana.com\/wp-content\/uploads\/2024\/05\/WhatsApp-Image-2024-05-23-at-3.32.35-PM.jpeg 995w\" sizes=\"(max-width: 778px) 100vw, 778px\" \/><\/figure>\n\n\n\n<p>En una pl\u00e1tica con La Prensa Cristiana nos comparti\u00f3 que el trabajo de asistencia es interminable, ya que &nbsp;siempre existe una persona necesitada o alguien que solicita alg\u00fan tipo de ayuda.<\/p>\n\n\n\n<p>\u201cAqu\u00ed en la Uni\u00f3n se han hecho varias conexiones &nbsp;con diferentes iglesias y dado apoyo a personas que padecen de enfermedades o de escasos recursos, que tienen da\u00f1os en sus viviendas y otro tipo de carest\u00edas\u201d.<\/p>\n\n\n\n<p>Si bien se hacen gestiones con diferentes empresas e instituciones para recaudar fondos, Don Efra\u00edn Soto asegura que lo escrito en Filipenses 4:19 se cumple a cabalidad, \u201cMi Dios, pues, suplir\u00e1 todo lo que os falta conforme a sus riquezas en gloria en Cristo Jes\u00fas.\u201d<\/p>\n\n\n\n<figure class=\"wp-block-gallery has-nested-images columns-default is-cropped wp-block-gallery-1 is-layout-flex\">\n<figure class=\"wp-block-image size-large\"><img decoding=\"async\" loading=\"lazy\" width=\"960\" height=\"1024\" data-id=\"17211\"  src=\"https:\/\/laprensacristiana.com\/wp-content\/uploads\/2024\/05\/MISIONES-SOLIDARIAS-2-960x1024.jpg\" alt=\"\" class=\"wp-image-17211\" srcset=\"https:\/\/laprensacristiana.com\/wp-content\/uploads\/2024\/05\/MISIONES-SOLIDARIAS-2-960x1024.jpg 960w, https:\/\/laprensacristiana.com\/wp-content\/uploads\/2024\/05\/MISIONES-SOLIDARIAS-2-281x300.jpg 281w, https:\/\/laprensacristiana.com\/wp-content\/uploads\/2024\/05\/MISIONES-SOLIDARIAS-2-768x819.jpg 768w, https:\/\/laprensacristiana.com\/wp-content\/uploads\/2024\/05\/MISIONES-SOLIDARIAS-2-696x742.jpg 696w, https:\/\/laprensacristiana.com\/wp-content\/uploads\/2024\/05\/MISIONES-SOLIDARIAS-2-1068x1139.jpg 1068w, https:\/\/laprensacristiana.com\/wp-content\/uploads\/2024\/05\/MISIONES-SOLIDARIAS-2-600x640.jpg 600w, https:\/\/laprensacristiana.com\/wp-content\/uploads\/2024\/05\/MISIONES-SOLIDARIAS-2.jpg 1080w\" sizes=\"(max-width: 960px) 100vw, 960px\" \/><\/figure>\n\n\n\n<figure class=\"wp-block-image size-large\"><img decoding=\"async\" loading=\"lazy\" width=\"1024\" height=\"768\" data-id=\"17212\"  src=\"https:\/\/laprensacristiana.com\/wp-content\/uploads\/2024\/05\/misiones-solidarias-3-1024x768.jpg\" alt=\"\" class=\"wp-image-17212\" srcset=\"https:\/\/laprensacristiana.com\/wp-content\/uploads\/2024\/05\/misiones-solidarias-3-1024x768.jpg 1024w, https:\/\/laprensacristiana.com\/wp-content\/uploads\/2024\/05\/misiones-solidarias-3-300x225.jpg 300w, https:\/\/laprensacristiana.com\/wp-content\/uploads\/2024\/05\/misiones-solidarias-3-768x576.jpg 768w, https:\/\/laprensacristiana.com\/wp-content\/uploads\/2024\/05\/misiones-solidarias-3-1536x1152.jpg 1536w, https:\/\/laprensacristiana.com\/wp-content\/uploads\/2024\/05\/misiones-solidarias-3-696x522.jpg 696w, https:\/\/laprensacristiana.com\/wp-content\/uploads\/2024\/05\/misiones-solidarias-3-1068x801.jpg 1068w, https:\/\/laprensacristiana.com\/wp-content\/uploads\/2024\/05\/misiones-solidarias-3-1920x1440.jpg 1920w, https:\/\/laprensacristiana.com\/wp-content\/uploads\/2024\/05\/misiones-solidarias-3-600x450.jpg 600w, https:\/\/laprensacristiana.com\/wp-content\/uploads\/2024\/05\/misiones-solidarias-3.jpg 2048w\" sizes=\"(max-width: 1024px) 100vw, 1024px\" \/><\/figure>\n<\/figure>\n\n\n\n<p>\u201cComenzar un viaje sin tener nada y decir vamos a ir tal mes, de repente es donde vemos la mano de Dios obrando y estamos convencidos que Dios est\u00e1 en este proyecto\u201d, asegura.<\/p>\n\n\n\n<p>Sin embargo el Presidente de Misiones Solidaria nos explica que El gestor de toda esta labor es &nbsp;Licenciado Heber H, Bonilla quien coordina los acercamientos con los diferentes sectores en el departamento de la Uni\u00f3n.<\/p>\n\n\n\n<p>Estas gestiones de asistencia y ayuda les ha llevado en dos ocasiones a Cuba y una a Venezuela, lugares que al conocer de su existencia les solicitaron de su cooperaci\u00f3n.<\/p>\n\n\n\n<p>Actualmente sostienen que existe una \u201cenorme\u201d lista de solicitudes en espera, pero que no dudan las responder\u00e1n en su momento.<\/p>\n\n\n\n<figure class=\"wp-block-gallery has-nested-images columns-default is-cropped wp-block-gallery-3 is-layout-flex\">\n<figure class=\"wp-block-image size-large\"><img decoding=\"async\" loading=\"lazy\" width=\"1024\" height=\"768\" data-id=\"17217\"  src=\"https:\/\/laprensacristiana.com\/wp-content\/uploads\/2024\/05\/WhatsApp-Image-2024-05-23-at-3.32.36-PM-3-1024x768.jpeg\" alt=\"\" class=\"wp-image-17217\" srcset=\"https:\/\/laprensacristiana.com\/wp-content\/uploads\/2024\/05\/WhatsApp-Image-2024-05-23-at-3.32.36-PM-3-1024x768.jpeg 1024w, https:\/\/laprensacristiana.com\/wp-content\/uploads\/2024\/05\/WhatsApp-Image-2024-05-23-at-3.32.36-PM-3-300x225.jpeg 300w, https:\/\/laprensacristiana.com\/wp-content\/uploads\/2024\/05\/WhatsApp-Image-2024-05-23-at-3.32.36-PM-3-768x576.jpeg 768w, https:\/\/laprensacristiana.com\/wp-content\/uploads\/2024\/05\/WhatsApp-Image-2024-05-23-at-3.32.36-PM-3-696x522.jpeg 696w, https:\/\/laprensacristiana.com\/wp-content\/uploads\/2024\/05\/WhatsApp-Image-2024-05-23-at-3.32.36-PM-3-1068x801.jpeg 1068w, https:\/\/laprensacristiana.com\/wp-content\/uploads\/2024\/05\/WhatsApp-Image-2024-05-23-at-3.32.36-PM-3-600x450.jpeg 600w, https:\/\/laprensacristiana.com\/wp-content\/uploads\/2024\/05\/WhatsApp-Image-2024-05-23-at-3.32.36-PM-3.jpeg 1080w\" sizes=\"(max-width: 1024px) 100vw, 1024px\" \/><\/figure>\n\n\n\n<figure class=\"wp-block-image size-large\"><img decoding=\"async\" loading=\"lazy\" width=\"1024\" height=\"608\" data-id=\"17216\"  src=\"https:\/\/laprensacristiana.com\/wp-content\/uploads\/2024\/05\/WhatsApp-Image-2024-05-23-at-3.32.36-PM-1024x608.jpeg\" alt=\"\" class=\"wp-image-17216\" srcset=\"https:\/\/laprensacristiana.com\/wp-content\/uploads\/2024\/05\/WhatsApp-Image-2024-05-23-at-3.32.36-PM-1024x608.jpeg 1024w, https:\/\/laprensacristiana.com\/wp-content\/uploads\/2024\/05\/WhatsApp-Image-2024-05-23-at-3.32.36-PM-300x178.jpeg 300w, https:\/\/laprensacristiana.com\/wp-content\/uploads\/2024\/05\/WhatsApp-Image-2024-05-23-at-3.32.36-PM-768x456.jpeg 768w, https:\/\/laprensacristiana.com\/wp-content\/uploads\/2024\/05\/WhatsApp-Image-2024-05-23-at-3.32.36-PM-696x414.jpeg 696w, https:\/\/laprensacristiana.com\/wp-content\/uploads\/2024\/05\/WhatsApp-Image-2024-05-23-at-3.32.36-PM-600x357.jpeg 600w, https:\/\/laprensacristiana.com\/wp-content\/uploads\/2024\/05\/WhatsApp-Image-2024-05-23-at-3.32.36-PM.jpeg 1035w\" sizes=\"(max-width: 1024px) 100vw, 1024px\" \/><\/figure>\n\n\n\n<figure class=\"wp-block-image size-large\"><img decoding=\"async\" loading=\"lazy\" width=\"1024\" height=\"508\" data-id=\"17215\"  src=\"https:\/\/laprensacristiana.com\/wp-content\/uploads\/2024\/05\/WhatsApp-Image-2024-05-23-at-3.32.37-PM-1-1024x508.jpeg\" alt=\"\" class=\"wp-image-17215\" srcset=\"https:\/\/laprensacristiana.com\/wp-content\/uploads\/2024\/05\/WhatsApp-Image-2024-05-23-at-3.32.37-PM-1-1024x508.jpeg 1024w, https:\/\/laprensacristiana.com\/wp-content\/uploads\/2024\/05\/WhatsApp-Image-2024-05-23-at-3.32.37-PM-1-300x149.jpeg 300w, https:\/\/laprensacristiana.com\/wp-content\/uploads\/2024\/05\/WhatsApp-Image-2024-05-23-at-3.32.37-PM-1-768x381.jpeg 768w, https:\/\/laprensacristiana.com\/wp-content\/uploads\/2024\/05\/WhatsApp-Image-2024-05-23-at-3.32.37-PM-1-696x345.jpeg 696w, https:\/\/laprensacristiana.com\/wp-content\/uploads\/2024\/05\/WhatsApp-Image-2024-05-23-at-3.32.37-PM-1-1068x530.jpeg 1068w, https:\/\/laprensacristiana.com\/wp-content\/uploads\/2024\/05\/WhatsApp-Image-2024-05-23-at-3.32.37-PM-1-600x298.jpeg 600w, https:\/\/laprensacristiana.com\/wp-content\/uploads\/2024\/05\/WhatsApp-Image-2024-05-23-at-3.32.37-PM-1.jpeg 1080w\" sizes=\"(max-width: 1024px) 100vw, 1024px\" \/><\/figure>\n\n\n\n<figure class=\"wp-block-image size-large\"><img decoding=\"async\" loading=\"lazy\" width=\"1024\" height=\"768\" data-id=\"17214\"  src=\"https:\/\/laprensacristiana.com\/wp-content\/uploads\/2024\/05\/WhatsApp-Image-2024-05-23-at-3.32.37-PM-2-1024x768.jpeg\" alt=\"\" class=\"wp-image-17214\" srcset=\"https:\/\/laprensacristiana.com\/wp-content\/uploads\/2024\/05\/WhatsApp-Image-2024-05-23-at-3.32.37-PM-2-1024x768.jpeg 1024w, https:\/\/laprensacristiana.com\/wp-content\/uploads\/2024\/05\/WhatsApp-Image-2024-05-23-at-3.32.37-PM-2-300x225.jpeg 300w, https:\/\/laprensacristiana.com\/wp-content\/uploads\/2024\/05\/WhatsApp-Image-2024-05-23-at-3.32.37-PM-2-768x576.jpeg 768w, https:\/\/laprensacristiana.com\/wp-content\/uploads\/2024\/05\/WhatsApp-Image-2024-05-23-at-3.32.37-PM-2-696x522.jpeg 696w, https:\/\/laprensacristiana.com\/wp-content\/uploads\/2024\/05\/WhatsApp-Image-2024-05-23-at-3.32.37-PM-2-1068x801.jpeg 1068w, https:\/\/laprensacristiana.com\/wp-content\/uploads\/2024\/05\/WhatsApp-Image-2024-05-23-at-3.32.37-PM-2-600x450.jpeg 600w, https:\/\/laprensacristiana.com\/wp-content\/uploads\/2024\/05\/WhatsApp-Image-2024-05-23-at-3.32.37-PM-2.jpeg 1080w\" sizes=\"(max-width: 1024px) 100vw, 1024px\" \/><\/figure>\n\n\n\n<figure class=\"wp-block-image size-large\"><img decoding=\"async\" loading=\"lazy\" width=\"1024\" height=\"768\" data-id=\"17213\"  src=\"https:\/\/laprensacristiana.com\/wp-content\/uploads\/2024\/05\/WhatsApp-Image-2024-05-23-at-3.32.37-PM-1024x768.jpeg\" alt=\"\" class=\"wp-image-17213\" srcset=\"https:\/\/laprensacristiana.com\/wp-content\/uploads\/2024\/05\/WhatsApp-Image-2024-05-23-at-3.32.37-PM-1024x768.jpeg 1024w, https:\/\/laprensacristiana.com\/wp-content\/uploads\/2024\/05\/WhatsApp-Image-2024-05-23-at-3.32.37-PM-300x225.jpeg 300w, https:\/\/laprensacristiana.com\/wp-content\/uploads\/2024\/05\/WhatsApp-Image-2024-05-23-at-3.32.37-PM-768x576.jpeg 768w, https:\/\/laprensacristiana.com\/wp-content\/uploads\/2024\/05\/WhatsApp-Image-2024-05-23-at-3.32.37-PM-696x522.jpeg 696w, https:\/\/laprensacristiana.com\/wp-content\/uploads\/2024\/05\/WhatsApp-Image-2024-05-23-at-3.32.37-PM-1068x801.jpeg 1068w, https:\/\/laprensacristiana.com\/wp-content\/uploads\/2024\/05\/WhatsApp-Image-2024-05-23-at-3.32.37-PM-600x450.jpeg 600w, https:\/\/laprensacristiana.com\/wp-content\/uploads\/2024\/05\/WhatsApp-Image-2024-05-23-at-3.32.37-PM.jpeg 1080w\" sizes=\"(max-width: 1024px) 100vw, 1024px\" \/><\/figure>\n<\/figure>\n\n\n\n<p>Como organizaci\u00f3n adjudican su buen funcionamiento en seis meses de trabajo, a la transparencia y a la rendici\u00f3n de cuentas que &nbsp;constantemente realizan al publicar por medio de sus redes sociales las entregas de todas las donaciones recibidas.<\/p>\n\n\n\n<p>As\u00ed tambi\u00e9n aseguran que el apoyo de los medios de comunicaci\u00f3n ha robustecido su credibilidad dando la certeza que su gesti\u00f3n es transparente.<\/p>\n\n\n\n<p>Don Efra\u00edn Soto asegura que ayudar deja una enorme gozo.<\/p>\n\n\n\n<p>\u201cHay algo que lo hace sentir a uno satisfecho, de lo que puede hacer, un esfuerzo con lo que podemos conseguir para auxiliar\u201d.<\/p>\n\n\n\n<p>Un aspecto que asegura Don Efra\u00edn se vuelve determinante en cada proceso de asistencia es que la palabra de Dios no se descuida y siempre se comparte. &nbsp;<\/p>\n\n\n\n<p>Si usted desea comunicarse con esta Organizaci\u00f3n&nbsp; puede hacerlo al n\u00famero 7689 4952 &nbsp;o si lo prefiere a la siguiente direcci\u00f3n de correo electr\u00f3nico &nbsp;<a href=\"mailto:hbonilla2060@gmail.com\">hbonilla2060@gmail.com<\/a><\/p>\n\n\n\n<p>O si lo prefiere puede visitarlos en Barrio el Centro, calle San Carlos #21, La Uni\u00f3n, El Salvador 04024 La Uni\u00f3n, El Salvador &nbsp;&nbsp;&nbsp;&nbsp;<\/p>\n","protected":false},"excerpt":{"rendered":"<p>Por: Edwin G\u00f3ngora Efra\u00edn Soto es un hombre sencillo, pero de una enorme coraz\u00f3n. El forma parte de la Iglesia &nbsp;de Dios en Bobadilla la Uni\u00f3n y es all\u00ed asegura, que el principio de ayudar a quien lo necesita le fue ense\u00f1ado. Desde hace seis meses forma parte de la Organizaci\u00f3n Misiones Solidarias, que gestiona [&hellip;]<\/p>\n","protected":false},"author":3,"featured_media":17209,"comment_status":"open","ping_status":"open","sticky":false,"template":"","format":"standard","meta":[],"categories":[56],"tags":[],"yoast_head":"<!-- This site is optimized with the Yoast SEO plugin v20.8 - https:\/\/yoast.com\/wordpress\/plugins\/seo\/ -->\n<title>\u00a0\u201cLa Fe nos permite que toda ayuda la concretemos\u201d, Presidente de Misiones Solidarias. - La Prensa Cristiana<\/title>\n<meta name=\"robots\" content=\"index, follow, max-snippet:-1, max-image-preview:large, max-video-preview:-1\" \/>\n<link rel=\"canonical\" href=\"https:\/\/laprensacristiana.com\/?p=17208\" \/>\n<meta property=\"og:locale\" content=\"es_ES\" \/>\n<meta property=\"og:type\" content=\"article\" \/>\n<meta property=\"og:title\" content=\"\u00a0\u201cLa Fe nos permite que toda ayuda la concretemos\u201d, Presidente de Misiones Solidarias. - La Prensa Cristiana\" \/>\n<meta property=\"og:description\" content=\"Por: Edwin G\u00f3ngora Efra\u00edn Soto es un hombre sencillo, pero de una enorme coraz\u00f3n. El forma parte de la Iglesia &nbsp;de Dios en Bobadilla la Uni\u00f3n y es all\u00ed asegura, que el principio de ayudar a quien lo necesita le fue ense\u00f1ado. Desde hace seis meses forma parte de la Organizaci\u00f3n Misiones Solidarias, que gestiona [&hellip;]\" \/>\n<meta property=\"og:url\" content=\"https:\/\/laprensacristiana.com\/?p=17208\" \/>\n<meta property=\"og:site_name\" content=\"La Prensa Cristiana\" \/>\n<meta property=\"article:published_time\" content=\"2024-05-23T21:53:16+00:00\" \/>\n<meta property=\"og:image\" content=\"https:\/\/laprensacristiana.com\/wp-content\/uploads\/2024\/05\/WhatsApp-Image-2024-05-23-at-3.41.10-PM.jpeg\" \/>\n\t<meta property=\"og:image:width\" content=\"608\" \/>\n\t<meta property=\"og:image:height\" content=\"446\" \/>\n\t<meta property=\"og:image:type\" content=\"image\/jpeg\" \/>\n<meta name=\"author\" content=\"EDITOR\" \/>\n<meta name=\"twitter:card\" content=\"summary_large_image\" \/>\n<meta name=\"twitter:label1\" content=\"Escrito por\" \/>\n\t<meta name=\"twitter:data1\" content=\"EDITOR\" \/>\n\t<meta name=\"twitter:label2\" content=\"Tiempo de lectura\" \/>\n\t<meta name=\"twitter:data2\" content=\"4 minutos\" \/>\n<script type=\"application\/ld+json\" class=\"yoast-schema-graph\">{\"@context\":\"https:\/\/schema.org\",\"@graph\":[{\"@type\":\"WebPage\",\"@id\":\"https:\/\/laprensacristiana.com\/?p=17208\",\"url\":\"https:\/\/laprensacristiana.com\/?p=17208\",\"name\":\"\u00a0\u201cLa Fe nos permite que toda ayuda la concretemos\u201d, Presidente de Misiones Solidarias. - La Prensa Cristiana\",\"isPartOf\":{\"@id\":\"https:\/\/laprensacristiana.com\/#website\"},\"datePublished\":\"2024-05-23T21:53:16+00:00\",\"dateModified\":\"2024-05-23T21:53:16+00:00\",\"author\":{\"@id\":\"https:\/\/laprensacristiana.com\/#\/schema\/person\/3e7d82c6bfd6b1fa67010f8f7cd5256e\"},\"breadcrumb\":{\"@id\":\"https:\/\/laprensacristiana.com\/?p=17208#breadcrumb\"},\"inLanguage\":\"es\",\"potentialAction\":[{\"@type\":\"ReadAction\",\"target\":[\"https:\/\/laprensacristiana.com\/?p=17208\"]}]},{\"@type\":\"BreadcrumbList\",\"@id\":\"https:\/\/laprensacristiana.com\/?p=17208#breadcrumb\",\"itemListElement\":[{\"@type\":\"ListItem\",\"position\":1,\"name\":\"Portada\",\"item\":\"https:\/\/laprensacristiana.com\/\"},{\"@type\":\"ListItem\",\"position\":2,\"name\":\"\u00a0\u201cLa Fe nos permite que toda ayuda la concretemos\u201d, Presidente de Misiones Solidarias.\"}]},{\"@type\":\"WebSite\",\"@id\":\"https:\/\/laprensacristiana.com\/#website\",\"url\":\"https:\/\/laprensacristiana.com\/\",\"name\":\"La Prensa Cristiana\",\"description\":\"Anunciando Las Buenas Nuevas\",\"potentialAction\":[{\"@type\":\"SearchAction\",\"target\":{\"@type\":\"EntryPoint\",\"urlTemplate\":\"https:\/\/laprensacristiana.com\/?s={search_term_string}\"},\"query-input\":\"required name=search_term_string\"}],\"inLanguage\":\"es\"},{\"@type\":\"Person\",\"@id\":\"https:\/\/laprensacristiana.com\/#\/schema\/person\/3e7d82c6bfd6b1fa67010f8f7cd5256e\",\"name\":\"EDITOR\",\"image\":{\"@type\":\"ImageObject\",\"inLanguage\":\"es\",\"@id\":\"https:\/\/laprensacristiana.com\/#\/schema\/person\/image\/\",\"url\":\"https:\/\/secure.gravatar.com\/avatar\/72069dfb6c13772d9e8381e3638666d2?s=96&d=mm&r=g\",\"contentUrl\":\"https:\/\/secure.gravatar.com\/avatar\/72069dfb6c13772d9e8381e3638666d2?s=96&d=mm&r=g\",\"caption\":\"EDITOR\"},\"url\":\"https:\/\/laprensacristiana.com\/?author=3\"}]}<\/script>\n<!-- \/ Yoast SEO plugin. -->","yoast_head_json":{"title":"\u00a0\u201cLa Fe nos permite que toda ayuda la concretemos\u201d, Presidente de Misiones Solidarias. - La Prensa Cristiana","robots":{"index":"index","follow":"follow","max-snippet":"max-snippet:-1","max-image-preview":"max-image-preview:large","max-video-preview":"max-video-preview:-1"},"canonical":"https:\/\/laprensacristiana.com\/?p=17208","og_locale":"es_ES","og_type":"article","og_title":"\u00a0\u201cLa Fe nos permite que toda ayuda la concretemos\u201d, Presidente de Misiones Solidarias. - La Prensa Cristiana","og_description":"Por: Edwin G\u00f3ngora Efra\u00edn Soto es un hombre sencillo, pero de una enorme coraz\u00f3n. El forma parte de la Iglesia &nbsp;de Dios en Bobadilla la Uni\u00f3n y es all\u00ed asegura, que el principio de ayudar a quien lo necesita le fue ense\u00f1ado. Desde hace seis meses forma parte de la Organizaci\u00f3n Misiones Solidarias, que gestiona [&hellip;]","og_url":"https:\/\/laprensacristiana.com\/?p=17208","og_site_name":"La Prensa Cristiana","article_published_time":"2024-05-23T21:53:16+00:00","og_image":[{"width":608,"height":446,"url":"https:\/\/laprensacristiana.com\/wp-content\/uploads\/2024\/05\/WhatsApp-Image-2024-05-23-at-3.41.10-PM.jpeg","type":"image\/jpeg"}],"author":"EDITOR","twitter_card":"summary_large_image","twitter_misc":{"Escrito por":"EDITOR","Tiempo de lectura":"4 minutos"},"schema":{"@context":"https:\/\/schema.org","@graph":[{"@type":"WebPage","@id":"https:\/\/laprensacristiana.com\/?p=17208","url":"https:\/\/laprensacristiana.com\/?p=17208","name":"\u00a0\u201cLa Fe nos permite que toda ayuda la concretemos\u201d, Presidente de Misiones Solidarias. - La Prensa Cristiana","isPartOf":{"@id":"https:\/\/laprensacristiana.com\/#website"},"datePublished":"2024-05-23T21:53:16+00:00","dateModified":"2024-05-23T21:53:16+00:00","author":{"@id":"https:\/\/laprensacristiana.com\/#\/schema\/person\/3e7d82c6bfd6b1fa67010f8f7cd5256e"},"breadcrumb":{"@id":"https:\/\/laprensacristiana.com\/?p=17208#breadcrumb"},"inLanguage":"es","potentialAction":[{"@type":"ReadAction","target":["https:\/\/laprensacristiana.com\/?p=17208"]}]},{"@type":"BreadcrumbList","@id":"https:\/\/laprensacristiana.com\/?p=17208#breadcrumb","itemListElement":[{"@type":"ListItem","position":1,"name":"Portada","item":"https:\/\/laprensacristiana.com\/"},{"@type":"ListItem","position":2,"name":"\u00a0\u201cLa Fe nos permite que toda ayuda la concretemos\u201d, Presidente de Misiones Solidarias."}]},{"@type":"WebSite","@id":"https:\/\/laprensacristiana.com\/#website","url":"https:\/\/laprensacristiana.com\/","name":"La Prensa Cristiana","description":"Anunciando Las Buenas Nuevas","potentialAction":[{"@type":"SearchAction","target":{"@type":"EntryPoint","urlTemplate":"https:\/\/laprensacristiana.com\/?s={search_term_string}"},"query-input":"required name=search_term_string"}],"inLanguage":"es"},{"@type":"Person","@id":"https:\/\/laprensacristiana.com\/#\/schema\/person\/3e7d82c6bfd6b1fa67010f8f7cd5256e","name":"EDITOR","image":{"@type":"ImageObject","inLanguage":"es","@id":"https:\/\/laprensacristiana.com\/#\/schema\/person\/image\/","url":"https:\/\/secure.gravatar.com\/avatar\/72069dfb6c13772d9e8381e3638666d2?s=96&d=mm&r=g","contentUrl":"https:\/\/secure.gravatar.com\/avatar\/72069dfb6c13772d9e8381e3638666d2?s=96&d=mm&r=g","caption":"EDITOR"},"url":"https:\/\/laprensacristiana.com\/?author=3"}]}},"_links":{"self":[{"href":"https:\/\/laprensacristiana.com\/index.php?rest_route=\/wp\/v2\/posts\/17208"}],"collection":[{"href":"https:\/\/laprensacristiana.com\/index.php?rest_route=\/wp\/v2\/posts"}],"about":[{"href":"https:\/\/laprensacristiana.com\/index.php?rest_route=\/wp\/v2\/types\/post"}],"author":[{"embeddable":true,"href":"https:\/\/laprensacristiana.com\/index.php?rest_route=\/wp\/v2\/users\/3"}],"replies":[{"embeddable":true,"href":"https:\/\/laprensacristiana.com\/index.php?rest_route=%2Fwp%2Fv2%2Fcomments&post=17208"}],"version-history":[{"count":1,"href":"https:\/\/laprensacristiana.com\/index.php?rest_route=\/wp\/v2\/posts\/17208\/revisions"}],"predecessor-version":[{"id":17218,"href":"https:\/\/laprensacristiana.com\/index.php?rest_route=\/wp\/v2\/posts\/17208\/revisions\/17218"}],"wp:featuredmedia":[{"embeddable":true,"href":"https:\/\/laprensacristiana.com\/index.php?rest_route=\/wp\/v2\/media\/17209"}],"wp:attachment":[{"href":"https:\/\/laprensacristiana.com\/index.php?rest_route=%2Fwp%2Fv2%2Fmedia&parent=17208"}],"wp:term":[{"taxonomy":"category","embeddable":true,"href":"https:\/\/laprensacristiana.com\/index.php?rest_route=%2Fwp%2Fv2%2Fcategories&post=17208"},{"taxonomy":"post_tag","embeddable":true,"href":"https:\/\/laprensacristiana.com\/index.php?rest_route=%2Fwp%2Fv2%2Ftags&post=17208"}],"curies":[{"name":"wp","href":"https:\/\/api.w.org\/{rel}","templated":true}]}}