{"id":1722,"date":"2016-10-23T16:17:18","date_gmt":"2016-10-23T16:17:18","guid":{"rendered":"https:\/\/laprensacristiana.com\/?p=1722"},"modified":"2020-07-02T01:36:37","modified_gmt":"2020-07-02T01:36:37","slug":"el-salvador-para-cristo","status":"publish","type":"post","link":"https:\/\/laprensacristiana.com\/?p=1722","title":{"rendered":"El Salvador para Cristo"},"content":{"rendered":"<p>El d\u00eda de ayer por la tarde en el Anfiteatro del CIFCO, se realiz\u00f3 el tan esperado \u201cEl Salvador para Cristo\u201d que reuni\u00f3 a muchas iglesias de diferentes puntos del pa\u00eds, adem\u00e1s de contar con la presencia de iglesias provenientes de Nicaragua y Honduras.<\/p>\n<p>El objetivo de esta mega actividad, fue estar unidos como pueblo de Dios, orar por nuestro pa\u00eds que tanto necesita la ayuda de Cristo. Dentro de este, hubo testimonios de personas que han sido sanadas de una dura enfermedad, y que por obra y gracia de nuestro padre celestial ahora est\u00e1n sanas.<\/p>\n<figure id=\"attachment_1726\" aria-describedby=\"caption-attachment-1726\" style=\"width: 300px\" class=\"wp-caption alignleft\"><img decoding=\"async\" loading=\"lazy\" class=\"size-medium wp-image-1726\" src=\"https:\/\/laprensacristiana.com\/wp-content\/uploads\/2016\/10\/GENTE-300x169.jpg\" alt=\"SONY DSC\" width=\"300\" height=\"169\" srcset=\"https:\/\/laprensacristiana.com\/wp-content\/uploads\/2016\/10\/GENTE-300x169.jpg 300w, https:\/\/laprensacristiana.com\/wp-content\/uploads\/2016\/10\/GENTE-600x337.jpg 600w, https:\/\/laprensacristiana.com\/wp-content\/uploads\/2016\/10\/GENTE-768x432.jpg 768w, https:\/\/laprensacristiana.com\/wp-content\/uploads\/2016\/10\/GENTE-1024x576.jpg 1024w, https:\/\/laprensacristiana.com\/wp-content\/uploads\/2016\/10\/GENTE-696x391.jpg 696w, https:\/\/laprensacristiana.com\/wp-content\/uploads\/2016\/10\/GENTE-1068x601.jpg 1068w, https:\/\/laprensacristiana.com\/wp-content\/uploads\/2016\/10\/GENTE-747x420.jpg 747w, https:\/\/laprensacristiana.com\/wp-content\/uploads\/2016\/10\/GENTE.jpg 1106w\" sizes=\"(max-width: 300px) 100vw, 300px\" \/><figcaption id=\"caption-attachment-1726\" class=\"wp-caption-text\">Personas dando testimonios de sanaci\u00f3n<\/figcaption><\/figure>\n<p>Como era de esperarse, se cont\u00f3 con la visita de predicadores extranjeros quienes compartieron su testimonio de c\u00f3mo fue su vida antes de Cristo y como hoy en d\u00eda son personas diferentes, como Julio Alas, quien es un evangelista de California, E.E.U.U;\u00a0 \u00e9l relato que desde joven anduvo en malos pasos y hab\u00eda consumido drogas, hasta que conoci\u00f3 de Jes\u00fas su vida le cambio por completo y hoy lleva su mensaje para que otros j\u00f3venes vean su ejemplo.<\/p>\n<figure id=\"attachment_1724\" aria-describedby=\"caption-attachment-1724\" style=\"width: 169px\" class=\"wp-caption alignright\"><img decoding=\"async\" loading=\"lazy\" class=\"size-medium wp-image-1724\" src=\"https:\/\/laprensacristiana.com\/wp-content\/uploads\/2016\/10\/JULIO-ALAS-169x300.jpg\" alt=\"SONY DSC\" width=\"169\" height=\"300\" srcset=\"https:\/\/laprensacristiana.com\/wp-content\/uploads\/2016\/10\/JULIO-ALAS-169x300.jpg 169w, https:\/\/laprensacristiana.com\/wp-content\/uploads\/2016\/10\/JULIO-ALAS-600x1067.jpg 600w, https:\/\/laprensacristiana.com\/wp-content\/uploads\/2016\/10\/JULIO-ALAS-576x1024.jpg 576w, https:\/\/laprensacristiana.com\/wp-content\/uploads\/2016\/10\/JULIO-ALAS-236x420.jpg 236w, https:\/\/laprensacristiana.com\/wp-content\/uploads\/2016\/10\/JULIO-ALAS.jpg 622w\" sizes=\"(max-width: 169px) 100vw, 169px\" \/><figcaption id=\"caption-attachment-1724\" class=\"wp-caption-text\">Julio Alas<\/figcaption><\/figure>\n<p>Seg\u00fan Julio Alas, <em>el pueblo salvadore\u00f1o ten\u00eda mucha hambre de sanidad, y Dios\u00a0dio\u00a0la respuesta hoy<\/em>. Al preguntarle que necesita el pueblo de El Salvador para ser salvo dijo: <em>\u201cTenemos que evangelizar, como cristianos tenemos que no solo pensar en nosotros mismos, sino pensar en la salvaci\u00f3n de otras personas, en la sanidad de otras personas, muchos queremos amar a Dios pero no a la gente\u201d.<\/em><\/p>\n<p>Como parte del n\u00famero art\u00edstico se presentaron: Marinella Arrue, Bianca Palacios y Joel Ruano, quienes con sus melod\u00edas hicieron que el p\u00fablico se encantara alab\u00e1ndole a Dios.<\/p>\n<figure id=\"attachment_1725\" aria-describedby=\"caption-attachment-1725\" style=\"width: 169px\" class=\"wp-caption alignleft\"><img decoding=\"async\" loading=\"lazy\" class=\"size-medium wp-image-1725\" src=\"https:\/\/laprensacristiana.com\/wp-content\/uploads\/2016\/10\/JULIO-PALACIOS-169x300.jpg\" alt=\"SONY DSC\" width=\"169\" height=\"300\" srcset=\"https:\/\/laprensacristiana.com\/wp-content\/uploads\/2016\/10\/JULIO-PALACIOS-169x300.jpg 169w, https:\/\/laprensacristiana.com\/wp-content\/uploads\/2016\/10\/JULIO-PALACIOS-600x1067.jpg 600w, https:\/\/laprensacristiana.com\/wp-content\/uploads\/2016\/10\/JULIO-PALACIOS-576x1024.jpg 576w, https:\/\/laprensacristiana.com\/wp-content\/uploads\/2016\/10\/JULIO-PALACIOS-236x420.jpg 236w, https:\/\/laprensacristiana.com\/wp-content\/uploads\/2016\/10\/JULIO-PALACIOS.jpg 622w\" sizes=\"(max-width: 169px) 100vw, 169px\" \/><figcaption id=\"caption-attachment-1725\" class=\"wp-caption-text\">Luis Palacios<\/figcaption><\/figure>\n<p>Para Luis Palacios, organizador de la actividad dijo: <em>\u201clo que nosotros pretendemos es entregarle a Dios toda la gloria y honra a pesar de la situaci\u00f3n de nuestro pa\u00eds, y s\u00ed creemos que estuvo representado por las personas, hubo gente de occidente, oriente de todos los puntos; la declaraci\u00f3n fue para Cristo. Sabemos que Cristo es la respuesta, en \u00e9l est\u00e1 nuestro milagro, lo que estamos esperando como naci\u00f3n\u201d.<\/em><\/p>\n<p>Otro de los organizadores del programa, fue Julio Candelas, quien menciona que para \u00e9l esto represent\u00f3 salvaci\u00f3n y esperanza para El Salvador, expres\u00f3 adem\u00e1s \u00a0la motivaci\u00f3n para todo esto:<em> \u201cla necesidad que tiene la gente de recibir a Cristo en su coraz\u00f3n, el problema de nuestro pa\u00eds, Am\u00e9rica y de todo el mundo es habernos olvidado de Dios, no haber cumplido las leyes de \u00e9l, ha llevado que el mundo est\u00e9 en caos\u201d.<\/em><\/p>\n<figure id=\"attachment_1727\" aria-describedby=\"caption-attachment-1727\" style=\"width: 300px\" class=\"wp-caption aligncenter\"><img decoding=\"async\" loading=\"lazy\" class=\"wp-image-1727 size-medium\" src=\"https:\/\/laprensacristiana.com\/wp-content\/uploads\/2016\/10\/JOEL-300x225.jpg\" alt=\"JOEL\" width=\"300\" height=\"225\" srcset=\"https:\/\/laprensacristiana.com\/wp-content\/uploads\/2016\/10\/JOEL-300x225.jpg 300w, https:\/\/laprensacristiana.com\/wp-content\/uploads\/2016\/10\/JOEL-600x450.jpg 600w, https:\/\/laprensacristiana.com\/wp-content\/uploads\/2016\/10\/JOEL-768x577.jpg 768w, https:\/\/laprensacristiana.com\/wp-content\/uploads\/2016\/10\/JOEL-80x60.jpg 80w, https:\/\/laprensacristiana.com\/wp-content\/uploads\/2016\/10\/JOEL-265x198.jpg 265w, https:\/\/laprensacristiana.com\/wp-content\/uploads\/2016\/10\/JOEL-696x523.jpg 696w, https:\/\/laprensacristiana.com\/wp-content\/uploads\/2016\/10\/JOEL-559x420.jpg 559w, https:\/\/laprensacristiana.com\/wp-content\/uploads\/2016\/10\/JOEL.jpg 955w\" sizes=\"(max-width: 300px) 100vw, 300px\" \/><figcaption id=\"caption-attachment-1727\" class=\"wp-caption-text\">Joel Ruano<\/figcaption><\/figure>\n<figure id=\"attachment_1728\" aria-describedby=\"caption-attachment-1728\" style=\"width: 169px\" class=\"wp-caption aligncenter\"><img decoding=\"async\" loading=\"lazy\" class=\"size-medium wp-image-1728\" src=\"https:\/\/laprensacristiana.com\/wp-content\/uploads\/2016\/10\/BIANCA-169x300.jpg\" alt=\"SONY DSC\" width=\"169\" height=\"300\" srcset=\"https:\/\/laprensacristiana.com\/wp-content\/uploads\/2016\/10\/BIANCA-169x300.jpg 169w, https:\/\/laprensacristiana.com\/wp-content\/uploads\/2016\/10\/BIANCA-600x1067.jpg 600w, https:\/\/laprensacristiana.com\/wp-content\/uploads\/2016\/10\/BIANCA-576x1024.jpg 576w, https:\/\/laprensacristiana.com\/wp-content\/uploads\/2016\/10\/BIANCA-236x420.jpg 236w, https:\/\/laprensacristiana.com\/wp-content\/uploads\/2016\/10\/BIANCA.jpg 622w\" sizes=\"(max-width: 169px) 100vw, 169px\" \/><figcaption id=\"caption-attachment-1728\" class=\"wp-caption-text\">Bianca Palacios<\/figcaption><\/figure>\n<figure id=\"attachment_1729\" aria-describedby=\"caption-attachment-1729\" style=\"width: 300px\" class=\"wp-caption aligncenter\"><img decoding=\"async\" loading=\"lazy\" class=\"wp-image-1729 size-medium\" src=\"https:\/\/laprensacristiana.com\/wp-content\/uploads\/2016\/10\/MAR\u00cdNELA-300x225.jpg\" alt=\"MAR\u00cdNELA\" width=\"300\" height=\"225\" srcset=\"https:\/\/laprensacristiana.com\/wp-content\/uploads\/2016\/10\/MAR\u00cdNELA-300x225.jpg 300w, https:\/\/laprensacristiana.com\/wp-content\/uploads\/2016\/10\/MAR\u00cdNELA-600x450.jpg 600w, https:\/\/laprensacristiana.com\/wp-content\/uploads\/2016\/10\/MAR\u00cdNELA-768x577.jpg 768w, https:\/\/laprensacristiana.com\/wp-content\/uploads\/2016\/10\/MAR\u00cdNELA-80x60.jpg 80w, https:\/\/laprensacristiana.com\/wp-content\/uploads\/2016\/10\/MAR\u00cdNELA-265x198.jpg 265w, https:\/\/laprensacristiana.com\/wp-content\/uploads\/2016\/10\/MAR\u00cdNELA-696x523.jpg 696w, https:\/\/laprensacristiana.com\/wp-content\/uploads\/2016\/10\/MAR\u00cdNELA-559x420.jpg 559w, https:\/\/laprensacristiana.com\/wp-content\/uploads\/2016\/10\/MAR\u00cdNELA.jpg 955w\" sizes=\"(max-width: 300px) 100vw, 300px\" \/><figcaption id=\"caption-attachment-1729\" class=\"wp-caption-text\">Marinella Arrue<\/figcaption><\/figure>\n<figure id=\"attachment_1730\" aria-describedby=\"caption-attachment-1730\" style=\"width: 300px\" class=\"wp-caption aligncenter\"><img decoding=\"async\" loading=\"lazy\" class=\"size-medium wp-image-1730\" src=\"https:\/\/laprensacristiana.com\/wp-content\/uploads\/2016\/10\/PASTORES-300x169.jpg\" alt=\"SONY DSC\" width=\"300\" height=\"169\" srcset=\"https:\/\/laprensacristiana.com\/wp-content\/uploads\/2016\/10\/PASTORES-300x169.jpg 300w, https:\/\/laprensacristiana.com\/wp-content\/uploads\/2016\/10\/PASTORES-600x337.jpg 600w, https:\/\/laprensacristiana.com\/wp-content\/uploads\/2016\/10\/PASTORES-768x432.jpg 768w, https:\/\/laprensacristiana.com\/wp-content\/uploads\/2016\/10\/PASTORES-1024x576.jpg 1024w, https:\/\/laprensacristiana.com\/wp-content\/uploads\/2016\/10\/PASTORES-696x391.jpg 696w, https:\/\/laprensacristiana.com\/wp-content\/uploads\/2016\/10\/PASTORES-1068x601.jpg 1068w, https:\/\/laprensacristiana.com\/wp-content\/uploads\/2016\/10\/PASTORES-747x420.jpg 747w, https:\/\/laprensacristiana.com\/wp-content\/uploads\/2016\/10\/PASTORES.jpg 1106w\" sizes=\"(max-width: 300px) 100vw, 300px\" \/><figcaption id=\"caption-attachment-1730\" class=\"wp-caption-text\">Pastores asistentes<\/figcaption><\/figure>\n<p><em>\u00a0<\/em><\/p>\n<p>&nbsp;<\/p>\n<p>&nbsp;<\/p>\n<p>&nbsp;<\/p>\n","protected":false},"excerpt":{"rendered":"<p>El d\u00eda de ayer por la tarde en el Anfiteatro del CIFCO, se realiz\u00f3 el tan esperado \u201cEl Salvador para Cristo\u201d que reuni\u00f3 a muchas iglesias de diferentes puntos del pa\u00eds, adem\u00e1s de contar con la presencia de iglesias provenientes de Nicaragua y Honduras. El objetivo de esta mega actividad, fue estar unidos como pueblo [&hellip;]<\/p>\n","protected":false},"author":3,"featured_media":1734,"comment_status":"open","ping_status":"open","sticky":false,"template":"","format":"standard","meta":[],"categories":[56],"tags":[],"yoast_head":"<!-- This site is optimized with the Yoast SEO plugin v20.8 - https:\/\/yoast.com\/wordpress\/plugins\/seo\/ -->\n<title>El Salvador para Cristo - La Prensa Cristiana<\/title>\n<meta name=\"robots\" content=\"index, follow, max-snippet:-1, max-image-preview:large, max-video-preview:-1\" \/>\n<link rel=\"canonical\" href=\"https:\/\/laprensacristiana.com\/?p=1722\" \/>\n<meta property=\"og:locale\" content=\"es_ES\" \/>\n<meta property=\"og:type\" content=\"article\" \/>\n<meta property=\"og:title\" content=\"El Salvador para Cristo - La Prensa Cristiana\" \/>\n<meta property=\"og:description\" content=\"El d\u00eda de ayer por la tarde en el Anfiteatro del CIFCO, se realiz\u00f3 el tan esperado \u201cEl Salvador para Cristo\u201d que reuni\u00f3 a muchas iglesias de diferentes puntos del pa\u00eds, adem\u00e1s de contar con la presencia de iglesias provenientes de Nicaragua y Honduras. El objetivo de esta mega actividad, fue estar unidos como pueblo [&hellip;]\" \/>\n<meta property=\"og:url\" content=\"https:\/\/laprensacristiana.com\/?p=1722\" \/>\n<meta property=\"og:site_name\" content=\"La Prensa Cristiana\" \/>\n<meta property=\"article:published_time\" content=\"2016-10-23T16:17:18+00:00\" \/>\n<meta property=\"article:modified_time\" content=\"2020-07-02T01:36:37+00:00\" \/>\n<meta property=\"og:image\" content=\"https:\/\/laprensacristiana.com\/wp-content\/uploads\/2016\/10\/PORTADA-1.jpg\" \/>\n\t<meta property=\"og:image:width\" content=\"1042\" \/>\n\t<meta property=\"og:image:height\" content=\"653\" \/>\n\t<meta property=\"og:image:type\" content=\"image\/jpeg\" \/>\n<meta name=\"author\" content=\"EDITOR\" \/>\n<meta name=\"twitter:card\" content=\"summary_large_image\" \/>\n<meta name=\"twitter:label1\" content=\"Escrito por\" \/>\n\t<meta name=\"twitter:data1\" content=\"EDITOR\" \/>\n\t<meta name=\"twitter:label2\" content=\"Tiempo de lectura\" \/>\n\t<meta name=\"twitter:data2\" content=\"3 minutos\" \/>\n<script type=\"application\/ld+json\" class=\"yoast-schema-graph\">{\"@context\":\"https:\/\/schema.org\",\"@graph\":[{\"@type\":\"WebPage\",\"@id\":\"https:\/\/laprensacristiana.com\/?p=1722\",\"url\":\"https:\/\/laprensacristiana.com\/?p=1722\",\"name\":\"El Salvador para Cristo - La Prensa Cristiana\",\"isPartOf\":{\"@id\":\"https:\/\/laprensacristiana.com\/#website\"},\"datePublished\":\"2016-10-23T16:17:18+00:00\",\"dateModified\":\"2020-07-02T01:36:37+00:00\",\"author\":{\"@id\":\"https:\/\/laprensacristiana.com\/#\/schema\/person\/3e7d82c6bfd6b1fa67010f8f7cd5256e\"},\"breadcrumb\":{\"@id\":\"https:\/\/laprensacristiana.com\/?p=1722#breadcrumb\"},\"inLanguage\":\"es\",\"potentialAction\":[{\"@type\":\"ReadAction\",\"target\":[\"https:\/\/laprensacristiana.com\/?p=1722\"]}]},{\"@type\":\"BreadcrumbList\",\"@id\":\"https:\/\/laprensacristiana.com\/?p=1722#breadcrumb\",\"itemListElement\":[{\"@type\":\"ListItem\",\"position\":1,\"name\":\"Portada\",\"item\":\"https:\/\/laprensacristiana.com\/\"},{\"@type\":\"ListItem\",\"position\":2,\"name\":\"El Salvador para Cristo\"}]},{\"@type\":\"WebSite\",\"@id\":\"https:\/\/laprensacristiana.com\/#website\",\"url\":\"https:\/\/laprensacristiana.com\/\",\"name\":\"La Prensa Cristiana\",\"description\":\"Anunciando Las Buenas Nuevas\",\"potentialAction\":[{\"@type\":\"SearchAction\",\"target\":{\"@type\":\"EntryPoint\",\"urlTemplate\":\"https:\/\/laprensacristiana.com\/?s={search_term_string}\"},\"query-input\":\"required name=search_term_string\"}],\"inLanguage\":\"es\"},{\"@type\":\"Person\",\"@id\":\"https:\/\/laprensacristiana.com\/#\/schema\/person\/3e7d82c6bfd6b1fa67010f8f7cd5256e\",\"name\":\"EDITOR\",\"image\":{\"@type\":\"ImageObject\",\"inLanguage\":\"es\",\"@id\":\"https:\/\/laprensacristiana.com\/#\/schema\/person\/image\/\",\"url\":\"https:\/\/secure.gravatar.com\/avatar\/72069dfb6c13772d9e8381e3638666d2?s=96&d=mm&r=g\",\"contentUrl\":\"https:\/\/secure.gravatar.com\/avatar\/72069dfb6c13772d9e8381e3638666d2?s=96&d=mm&r=g\",\"caption\":\"EDITOR\"},\"url\":\"https:\/\/laprensacristiana.com\/?author=3\"}]}<\/script>\n<!-- \/ Yoast SEO plugin. -->","yoast_head_json":{"title":"El Salvador para Cristo - La Prensa Cristiana","robots":{"index":"index","follow":"follow","max-snippet":"max-snippet:-1","max-image-preview":"max-image-preview:large","max-video-preview":"max-video-preview:-1"},"canonical":"https:\/\/laprensacristiana.com\/?p=1722","og_locale":"es_ES","og_type":"article","og_title":"El Salvador para Cristo - La Prensa Cristiana","og_description":"El d\u00eda de ayer por la tarde en el Anfiteatro del CIFCO, se realiz\u00f3 el tan esperado \u201cEl Salvador para Cristo\u201d que reuni\u00f3 a muchas iglesias de diferentes puntos del pa\u00eds, adem\u00e1s de contar con la presencia de iglesias provenientes de Nicaragua y Honduras. El objetivo de esta mega actividad, fue estar unidos como pueblo [&hellip;]","og_url":"https:\/\/laprensacristiana.com\/?p=1722","og_site_name":"La Prensa Cristiana","article_published_time":"2016-10-23T16:17:18+00:00","article_modified_time":"2020-07-02T01:36:37+00:00","og_image":[{"width":1042,"height":653,"url":"https:\/\/laprensacristiana.com\/wp-content\/uploads\/2016\/10\/PORTADA-1.jpg","type":"image\/jpeg"}],"author":"EDITOR","twitter_card":"summary_large_image","twitter_misc":{"Escrito por":"EDITOR","Tiempo de lectura":"3 minutos"},"schema":{"@context":"https:\/\/schema.org","@graph":[{"@type":"WebPage","@id":"https:\/\/laprensacristiana.com\/?p=1722","url":"https:\/\/laprensacristiana.com\/?p=1722","name":"El Salvador para Cristo - La Prensa Cristiana","isPartOf":{"@id":"https:\/\/laprensacristiana.com\/#website"},"datePublished":"2016-10-23T16:17:18+00:00","dateModified":"2020-07-02T01:36:37+00:00","author":{"@id":"https:\/\/laprensacristiana.com\/#\/schema\/person\/3e7d82c6bfd6b1fa67010f8f7cd5256e"},"breadcrumb":{"@id":"https:\/\/laprensacristiana.com\/?p=1722#breadcrumb"},"inLanguage":"es","potentialAction":[{"@type":"ReadAction","target":["https:\/\/laprensacristiana.com\/?p=1722"]}]},{"@type":"BreadcrumbList","@id":"https:\/\/laprensacristiana.com\/?p=1722#breadcrumb","itemListElement":[{"@type":"ListItem","position":1,"name":"Portada","item":"https:\/\/laprensacristiana.com\/"},{"@type":"ListItem","position":2,"name":"El Salvador para Cristo"}]},{"@type":"WebSite","@id":"https:\/\/laprensacristiana.com\/#website","url":"https:\/\/laprensacristiana.com\/","name":"La Prensa Cristiana","description":"Anunciando Las Buenas Nuevas","potentialAction":[{"@type":"SearchAction","target":{"@type":"EntryPoint","urlTemplate":"https:\/\/laprensacristiana.com\/?s={search_term_string}"},"query-input":"required name=search_term_string"}],"inLanguage":"es"},{"@type":"Person","@id":"https:\/\/laprensacristiana.com\/#\/schema\/person\/3e7d82c6bfd6b1fa67010f8f7cd5256e","name":"EDITOR","image":{"@type":"ImageObject","inLanguage":"es","@id":"https:\/\/laprensacristiana.com\/#\/schema\/person\/image\/","url":"https:\/\/secure.gravatar.com\/avatar\/72069dfb6c13772d9e8381e3638666d2?s=96&d=mm&r=g","contentUrl":"https:\/\/secure.gravatar.com\/avatar\/72069dfb6c13772d9e8381e3638666d2?s=96&d=mm&r=g","caption":"EDITOR"},"url":"https:\/\/laprensacristiana.com\/?author=3"}]}},"_links":{"self":[{"href":"https:\/\/laprensacristiana.com\/index.php?rest_route=\/wp\/v2\/posts\/1722"}],"collection":[{"href":"https:\/\/laprensacristiana.com\/index.php?rest_route=\/wp\/v2\/posts"}],"about":[{"href":"https:\/\/laprensacristiana.com\/index.php?rest_route=\/wp\/v2\/types\/post"}],"author":[{"embeddable":true,"href":"https:\/\/laprensacristiana.com\/index.php?rest_route=\/wp\/v2\/users\/3"}],"replies":[{"embeddable":true,"href":"https:\/\/laprensacristiana.com\/index.php?rest_route=%2Fwp%2Fv2%2Fcomments&post=1722"}],"version-history":[{"count":9,"href":"https:\/\/laprensacristiana.com\/index.php?rest_route=\/wp\/v2\/posts\/1722\/revisions"}],"predecessor-version":[{"id":1757,"href":"https:\/\/laprensacristiana.com\/index.php?rest_route=\/wp\/v2\/posts\/1722\/revisions\/1757"}],"wp:featuredmedia":[{"embeddable":true,"href":"https:\/\/laprensacristiana.com\/index.php?rest_route=\/wp\/v2\/media\/1734"}],"wp:attachment":[{"href":"https:\/\/laprensacristiana.com\/index.php?rest_route=%2Fwp%2Fv2%2Fmedia&parent=1722"}],"wp:term":[{"taxonomy":"category","embeddable":true,"href":"https:\/\/laprensacristiana.com\/index.php?rest_route=%2Fwp%2Fv2%2Fcategories&post=1722"},{"taxonomy":"post_tag","embeddable":true,"href":"https:\/\/laprensacristiana.com\/index.php?rest_route=%2Fwp%2Fv2%2Ftags&post=1722"}],"curies":[{"name":"wp","href":"https:\/\/api.w.org\/{rel}","templated":true}]}}