{"id":17222,"date":"2024-05-27T13:42:04","date_gmt":"2024-05-27T13:42:04","guid":{"rendered":"https:\/\/laprensacristiana.com\/?p=17222"},"modified":"2024-05-27T13:42:05","modified_gmt":"2024-05-27T13:42:05","slug":"enfermedad-mal-diagnosticada-pte-2","status":"publish","type":"post","link":"https:\/\/laprensacristiana.com\/?p=17222","title":{"rendered":"Enfermedad mal diagnosticada (pte.2)"},"content":{"rendered":"\n<p>Por: Pr. Carlos Berges | Iglesia de Cristo Visi\u00f3n de Fe<\/p>\n\n\n\n<p>Marcos 10:22&nbsp; \u201cPero \u00e9l, afligido por estas palabras, se fue triste, porque era due\u00f1o de muchos bienes\u201d<\/p>\n\n\n\n<p>La \u201cenfermedad del dinero\u201d es silenciosa.&nbsp; Sus s\u00edntomas ponen de manifiesto un desarreglo interior de la persona, pero poco a poco puede arruinar la vida entera del enfermo rob\u00e1ndole la alegr\u00eda de vivir.<\/p>\n\n\n\n<p>Esta enfermedad se va agravando en la medida en que la persona va poniendo como objetivo supremo de su vida el dinero y lo que el dinero puede dar. Se convierte, sin saberlo quiz\u00e1, en su dios proveedor.&nbsp; Y la paradoja es que ese dios lo convierte en su esclavo.<\/p>\n\n\n\n<p>Sin darse cuenta, el enfermo termina por reducir su existencia a ser reconocido y admirado por su dinero, por la posici\u00f3n social que ocupa o por el nivel de vida que se puede permitir.<\/p>\n\n\n\n<p>Entonces el dinero se convierte poco a poco en lo \u00fanico importante.&nbsp; Algo que se antepone a la \u00e9tica, al descanso, a la amistad o al amor.&nbsp; Y la vida termina por arruinarse en la insatisfacci\u00f3n constante, la competitividad y la necesidad de ganar siempre m\u00e1s.<\/p>\n\n\n\n<p>Si la persona no sabe detenerse, poco a poco ir\u00e1 cediendo a peque\u00f1as injusticias, luego a mayores.&nbsp; Lo que importa es ganar a toda costa.&nbsp; Llega un momento en que el coraz\u00f3n se endurece y la codicia se va apoderando de la persona, aunque casi siempre permanezca disimulada bajo apariencias respetables. Se esconde bajo los aromas de un caro perfume.<\/p>\n\n\n\n<p>El remedio no consiste en despreciar el dinero, sino en saber darle su verdadero valor.&nbsp; El dinero que se gana con un trabajo honrado es bueno.&nbsp; Es necesario para vivir.&nbsp; Pero se convierte en nocivo si domina nuestra vida y nos empuja a tener siempre m\u00e1s y m\u00e1s, solo por poseer y conseguir lo que otros no pueden.<\/p>\n\n\n\n<p>\u00a1Cu\u00e1ntos matrimonios han acabado en los juzgados por el dinero!&nbsp; \u00a1Cu\u00e1ntos hijos han matado a sus padres por el dinero!&nbsp; \u00a1Cu\u00e1ntas mujeres han fracasado moralmente al casarse por dinero! Bien lo dijo Jes\u00fas: La ra\u00edz de todos los males es el amor al dinero. No es el dinero, es el amor al mismo.<\/p>\n\n\n\n<p>Cuando esto sucede, se puede caer en el vac\u00edo interior, la nostalgia de un pasado en el que, con menos dinero, se era m\u00e1s feliz, o el temor a un futuro que, a pesar de todas las seguridades, parece siempre amenazador.<\/p>\n\n\n\n<p>La manera sana de vivir el dinero es ganarlo de manera limpia, utilizarlo con inteligencia, hacerlo fructificar con justicia y saber compartirlo con los m\u00e1s necesitados.<\/p>\n\n\n\n<p>El hombre de nuestra historia seg\u00fan Marcos, arrug\u00f3 la frente ante la respuesta de Jes\u00fas \u201cvende todo y da el dinero a los pobres\u201d y pesaroso se march\u00f3 vac\u00edo porque era muy rico.&nbsp;<\/p>\n\n\n\n<p>Est\u00e1 demasiado enfermo.&nbsp; El dinero le ha quitado libertad para iniciar una vida m\u00e1s sana.&nbsp; En contra de lo que solemos pensar, tener mucho dinero no es una suerte, sino un problema, pues f\u00e1cilmente cierra el paso a una vida m\u00e1s humana.<\/p>\n\n\n\n<p>Es por eso que Jes\u00fas nos ense\u00f1a a dar. A dar sin cansancio, porque cuando damos algo de lo nuestro a los pobres, en realidad estamos restituyendo lo que no nos corresponde totalmente.<\/p>\n\n\n\n<p>Escuchemos las palabras de Ambrosio: \u201cNo le das al pobre de lo tuyo, sino que le devuelves lo suyo. Pues lo que es com\u00fan es de todos, no solo de los ricos\u2026 Pagas, pues, una deuda, no das gratuitamente lo que no debes\u201d<\/p>\n\n\n\n<p>El hombre rico de la historia, se aleja de Jes\u00fas&nbsp; lleno de tristeza.&nbsp; El dinero lo ha empobrecido, le ha quitado libertad y generosidad.&nbsp; El dinero le impide escuchar la llamada de Dios a una vida m\u00e1s plena y m\u00e1s humana.&nbsp; \u201cQu\u00e9 dif\u00edcil les va a ser a los ricos entrar en el Reino de Dios\u201d.&nbsp; No es una suerte tener dinero, sino un verdadero problema, pues el dinero nos impide seguir el verdadero camino hacia Jes\u00fas y hacia su promesa del reino de Dios.<\/p>\n\n\n\n<p>Quiz\u00e1 suene mal, pero cito a Facundo Cabral con una de sus bellezas literarias: \u201cPobrecito mi patr\u00f3n, piensa que el pobre soy yo\u2026\u201d<\/p>\n","protected":false},"excerpt":{"rendered":"<p>Por: Pr. Carlos Berges | Iglesia de Cristo Visi\u00f3n de Fe Marcos 10:22&nbsp; \u201cPero \u00e9l, afligido por estas palabras, se fue triste, porque era due\u00f1o de muchos bienes\u201d La \u201cenfermedad del dinero\u201d es silenciosa.&nbsp; Sus s\u00edntomas ponen de manifiesto un desarreglo interior de la persona, pero poco a poco puede arruinar la vida entera del [&hellip;]<\/p>\n","protected":false},"author":3,"featured_media":17223,"comment_status":"open","ping_status":"open","sticky":false,"template":"","format":"standard","meta":[],"categories":[36],"tags":[],"yoast_head":"<!-- This site is optimized with the Yoast SEO plugin v20.8 - https:\/\/yoast.com\/wordpress\/plugins\/seo\/ -->\n<title>Enfermedad mal diagnosticada (pte.2) - La Prensa Cristiana<\/title>\n<meta name=\"robots\" content=\"index, follow, max-snippet:-1, max-image-preview:large, max-video-preview:-1\" \/>\n<link rel=\"canonical\" href=\"https:\/\/laprensacristiana.com\/?p=17222\" \/>\n<meta property=\"og:locale\" content=\"es_ES\" \/>\n<meta property=\"og:type\" content=\"article\" \/>\n<meta property=\"og:title\" content=\"Enfermedad mal diagnosticada (pte.2) - La Prensa Cristiana\" \/>\n<meta property=\"og:description\" content=\"Por: Pr. Carlos Berges | Iglesia de Cristo Visi\u00f3n de Fe Marcos 10:22&nbsp; \u201cPero \u00e9l, afligido por estas palabras, se fue triste, porque era due\u00f1o de muchos bienes\u201d La \u201cenfermedad del dinero\u201d es silenciosa.&nbsp; Sus s\u00edntomas ponen de manifiesto un desarreglo interior de la persona, pero poco a poco puede arruinar la vida entera del [&hellip;]\" \/>\n<meta property=\"og:url\" content=\"https:\/\/laprensacristiana.com\/?p=17222\" \/>\n<meta property=\"og:site_name\" content=\"La Prensa Cristiana\" \/>\n<meta property=\"article:published_time\" content=\"2024-05-27T13:42:04+00:00\" \/>\n<meta property=\"article:modified_time\" content=\"2024-05-27T13:42:05+00:00\" \/>\n<meta property=\"og:image\" content=\"https:\/\/laprensacristiana.com\/wp-content\/uploads\/2024\/05\/WhatsApp-Image-2024-05-27-at-6.58.23-AM.jpeg\" \/>\n\t<meta property=\"og:image:width\" content=\"719\" \/>\n\t<meta property=\"og:image:height\" content=\"540\" \/>\n\t<meta property=\"og:image:type\" content=\"image\/jpeg\" \/>\n<meta name=\"author\" content=\"EDITOR\" \/>\n<meta name=\"twitter:card\" content=\"summary_large_image\" \/>\n<meta name=\"twitter:label1\" content=\"Escrito por\" \/>\n\t<meta name=\"twitter:data1\" content=\"EDITOR\" \/>\n\t<meta name=\"twitter:label2\" content=\"Tiempo de lectura\" \/>\n\t<meta name=\"twitter:data2\" content=\"4 minutos\" \/>\n<script type=\"application\/ld+json\" class=\"yoast-schema-graph\">{\"@context\":\"https:\/\/schema.org\",\"@graph\":[{\"@type\":\"WebPage\",\"@id\":\"https:\/\/laprensacristiana.com\/?p=17222\",\"url\":\"https:\/\/laprensacristiana.com\/?p=17222\",\"name\":\"Enfermedad mal diagnosticada (pte.2) - La Prensa Cristiana\",\"isPartOf\":{\"@id\":\"https:\/\/laprensacristiana.com\/#website\"},\"datePublished\":\"2024-05-27T13:42:04+00:00\",\"dateModified\":\"2024-05-27T13:42:05+00:00\",\"author\":{\"@id\":\"https:\/\/laprensacristiana.com\/#\/schema\/person\/3e7d82c6bfd6b1fa67010f8f7cd5256e\"},\"breadcrumb\":{\"@id\":\"https:\/\/laprensacristiana.com\/?p=17222#breadcrumb\"},\"inLanguage\":\"es\",\"potentialAction\":[{\"@type\":\"ReadAction\",\"target\":[\"https:\/\/laprensacristiana.com\/?p=17222\"]}]},{\"@type\":\"BreadcrumbList\",\"@id\":\"https:\/\/laprensacristiana.com\/?p=17222#breadcrumb\",\"itemListElement\":[{\"@type\":\"ListItem\",\"position\":1,\"name\":\"Portada\",\"item\":\"https:\/\/laprensacristiana.com\/\"},{\"@type\":\"ListItem\",\"position\":2,\"name\":\"Enfermedad mal diagnosticada (pte.2)\"}]},{\"@type\":\"WebSite\",\"@id\":\"https:\/\/laprensacristiana.com\/#website\",\"url\":\"https:\/\/laprensacristiana.com\/\",\"name\":\"La Prensa Cristiana\",\"description\":\"Anunciando Las Buenas Nuevas\",\"potentialAction\":[{\"@type\":\"SearchAction\",\"target\":{\"@type\":\"EntryPoint\",\"urlTemplate\":\"https:\/\/laprensacristiana.com\/?s={search_term_string}\"},\"query-input\":\"required name=search_term_string\"}],\"inLanguage\":\"es\"},{\"@type\":\"Person\",\"@id\":\"https:\/\/laprensacristiana.com\/#\/schema\/person\/3e7d82c6bfd6b1fa67010f8f7cd5256e\",\"name\":\"EDITOR\",\"image\":{\"@type\":\"ImageObject\",\"inLanguage\":\"es\",\"@id\":\"https:\/\/laprensacristiana.com\/#\/schema\/person\/image\/\",\"url\":\"https:\/\/secure.gravatar.com\/avatar\/72069dfb6c13772d9e8381e3638666d2?s=96&d=mm&r=g\",\"contentUrl\":\"https:\/\/secure.gravatar.com\/avatar\/72069dfb6c13772d9e8381e3638666d2?s=96&d=mm&r=g\",\"caption\":\"EDITOR\"},\"url\":\"https:\/\/laprensacristiana.com\/?author=3\"}]}<\/script>\n<!-- \/ Yoast SEO plugin. -->","yoast_head_json":{"title":"Enfermedad mal diagnosticada (pte.2) - La Prensa Cristiana","robots":{"index":"index","follow":"follow","max-snippet":"max-snippet:-1","max-image-preview":"max-image-preview:large","max-video-preview":"max-video-preview:-1"},"canonical":"https:\/\/laprensacristiana.com\/?p=17222","og_locale":"es_ES","og_type":"article","og_title":"Enfermedad mal diagnosticada (pte.2) - La Prensa Cristiana","og_description":"Por: Pr. Carlos Berges | Iglesia de Cristo Visi\u00f3n de Fe Marcos 10:22&nbsp; \u201cPero \u00e9l, afligido por estas palabras, se fue triste, porque era due\u00f1o de muchos bienes\u201d La \u201cenfermedad del dinero\u201d es silenciosa.&nbsp; Sus s\u00edntomas ponen de manifiesto un desarreglo interior de la persona, pero poco a poco puede arruinar la vida entera del [&hellip;]","og_url":"https:\/\/laprensacristiana.com\/?p=17222","og_site_name":"La Prensa Cristiana","article_published_time":"2024-05-27T13:42:04+00:00","article_modified_time":"2024-05-27T13:42:05+00:00","og_image":[{"width":719,"height":540,"url":"https:\/\/laprensacristiana.com\/wp-content\/uploads\/2024\/05\/WhatsApp-Image-2024-05-27-at-6.58.23-AM.jpeg","type":"image\/jpeg"}],"author":"EDITOR","twitter_card":"summary_large_image","twitter_misc":{"Escrito por":"EDITOR","Tiempo de lectura":"4 minutos"},"schema":{"@context":"https:\/\/schema.org","@graph":[{"@type":"WebPage","@id":"https:\/\/laprensacristiana.com\/?p=17222","url":"https:\/\/laprensacristiana.com\/?p=17222","name":"Enfermedad mal diagnosticada (pte.2) - La Prensa Cristiana","isPartOf":{"@id":"https:\/\/laprensacristiana.com\/#website"},"datePublished":"2024-05-27T13:42:04+00:00","dateModified":"2024-05-27T13:42:05+00:00","author":{"@id":"https:\/\/laprensacristiana.com\/#\/schema\/person\/3e7d82c6bfd6b1fa67010f8f7cd5256e"},"breadcrumb":{"@id":"https:\/\/laprensacristiana.com\/?p=17222#breadcrumb"},"inLanguage":"es","potentialAction":[{"@type":"ReadAction","target":["https:\/\/laprensacristiana.com\/?p=17222"]}]},{"@type":"BreadcrumbList","@id":"https:\/\/laprensacristiana.com\/?p=17222#breadcrumb","itemListElement":[{"@type":"ListItem","position":1,"name":"Portada","item":"https:\/\/laprensacristiana.com\/"},{"@type":"ListItem","position":2,"name":"Enfermedad mal diagnosticada (pte.2)"}]},{"@type":"WebSite","@id":"https:\/\/laprensacristiana.com\/#website","url":"https:\/\/laprensacristiana.com\/","name":"La Prensa Cristiana","description":"Anunciando Las Buenas Nuevas","potentialAction":[{"@type":"SearchAction","target":{"@type":"EntryPoint","urlTemplate":"https:\/\/laprensacristiana.com\/?s={search_term_string}"},"query-input":"required name=search_term_string"}],"inLanguage":"es"},{"@type":"Person","@id":"https:\/\/laprensacristiana.com\/#\/schema\/person\/3e7d82c6bfd6b1fa67010f8f7cd5256e","name":"EDITOR","image":{"@type":"ImageObject","inLanguage":"es","@id":"https:\/\/laprensacristiana.com\/#\/schema\/person\/image\/","url":"https:\/\/secure.gravatar.com\/avatar\/72069dfb6c13772d9e8381e3638666d2?s=96&d=mm&r=g","contentUrl":"https:\/\/secure.gravatar.com\/avatar\/72069dfb6c13772d9e8381e3638666d2?s=96&d=mm&r=g","caption":"EDITOR"},"url":"https:\/\/laprensacristiana.com\/?author=3"}]}},"_links":{"self":[{"href":"https:\/\/laprensacristiana.com\/index.php?rest_route=\/wp\/v2\/posts\/17222"}],"collection":[{"href":"https:\/\/laprensacristiana.com\/index.php?rest_route=\/wp\/v2\/posts"}],"about":[{"href":"https:\/\/laprensacristiana.com\/index.php?rest_route=\/wp\/v2\/types\/post"}],"author":[{"embeddable":true,"href":"https:\/\/laprensacristiana.com\/index.php?rest_route=\/wp\/v2\/users\/3"}],"replies":[{"embeddable":true,"href":"https:\/\/laprensacristiana.com\/index.php?rest_route=%2Fwp%2Fv2%2Fcomments&post=17222"}],"version-history":[{"count":1,"href":"https:\/\/laprensacristiana.com\/index.php?rest_route=\/wp\/v2\/posts\/17222\/revisions"}],"predecessor-version":[{"id":17224,"href":"https:\/\/laprensacristiana.com\/index.php?rest_route=\/wp\/v2\/posts\/17222\/revisions\/17224"}],"wp:featuredmedia":[{"embeddable":true,"href":"https:\/\/laprensacristiana.com\/index.php?rest_route=\/wp\/v2\/media\/17223"}],"wp:attachment":[{"href":"https:\/\/laprensacristiana.com\/index.php?rest_route=%2Fwp%2Fv2%2Fmedia&parent=17222"}],"wp:term":[{"taxonomy":"category","embeddable":true,"href":"https:\/\/laprensacristiana.com\/index.php?rest_route=%2Fwp%2Fv2%2Fcategories&post=17222"},{"taxonomy":"post_tag","embeddable":true,"href":"https:\/\/laprensacristiana.com\/index.php?rest_route=%2Fwp%2Fv2%2Ftags&post=17222"}],"curies":[{"name":"wp","href":"https:\/\/api.w.org\/{rel}","templated":true}]}}