{"id":17230,"date":"2024-05-28T22:59:35","date_gmt":"2024-05-28T22:59:35","guid":{"rendered":"https:\/\/laprensacristiana.com\/?p=17230"},"modified":"2024-05-28T22:59:36","modified_gmt":"2024-05-28T22:59:36","slug":"pastores-richard-and-patricia-morales-worldwide-ministries-celebra-a-las-madres-en-la-libertad","status":"publish","type":"post","link":"https:\/\/laprensacristiana.com\/?p=17230","title":{"rendered":"Pastores Richard and Patricia Morales Worldwide Ministries celebra a las madres en La Libertad."},"content":{"rendered":"\n<p>Por: Edwin G\u00f3ngora <\/p>\n\n\n\n<p>El d\u00eda de la madre son todos los d\u00edas &nbsp;y para agradar a quien nos llev\u00f3 en su vientre por nueve meses, en necesario honrarlas como dice la palabra, obedeciendo lo que nos digan, pues sus consejos son sabidur\u00eda y traer\u00e1n bendici\u00f3n a nuestra vida como hijos.<\/p>\n\n\n\n<p>Pero la acci\u00f3n se vuelve a\u00fan m\u00e1s sublime, cuando a quien homenajeas no es tu madrecita, sino que basta saber que ella sea mam\u00e1 para que t\u00fa le celebres.<\/p>\n\n\n\n<p>Eso fue lo que los pastores Richard and Patricia Morales &nbsp;Worldwide Ministries junto con el Diputado Walter Alem\u00e1n, realizaron recientemente a las madrecitas del Cant\u00f3n Cangrejera en La Libertad.<\/p>\n\n\n\n<p>Las madres de esta zona recibieron regalos, y compartieron un almuerzo, los rostros de cientos de mam\u00e1s sonrieron &nbsp;y disfrutaron la atenci\u00f3n &nbsp;y reconocimiento recibido a esa funci\u00f3n natural y bella que Dios les permiti\u00f3 desarrollar.<\/p>\n\n\n\n<p>Para los pastores Richard and Patricia Morales Worldwide Ministries la actividad forma parte de otras similares que han tenido lugar durante este mes de mayo, dedicado a las madres.<\/p>\n\n\n\n<p>El Diputado Walter Alem\u00e1n se\u00f1al\u00f3 que reconocer a las madres es lo mejor que como seres humanos podemos hacer para alguien tan especial en la vida.<\/p>\n\n\n\n<p>Los Pastores Richard and Patricia Morales indicaron en sus redes sociales: \u201cBendecidos para bendecir, bellas las marmitas, muy contentas, fue un honor sumarnos a este gran evento\u201d.<\/p>\n\n\n\n<p><\/p>\n\n\n\n<figure class=\"wp-block-gallery has-nested-images columns-default is-cropped wp-block-gallery-1 is-layout-flex\">\n<figure class=\"wp-block-image size-large\"><img decoding=\"async\" loading=\"lazy\" width=\"960\" height=\"720\" data-id=\"17234\"  src=\"https:\/\/laprensacristiana.com\/wp-content\/uploads\/2024\/05\/DIA-MADRE-WORLDWIDE-1.jpg\" alt=\"\" class=\"wp-image-17234\" srcset=\"https:\/\/laprensacristiana.com\/wp-content\/uploads\/2024\/05\/DIA-MADRE-WORLDWIDE-1.jpg 960w, https:\/\/laprensacristiana.com\/wp-content\/uploads\/2024\/05\/DIA-MADRE-WORLDWIDE-1-300x225.jpg 300w, https:\/\/laprensacristiana.com\/wp-content\/uploads\/2024\/05\/DIA-MADRE-WORLDWIDE-1-768x576.jpg 768w, https:\/\/laprensacristiana.com\/wp-content\/uploads\/2024\/05\/DIA-MADRE-WORLDWIDE-1-696x522.jpg 696w, https:\/\/laprensacristiana.com\/wp-content\/uploads\/2024\/05\/DIA-MADRE-WORLDWIDE-1-600x450.jpg 600w\" sizes=\"(max-width: 960px) 100vw, 960px\" \/><\/figure>\n\n\n\n<figure class=\"wp-block-image size-large\"><img decoding=\"async\" loading=\"lazy\" width=\"768\" height=\"960\" data-id=\"17232\"  src=\"https:\/\/laprensacristiana.com\/wp-content\/uploads\/2024\/05\/DIA-MADRE-WORLDWIDE-2.jpg\" alt=\"\" class=\"wp-image-17232\" srcset=\"https:\/\/laprensacristiana.com\/wp-content\/uploads\/2024\/05\/DIA-MADRE-WORLDWIDE-2.jpg 768w, https:\/\/laprensacristiana.com\/wp-content\/uploads\/2024\/05\/DIA-MADRE-WORLDWIDE-2-240x300.jpg 240w, https:\/\/laprensacristiana.com\/wp-content\/uploads\/2024\/05\/DIA-MADRE-WORLDWIDE-2-696x870.jpg 696w, https:\/\/laprensacristiana.com\/wp-content\/uploads\/2024\/05\/DIA-MADRE-WORLDWIDE-2-600x750.jpg 600w\" sizes=\"(max-width: 768px) 100vw, 768px\" \/><\/figure>\n\n\n\n<figure class=\"wp-block-image size-large\"><img decoding=\"async\" loading=\"lazy\" width=\"960\" height=\"720\" data-id=\"17236\"  src=\"https:\/\/laprensacristiana.com\/wp-content\/uploads\/2024\/05\/DIA-MADRE-WORLDWIDE-3.jpg\" alt=\"\" class=\"wp-image-17236\" srcset=\"https:\/\/laprensacristiana.com\/wp-content\/uploads\/2024\/05\/DIA-MADRE-WORLDWIDE-3.jpg 960w, https:\/\/laprensacristiana.com\/wp-content\/uploads\/2024\/05\/DIA-MADRE-WORLDWIDE-3-300x225.jpg 300w, https:\/\/laprensacristiana.com\/wp-content\/uploads\/2024\/05\/DIA-MADRE-WORLDWIDE-3-768x576.jpg 768w, https:\/\/laprensacristiana.com\/wp-content\/uploads\/2024\/05\/DIA-MADRE-WORLDWIDE-3-696x522.jpg 696w, https:\/\/laprensacristiana.com\/wp-content\/uploads\/2024\/05\/DIA-MADRE-WORLDWIDE-3-600x450.jpg 600w\" sizes=\"(max-width: 960px) 100vw, 960px\" \/><\/figure>\n\n\n\n<figure class=\"wp-block-image size-large\"><img decoding=\"async\" loading=\"lazy\" width=\"960\" height=\"720\" data-id=\"17233\"  src=\"https:\/\/laprensacristiana.com\/wp-content\/uploads\/2024\/05\/DIA-PADRE-WORLDWIDE-5.jpg\" alt=\"\" class=\"wp-image-17233\" srcset=\"https:\/\/laprensacristiana.com\/wp-content\/uploads\/2024\/05\/DIA-PADRE-WORLDWIDE-5.jpg 960w, https:\/\/laprensacristiana.com\/wp-content\/uploads\/2024\/05\/DIA-PADRE-WORLDWIDE-5-300x225.jpg 300w, https:\/\/laprensacristiana.com\/wp-content\/uploads\/2024\/05\/DIA-PADRE-WORLDWIDE-5-768x576.jpg 768w, https:\/\/laprensacristiana.com\/wp-content\/uploads\/2024\/05\/DIA-PADRE-WORLDWIDE-5-696x522.jpg 696w, https:\/\/laprensacristiana.com\/wp-content\/uploads\/2024\/05\/DIA-PADRE-WORLDWIDE-5-600x450.jpg 600w\" sizes=\"(max-width: 960px) 100vw, 960px\" \/><\/figure>\n<\/figure>\n","protected":false},"excerpt":{"rendered":"<p>Por: Edwin G\u00f3ngora El d\u00eda de la madre son todos los d\u00edas &nbsp;y para agradar a quien nos llev\u00f3 en su vientre por nueve meses, en necesario honrarlas como dice la palabra, obedeciendo lo que nos digan, pues sus consejos son sabidur\u00eda y traer\u00e1n bendici\u00f3n a nuestra vida como hijos. Pero la acci\u00f3n se vuelve [&hellip;]<\/p>\n","protected":false},"author":3,"featured_media":17231,"comment_status":"open","ping_status":"open","sticky":false,"template":"","format":"standard","meta":[],"categories":[56],"tags":[],"yoast_head":"<!-- This site is optimized with the Yoast SEO plugin v20.8 - https:\/\/yoast.com\/wordpress\/plugins\/seo\/ -->\n<title>Pastores Richard and Patricia Morales Worldwide Ministries celebra a las madres en La Libertad. - La Prensa Cristiana<\/title>\n<meta name=\"robots\" content=\"index, follow, max-snippet:-1, max-image-preview:large, max-video-preview:-1\" \/>\n<link rel=\"canonical\" href=\"https:\/\/laprensacristiana.com\/?p=17230\" \/>\n<meta property=\"og:locale\" content=\"es_ES\" \/>\n<meta property=\"og:type\" content=\"article\" \/>\n<meta property=\"og:title\" content=\"Pastores Richard and Patricia Morales Worldwide Ministries celebra a las madres en La Libertad. - La Prensa Cristiana\" \/>\n<meta property=\"og:description\" content=\"Por: Edwin G\u00f3ngora El d\u00eda de la madre son todos los d\u00edas &nbsp;y para agradar a quien nos llev\u00f3 en su vientre por nueve meses, en necesario honrarlas como dice la palabra, obedeciendo lo que nos digan, pues sus consejos son sabidur\u00eda y traer\u00e1n bendici\u00f3n a nuestra vida como hijos. Pero la acci\u00f3n se vuelve [&hellip;]\" \/>\n<meta property=\"og:url\" content=\"https:\/\/laprensacristiana.com\/?p=17230\" \/>\n<meta property=\"og:site_name\" content=\"La Prensa Cristiana\" \/>\n<meta property=\"article:published_time\" content=\"2024-05-28T22:59:35+00:00\" \/>\n<meta property=\"article:modified_time\" content=\"2024-05-28T22:59:36+00:00\" \/>\n<meta property=\"og:image\" content=\"https:\/\/laprensacristiana.com\/wp-content\/uploads\/2024\/05\/DIA-MADRE-WORLDWINE-4.jpg\" \/>\n\t<meta property=\"og:image:width\" content=\"1600\" \/>\n\t<meta property=\"og:image:height\" content=\"1200\" \/>\n\t<meta property=\"og:image:type\" content=\"image\/jpeg\" \/>\n<meta name=\"author\" content=\"EDITOR\" \/>\n<meta name=\"twitter:card\" content=\"summary_large_image\" \/>\n<meta name=\"twitter:label1\" content=\"Escrito por\" \/>\n\t<meta name=\"twitter:data1\" content=\"EDITOR\" \/>\n\t<meta name=\"twitter:label2\" content=\"Tiempo de lectura\" \/>\n\t<meta name=\"twitter:data2\" content=\"2 minutos\" \/>\n<script type=\"application\/ld+json\" class=\"yoast-schema-graph\">{\"@context\":\"https:\/\/schema.org\",\"@graph\":[{\"@type\":\"WebPage\",\"@id\":\"https:\/\/laprensacristiana.com\/?p=17230\",\"url\":\"https:\/\/laprensacristiana.com\/?p=17230\",\"name\":\"Pastores Richard and Patricia Morales Worldwide Ministries celebra a las madres en La Libertad. - La Prensa Cristiana\",\"isPartOf\":{\"@id\":\"https:\/\/laprensacristiana.com\/#website\"},\"datePublished\":\"2024-05-28T22:59:35+00:00\",\"dateModified\":\"2024-05-28T22:59:36+00:00\",\"author\":{\"@id\":\"https:\/\/laprensacristiana.com\/#\/schema\/person\/3e7d82c6bfd6b1fa67010f8f7cd5256e\"},\"breadcrumb\":{\"@id\":\"https:\/\/laprensacristiana.com\/?p=17230#breadcrumb\"},\"inLanguage\":\"es\",\"potentialAction\":[{\"@type\":\"ReadAction\",\"target\":[\"https:\/\/laprensacristiana.com\/?p=17230\"]}]},{\"@type\":\"BreadcrumbList\",\"@id\":\"https:\/\/laprensacristiana.com\/?p=17230#breadcrumb\",\"itemListElement\":[{\"@type\":\"ListItem\",\"position\":1,\"name\":\"Portada\",\"item\":\"https:\/\/laprensacristiana.com\/\"},{\"@type\":\"ListItem\",\"position\":2,\"name\":\"Pastores Richard and Patricia Morales Worldwide Ministries celebra a las madres en La Libertad.\"}]},{\"@type\":\"WebSite\",\"@id\":\"https:\/\/laprensacristiana.com\/#website\",\"url\":\"https:\/\/laprensacristiana.com\/\",\"name\":\"La Prensa Cristiana\",\"description\":\"Anunciando Las Buenas Nuevas\",\"potentialAction\":[{\"@type\":\"SearchAction\",\"target\":{\"@type\":\"EntryPoint\",\"urlTemplate\":\"https:\/\/laprensacristiana.com\/?s={search_term_string}\"},\"query-input\":\"required name=search_term_string\"}],\"inLanguage\":\"es\"},{\"@type\":\"Person\",\"@id\":\"https:\/\/laprensacristiana.com\/#\/schema\/person\/3e7d82c6bfd6b1fa67010f8f7cd5256e\",\"name\":\"EDITOR\",\"image\":{\"@type\":\"ImageObject\",\"inLanguage\":\"es\",\"@id\":\"https:\/\/laprensacristiana.com\/#\/schema\/person\/image\/\",\"url\":\"https:\/\/secure.gravatar.com\/avatar\/72069dfb6c13772d9e8381e3638666d2?s=96&d=mm&r=g\",\"contentUrl\":\"https:\/\/secure.gravatar.com\/avatar\/72069dfb6c13772d9e8381e3638666d2?s=96&d=mm&r=g\",\"caption\":\"EDITOR\"},\"url\":\"https:\/\/laprensacristiana.com\/?author=3\"}]}<\/script>\n<!-- \/ Yoast SEO plugin. -->","yoast_head_json":{"title":"Pastores Richard and Patricia Morales Worldwide Ministries celebra a las madres en La Libertad. - La Prensa Cristiana","robots":{"index":"index","follow":"follow","max-snippet":"max-snippet:-1","max-image-preview":"max-image-preview:large","max-video-preview":"max-video-preview:-1"},"canonical":"https:\/\/laprensacristiana.com\/?p=17230","og_locale":"es_ES","og_type":"article","og_title":"Pastores Richard and Patricia Morales Worldwide Ministries celebra a las madres en La Libertad. - La Prensa Cristiana","og_description":"Por: Edwin G\u00f3ngora El d\u00eda de la madre son todos los d\u00edas &nbsp;y para agradar a quien nos llev\u00f3 en su vientre por nueve meses, en necesario honrarlas como dice la palabra, obedeciendo lo que nos digan, pues sus consejos son sabidur\u00eda y traer\u00e1n bendici\u00f3n a nuestra vida como hijos. Pero la acci\u00f3n se vuelve [&hellip;]","og_url":"https:\/\/laprensacristiana.com\/?p=17230","og_site_name":"La Prensa Cristiana","article_published_time":"2024-05-28T22:59:35+00:00","article_modified_time":"2024-05-28T22:59:36+00:00","og_image":[{"width":1600,"height":1200,"url":"https:\/\/laprensacristiana.com\/wp-content\/uploads\/2024\/05\/DIA-MADRE-WORLDWINE-4.jpg","type":"image\/jpeg"}],"author":"EDITOR","twitter_card":"summary_large_image","twitter_misc":{"Escrito por":"EDITOR","Tiempo de lectura":"2 minutos"},"schema":{"@context":"https:\/\/schema.org","@graph":[{"@type":"WebPage","@id":"https:\/\/laprensacristiana.com\/?p=17230","url":"https:\/\/laprensacristiana.com\/?p=17230","name":"Pastores Richard and Patricia Morales Worldwide Ministries celebra a las madres en La Libertad. - La Prensa Cristiana","isPartOf":{"@id":"https:\/\/laprensacristiana.com\/#website"},"datePublished":"2024-05-28T22:59:35+00:00","dateModified":"2024-05-28T22:59:36+00:00","author":{"@id":"https:\/\/laprensacristiana.com\/#\/schema\/person\/3e7d82c6bfd6b1fa67010f8f7cd5256e"},"breadcrumb":{"@id":"https:\/\/laprensacristiana.com\/?p=17230#breadcrumb"},"inLanguage":"es","potentialAction":[{"@type":"ReadAction","target":["https:\/\/laprensacristiana.com\/?p=17230"]}]},{"@type":"BreadcrumbList","@id":"https:\/\/laprensacristiana.com\/?p=17230#breadcrumb","itemListElement":[{"@type":"ListItem","position":1,"name":"Portada","item":"https:\/\/laprensacristiana.com\/"},{"@type":"ListItem","position":2,"name":"Pastores Richard and Patricia Morales Worldwide Ministries celebra a las madres en La Libertad."}]},{"@type":"WebSite","@id":"https:\/\/laprensacristiana.com\/#website","url":"https:\/\/laprensacristiana.com\/","name":"La Prensa Cristiana","description":"Anunciando Las Buenas Nuevas","potentialAction":[{"@type":"SearchAction","target":{"@type":"EntryPoint","urlTemplate":"https:\/\/laprensacristiana.com\/?s={search_term_string}"},"query-input":"required name=search_term_string"}],"inLanguage":"es"},{"@type":"Person","@id":"https:\/\/laprensacristiana.com\/#\/schema\/person\/3e7d82c6bfd6b1fa67010f8f7cd5256e","name":"EDITOR","image":{"@type":"ImageObject","inLanguage":"es","@id":"https:\/\/laprensacristiana.com\/#\/schema\/person\/image\/","url":"https:\/\/secure.gravatar.com\/avatar\/72069dfb6c13772d9e8381e3638666d2?s=96&d=mm&r=g","contentUrl":"https:\/\/secure.gravatar.com\/avatar\/72069dfb6c13772d9e8381e3638666d2?s=96&d=mm&r=g","caption":"EDITOR"},"url":"https:\/\/laprensacristiana.com\/?author=3"}]}},"_links":{"self":[{"href":"https:\/\/laprensacristiana.com\/index.php?rest_route=\/wp\/v2\/posts\/17230"}],"collection":[{"href":"https:\/\/laprensacristiana.com\/index.php?rest_route=\/wp\/v2\/posts"}],"about":[{"href":"https:\/\/laprensacristiana.com\/index.php?rest_route=\/wp\/v2\/types\/post"}],"author":[{"embeddable":true,"href":"https:\/\/laprensacristiana.com\/index.php?rest_route=\/wp\/v2\/users\/3"}],"replies":[{"embeddable":true,"href":"https:\/\/laprensacristiana.com\/index.php?rest_route=%2Fwp%2Fv2%2Fcomments&post=17230"}],"version-history":[{"count":1,"href":"https:\/\/laprensacristiana.com\/index.php?rest_route=\/wp\/v2\/posts\/17230\/revisions"}],"predecessor-version":[{"id":17237,"href":"https:\/\/laprensacristiana.com\/index.php?rest_route=\/wp\/v2\/posts\/17230\/revisions\/17237"}],"wp:featuredmedia":[{"embeddable":true,"href":"https:\/\/laprensacristiana.com\/index.php?rest_route=\/wp\/v2\/media\/17231"}],"wp:attachment":[{"href":"https:\/\/laprensacristiana.com\/index.php?rest_route=%2Fwp%2Fv2%2Fmedia&parent=17230"}],"wp:term":[{"taxonomy":"category","embeddable":true,"href":"https:\/\/laprensacristiana.com\/index.php?rest_route=%2Fwp%2Fv2%2Fcategories&post=17230"},{"taxonomy":"post_tag","embeddable":true,"href":"https:\/\/laprensacristiana.com\/index.php?rest_route=%2Fwp%2Fv2%2Ftags&post=17230"}],"curies":[{"name":"wp","href":"https:\/\/api.w.org\/{rel}","templated":true}]}}