{"id":17245,"date":"2024-05-29T18:26:43","date_gmt":"2024-05-29T18:26:43","guid":{"rendered":"https:\/\/laprensacristiana.com\/?p=17245"},"modified":"2024-05-29T18:47:13","modified_gmt":"2024-05-29T18:47:13","slug":"mision-to-el-salvador-busca-reforzar-alianzas-para-continuar-sus-programas-de-desarrollo-social","status":"publish","type":"post","link":"https:\/\/laprensacristiana.com\/?p=17245","title":{"rendered":"Misi\u00f3n To El Salvador busca reforzar alianzas para continuar sus programas de desarrollo social."},"content":{"rendered":"\n<p>Por: Edwin G\u00f3ngora <\/p>\n\n\n\n<p>Asistir a personas j\u00f3venes con edades entre los diez y diecisiete a\u00f1os&nbsp; que padecen alguna adicci\u00f3n, as\u00ed como ayudar a adultos mayores que por diferentes circunstancias deambulan por las calles de la capital y sus alrededores, son dos programas que Mission To El Salvador realiza desde hace quince a\u00f1os.<\/p>\n\n\n\n<p>Nuevo Amanecer, busca extender una mano amiga que permita al joven salir de esa codependencia, convirti\u00e9ndose en el \u00fanico programa de tratamiento residencial&nbsp; de nueve meses dirigido a menores de edad que funciona en el pa\u00eds.&nbsp;&nbsp;<\/p>\n\n\n\n<p>Mientras que el proyecto El Faro, ofrece a personas que sin rumbo convierten la calle en su casa una oportunidad para asearse y recibir alimentos, ropa limpia, as\u00ed como atenci\u00f3n de parte de un staff, con quienes conversan que piensan hacer en los pr\u00f3ximos d\u00edas. Este programa incluye un devocional de tal manera guiar a la persona a la presencia de Dios, como&nbsp; camino para su recuperaci\u00f3n.<\/p>\n\n\n\n<figure class=\"wp-block-image size-full\"><img decoding=\"async\" loading=\"lazy\" width=\"735\" height=\"490\" src=\"https:\/\/laprensacristiana.com\/wp-content\/uploads\/2024\/05\/WhatsApp-Image-2024-05-29-at-12.17.08-PM-2.jpeg\" alt=\"\" class=\"wp-image-17247\" srcset=\"https:\/\/laprensacristiana.com\/wp-content\/uploads\/2024\/05\/WhatsApp-Image-2024-05-29-at-12.17.08-PM-2.jpeg 735w, https:\/\/laprensacristiana.com\/wp-content\/uploads\/2024\/05\/WhatsApp-Image-2024-05-29-at-12.17.08-PM-2-300x200.jpeg 300w, https:\/\/laprensacristiana.com\/wp-content\/uploads\/2024\/05\/WhatsApp-Image-2024-05-29-at-12.17.08-PM-2-696x464.jpeg 696w, https:\/\/laprensacristiana.com\/wp-content\/uploads\/2024\/05\/WhatsApp-Image-2024-05-29-at-12.17.08-PM-2-600x400.jpeg 600w\" sizes=\"(max-width: 735px) 100vw, 735px\" \/><\/figure>\n\n\n\n<p>Jonathan Snayder es el fundador y presidente de esta fundaci\u00f3n quien junto a su esposa Danielle trabajan convencidos que Dios les ha llamado a emprender esta obra, para que todas las esferas de la sociedad sean tocadas y brinden su aporte para ayudar al quebrantado y necesitado.<\/p>\n\n\n\n<p>Sin embargo, para el funcionamiento de esta labor es necesario contar con el respaldo que permita, como hasta ahora, ser ese apoyo que no exist\u00eda, pero que Dios puso en el coraz\u00f3n de los esposos Snayder al darle vida y que hasta la fecha ya arroja frutos, arrebatando de la adicci\u00f3n y sacando de las calles a un importante n\u00famero de j\u00f3venes y adultos.<\/p>\n\n\n\n<figure class=\"wp-block-image size-large\"><img decoding=\"async\" loading=\"lazy\" width=\"1024\" height=\"768\" src=\"https:\/\/laprensacristiana.com\/wp-content\/uploads\/2024\/05\/WhatsApp-Image-2024-05-29-at-11.58.57-AM-1024x768.jpeg\" alt=\"\" class=\"wp-image-17253\" srcset=\"https:\/\/laprensacristiana.com\/wp-content\/uploads\/2024\/05\/WhatsApp-Image-2024-05-29-at-11.58.57-AM-1024x768.jpeg 1024w, https:\/\/laprensacristiana.com\/wp-content\/uploads\/2024\/05\/WhatsApp-Image-2024-05-29-at-11.58.57-AM-300x225.jpeg 300w, https:\/\/laprensacristiana.com\/wp-content\/uploads\/2024\/05\/WhatsApp-Image-2024-05-29-at-11.58.57-AM-768x576.jpeg 768w, https:\/\/laprensacristiana.com\/wp-content\/uploads\/2024\/05\/WhatsApp-Image-2024-05-29-at-11.58.57-AM-1536x1152.jpeg 1536w, https:\/\/laprensacristiana.com\/wp-content\/uploads\/2024\/05\/WhatsApp-Image-2024-05-29-at-11.58.57-AM-696x522.jpeg 696w, https:\/\/laprensacristiana.com\/wp-content\/uploads\/2024\/05\/WhatsApp-Image-2024-05-29-at-11.58.57-AM-1068x801.jpeg 1068w, https:\/\/laprensacristiana.com\/wp-content\/uploads\/2024\/05\/WhatsApp-Image-2024-05-29-at-11.58.57-AM-600x450.jpeg 600w, https:\/\/laprensacristiana.com\/wp-content\/uploads\/2024\/05\/WhatsApp-Image-2024-05-29-at-11.58.57-AM.jpeg 1600w\" sizes=\"(max-width: 1024px) 100vw, 1024px\" \/><\/figure>\n\n\n\n<p>\u201cComo ONG quisi\u00e9ramos que los aportes fueran mayores en lo financiero, sin embargo, necesitamos gente que de verdad tenga una llamado para servir a esta poblaci\u00f3n\u201d, manifiesta Jonathan Snayder.<\/p>\n\n\n\n<p>Y es que trabajar con quienes padecen de adicciones o hayan sido desamparadas y abusadas o expuestas a la trata, requiere de personas con un coraz\u00f3n compasivo y tierno que acoja la vida humana de tal manera nada quede fuera de la atenci\u00f3n por brindar.<\/p>\n\n\n\n<p>Aqu\u00ed, la solidaridad trasciende y el dolor ajeno se vuelve parte porque permite ir hasta el fondo para derribar muros o levantar piedras que impiden que las alegr\u00edas m\u00e1s grandes puedan prevalecer.<\/p>\n\n\n\n<figure class=\"wp-block-image size-full\"><img decoding=\"async\" loading=\"lazy\" width=\"640\" height=\"456\" src=\"https:\/\/laprensacristiana.com\/wp-content\/uploads\/2024\/05\/WhatsApp-Image-2024-05-29-at-12.17.08-PM-3.jpeg\" alt=\"\" class=\"wp-image-17248\" srcset=\"https:\/\/laprensacristiana.com\/wp-content\/uploads\/2024\/05\/WhatsApp-Image-2024-05-29-at-12.17.08-PM-3.jpeg 640w, https:\/\/laprensacristiana.com\/wp-content\/uploads\/2024\/05\/WhatsApp-Image-2024-05-29-at-12.17.08-PM-3-300x214.jpeg 300w, https:\/\/laprensacristiana.com\/wp-content\/uploads\/2024\/05\/WhatsApp-Image-2024-05-29-at-12.17.08-PM-3-600x428.jpeg 600w\" sizes=\"(max-width: 640px) 100vw, 640px\" \/><\/figure>\n\n\n\n<p>Jonathan asegura que el apoyo siempre ha estado presente de Iglesias que tienen claro que esta es una forma de \u201cayudar a sus semejantes\u201d, pero El Salvador lamentablemente ocupa uno de los primeros pa\u00edses en consumo de alcohol a edad temprana, por lo que la ayuda en este rubro se vuelve necesaria para auxiliar a ni\u00f1os que ya lo consumen.<\/p>\n\n\n\n<p>Misi\u00f3n To El Salvador cuenta con tres principios b\u00e1sicos en el desarrollo de su gesti\u00f3n social, como lo son el amor, la dignidad y el respeto.<\/p>\n\n\n\n<p>Jonathan, su esposa y el maravilloso equipo que conforman este ministerio aseguran cumplir el llamado de amar a Dios y amar a los marginados y es \u00e9l por medio de su palabra que sana a quien le entrega su vida.<\/p>\n\n\n\n<p>Jonathan confiesa que existen varios pasajes de la Biblia que pueden aplicarse a esta situaci\u00f3n, pero se refiere con mayor \u00e9nfasis al que aparece en el libro de los Hechos capitulo dos, cuando en la iglesia primitiva, sus miembros se reun\u00edan para adorar, comer y compartir lo que ten\u00edan.<\/p>\n\n\n\n<p>\u201cSi bien Misi\u00f3n To El Salvador no es una iglesia, hacemos lo nuestro como parte del cuerpo de Cristo, ayudando a la poblaci\u00f3n que lo necesita, dando amor, respeto y dignidad\u201d. Asegura.<\/p>\n\n\n\n<figure class=\"wp-block-gallery has-nested-images columns-default is-cropped wp-block-gallery-1 is-layout-flex\">\n<figure class=\"wp-block-image size-large\"><img decoding=\"async\" loading=\"lazy\" width=\"300\" height=\"294\" data-id=\"17249\"  src=\"https:\/\/laprensacristiana.com\/wp-content\/uploads\/2024\/05\/amanecer.png\" alt=\"\" class=\"wp-image-17249\"\/><\/figure>\n\n\n\n<figure class=\"wp-block-image size-large\"><img decoding=\"async\" loading=\"lazy\" width=\"965\" height=\"903\" data-id=\"17250\"  src=\"https:\/\/laprensacristiana.com\/wp-content\/uploads\/2024\/05\/WhatsApp-Image-2024-05-29-at-12.17.08-PM-1.jpeg\" alt=\"\" class=\"wp-image-17250\" srcset=\"https:\/\/laprensacristiana.com\/wp-content\/uploads\/2024\/05\/WhatsApp-Image-2024-05-29-at-12.17.08-PM-1.jpeg 965w, https:\/\/laprensacristiana.com\/wp-content\/uploads\/2024\/05\/WhatsApp-Image-2024-05-29-at-12.17.08-PM-1-300x281.jpeg 300w, https:\/\/laprensacristiana.com\/wp-content\/uploads\/2024\/05\/WhatsApp-Image-2024-05-29-at-12.17.08-PM-1-768x719.jpeg 768w, https:\/\/laprensacristiana.com\/wp-content\/uploads\/2024\/05\/WhatsApp-Image-2024-05-29-at-12.17.08-PM-1-696x651.jpeg 696w, https:\/\/laprensacristiana.com\/wp-content\/uploads\/2024\/05\/WhatsApp-Image-2024-05-29-at-12.17.08-PM-1-600x561.jpeg 600w\" sizes=\"(max-width: 965px) 100vw, 965px\" \/><\/figure>\n<\/figure>\n","protected":false},"excerpt":{"rendered":"<p>Por: Edwin G\u00f3ngora Asistir a personas j\u00f3venes con edades entre los diez y diecisiete a\u00f1os&nbsp; que padecen alguna adicci\u00f3n, as\u00ed como ayudar a adultos mayores que por diferentes circunstancias deambulan por las calles de la capital y sus alrededores, son dos programas que Mission To El Salvador realiza desde hace quince a\u00f1os. Nuevo Amanecer, busca [&hellip;]<\/p>\n","protected":false},"author":3,"featured_media":17255,"comment_status":"open","ping_status":"open","sticky":false,"template":"","format":"standard","meta":[],"categories":[56],"tags":[],"yoast_head":"<!-- This site is optimized with the Yoast SEO plugin v20.8 - https:\/\/yoast.com\/wordpress\/plugins\/seo\/ -->\n<title>Misi\u00f3n To El Salvador busca reforzar alianzas para continuar sus programas de desarrollo social. - La Prensa Cristiana<\/title>\n<meta name=\"robots\" content=\"index, follow, max-snippet:-1, max-image-preview:large, max-video-preview:-1\" \/>\n<link rel=\"canonical\" href=\"https:\/\/laprensacristiana.com\/?p=17245\" \/>\n<meta property=\"og:locale\" content=\"es_ES\" \/>\n<meta property=\"og:type\" content=\"article\" \/>\n<meta property=\"og:title\" content=\"Misi\u00f3n To El Salvador busca reforzar alianzas para continuar sus programas de desarrollo social. - La Prensa Cristiana\" \/>\n<meta property=\"og:description\" content=\"Por: Edwin G\u00f3ngora Asistir a personas j\u00f3venes con edades entre los diez y diecisiete a\u00f1os&nbsp; que padecen alguna adicci\u00f3n, as\u00ed como ayudar a adultos mayores que por diferentes circunstancias deambulan por las calles de la capital y sus alrededores, son dos programas que Mission To El Salvador realiza desde hace quince a\u00f1os. Nuevo Amanecer, busca [&hellip;]\" \/>\n<meta property=\"og:url\" content=\"https:\/\/laprensacristiana.com\/?p=17245\" \/>\n<meta property=\"og:site_name\" content=\"La Prensa Cristiana\" \/>\n<meta property=\"article:published_time\" content=\"2024-05-29T18:26:43+00:00\" \/>\n<meta property=\"article:modified_time\" content=\"2024-05-29T18:47:13+00:00\" \/>\n<meta property=\"og:image\" content=\"https:\/\/laprensacristiana.com\/wp-content\/uploads\/2024\/05\/WhatsApp-Image-2024-05-29-at-11.58.58-AM-1.jpeg\" \/>\n\t<meta property=\"og:image:width\" content=\"1600\" \/>\n\t<meta property=\"og:image:height\" content=\"1200\" \/>\n\t<meta property=\"og:image:type\" content=\"image\/jpeg\" \/>\n<meta name=\"author\" content=\"EDITOR\" \/>\n<meta name=\"twitter:card\" content=\"summary_large_image\" \/>\n<meta name=\"twitter:label1\" content=\"Escrito por\" \/>\n\t<meta name=\"twitter:data1\" content=\"EDITOR\" \/>\n\t<meta name=\"twitter:label2\" content=\"Tiempo de lectura\" \/>\n\t<meta name=\"twitter:data2\" content=\"4 minutos\" \/>\n<script type=\"application\/ld+json\" class=\"yoast-schema-graph\">{\"@context\":\"https:\/\/schema.org\",\"@graph\":[{\"@type\":\"WebPage\",\"@id\":\"https:\/\/laprensacristiana.com\/?p=17245\",\"url\":\"https:\/\/laprensacristiana.com\/?p=17245\",\"name\":\"Misi\u00f3n To El Salvador busca reforzar alianzas para continuar sus programas de desarrollo social. - La Prensa Cristiana\",\"isPartOf\":{\"@id\":\"https:\/\/laprensacristiana.com\/#website\"},\"datePublished\":\"2024-05-29T18:26:43+00:00\",\"dateModified\":\"2024-05-29T18:47:13+00:00\",\"author\":{\"@id\":\"https:\/\/laprensacristiana.com\/#\/schema\/person\/3e7d82c6bfd6b1fa67010f8f7cd5256e\"},\"breadcrumb\":{\"@id\":\"https:\/\/laprensacristiana.com\/?p=17245#breadcrumb\"},\"inLanguage\":\"es\",\"potentialAction\":[{\"@type\":\"ReadAction\",\"target\":[\"https:\/\/laprensacristiana.com\/?p=17245\"]}]},{\"@type\":\"BreadcrumbList\",\"@id\":\"https:\/\/laprensacristiana.com\/?p=17245#breadcrumb\",\"itemListElement\":[{\"@type\":\"ListItem\",\"position\":1,\"name\":\"Portada\",\"item\":\"https:\/\/laprensacristiana.com\/\"},{\"@type\":\"ListItem\",\"position\":2,\"name\":\"Misi\u00f3n To El Salvador busca reforzar alianzas para continuar sus programas de desarrollo social.\"}]},{\"@type\":\"WebSite\",\"@id\":\"https:\/\/laprensacristiana.com\/#website\",\"url\":\"https:\/\/laprensacristiana.com\/\",\"name\":\"La Prensa Cristiana\",\"description\":\"Anunciando Las Buenas Nuevas\",\"potentialAction\":[{\"@type\":\"SearchAction\",\"target\":{\"@type\":\"EntryPoint\",\"urlTemplate\":\"https:\/\/laprensacristiana.com\/?s={search_term_string}\"},\"query-input\":\"required name=search_term_string\"}],\"inLanguage\":\"es\"},{\"@type\":\"Person\",\"@id\":\"https:\/\/laprensacristiana.com\/#\/schema\/person\/3e7d82c6bfd6b1fa67010f8f7cd5256e\",\"name\":\"EDITOR\",\"image\":{\"@type\":\"ImageObject\",\"inLanguage\":\"es\",\"@id\":\"https:\/\/laprensacristiana.com\/#\/schema\/person\/image\/\",\"url\":\"https:\/\/secure.gravatar.com\/avatar\/72069dfb6c13772d9e8381e3638666d2?s=96&d=mm&r=g\",\"contentUrl\":\"https:\/\/secure.gravatar.com\/avatar\/72069dfb6c13772d9e8381e3638666d2?s=96&d=mm&r=g\",\"caption\":\"EDITOR\"},\"url\":\"https:\/\/laprensacristiana.com\/?author=3\"}]}<\/script>\n<!-- \/ Yoast SEO plugin. -->","yoast_head_json":{"title":"Misi\u00f3n To El Salvador busca reforzar alianzas para continuar sus programas de desarrollo social. - La Prensa Cristiana","robots":{"index":"index","follow":"follow","max-snippet":"max-snippet:-1","max-image-preview":"max-image-preview:large","max-video-preview":"max-video-preview:-1"},"canonical":"https:\/\/laprensacristiana.com\/?p=17245","og_locale":"es_ES","og_type":"article","og_title":"Misi\u00f3n To El Salvador busca reforzar alianzas para continuar sus programas de desarrollo social. - La Prensa Cristiana","og_description":"Por: Edwin G\u00f3ngora Asistir a personas j\u00f3venes con edades entre los diez y diecisiete a\u00f1os&nbsp; que padecen alguna adicci\u00f3n, as\u00ed como ayudar a adultos mayores que por diferentes circunstancias deambulan por las calles de la capital y sus alrededores, son dos programas que Mission To El Salvador realiza desde hace quince a\u00f1os. Nuevo Amanecer, busca [&hellip;]","og_url":"https:\/\/laprensacristiana.com\/?p=17245","og_site_name":"La Prensa Cristiana","article_published_time":"2024-05-29T18:26:43+00:00","article_modified_time":"2024-05-29T18:47:13+00:00","og_image":[{"width":1600,"height":1200,"url":"https:\/\/laprensacristiana.com\/wp-content\/uploads\/2024\/05\/WhatsApp-Image-2024-05-29-at-11.58.58-AM-1.jpeg","type":"image\/jpeg"}],"author":"EDITOR","twitter_card":"summary_large_image","twitter_misc":{"Escrito por":"EDITOR","Tiempo de lectura":"4 minutos"},"schema":{"@context":"https:\/\/schema.org","@graph":[{"@type":"WebPage","@id":"https:\/\/laprensacristiana.com\/?p=17245","url":"https:\/\/laprensacristiana.com\/?p=17245","name":"Misi\u00f3n To El Salvador busca reforzar alianzas para continuar sus programas de desarrollo social. - La Prensa Cristiana","isPartOf":{"@id":"https:\/\/laprensacristiana.com\/#website"},"datePublished":"2024-05-29T18:26:43+00:00","dateModified":"2024-05-29T18:47:13+00:00","author":{"@id":"https:\/\/laprensacristiana.com\/#\/schema\/person\/3e7d82c6bfd6b1fa67010f8f7cd5256e"},"breadcrumb":{"@id":"https:\/\/laprensacristiana.com\/?p=17245#breadcrumb"},"inLanguage":"es","potentialAction":[{"@type":"ReadAction","target":["https:\/\/laprensacristiana.com\/?p=17245"]}]},{"@type":"BreadcrumbList","@id":"https:\/\/laprensacristiana.com\/?p=17245#breadcrumb","itemListElement":[{"@type":"ListItem","position":1,"name":"Portada","item":"https:\/\/laprensacristiana.com\/"},{"@type":"ListItem","position":2,"name":"Misi\u00f3n To El Salvador busca reforzar alianzas para continuar sus programas de desarrollo social."}]},{"@type":"WebSite","@id":"https:\/\/laprensacristiana.com\/#website","url":"https:\/\/laprensacristiana.com\/","name":"La Prensa Cristiana","description":"Anunciando Las Buenas Nuevas","potentialAction":[{"@type":"SearchAction","target":{"@type":"EntryPoint","urlTemplate":"https:\/\/laprensacristiana.com\/?s={search_term_string}"},"query-input":"required name=search_term_string"}],"inLanguage":"es"},{"@type":"Person","@id":"https:\/\/laprensacristiana.com\/#\/schema\/person\/3e7d82c6bfd6b1fa67010f8f7cd5256e","name":"EDITOR","image":{"@type":"ImageObject","inLanguage":"es","@id":"https:\/\/laprensacristiana.com\/#\/schema\/person\/image\/","url":"https:\/\/secure.gravatar.com\/avatar\/72069dfb6c13772d9e8381e3638666d2?s=96&d=mm&r=g","contentUrl":"https:\/\/secure.gravatar.com\/avatar\/72069dfb6c13772d9e8381e3638666d2?s=96&d=mm&r=g","caption":"EDITOR"},"url":"https:\/\/laprensacristiana.com\/?author=3"}]}},"_links":{"self":[{"href":"https:\/\/laprensacristiana.com\/index.php?rest_route=\/wp\/v2\/posts\/17245"}],"collection":[{"href":"https:\/\/laprensacristiana.com\/index.php?rest_route=\/wp\/v2\/posts"}],"about":[{"href":"https:\/\/laprensacristiana.com\/index.php?rest_route=\/wp\/v2\/types\/post"}],"author":[{"embeddable":true,"href":"https:\/\/laprensacristiana.com\/index.php?rest_route=\/wp\/v2\/users\/3"}],"replies":[{"embeddable":true,"href":"https:\/\/laprensacristiana.com\/index.php?rest_route=%2Fwp%2Fv2%2Fcomments&post=17245"}],"version-history":[{"count":2,"href":"https:\/\/laprensacristiana.com\/index.php?rest_route=\/wp\/v2\/posts\/17245\/revisions"}],"predecessor-version":[{"id":17254,"href":"https:\/\/laprensacristiana.com\/index.php?rest_route=\/wp\/v2\/posts\/17245\/revisions\/17254"}],"wp:featuredmedia":[{"embeddable":true,"href":"https:\/\/laprensacristiana.com\/index.php?rest_route=\/wp\/v2\/media\/17255"}],"wp:attachment":[{"href":"https:\/\/laprensacristiana.com\/index.php?rest_route=%2Fwp%2Fv2%2Fmedia&parent=17245"}],"wp:term":[{"taxonomy":"category","embeddable":true,"href":"https:\/\/laprensacristiana.com\/index.php?rest_route=%2Fwp%2Fv2%2Fcategories&post=17245"},{"taxonomy":"post_tag","embeddable":true,"href":"https:\/\/laprensacristiana.com\/index.php?rest_route=%2Fwp%2Fv2%2Ftags&post=17245"}],"curies":[{"name":"wp","href":"https:\/\/api.w.org\/{rel}","templated":true}]}}