{"id":17271,"date":"2024-06-03T23:13:01","date_gmt":"2024-06-03T23:13:01","guid":{"rendered":"https:\/\/laprensacristiana.com\/?p=17271"},"modified":"2024-06-03T23:13:02","modified_gmt":"2024-06-03T23:13:02","slug":"bless-foundation-sorprende-a-madres-trabajadoras-en-el-centro-de-san-salvador-con-regalos","status":"publish","type":"post","link":"https:\/\/laprensacristiana.com\/?p=17271","title":{"rendered":"Bless Foundation sorprende a madres\u00a0 trabajadoras en el Centro de San Salvador con regalos."},"content":{"rendered":"\n<p>Por: Edwin G\u00f3ngora <\/p>\n\n\n\n<p>\u201cCelebrando el amor de mam\u00e1\u201d fue la actividad que Bless Foundation realizo para cerrar el mes dedicado a ellas, mujeres valientes, luchadoras y esforzadas que cuidan y &nbsp;atienden a sus hijos como sea posible.<\/p>\n\n\n\n<p>Varios \u00a0de los miembros que conforman esta fundaci\u00f3n implementaron divertidas y sorpresivas din\u00e1micas con varias \u201cmadres\u201d que caminan por diferentes lugares de la capital vendiendo frutas, verduras, dulces, llevando y trayendo a sus chicos de la escuela, de tal manera reconocer su encomiable labor de todos los d\u00edas.<\/p>\n\n\n\n<p>Las din\u00e1micas inclu\u00edan \u00a0preguntas como \u00bfCu\u00e1l fue el rega\u00f1o m\u00e1s fuerte que le hizo a su hijo? \u00a0\u00bfLa palabra m\u00e1s celebre que \u00a0usted tiene como mam\u00e1? \u00bfQu\u00e9 fue lo primero que sinti\u00f3 cuando supo que estaba embarazada?, en fin, por unas horas varias de las calles y plazas de la capital fueron el escenario donde sin avisarles las madrecitas trabajadoras recibieron regalos.<\/p>\n\n\n\n<figure class=\"wp-block-gallery has-nested-images columns-default is-cropped wp-block-gallery-1 is-layout-flex\">\n<figure class=\"wp-block-image size-large\"><img decoding=\"async\" loading=\"lazy\" width=\"1024\" height=\"564\" data-id=\"17273\"  src=\"https:\/\/laprensacristiana.com\/wp-content\/uploads\/2024\/06\/WhatsApp-Image-2024-06-03-at-4.48.00-PM-2-1024x564.jpeg\" alt=\"\" class=\"wp-image-17273\" srcset=\"https:\/\/laprensacristiana.com\/wp-content\/uploads\/2024\/06\/WhatsApp-Image-2024-06-03-at-4.48.00-PM-2-1024x564.jpeg 1024w, https:\/\/laprensacristiana.com\/wp-content\/uploads\/2024\/06\/WhatsApp-Image-2024-06-03-at-4.48.00-PM-2-300x165.jpeg 300w, https:\/\/laprensacristiana.com\/wp-content\/uploads\/2024\/06\/WhatsApp-Image-2024-06-03-at-4.48.00-PM-2-768x423.jpeg 768w, https:\/\/laprensacristiana.com\/wp-content\/uploads\/2024\/06\/WhatsApp-Image-2024-06-03-at-4.48.00-PM-2-1536x846.jpeg 1536w, https:\/\/laprensacristiana.com\/wp-content\/uploads\/2024\/06\/WhatsApp-Image-2024-06-03-at-4.48.00-PM-2-696x383.jpeg 696w, https:\/\/laprensacristiana.com\/wp-content\/uploads\/2024\/06\/WhatsApp-Image-2024-06-03-at-4.48.00-PM-2-1068x588.jpeg 1068w, https:\/\/laprensacristiana.com\/wp-content\/uploads\/2024\/06\/WhatsApp-Image-2024-06-03-at-4.48.00-PM-2-600x330.jpeg 600w, https:\/\/laprensacristiana.com\/wp-content\/uploads\/2024\/06\/WhatsApp-Image-2024-06-03-at-4.48.00-PM-2.jpeg 1600w\" sizes=\"(max-width: 1024px) 100vw, 1024px\" \/><\/figure>\n\n\n\n<figure class=\"wp-block-image size-large\"><img decoding=\"async\" loading=\"lazy\" width=\"1024\" height=\"545\" data-id=\"17274\"  src=\"https:\/\/laprensacristiana.com\/wp-content\/uploads\/2024\/06\/WhatsApp-Image-2024-06-03-at-4.48.00-PM-1024x545.jpeg\" alt=\"\" class=\"wp-image-17274\" srcset=\"https:\/\/laprensacristiana.com\/wp-content\/uploads\/2024\/06\/WhatsApp-Image-2024-06-03-at-4.48.00-PM-1024x545.jpeg 1024w, https:\/\/laprensacristiana.com\/wp-content\/uploads\/2024\/06\/WhatsApp-Image-2024-06-03-at-4.48.00-PM-300x160.jpeg 300w, https:\/\/laprensacristiana.com\/wp-content\/uploads\/2024\/06\/WhatsApp-Image-2024-06-03-at-4.48.00-PM-768x408.jpeg 768w, https:\/\/laprensacristiana.com\/wp-content\/uploads\/2024\/06\/WhatsApp-Image-2024-06-03-at-4.48.00-PM-1536x817.jpeg 1536w, https:\/\/laprensacristiana.com\/wp-content\/uploads\/2024\/06\/WhatsApp-Image-2024-06-03-at-4.48.00-PM-696x370.jpeg 696w, https:\/\/laprensacristiana.com\/wp-content\/uploads\/2024\/06\/WhatsApp-Image-2024-06-03-at-4.48.00-PM-1068x568.jpeg 1068w, https:\/\/laprensacristiana.com\/wp-content\/uploads\/2024\/06\/WhatsApp-Image-2024-06-03-at-4.48.00-PM-600x319.jpeg 600w, https:\/\/laprensacristiana.com\/wp-content\/uploads\/2024\/06\/WhatsApp-Image-2024-06-03-at-4.48.00-PM.jpeg 1600w\" sizes=\"(max-width: 1024px) 100vw, 1024px\" \/><\/figure>\n<\/figure>\n\n\n\n<p>En su cuenta de Facebook e Instagram Bless Foundation colocaron v\u00eddeos y fotograf\u00edas donde \u00a0nos comparten toda esta actividad. \u00a0\u00a0\u00a0\u00a0\u00a0\u00a0<\/p>\n\n\n\n<p>\u201cEste mes de las madres ha sido muy especial para nosotros. Tuvimos la oportunidad de ir a las calles &nbsp;conocer historias de madres valientes y luchadoras.<\/p>\n\n\n\n<p>Dios nos permiti\u00f3 bendecirlas, recompensando un poco de todo el esfuerzo y amor que entregan d\u00eda a d\u00eda\u201d. Dicen las publicaciones.<\/p>\n\n\n\n<figure class=\"wp-block-gallery has-nested-images columns-default is-cropped wp-block-gallery-3 is-layout-flex\">\n<figure class=\"wp-block-image size-large\"><img decoding=\"async\" loading=\"lazy\" width=\"1024\" height=\"607\" data-id=\"17275\"  src=\"https:\/\/laprensacristiana.com\/wp-content\/uploads\/2024\/06\/WhatsApp-Image-2024-06-03-at-4.48.01-PM-2-1024x607.jpeg\" alt=\"\" class=\"wp-image-17275\" srcset=\"https:\/\/laprensacristiana.com\/wp-content\/uploads\/2024\/06\/WhatsApp-Image-2024-06-03-at-4.48.01-PM-2-1024x607.jpeg 1024w, https:\/\/laprensacristiana.com\/wp-content\/uploads\/2024\/06\/WhatsApp-Image-2024-06-03-at-4.48.01-PM-2-300x178.jpeg 300w, https:\/\/laprensacristiana.com\/wp-content\/uploads\/2024\/06\/WhatsApp-Image-2024-06-03-at-4.48.01-PM-2-768x456.jpeg 768w, https:\/\/laprensacristiana.com\/wp-content\/uploads\/2024\/06\/WhatsApp-Image-2024-06-03-at-4.48.01-PM-2-1536x911.jpeg 1536w, https:\/\/laprensacristiana.com\/wp-content\/uploads\/2024\/06\/WhatsApp-Image-2024-06-03-at-4.48.01-PM-2-696x413.jpeg 696w, https:\/\/laprensacristiana.com\/wp-content\/uploads\/2024\/06\/WhatsApp-Image-2024-06-03-at-4.48.01-PM-2-1068x633.jpeg 1068w, https:\/\/laprensacristiana.com\/wp-content\/uploads\/2024\/06\/WhatsApp-Image-2024-06-03-at-4.48.01-PM-2-600x356.jpeg 600w, https:\/\/laprensacristiana.com\/wp-content\/uploads\/2024\/06\/WhatsApp-Image-2024-06-03-at-4.48.01-PM-2.jpeg 1600w\" sizes=\"(max-width: 1024px) 100vw, 1024px\" \/><\/figure>\n\n\n\n<figure class=\"wp-block-image size-large\"><img decoding=\"async\" loading=\"lazy\" width=\"1024\" height=\"581\" data-id=\"17276\"  src=\"https:\/\/laprensacristiana.com\/wp-content\/uploads\/2024\/06\/WhatsApp-Image-2024-06-03-at-4.48.01-PM-3-1024x581.jpeg\" alt=\"\" class=\"wp-image-17276\" srcset=\"https:\/\/laprensacristiana.com\/wp-content\/uploads\/2024\/06\/WhatsApp-Image-2024-06-03-at-4.48.01-PM-3-1024x581.jpeg 1024w, https:\/\/laprensacristiana.com\/wp-content\/uploads\/2024\/06\/WhatsApp-Image-2024-06-03-at-4.48.01-PM-3-300x170.jpeg 300w, https:\/\/laprensacristiana.com\/wp-content\/uploads\/2024\/06\/WhatsApp-Image-2024-06-03-at-4.48.01-PM-3-768x436.jpeg 768w, https:\/\/laprensacristiana.com\/wp-content\/uploads\/2024\/06\/WhatsApp-Image-2024-06-03-at-4.48.01-PM-3-1536x872.jpeg 1536w, https:\/\/laprensacristiana.com\/wp-content\/uploads\/2024\/06\/WhatsApp-Image-2024-06-03-at-4.48.01-PM-3-696x395.jpeg 696w, https:\/\/laprensacristiana.com\/wp-content\/uploads\/2024\/06\/WhatsApp-Image-2024-06-03-at-4.48.01-PM-3-1068x606.jpeg 1068w, https:\/\/laprensacristiana.com\/wp-content\/uploads\/2024\/06\/WhatsApp-Image-2024-06-03-at-4.48.01-PM-3-600x341.jpeg 600w, https:\/\/laprensacristiana.com\/wp-content\/uploads\/2024\/06\/WhatsApp-Image-2024-06-03-at-4.48.01-PM-3.jpeg 1600w\" sizes=\"(max-width: 1024px) 100vw, 1024px\" \/><\/figure>\n\n\n\n<figure class=\"wp-block-image size-large\"><img decoding=\"async\" loading=\"lazy\" width=\"1024\" height=\"558\" data-id=\"17277\"  src=\"https:\/\/laprensacristiana.com\/wp-content\/uploads\/2024\/06\/WhatsApp-Image-2024-06-03-at-4.48.01-PM-4-1024x558.jpeg\" alt=\"\" class=\"wp-image-17277\" srcset=\"https:\/\/laprensacristiana.com\/wp-content\/uploads\/2024\/06\/WhatsApp-Image-2024-06-03-at-4.48.01-PM-4-1024x558.jpeg 1024w, https:\/\/laprensacristiana.com\/wp-content\/uploads\/2024\/06\/WhatsApp-Image-2024-06-03-at-4.48.01-PM-4-300x164.jpeg 300w, https:\/\/laprensacristiana.com\/wp-content\/uploads\/2024\/06\/WhatsApp-Image-2024-06-03-at-4.48.01-PM-4-768x419.jpeg 768w, https:\/\/laprensacristiana.com\/wp-content\/uploads\/2024\/06\/WhatsApp-Image-2024-06-03-at-4.48.01-PM-4-1536x837.jpeg 1536w, https:\/\/laprensacristiana.com\/wp-content\/uploads\/2024\/06\/WhatsApp-Image-2024-06-03-at-4.48.01-PM-4-696x379.jpeg 696w, https:\/\/laprensacristiana.com\/wp-content\/uploads\/2024\/06\/WhatsApp-Image-2024-06-03-at-4.48.01-PM-4-1068x582.jpeg 1068w, https:\/\/laprensacristiana.com\/wp-content\/uploads\/2024\/06\/WhatsApp-Image-2024-06-03-at-4.48.01-PM-4-600x327.jpeg 600w, https:\/\/laprensacristiana.com\/wp-content\/uploads\/2024\/06\/WhatsApp-Image-2024-06-03-at-4.48.01-PM-4.jpeg 1600w\" sizes=\"(max-width: 1024px) 100vw, 1024px\" \/><\/figure>\n<\/figure>\n\n\n\n<p>Las sonrisas, alegr\u00eda y l\u00e1grimas de las madres al recibir un obsequio, se convirti\u00f3 en el &nbsp;mayor regalo y satisfacci\u00f3n que lleno los corazones del equipo que realizo la actividad.<\/p>\n\n\n\n<p>Erika es una joven de 28 a\u00f1os &nbsp;que vende agua, junto a sus dos peque\u00f1os hijos.<\/p>\n\n\n\n<p>Casi el final de la entrega de obsequios, ella fue ubicada por el equipo de Bless Foundation &nbsp;y bendecida ayud\u00e1ndole con la venta del d\u00eda.<\/p>\n\n\n\n<figure class=\"wp-block-gallery has-nested-images columns-default is-cropped wp-block-gallery-5 is-layout-flex\">\n<figure class=\"wp-block-image size-large\"><img decoding=\"async\" loading=\"lazy\" width=\"1024\" height=\"566\" data-id=\"17279\"  src=\"https:\/\/laprensacristiana.com\/wp-content\/uploads\/2024\/06\/WhatsApp-Image-2024-06-03-at-4.48.02-PM-5-1024x566.jpeg\" alt=\"\" class=\"wp-image-17279\" srcset=\"https:\/\/laprensacristiana.com\/wp-content\/uploads\/2024\/06\/WhatsApp-Image-2024-06-03-at-4.48.02-PM-5-1024x566.jpeg 1024w, https:\/\/laprensacristiana.com\/wp-content\/uploads\/2024\/06\/WhatsApp-Image-2024-06-03-at-4.48.02-PM-5-300x166.jpeg 300w, https:\/\/laprensacristiana.com\/wp-content\/uploads\/2024\/06\/WhatsApp-Image-2024-06-03-at-4.48.02-PM-5-768x424.jpeg 768w, https:\/\/laprensacristiana.com\/wp-content\/uploads\/2024\/06\/WhatsApp-Image-2024-06-03-at-4.48.02-PM-5-1536x849.jpeg 1536w, https:\/\/laprensacristiana.com\/wp-content\/uploads\/2024\/06\/WhatsApp-Image-2024-06-03-at-4.48.02-PM-5-696x385.jpeg 696w, https:\/\/laprensacristiana.com\/wp-content\/uploads\/2024\/06\/WhatsApp-Image-2024-06-03-at-4.48.02-PM-5-1068x590.jpeg 1068w, https:\/\/laprensacristiana.com\/wp-content\/uploads\/2024\/06\/WhatsApp-Image-2024-06-03-at-4.48.02-PM-5-600x332.jpeg 600w, https:\/\/laprensacristiana.com\/wp-content\/uploads\/2024\/06\/WhatsApp-Image-2024-06-03-at-4.48.02-PM-5.jpeg 1600w\" sizes=\"(max-width: 1024px) 100vw, 1024px\" \/><\/figure>\n\n\n\n<figure class=\"wp-block-image size-large\"><img decoding=\"async\" loading=\"lazy\" width=\"1024\" height=\"529\" data-id=\"17278\"  src=\"https:\/\/laprensacristiana.com\/wp-content\/uploads\/2024\/06\/WhatsApp-Image-2024-06-03-at-4.48.02-PM-1024x529.jpeg\" alt=\"\" class=\"wp-image-17278\" srcset=\"https:\/\/laprensacristiana.com\/wp-content\/uploads\/2024\/06\/WhatsApp-Image-2024-06-03-at-4.48.02-PM-1024x529.jpeg 1024w, https:\/\/laprensacristiana.com\/wp-content\/uploads\/2024\/06\/WhatsApp-Image-2024-06-03-at-4.48.02-PM-300x155.jpeg 300w, https:\/\/laprensacristiana.com\/wp-content\/uploads\/2024\/06\/WhatsApp-Image-2024-06-03-at-4.48.02-PM-768x397.jpeg 768w, https:\/\/laprensacristiana.com\/wp-content\/uploads\/2024\/06\/WhatsApp-Image-2024-06-03-at-4.48.02-PM-1536x793.jpeg 1536w, https:\/\/laprensacristiana.com\/wp-content\/uploads\/2024\/06\/WhatsApp-Image-2024-06-03-at-4.48.02-PM-696x360.jpeg 696w, https:\/\/laprensacristiana.com\/wp-content\/uploads\/2024\/06\/WhatsApp-Image-2024-06-03-at-4.48.02-PM-1068x552.jpeg 1068w, https:\/\/laprensacristiana.com\/wp-content\/uploads\/2024\/06\/WhatsApp-Image-2024-06-03-at-4.48.02-PM-600x310.jpeg 600w, https:\/\/laprensacristiana.com\/wp-content\/uploads\/2024\/06\/WhatsApp-Image-2024-06-03-at-4.48.02-PM.jpeg 1599w\" sizes=\"(max-width: 1024px) 100vw, 1024px\" \/><\/figure>\n<\/figure>\n\n\n\n<p>Erika representa a cientos de madres de diferentes edades que de manera ambulante ofrecen sus ventas para llevar sustento a sus casas para sus hijos y para ellos.<\/p>\n\n\n\n<p>La entrega de regalos incluyo de una forma muy particular el homenajear a \u00a0muchas mam\u00e1s, con una celebraci\u00f3n \u00a0donde la alabanza y la palabra de Dios estuvieron presentes.<\/p>\n\n\n\n<figure class=\"wp-block-image size-large\"><img decoding=\"async\" loading=\"lazy\" width=\"1024\" height=\"543\" src=\"https:\/\/laprensacristiana.com\/wp-content\/uploads\/2024\/06\/WhatsApp-Image-2024-06-03-at-4.48.01-PM-1-1024x543.jpeg\" alt=\"\" class=\"wp-image-17280\" srcset=\"https:\/\/laprensacristiana.com\/wp-content\/uploads\/2024\/06\/WhatsApp-Image-2024-06-03-at-4.48.01-PM-1-1024x543.jpeg 1024w, https:\/\/laprensacristiana.com\/wp-content\/uploads\/2024\/06\/WhatsApp-Image-2024-06-03-at-4.48.01-PM-1-300x159.jpeg 300w, https:\/\/laprensacristiana.com\/wp-content\/uploads\/2024\/06\/WhatsApp-Image-2024-06-03-at-4.48.01-PM-1-768x408.jpeg 768w, https:\/\/laprensacristiana.com\/wp-content\/uploads\/2024\/06\/WhatsApp-Image-2024-06-03-at-4.48.01-PM-1-1536x815.jpeg 1536w, https:\/\/laprensacristiana.com\/wp-content\/uploads\/2024\/06\/WhatsApp-Image-2024-06-03-at-4.48.01-PM-1-696x369.jpeg 696w, https:\/\/laprensacristiana.com\/wp-content\/uploads\/2024\/06\/WhatsApp-Image-2024-06-03-at-4.48.01-PM-1-1068x567.jpeg 1068w, https:\/\/laprensacristiana.com\/wp-content\/uploads\/2024\/06\/WhatsApp-Image-2024-06-03-at-4.48.01-PM-1-600x318.jpeg 600w, https:\/\/laprensacristiana.com\/wp-content\/uploads\/2024\/06\/WhatsApp-Image-2024-06-03-at-4.48.01-PM-1.jpeg 1600w\" sizes=\"(max-width: 1024px) 100vw, 1024px\" \/><\/figure>\n","protected":false},"excerpt":{"rendered":"<p>Por: Edwin G\u00f3ngora \u201cCelebrando el amor de mam\u00e1\u201d fue la actividad que Bless Foundation realizo para cerrar el mes dedicado a ellas, mujeres valientes, luchadoras y esforzadas que cuidan y &nbsp;atienden a sus hijos como sea posible. Varios \u00a0de los miembros que conforman esta fundaci\u00f3n implementaron divertidas y sorpresivas din\u00e1micas con varias \u201cmadres\u201d que caminan [&hellip;]<\/p>\n","protected":false},"author":3,"featured_media":17272,"comment_status":"open","ping_status":"open","sticky":false,"template":"","format":"standard","meta":[],"categories":[56],"tags":[],"yoast_head":"<!-- This site is optimized with the Yoast SEO plugin v20.8 - https:\/\/yoast.com\/wordpress\/plugins\/seo\/ -->\n<title>Bless Foundation sorprende a madres\u00a0 trabajadoras en el Centro de San Salvador con regalos. - La Prensa Cristiana<\/title>\n<meta name=\"robots\" content=\"index, follow, max-snippet:-1, max-image-preview:large, max-video-preview:-1\" \/>\n<link rel=\"canonical\" href=\"https:\/\/laprensacristiana.com\/?p=17271\" \/>\n<meta property=\"og:locale\" content=\"es_ES\" \/>\n<meta property=\"og:type\" content=\"article\" \/>\n<meta property=\"og:title\" content=\"Bless Foundation sorprende a madres\u00a0 trabajadoras en el Centro de San Salvador con regalos. - La Prensa Cristiana\" \/>\n<meta property=\"og:description\" content=\"Por: Edwin G\u00f3ngora \u201cCelebrando el amor de mam\u00e1\u201d fue la actividad que Bless Foundation realizo para cerrar el mes dedicado a ellas, mujeres valientes, luchadoras y esforzadas que cuidan y &nbsp;atienden a sus hijos como sea posible. Varios \u00a0de los miembros que conforman esta fundaci\u00f3n implementaron divertidas y sorpresivas din\u00e1micas con varias \u201cmadres\u201d que caminan [&hellip;]\" \/>\n<meta property=\"og:url\" content=\"https:\/\/laprensacristiana.com\/?p=17271\" \/>\n<meta property=\"og:site_name\" content=\"La Prensa Cristiana\" \/>\n<meta property=\"article:published_time\" content=\"2024-06-03T23:13:01+00:00\" \/>\n<meta property=\"article:modified_time\" content=\"2024-06-03T23:13:02+00:00\" \/>\n<meta property=\"og:image\" content=\"https:\/\/laprensacristiana.com\/wp-content\/uploads\/2024\/06\/WhatsApp-Image-2024-06-03-at-4.48.02-PM-4.jpeg\" \/>\n\t<meta property=\"og:image:width\" content=\"1600\" \/>\n\t<meta property=\"og:image:height\" content=\"900\" \/>\n\t<meta property=\"og:image:type\" content=\"image\/jpeg\" \/>\n<meta name=\"author\" content=\"EDITOR\" \/>\n<meta name=\"twitter:card\" content=\"summary_large_image\" \/>\n<meta name=\"twitter:label1\" content=\"Escrito por\" \/>\n\t<meta name=\"twitter:data1\" content=\"EDITOR\" \/>\n\t<meta name=\"twitter:label2\" content=\"Tiempo de lectura\" \/>\n\t<meta name=\"twitter:data2\" content=\"4 minutos\" \/>\n<script type=\"application\/ld+json\" class=\"yoast-schema-graph\">{\"@context\":\"https:\/\/schema.org\",\"@graph\":[{\"@type\":\"WebPage\",\"@id\":\"https:\/\/laprensacristiana.com\/?p=17271\",\"url\":\"https:\/\/laprensacristiana.com\/?p=17271\",\"name\":\"Bless Foundation sorprende a madres\u00a0 trabajadoras en el Centro de San Salvador con regalos. - La Prensa Cristiana\",\"isPartOf\":{\"@id\":\"https:\/\/laprensacristiana.com\/#website\"},\"datePublished\":\"2024-06-03T23:13:01+00:00\",\"dateModified\":\"2024-06-03T23:13:02+00:00\",\"author\":{\"@id\":\"https:\/\/laprensacristiana.com\/#\/schema\/person\/3e7d82c6bfd6b1fa67010f8f7cd5256e\"},\"breadcrumb\":{\"@id\":\"https:\/\/laprensacristiana.com\/?p=17271#breadcrumb\"},\"inLanguage\":\"es\",\"potentialAction\":[{\"@type\":\"ReadAction\",\"target\":[\"https:\/\/laprensacristiana.com\/?p=17271\"]}]},{\"@type\":\"BreadcrumbList\",\"@id\":\"https:\/\/laprensacristiana.com\/?p=17271#breadcrumb\",\"itemListElement\":[{\"@type\":\"ListItem\",\"position\":1,\"name\":\"Portada\",\"item\":\"https:\/\/laprensacristiana.com\/\"},{\"@type\":\"ListItem\",\"position\":2,\"name\":\"Bless Foundation sorprende a madres\u00a0 trabajadoras en el Centro de San Salvador con regalos.\"}]},{\"@type\":\"WebSite\",\"@id\":\"https:\/\/laprensacristiana.com\/#website\",\"url\":\"https:\/\/laprensacristiana.com\/\",\"name\":\"La Prensa Cristiana\",\"description\":\"Anunciando Las Buenas Nuevas\",\"potentialAction\":[{\"@type\":\"SearchAction\",\"target\":{\"@type\":\"EntryPoint\",\"urlTemplate\":\"https:\/\/laprensacristiana.com\/?s={search_term_string}\"},\"query-input\":\"required name=search_term_string\"}],\"inLanguage\":\"es\"},{\"@type\":\"Person\",\"@id\":\"https:\/\/laprensacristiana.com\/#\/schema\/person\/3e7d82c6bfd6b1fa67010f8f7cd5256e\",\"name\":\"EDITOR\",\"image\":{\"@type\":\"ImageObject\",\"inLanguage\":\"es\",\"@id\":\"https:\/\/laprensacristiana.com\/#\/schema\/person\/image\/\",\"url\":\"https:\/\/secure.gravatar.com\/avatar\/72069dfb6c13772d9e8381e3638666d2?s=96&d=mm&r=g\",\"contentUrl\":\"https:\/\/secure.gravatar.com\/avatar\/72069dfb6c13772d9e8381e3638666d2?s=96&d=mm&r=g\",\"caption\":\"EDITOR\"},\"url\":\"https:\/\/laprensacristiana.com\/?author=3\"}]}<\/script>\n<!-- \/ Yoast SEO plugin. -->","yoast_head_json":{"title":"Bless Foundation sorprende a madres\u00a0 trabajadoras en el Centro de San Salvador con regalos. - La Prensa Cristiana","robots":{"index":"index","follow":"follow","max-snippet":"max-snippet:-1","max-image-preview":"max-image-preview:large","max-video-preview":"max-video-preview:-1"},"canonical":"https:\/\/laprensacristiana.com\/?p=17271","og_locale":"es_ES","og_type":"article","og_title":"Bless Foundation sorprende a madres\u00a0 trabajadoras en el Centro de San Salvador con regalos. - La Prensa Cristiana","og_description":"Por: Edwin G\u00f3ngora \u201cCelebrando el amor de mam\u00e1\u201d fue la actividad que Bless Foundation realizo para cerrar el mes dedicado a ellas, mujeres valientes, luchadoras y esforzadas que cuidan y &nbsp;atienden a sus hijos como sea posible. Varios \u00a0de los miembros que conforman esta fundaci\u00f3n implementaron divertidas y sorpresivas din\u00e1micas con varias \u201cmadres\u201d que caminan [&hellip;]","og_url":"https:\/\/laprensacristiana.com\/?p=17271","og_site_name":"La Prensa Cristiana","article_published_time":"2024-06-03T23:13:01+00:00","article_modified_time":"2024-06-03T23:13:02+00:00","og_image":[{"width":1600,"height":900,"url":"https:\/\/laprensacristiana.com\/wp-content\/uploads\/2024\/06\/WhatsApp-Image-2024-06-03-at-4.48.02-PM-4.jpeg","type":"image\/jpeg"}],"author":"EDITOR","twitter_card":"summary_large_image","twitter_misc":{"Escrito por":"EDITOR","Tiempo de lectura":"4 minutos"},"schema":{"@context":"https:\/\/schema.org","@graph":[{"@type":"WebPage","@id":"https:\/\/laprensacristiana.com\/?p=17271","url":"https:\/\/laprensacristiana.com\/?p=17271","name":"Bless Foundation sorprende a madres\u00a0 trabajadoras en el Centro de San Salvador con regalos. - La Prensa Cristiana","isPartOf":{"@id":"https:\/\/laprensacristiana.com\/#website"},"datePublished":"2024-06-03T23:13:01+00:00","dateModified":"2024-06-03T23:13:02+00:00","author":{"@id":"https:\/\/laprensacristiana.com\/#\/schema\/person\/3e7d82c6bfd6b1fa67010f8f7cd5256e"},"breadcrumb":{"@id":"https:\/\/laprensacristiana.com\/?p=17271#breadcrumb"},"inLanguage":"es","potentialAction":[{"@type":"ReadAction","target":["https:\/\/laprensacristiana.com\/?p=17271"]}]},{"@type":"BreadcrumbList","@id":"https:\/\/laprensacristiana.com\/?p=17271#breadcrumb","itemListElement":[{"@type":"ListItem","position":1,"name":"Portada","item":"https:\/\/laprensacristiana.com\/"},{"@type":"ListItem","position":2,"name":"Bless Foundation sorprende a madres\u00a0 trabajadoras en el Centro de San Salvador con regalos."}]},{"@type":"WebSite","@id":"https:\/\/laprensacristiana.com\/#website","url":"https:\/\/laprensacristiana.com\/","name":"La Prensa Cristiana","description":"Anunciando Las Buenas Nuevas","potentialAction":[{"@type":"SearchAction","target":{"@type":"EntryPoint","urlTemplate":"https:\/\/laprensacristiana.com\/?s={search_term_string}"},"query-input":"required name=search_term_string"}],"inLanguage":"es"},{"@type":"Person","@id":"https:\/\/laprensacristiana.com\/#\/schema\/person\/3e7d82c6bfd6b1fa67010f8f7cd5256e","name":"EDITOR","image":{"@type":"ImageObject","inLanguage":"es","@id":"https:\/\/laprensacristiana.com\/#\/schema\/person\/image\/","url":"https:\/\/secure.gravatar.com\/avatar\/72069dfb6c13772d9e8381e3638666d2?s=96&d=mm&r=g","contentUrl":"https:\/\/secure.gravatar.com\/avatar\/72069dfb6c13772d9e8381e3638666d2?s=96&d=mm&r=g","caption":"EDITOR"},"url":"https:\/\/laprensacristiana.com\/?author=3"}]}},"_links":{"self":[{"href":"https:\/\/laprensacristiana.com\/index.php?rest_route=\/wp\/v2\/posts\/17271"}],"collection":[{"href":"https:\/\/laprensacristiana.com\/index.php?rest_route=\/wp\/v2\/posts"}],"about":[{"href":"https:\/\/laprensacristiana.com\/index.php?rest_route=\/wp\/v2\/types\/post"}],"author":[{"embeddable":true,"href":"https:\/\/laprensacristiana.com\/index.php?rest_route=\/wp\/v2\/users\/3"}],"replies":[{"embeddable":true,"href":"https:\/\/laprensacristiana.com\/index.php?rest_route=%2Fwp%2Fv2%2Fcomments&post=17271"}],"version-history":[{"count":1,"href":"https:\/\/laprensacristiana.com\/index.php?rest_route=\/wp\/v2\/posts\/17271\/revisions"}],"predecessor-version":[{"id":17281,"href":"https:\/\/laprensacristiana.com\/index.php?rest_route=\/wp\/v2\/posts\/17271\/revisions\/17281"}],"wp:featuredmedia":[{"embeddable":true,"href":"https:\/\/laprensacristiana.com\/index.php?rest_route=\/wp\/v2\/media\/17272"}],"wp:attachment":[{"href":"https:\/\/laprensacristiana.com\/index.php?rest_route=%2Fwp%2Fv2%2Fmedia&parent=17271"}],"wp:term":[{"taxonomy":"category","embeddable":true,"href":"https:\/\/laprensacristiana.com\/index.php?rest_route=%2Fwp%2Fv2%2Fcategories&post=17271"},{"taxonomy":"post_tag","embeddable":true,"href":"https:\/\/laprensacristiana.com\/index.php?rest_route=%2Fwp%2Fv2%2Ftags&post=17271"}],"curies":[{"name":"wp","href":"https:\/\/api.w.org\/{rel}","templated":true}]}}