{"id":17284,"date":"2024-06-04T17:15:41","date_gmt":"2024-06-04T17:15:41","guid":{"rendered":"https:\/\/laprensacristiana.com\/?p=17284"},"modified":"2024-06-04T17:19:53","modified_gmt":"2024-06-04T17:19:53","slug":"mision-cristiana-internacional-peniel-realiza-por-segundo-ano-consecutivo-feria-familiar-dirigida-a-comunidades-en-santa-tecla","status":"publish","type":"post","link":"https:\/\/laprensacristiana.com\/?p=17284","title":{"rendered":"Misi\u00f3n Cristiana Internacional Peniel realiza por segundo a\u00f1o consecutivo \u00abFeria Familiar\u201d dirigida a comunidades en Santa Tecla."},"content":{"rendered":"\n<p>Por: Edwin G\u00f3ngora <\/p>\n\n\n\n<p>Lamentablemente existen casos de ni\u00f1os que por diferentes circunstancias no cuentan &nbsp;en su desarrollo de vida con la crianza de sus padres, correspondiendo a otras personas cumplir este papel.<\/p>\n\n\n\n<p>Desde la labor de la iglesia, el abrigar por medio de la palabra Dios a quienes por esta y otras razones pudieran sentirse desamparados se realiza constantemente, de tal manera ese amor y verdad llegue donde se necesita.<\/p>\n\n\n\n<p>En este contexto Misi\u00f3n Cristiana Internacional Peniel, efect\u00faa el evento \u00abFeria Familiar\u201dque seg\u00fan nos explica su pastor Edwin Serpas, se realiza por segundo a\u00f1o consecutivo.<\/p>\n\n\n\n<figure class=\"wp-block-image size-full\"><img decoding=\"async\" loading=\"lazy\" width=\"984\" height=\"720\" src=\"https:\/\/laprensacristiana.com\/wp-content\/uploads\/2024\/06\/FERIA-FAMILIAR-5.jpg\" alt=\"\" class=\"wp-image-17286\" srcset=\"https:\/\/laprensacristiana.com\/wp-content\/uploads\/2024\/06\/FERIA-FAMILIAR-5.jpg 984w, https:\/\/laprensacristiana.com\/wp-content\/uploads\/2024\/06\/FERIA-FAMILIAR-5-300x220.jpg 300w, https:\/\/laprensacristiana.com\/wp-content\/uploads\/2024\/06\/FERIA-FAMILIAR-5-768x562.jpg 768w, https:\/\/laprensacristiana.com\/wp-content\/uploads\/2024\/06\/FERIA-FAMILIAR-5-696x509.jpg 696w, https:\/\/laprensacristiana.com\/wp-content\/uploads\/2024\/06\/FERIA-FAMILIAR-5-600x439.jpg 600w\" sizes=\"(max-width: 984px) 100vw, 984px\" \/><\/figure>\n\n\n\n<p>\u201cLa Feria Familiar\u201d tiene por objetivo que los ni\u00f1os puedan tener tiempo de calidad, de hogar, tiempo de calidad de familia, que ellos se puedan sentir amados y en familia, as\u00ed como unificar a las familias que est\u00e1n dentro de casa\u201d. Explico el pastor Serpas.<\/p>\n\n\n\n<p>Durante unas horas chicos y grandes comparten, juegan, r\u00eden, comen de todo, corren, compiten, saltan y reciben juguetes, se ora por ellos, les comparten del amor de Jes\u00fas, es un tiempo especial en el que muchas familias lo \u00fanico que les une en ese momento es DIOS y su amor.<\/p>\n\n\n\n<p>Es todo un equipo que desinteresadamente presta su servicio para atender a estas personas, que en la primera edici\u00f3n del a\u00f1o pasado recibieron a &nbsp;m\u00e1s de mil trescientas, mientras que en la que se hizo hace unos d\u00edas setecientas se hicieron presentes.<\/p>\n\n\n\n<figure class=\"wp-block-image size-large\"><img decoding=\"async\" loading=\"lazy\" width=\"768\" height=\"1024\" src=\"https:\/\/laprensacristiana.com\/wp-content\/uploads\/2024\/06\/FERIA-FANILIAR-2-768x1024.jpg\" alt=\"\" class=\"wp-image-17287\" srcset=\"https:\/\/laprensacristiana.com\/wp-content\/uploads\/2024\/06\/FERIA-FANILIAR-2-768x1024.jpg 768w, https:\/\/laprensacristiana.com\/wp-content\/uploads\/2024\/06\/FERIA-FANILIAR-2-225x300.jpg 225w, https:\/\/laprensacristiana.com\/wp-content\/uploads\/2024\/06\/FERIA-FANILIAR-2-1152x1536.jpg 1152w, https:\/\/laprensacristiana.com\/wp-content\/uploads\/2024\/06\/FERIA-FANILIAR-2-696x928.jpg 696w, https:\/\/laprensacristiana.com\/wp-content\/uploads\/2024\/06\/FERIA-FANILIAR-2-1068x1424.jpg 1068w, https:\/\/laprensacristiana.com\/wp-content\/uploads\/2024\/06\/FERIA-FANILIAR-2-600x800.jpg 600w, https:\/\/laprensacristiana.com\/wp-content\/uploads\/2024\/06\/FERIA-FANILIAR-2.jpg 1200w\" sizes=\"(max-width: 768px) 100vw, 768px\" \/><\/figure>\n\n\n\n<p>Si bien la actividad busca generar un momento inolvidable que quede grabado en los peque\u00f1os corazoncitos de los chicos que son atendidos, el pastor Edwin Serpas manifest\u00f3: \u201cLa feria familiar tiene una parte evangelistica que busca presentar a Cristo de una manera amorosa y que los asistentes puedan ver que el evangelio no es una religiosidad, sino m\u00e1s bien una comuni\u00f3n con Dios\u201d.<\/p>\n\n\n\n<p>Durante la primera feria unas 45 personas habr\u00edan aceptado a Cristo y otros m\u00e1s se reconciliaron, adem\u00e1s de haber orado por sanidad y entregado a varios j\u00f3venes \u201cbecas\u201d para que estudien m\u00fasica en Iglesia Peniel.<\/p>\n\n\n\n<p>En esta segunda actividad 30 personas reconocieron a Jes\u00fas y otras m\u00e1s se reconciliaron.<\/p>\n\n\n\n<p>Incluso el pastor Serpas se\u00f1alo que varios de los &nbsp;que aceptaron a Cristo ya llegaron en familia a la iglesia.<\/p>\n\n\n\n<figure class=\"wp-block-image size-large\"><img decoding=\"async\" loading=\"lazy\" width=\"1024\" height=\"768\" src=\"https:\/\/laprensacristiana.com\/wp-content\/uploads\/2024\/06\/FERIA-FAMILIAR-1-1024x768.jpg\" alt=\"\" class=\"wp-image-17288\" srcset=\"https:\/\/laprensacristiana.com\/wp-content\/uploads\/2024\/06\/FERIA-FAMILIAR-1-1024x768.jpg 1024w, https:\/\/laprensacristiana.com\/wp-content\/uploads\/2024\/06\/FERIA-FAMILIAR-1-300x225.jpg 300w, https:\/\/laprensacristiana.com\/wp-content\/uploads\/2024\/06\/FERIA-FAMILIAR-1-768x576.jpg 768w, https:\/\/laprensacristiana.com\/wp-content\/uploads\/2024\/06\/FERIA-FAMILIAR-1-1536x1152.jpg 1536w, https:\/\/laprensacristiana.com\/wp-content\/uploads\/2024\/06\/FERIA-FAMILIAR-1-696x522.jpg 696w, https:\/\/laprensacristiana.com\/wp-content\/uploads\/2024\/06\/FERIA-FAMILIAR-1-1068x801.jpg 1068w, https:\/\/laprensacristiana.com\/wp-content\/uploads\/2024\/06\/FERIA-FAMILIAR-1-1920x1440.jpg 1920w, https:\/\/laprensacristiana.com\/wp-content\/uploads\/2024\/06\/FERIA-FAMILIAR-1-600x450.jpg 600w, https:\/\/laprensacristiana.com\/wp-content\/uploads\/2024\/06\/FERIA-FAMILIAR-1.jpg 2048w\" sizes=\"(max-width: 1024px) 100vw, 1024px\" \/><\/figure>\n\n\n\n<p>La feria se realiza con los habitantes de cuatro comunidades aleda\u00f1as a la Iglesia, entre ellas: El Refugio, El Tanque, Emmanuel y Las Palmeras. &nbsp;<\/p>\n\n\n\n<p>El pastor Edwin Serpas est\u00e1 claro &nbsp;que fue Dios quien permiti\u00f3 &nbsp;realiza esta bella feria, d\u00f3nde \u201ctodo fue cortes\u00eda del cielo\u201d y donde por un momento fuimos una sola familia en el amor de Dios. &nbsp;<\/p>\n","protected":false},"excerpt":{"rendered":"<p>Por: Edwin G\u00f3ngora Lamentablemente existen casos de ni\u00f1os que por diferentes circunstancias no cuentan &nbsp;en su desarrollo de vida con la crianza de sus padres, correspondiendo a otras personas cumplir este papel. Desde la labor de la iglesia, el abrigar por medio de la palabra Dios a quienes por esta y otras razones pudieran sentirse [&hellip;]<\/p>\n","protected":false},"author":3,"featured_media":17285,"comment_status":"open","ping_status":"open","sticky":false,"template":"","format":"standard","meta":[],"categories":[56],"tags":[],"yoast_head":"<!-- This site is optimized with the Yoast SEO plugin v20.8 - https:\/\/yoast.com\/wordpress\/plugins\/seo\/ -->\n<title>Misi\u00f3n Cristiana Internacional Peniel realiza por segundo a\u00f1o consecutivo &quot;Feria Familiar\u201d dirigida a comunidades en Santa Tecla. - La Prensa Cristiana<\/title>\n<meta name=\"robots\" content=\"index, follow, max-snippet:-1, max-image-preview:large, max-video-preview:-1\" \/>\n<link rel=\"canonical\" href=\"https:\/\/laprensacristiana.com\/?p=17284\" \/>\n<meta property=\"og:locale\" content=\"es_ES\" \/>\n<meta property=\"og:type\" content=\"article\" \/>\n<meta property=\"og:title\" content=\"Misi\u00f3n Cristiana Internacional Peniel realiza por segundo a\u00f1o consecutivo &quot;Feria Familiar\u201d dirigida a comunidades en Santa Tecla. - La Prensa Cristiana\" \/>\n<meta property=\"og:description\" content=\"Por: Edwin G\u00f3ngora Lamentablemente existen casos de ni\u00f1os que por diferentes circunstancias no cuentan &nbsp;en su desarrollo de vida con la crianza de sus padres, correspondiendo a otras personas cumplir este papel. Desde la labor de la iglesia, el abrigar por medio de la palabra Dios a quienes por esta y otras razones pudieran sentirse [&hellip;]\" \/>\n<meta property=\"og:url\" content=\"https:\/\/laprensacristiana.com\/?p=17284\" \/>\n<meta property=\"og:site_name\" content=\"La Prensa Cristiana\" \/>\n<meta property=\"article:published_time\" content=\"2024-06-04T17:15:41+00:00\" \/>\n<meta property=\"article:modified_time\" content=\"2024-06-04T17:19:53+00:00\" \/>\n<meta property=\"og:image\" content=\"https:\/\/laprensacristiana.com\/wp-content\/uploads\/2024\/06\/FERIA-FAMILIAR-3.jpg\" \/>\n\t<meta property=\"og:image:width\" content=\"2048\" \/>\n\t<meta property=\"og:image:height\" content=\"1536\" \/>\n\t<meta property=\"og:image:type\" content=\"image\/jpeg\" \/>\n<meta name=\"author\" content=\"EDITOR\" \/>\n<meta name=\"twitter:card\" content=\"summary_large_image\" \/>\n<meta name=\"twitter:label1\" content=\"Escrito por\" \/>\n\t<meta name=\"twitter:data1\" content=\"EDITOR\" \/>\n\t<meta name=\"twitter:label2\" content=\"Tiempo de lectura\" \/>\n\t<meta name=\"twitter:data2\" content=\"3 minutos\" \/>\n<script type=\"application\/ld+json\" class=\"yoast-schema-graph\">{\"@context\":\"https:\/\/schema.org\",\"@graph\":[{\"@type\":\"WebPage\",\"@id\":\"https:\/\/laprensacristiana.com\/?p=17284\",\"url\":\"https:\/\/laprensacristiana.com\/?p=17284\",\"name\":\"Misi\u00f3n Cristiana Internacional Peniel realiza por segundo a\u00f1o consecutivo \\\"Feria Familiar\u201d dirigida a comunidades en Santa Tecla. - La Prensa Cristiana\",\"isPartOf\":{\"@id\":\"https:\/\/laprensacristiana.com\/#website\"},\"datePublished\":\"2024-06-04T17:15:41+00:00\",\"dateModified\":\"2024-06-04T17:19:53+00:00\",\"author\":{\"@id\":\"https:\/\/laprensacristiana.com\/#\/schema\/person\/3e7d82c6bfd6b1fa67010f8f7cd5256e\"},\"breadcrumb\":{\"@id\":\"https:\/\/laprensacristiana.com\/?p=17284#breadcrumb\"},\"inLanguage\":\"es\",\"potentialAction\":[{\"@type\":\"ReadAction\",\"target\":[\"https:\/\/laprensacristiana.com\/?p=17284\"]}]},{\"@type\":\"BreadcrumbList\",\"@id\":\"https:\/\/laprensacristiana.com\/?p=17284#breadcrumb\",\"itemListElement\":[{\"@type\":\"ListItem\",\"position\":1,\"name\":\"Portada\",\"item\":\"https:\/\/laprensacristiana.com\/\"},{\"@type\":\"ListItem\",\"position\":2,\"name\":\"Misi\u00f3n Cristiana Internacional Peniel realiza por segundo a\u00f1o consecutivo \u00abFeria Familiar\u201d dirigida a comunidades en Santa Tecla.\"}]},{\"@type\":\"WebSite\",\"@id\":\"https:\/\/laprensacristiana.com\/#website\",\"url\":\"https:\/\/laprensacristiana.com\/\",\"name\":\"La Prensa Cristiana\",\"description\":\"Anunciando Las Buenas Nuevas\",\"potentialAction\":[{\"@type\":\"SearchAction\",\"target\":{\"@type\":\"EntryPoint\",\"urlTemplate\":\"https:\/\/laprensacristiana.com\/?s={search_term_string}\"},\"query-input\":\"required name=search_term_string\"}],\"inLanguage\":\"es\"},{\"@type\":\"Person\",\"@id\":\"https:\/\/laprensacristiana.com\/#\/schema\/person\/3e7d82c6bfd6b1fa67010f8f7cd5256e\",\"name\":\"EDITOR\",\"image\":{\"@type\":\"ImageObject\",\"inLanguage\":\"es\",\"@id\":\"https:\/\/laprensacristiana.com\/#\/schema\/person\/image\/\",\"url\":\"https:\/\/secure.gravatar.com\/avatar\/72069dfb6c13772d9e8381e3638666d2?s=96&d=mm&r=g\",\"contentUrl\":\"https:\/\/secure.gravatar.com\/avatar\/72069dfb6c13772d9e8381e3638666d2?s=96&d=mm&r=g\",\"caption\":\"EDITOR\"},\"url\":\"https:\/\/laprensacristiana.com\/?author=3\"}]}<\/script>\n<!-- \/ Yoast SEO plugin. -->","yoast_head_json":{"title":"Misi\u00f3n Cristiana Internacional Peniel realiza por segundo a\u00f1o consecutivo \"Feria Familiar\u201d dirigida a comunidades en Santa Tecla. - La Prensa Cristiana","robots":{"index":"index","follow":"follow","max-snippet":"max-snippet:-1","max-image-preview":"max-image-preview:large","max-video-preview":"max-video-preview:-1"},"canonical":"https:\/\/laprensacristiana.com\/?p=17284","og_locale":"es_ES","og_type":"article","og_title":"Misi\u00f3n Cristiana Internacional Peniel realiza por segundo a\u00f1o consecutivo \"Feria Familiar\u201d dirigida a comunidades en Santa Tecla. - La Prensa Cristiana","og_description":"Por: Edwin G\u00f3ngora Lamentablemente existen casos de ni\u00f1os que por diferentes circunstancias no cuentan &nbsp;en su desarrollo de vida con la crianza de sus padres, correspondiendo a otras personas cumplir este papel. Desde la labor de la iglesia, el abrigar por medio de la palabra Dios a quienes por esta y otras razones pudieran sentirse [&hellip;]","og_url":"https:\/\/laprensacristiana.com\/?p=17284","og_site_name":"La Prensa Cristiana","article_published_time":"2024-06-04T17:15:41+00:00","article_modified_time":"2024-06-04T17:19:53+00:00","og_image":[{"width":2048,"height":1536,"url":"https:\/\/laprensacristiana.com\/wp-content\/uploads\/2024\/06\/FERIA-FAMILIAR-3.jpg","type":"image\/jpeg"}],"author":"EDITOR","twitter_card":"summary_large_image","twitter_misc":{"Escrito por":"EDITOR","Tiempo de lectura":"3 minutos"},"schema":{"@context":"https:\/\/schema.org","@graph":[{"@type":"WebPage","@id":"https:\/\/laprensacristiana.com\/?p=17284","url":"https:\/\/laprensacristiana.com\/?p=17284","name":"Misi\u00f3n Cristiana Internacional Peniel realiza por segundo a\u00f1o consecutivo \"Feria Familiar\u201d dirigida a comunidades en Santa Tecla. - La Prensa Cristiana","isPartOf":{"@id":"https:\/\/laprensacristiana.com\/#website"},"datePublished":"2024-06-04T17:15:41+00:00","dateModified":"2024-06-04T17:19:53+00:00","author":{"@id":"https:\/\/laprensacristiana.com\/#\/schema\/person\/3e7d82c6bfd6b1fa67010f8f7cd5256e"},"breadcrumb":{"@id":"https:\/\/laprensacristiana.com\/?p=17284#breadcrumb"},"inLanguage":"es","potentialAction":[{"@type":"ReadAction","target":["https:\/\/laprensacristiana.com\/?p=17284"]}]},{"@type":"BreadcrumbList","@id":"https:\/\/laprensacristiana.com\/?p=17284#breadcrumb","itemListElement":[{"@type":"ListItem","position":1,"name":"Portada","item":"https:\/\/laprensacristiana.com\/"},{"@type":"ListItem","position":2,"name":"Misi\u00f3n Cristiana Internacional Peniel realiza por segundo a\u00f1o consecutivo \u00abFeria Familiar\u201d dirigida a comunidades en Santa Tecla."}]},{"@type":"WebSite","@id":"https:\/\/laprensacristiana.com\/#website","url":"https:\/\/laprensacristiana.com\/","name":"La Prensa Cristiana","description":"Anunciando Las Buenas Nuevas","potentialAction":[{"@type":"SearchAction","target":{"@type":"EntryPoint","urlTemplate":"https:\/\/laprensacristiana.com\/?s={search_term_string}"},"query-input":"required name=search_term_string"}],"inLanguage":"es"},{"@type":"Person","@id":"https:\/\/laprensacristiana.com\/#\/schema\/person\/3e7d82c6bfd6b1fa67010f8f7cd5256e","name":"EDITOR","image":{"@type":"ImageObject","inLanguage":"es","@id":"https:\/\/laprensacristiana.com\/#\/schema\/person\/image\/","url":"https:\/\/secure.gravatar.com\/avatar\/72069dfb6c13772d9e8381e3638666d2?s=96&d=mm&r=g","contentUrl":"https:\/\/secure.gravatar.com\/avatar\/72069dfb6c13772d9e8381e3638666d2?s=96&d=mm&r=g","caption":"EDITOR"},"url":"https:\/\/laprensacristiana.com\/?author=3"}]}},"_links":{"self":[{"href":"https:\/\/laprensacristiana.com\/index.php?rest_route=\/wp\/v2\/posts\/17284"}],"collection":[{"href":"https:\/\/laprensacristiana.com\/index.php?rest_route=\/wp\/v2\/posts"}],"about":[{"href":"https:\/\/laprensacristiana.com\/index.php?rest_route=\/wp\/v2\/types\/post"}],"author":[{"embeddable":true,"href":"https:\/\/laprensacristiana.com\/index.php?rest_route=\/wp\/v2\/users\/3"}],"replies":[{"embeddable":true,"href":"https:\/\/laprensacristiana.com\/index.php?rest_route=%2Fwp%2Fv2%2Fcomments&post=17284"}],"version-history":[{"count":2,"href":"https:\/\/laprensacristiana.com\/index.php?rest_route=\/wp\/v2\/posts\/17284\/revisions"}],"predecessor-version":[{"id":17290,"href":"https:\/\/laprensacristiana.com\/index.php?rest_route=\/wp\/v2\/posts\/17284\/revisions\/17290"}],"wp:featuredmedia":[{"embeddable":true,"href":"https:\/\/laprensacristiana.com\/index.php?rest_route=\/wp\/v2\/media\/17285"}],"wp:attachment":[{"href":"https:\/\/laprensacristiana.com\/index.php?rest_route=%2Fwp%2Fv2%2Fmedia&parent=17284"}],"wp:term":[{"taxonomy":"category","embeddable":true,"href":"https:\/\/laprensacristiana.com\/index.php?rest_route=%2Fwp%2Fv2%2Fcategories&post=17284"},{"taxonomy":"post_tag","embeddable":true,"href":"https:\/\/laprensacristiana.com\/index.php?rest_route=%2Fwp%2Fv2%2Ftags&post=17284"}],"curies":[{"name":"wp","href":"https:\/\/api.w.org\/{rel}","templated":true}]}}