{"id":17291,"date":"2024-06-04T22:42:36","date_gmt":"2024-06-04T22:42:36","guid":{"rendered":"https:\/\/laprensacristiana.com\/?p=17291"},"modified":"2024-06-04T22:42:37","modified_gmt":"2024-06-04T22:42:37","slug":"congreso-adoradores-facilitador-de-oportunidades-y-herramientas-para-capacitar-a-las-nuevas-generaciones-de-servidores-de-dios","status":"publish","type":"post","link":"https:\/\/laprensacristiana.com\/?p=17291","title":{"rendered":"Congreso AdoradorES, facilitador de oportunidades y herramientas para capacitar a las nuevas generaciones de servidores de Dios. \u00a0"},"content":{"rendered":"\n<p>Por: Edwin G\u00f3ngora <\/p>\n\n\n\n<p>Existe una reconocida frase&nbsp; adjudicada&nbsp; a la Madre Teresa de Calcuta que dice: \u201cEl que no vive para servir, no sirve para vivir\u201d.&nbsp;<\/p>\n\n\n\n<p>El mensaje entregado en estas palabras apuntan que desempe\u00f1arse como servidor es vivir experimentando el amor de una manera extraordinaria cuando pensamos o estamos atentos a las necesidades de otros, escuchamos, consolamos y brindamos nuestro apoyo a quien atraviese una desgracia. &nbsp;<\/p>\n\n\n\n<p>Pero el vivir para servir, se convierte en una \u201cadoraci\u00f3n\u201d y la adoraci\u00f3n es una entrega, entrega a quien nos salv\u00f3 y transform\u00f3 nuestra vida para ir y dar testimonio que lo hecho en mi y varias personas m\u00e1s, tambi\u00e9n puede hacerlo en usted.<\/p>\n\n\n\n<figure class=\"wp-block-image size-large\"><img decoding=\"async\" loading=\"lazy\" width=\"1018\" height=\"1024\" src=\"https:\/\/laprensacristiana.com\/wp-content\/uploads\/2024\/06\/WhatsApp-Image-2024-06-04-at-4.21.28-PM-2-1018x1024.jpeg\" alt=\"\" class=\"wp-image-17293\" srcset=\"https:\/\/laprensacristiana.com\/wp-content\/uploads\/2024\/06\/WhatsApp-Image-2024-06-04-at-4.21.28-PM-2-1018x1024.jpeg 1018w, https:\/\/laprensacristiana.com\/wp-content\/uploads\/2024\/06\/WhatsApp-Image-2024-06-04-at-4.21.28-PM-2-298x300.jpeg 298w, https:\/\/laprensacristiana.com\/wp-content\/uploads\/2024\/06\/WhatsApp-Image-2024-06-04-at-4.21.28-PM-2-150x150.jpeg 150w, https:\/\/laprensacristiana.com\/wp-content\/uploads\/2024\/06\/WhatsApp-Image-2024-06-04-at-4.21.28-PM-2-768x772.jpeg 768w, https:\/\/laprensacristiana.com\/wp-content\/uploads\/2024\/06\/WhatsApp-Image-2024-06-04-at-4.21.28-PM-2-696x700.jpeg 696w, https:\/\/laprensacristiana.com\/wp-content\/uploads\/2024\/06\/WhatsApp-Image-2024-06-04-at-4.21.28-PM-2-1068x1074.jpeg 1068w, https:\/\/laprensacristiana.com\/wp-content\/uploads\/2024\/06\/WhatsApp-Image-2024-06-04-at-4.21.28-PM-2-600x603.jpeg 600w, https:\/\/laprensacristiana.com\/wp-content\/uploads\/2024\/06\/WhatsApp-Image-2024-06-04-at-4.21.28-PM-2-100x100.jpeg 100w, https:\/\/laprensacristiana.com\/wp-content\/uploads\/2024\/06\/WhatsApp-Image-2024-06-04-at-4.21.28-PM-2.jpeg 1074w\" sizes=\"(max-width: 1018px) 100vw, 1018px\" \/><\/figure>\n\n\n\n<p>En el dos mil nueve, Dios pone en el coraz\u00f3n de varios j\u00f3venes conformar los Ministerios \u2018Essencial\u201d y de ah\u00ed&nbsp; el Congreso AdoradoES. Ministerios conformados por un conjunto de personas y l\u00edderes de diferentes iglesias y denominaciones.<\/p>\n\n\n\n<p>Alex P\u00e9rez es uno de sus fundadores y asegura: \u201cDios nos dio esto para edificar disc\u00edpulos, tomando en cuenta que hay muchas necesidades en el cuerpo de Cristo\u201d. &nbsp;<\/p>\n\n\n\n<p>Explica que los congresos iniciaron de lleno en el dos mil doce, buscando ser una herramienta para las iglesias y poder capacitar y desarrollar sus l\u00edderes, as\u00ed como a la gente interesada.<\/p>\n\n\n\n<p>\u201cNuestro objetivo ha sido crear una oportunidad\u00a0 para capacitar, edificar, ministrar y conectar a la generaci\u00f3n de \u201cadoradores\u201d de El Salvador. Entendiendo que adoradores no solo se trata de m\u00fasicos, sino de todos aquellos que est\u00e1n desarrollando una \u00e1rea de servicio. Es decir, que involucren otras habilidades no \u00fanicamente la m\u00fasica\u201d. Se\u00f1ala Alex.<\/p>\n\n\n\n<figure class=\"wp-block-image size-large\"><img decoding=\"async\" loading=\"lazy\" width=\"1024\" height=\"1024\" src=\"https:\/\/laprensacristiana.com\/wp-content\/uploads\/2024\/06\/WhatsApp-Image-2024-06-04-at-4.21.29-PM-1024x1024.jpeg\" alt=\"\" class=\"wp-image-17294\" srcset=\"https:\/\/laprensacristiana.com\/wp-content\/uploads\/2024\/06\/WhatsApp-Image-2024-06-04-at-4.21.29-PM-1024x1024.jpeg 1024w, https:\/\/laprensacristiana.com\/wp-content\/uploads\/2024\/06\/WhatsApp-Image-2024-06-04-at-4.21.29-PM-300x300.jpeg 300w, https:\/\/laprensacristiana.com\/wp-content\/uploads\/2024\/06\/WhatsApp-Image-2024-06-04-at-4.21.29-PM-150x150.jpeg 150w, https:\/\/laprensacristiana.com\/wp-content\/uploads\/2024\/06\/WhatsApp-Image-2024-06-04-at-4.21.29-PM-768x768.jpeg 768w, https:\/\/laprensacristiana.com\/wp-content\/uploads\/2024\/06\/WhatsApp-Image-2024-06-04-at-4.21.29-PM-696x696.jpeg 696w, https:\/\/laprensacristiana.com\/wp-content\/uploads\/2024\/06\/WhatsApp-Image-2024-06-04-at-4.21.29-PM-1068x1068.jpeg 1068w, https:\/\/laprensacristiana.com\/wp-content\/uploads\/2024\/06\/WhatsApp-Image-2024-06-04-at-4.21.29-PM-600x600.jpeg 600w, https:\/\/laprensacristiana.com\/wp-content\/uploads\/2024\/06\/WhatsApp-Image-2024-06-04-at-4.21.29-PM-100x100.jpeg 100w, https:\/\/laprensacristiana.com\/wp-content\/uploads\/2024\/06\/WhatsApp-Image-2024-06-04-at-4.21.29-PM.jpeg 1080w\" sizes=\"(max-width: 1024px) 100vw, 1024px\" \/><\/figure>\n\n\n\n<p>Alex tiene claro lo que dice Marcos 16:15 \u201cId por todo el mundo y predicad el evangelio a toda criatura\u201d y es esta palabra que fundamenta su labor.<\/p>\n\n\n\n<p>\u201cEl poder discipular lo vemos como el brazo o m\u00fasculo que la iglesia debe de ejercitar, formando disc\u00edpulos\u201d. Es bajo esta direcci\u00f3n destaca\u00a0que desarrollan los congresos.<\/p>\n\n\n\n<p>Agrega adem\u00e1s que los invitados a cada congreso deben de ser personas que tengan influencia, experiencia y un testimonio de servicio. &nbsp;&nbsp;&nbsp;<\/p>\n\n\n\n<p>Consulte a Alex \u00bfc\u00f3mo han podido medir resultados despu\u00e9s de doce a\u00f1os de haber iniciado este proyecto y a donde podemos ver a esos l\u00edderes que han sido formados?<\/p>\n\n\n\n<p>Esta fue su respuesta:<\/p>\n\n\n\n<p>\u201cDios ha sido bueno y nos ha permitido ver desarrollar l\u00edderes influyentes en esta generaci\u00f3n. Vemos a l\u00edderes que han estado caminando con nosotros todos estos a\u00f1os y que hora lideran ministerios, medios de comunicaci\u00f3n y movimientos que Dios est\u00e1 usando\u201d.<\/p>\n\n\n\n<p>Asegura que sus egresados manejan en sus iglesias ambientes saludables con relaci\u00f3n a su liderazgo y contin\u00faan aun capacit\u00e1ndose &nbsp;&nbsp;<\/p>\n\n\n\n<p>\u201cEste es el fruto que dan los l\u00edderes que han estado caminando con nosotros\u201d, menciona muy agrado Alex durante la pl\u00e1tica.<\/p>\n\n\n\n<p>Menciona adem\u00e1s que toda esta labor lo que ven en funci\u00f3n de una \u201cconexi\u00f3n\u201d que se abri\u00f3 gracias a Dios con diferentes ministerios internacionales que mostraron en sumarse a este esfuerzo.<\/p>\n\n\n\n<figure class=\"wp-block-image size-large\"><img decoding=\"async\" loading=\"lazy\" width=\"1018\" height=\"1024\" src=\"https:\/\/laprensacristiana.com\/wp-content\/uploads\/2024\/06\/WhatsApp-Image-2024-06-04-at-4.21.28-PM-1018x1024.jpeg\" alt=\"\" class=\"wp-image-17295\" srcset=\"https:\/\/laprensacristiana.com\/wp-content\/uploads\/2024\/06\/WhatsApp-Image-2024-06-04-at-4.21.28-PM-1018x1024.jpeg 1018w, https:\/\/laprensacristiana.com\/wp-content\/uploads\/2024\/06\/WhatsApp-Image-2024-06-04-at-4.21.28-PM-298x300.jpeg 298w, https:\/\/laprensacristiana.com\/wp-content\/uploads\/2024\/06\/WhatsApp-Image-2024-06-04-at-4.21.28-PM-150x150.jpeg 150w, https:\/\/laprensacristiana.com\/wp-content\/uploads\/2024\/06\/WhatsApp-Image-2024-06-04-at-4.21.28-PM-768x772.jpeg 768w, https:\/\/laprensacristiana.com\/wp-content\/uploads\/2024\/06\/WhatsApp-Image-2024-06-04-at-4.21.28-PM-696x700.jpeg 696w, https:\/\/laprensacristiana.com\/wp-content\/uploads\/2024\/06\/WhatsApp-Image-2024-06-04-at-4.21.28-PM-1068x1074.jpeg 1068w, https:\/\/laprensacristiana.com\/wp-content\/uploads\/2024\/06\/WhatsApp-Image-2024-06-04-at-4.21.28-PM-600x603.jpeg 600w, https:\/\/laprensacristiana.com\/wp-content\/uploads\/2024\/06\/WhatsApp-Image-2024-06-04-at-4.21.28-PM-100x100.jpeg 100w, https:\/\/laprensacristiana.com\/wp-content\/uploads\/2024\/06\/WhatsApp-Image-2024-06-04-at-4.21.28-PM.jpeg 1074w\" sizes=\"(max-width: 1018px) 100vw, 1018px\" \/><\/figure>\n\n\n\n<p>Entre los que menciono Iglesia Elim, Compassion Internacional y Universidad Evang\u00e9lica de El Salvador<\/p>\n\n\n\n<p>Alex asegura que la intenci\u00f3n de ser bendici\u00f3n para todos es tambi\u00e9n una de sus directrices ya que hay mucho que hacer en la iglesia y en nuestro pa\u00eds &nbsp;capacitando y desarrollando el liderazgo.<\/p>\n\n\n\n<p>\u201cTenemos muchas razones para agradecer a nuestro Dios, por el privilegio de servir a esta generaci\u00f3n a trav\u00e9s de los Congreso AdoradorES &nbsp;y dar nuestro aporte para el desarrollo de las capacidades y crecimiento\u201d. &nbsp;<\/p>\n\n\n\n<p>\u201cvivimos para servir\u201d.<\/p>\n","protected":false},"excerpt":{"rendered":"<p>Por: Edwin G\u00f3ngora Existe una reconocida frase&nbsp; adjudicada&nbsp; a la Madre Teresa de Calcuta que dice: \u201cEl que no vive para servir, no sirve para vivir\u201d.&nbsp; El mensaje entregado en estas palabras apuntan que desempe\u00f1arse como servidor es vivir experimentando el amor de una manera extraordinaria cuando pensamos o estamos atentos a las necesidades de [&hellip;]<\/p>\n","protected":false},"author":3,"featured_media":17292,"comment_status":"open","ping_status":"open","sticky":false,"template":"","format":"standard","meta":[],"categories":[56],"tags":[],"yoast_head":"<!-- This site is optimized with the Yoast SEO plugin v20.8 - https:\/\/yoast.com\/wordpress\/plugins\/seo\/ -->\n<title>Congreso AdoradorES, facilitador de oportunidades y herramientas para capacitar a las nuevas generaciones de servidores de Dios. \u00a0 - La Prensa Cristiana<\/title>\n<meta name=\"robots\" content=\"index, follow, max-snippet:-1, max-image-preview:large, max-video-preview:-1\" \/>\n<link rel=\"canonical\" href=\"https:\/\/laprensacristiana.com\/?p=17291\" \/>\n<meta property=\"og:locale\" content=\"es_ES\" \/>\n<meta property=\"og:type\" content=\"article\" \/>\n<meta property=\"og:title\" content=\"Congreso AdoradorES, facilitador de oportunidades y herramientas para capacitar a las nuevas generaciones de servidores de Dios. \u00a0 - La Prensa Cristiana\" \/>\n<meta property=\"og:description\" content=\"Por: Edwin G\u00f3ngora Existe una reconocida frase&nbsp; adjudicada&nbsp; a la Madre Teresa de Calcuta que dice: \u201cEl que no vive para servir, no sirve para vivir\u201d.&nbsp; El mensaje entregado en estas palabras apuntan que desempe\u00f1arse como servidor es vivir experimentando el amor de una manera extraordinaria cuando pensamos o estamos atentos a las necesidades de [&hellip;]\" \/>\n<meta property=\"og:url\" content=\"https:\/\/laprensacristiana.com\/?p=17291\" \/>\n<meta property=\"og:site_name\" content=\"La Prensa Cristiana\" \/>\n<meta property=\"article:published_time\" content=\"2024-06-04T22:42:36+00:00\" \/>\n<meta property=\"article:modified_time\" content=\"2024-06-04T22:42:37+00:00\" \/>\n<meta property=\"og:image\" content=\"https:\/\/laprensacristiana.com\/wp-content\/uploads\/2024\/06\/WhatsApp-Image-2024-06-04-at-4.21.28-PM-1.jpeg\" \/>\n\t<meta property=\"og:image:width\" content=\"1078\" \/>\n\t<meta property=\"og:image:height\" content=\"1112\" \/>\n\t<meta property=\"og:image:type\" content=\"image\/jpeg\" \/>\n<meta name=\"author\" content=\"EDITOR\" \/>\n<meta name=\"twitter:card\" content=\"summary_large_image\" \/>\n<meta name=\"twitter:label1\" content=\"Escrito por\" \/>\n\t<meta name=\"twitter:data1\" content=\"EDITOR\" \/>\n\t<meta name=\"twitter:label2\" content=\"Tiempo de lectura\" \/>\n\t<meta name=\"twitter:data2\" content=\"4 minutos\" \/>\n<script type=\"application\/ld+json\" class=\"yoast-schema-graph\">{\"@context\":\"https:\/\/schema.org\",\"@graph\":[{\"@type\":\"WebPage\",\"@id\":\"https:\/\/laprensacristiana.com\/?p=17291\",\"url\":\"https:\/\/laprensacristiana.com\/?p=17291\",\"name\":\"Congreso AdoradorES, facilitador de oportunidades y herramientas para capacitar a las nuevas generaciones de servidores de Dios. \u00a0 - La Prensa Cristiana\",\"isPartOf\":{\"@id\":\"https:\/\/laprensacristiana.com\/#website\"},\"datePublished\":\"2024-06-04T22:42:36+00:00\",\"dateModified\":\"2024-06-04T22:42:37+00:00\",\"author\":{\"@id\":\"https:\/\/laprensacristiana.com\/#\/schema\/person\/3e7d82c6bfd6b1fa67010f8f7cd5256e\"},\"breadcrumb\":{\"@id\":\"https:\/\/laprensacristiana.com\/?p=17291#breadcrumb\"},\"inLanguage\":\"es\",\"potentialAction\":[{\"@type\":\"ReadAction\",\"target\":[\"https:\/\/laprensacristiana.com\/?p=17291\"]}]},{\"@type\":\"BreadcrumbList\",\"@id\":\"https:\/\/laprensacristiana.com\/?p=17291#breadcrumb\",\"itemListElement\":[{\"@type\":\"ListItem\",\"position\":1,\"name\":\"Portada\",\"item\":\"https:\/\/laprensacristiana.com\/\"},{\"@type\":\"ListItem\",\"position\":2,\"name\":\"Congreso AdoradorES, facilitador de oportunidades y herramientas para capacitar a las nuevas generaciones de servidores de Dios. \u00a0\"}]},{\"@type\":\"WebSite\",\"@id\":\"https:\/\/laprensacristiana.com\/#website\",\"url\":\"https:\/\/laprensacristiana.com\/\",\"name\":\"La Prensa Cristiana\",\"description\":\"Anunciando Las Buenas Nuevas\",\"potentialAction\":[{\"@type\":\"SearchAction\",\"target\":{\"@type\":\"EntryPoint\",\"urlTemplate\":\"https:\/\/laprensacristiana.com\/?s={search_term_string}\"},\"query-input\":\"required name=search_term_string\"}],\"inLanguage\":\"es\"},{\"@type\":\"Person\",\"@id\":\"https:\/\/laprensacristiana.com\/#\/schema\/person\/3e7d82c6bfd6b1fa67010f8f7cd5256e\",\"name\":\"EDITOR\",\"image\":{\"@type\":\"ImageObject\",\"inLanguage\":\"es\",\"@id\":\"https:\/\/laprensacristiana.com\/#\/schema\/person\/image\/\",\"url\":\"https:\/\/secure.gravatar.com\/avatar\/72069dfb6c13772d9e8381e3638666d2?s=96&d=mm&r=g\",\"contentUrl\":\"https:\/\/secure.gravatar.com\/avatar\/72069dfb6c13772d9e8381e3638666d2?s=96&d=mm&r=g\",\"caption\":\"EDITOR\"},\"url\":\"https:\/\/laprensacristiana.com\/?author=3\"}]}<\/script>\n<!-- \/ Yoast SEO plugin. -->","yoast_head_json":{"title":"Congreso AdoradorES, facilitador de oportunidades y herramientas para capacitar a las nuevas generaciones de servidores de Dios. \u00a0 - La Prensa Cristiana","robots":{"index":"index","follow":"follow","max-snippet":"max-snippet:-1","max-image-preview":"max-image-preview:large","max-video-preview":"max-video-preview:-1"},"canonical":"https:\/\/laprensacristiana.com\/?p=17291","og_locale":"es_ES","og_type":"article","og_title":"Congreso AdoradorES, facilitador de oportunidades y herramientas para capacitar a las nuevas generaciones de servidores de Dios. \u00a0 - La Prensa Cristiana","og_description":"Por: Edwin G\u00f3ngora Existe una reconocida frase&nbsp; adjudicada&nbsp; a la Madre Teresa de Calcuta que dice: \u201cEl que no vive para servir, no sirve para vivir\u201d.&nbsp; El mensaje entregado en estas palabras apuntan que desempe\u00f1arse como servidor es vivir experimentando el amor de una manera extraordinaria cuando pensamos o estamos atentos a las necesidades de [&hellip;]","og_url":"https:\/\/laprensacristiana.com\/?p=17291","og_site_name":"La Prensa Cristiana","article_published_time":"2024-06-04T22:42:36+00:00","article_modified_time":"2024-06-04T22:42:37+00:00","og_image":[{"width":1078,"height":1112,"url":"https:\/\/laprensacristiana.com\/wp-content\/uploads\/2024\/06\/WhatsApp-Image-2024-06-04-at-4.21.28-PM-1.jpeg","type":"image\/jpeg"}],"author":"EDITOR","twitter_card":"summary_large_image","twitter_misc":{"Escrito por":"EDITOR","Tiempo de lectura":"4 minutos"},"schema":{"@context":"https:\/\/schema.org","@graph":[{"@type":"WebPage","@id":"https:\/\/laprensacristiana.com\/?p=17291","url":"https:\/\/laprensacristiana.com\/?p=17291","name":"Congreso AdoradorES, facilitador de oportunidades y herramientas para capacitar a las nuevas generaciones de servidores de Dios. \u00a0 - La Prensa Cristiana","isPartOf":{"@id":"https:\/\/laprensacristiana.com\/#website"},"datePublished":"2024-06-04T22:42:36+00:00","dateModified":"2024-06-04T22:42:37+00:00","author":{"@id":"https:\/\/laprensacristiana.com\/#\/schema\/person\/3e7d82c6bfd6b1fa67010f8f7cd5256e"},"breadcrumb":{"@id":"https:\/\/laprensacristiana.com\/?p=17291#breadcrumb"},"inLanguage":"es","potentialAction":[{"@type":"ReadAction","target":["https:\/\/laprensacristiana.com\/?p=17291"]}]},{"@type":"BreadcrumbList","@id":"https:\/\/laprensacristiana.com\/?p=17291#breadcrumb","itemListElement":[{"@type":"ListItem","position":1,"name":"Portada","item":"https:\/\/laprensacristiana.com\/"},{"@type":"ListItem","position":2,"name":"Congreso AdoradorES, facilitador de oportunidades y herramientas para capacitar a las nuevas generaciones de servidores de Dios. \u00a0"}]},{"@type":"WebSite","@id":"https:\/\/laprensacristiana.com\/#website","url":"https:\/\/laprensacristiana.com\/","name":"La Prensa Cristiana","description":"Anunciando Las Buenas Nuevas","potentialAction":[{"@type":"SearchAction","target":{"@type":"EntryPoint","urlTemplate":"https:\/\/laprensacristiana.com\/?s={search_term_string}"},"query-input":"required name=search_term_string"}],"inLanguage":"es"},{"@type":"Person","@id":"https:\/\/laprensacristiana.com\/#\/schema\/person\/3e7d82c6bfd6b1fa67010f8f7cd5256e","name":"EDITOR","image":{"@type":"ImageObject","inLanguage":"es","@id":"https:\/\/laprensacristiana.com\/#\/schema\/person\/image\/","url":"https:\/\/secure.gravatar.com\/avatar\/72069dfb6c13772d9e8381e3638666d2?s=96&d=mm&r=g","contentUrl":"https:\/\/secure.gravatar.com\/avatar\/72069dfb6c13772d9e8381e3638666d2?s=96&d=mm&r=g","caption":"EDITOR"},"url":"https:\/\/laprensacristiana.com\/?author=3"}]}},"_links":{"self":[{"href":"https:\/\/laprensacristiana.com\/index.php?rest_route=\/wp\/v2\/posts\/17291"}],"collection":[{"href":"https:\/\/laprensacristiana.com\/index.php?rest_route=\/wp\/v2\/posts"}],"about":[{"href":"https:\/\/laprensacristiana.com\/index.php?rest_route=\/wp\/v2\/types\/post"}],"author":[{"embeddable":true,"href":"https:\/\/laprensacristiana.com\/index.php?rest_route=\/wp\/v2\/users\/3"}],"replies":[{"embeddable":true,"href":"https:\/\/laprensacristiana.com\/index.php?rest_route=%2Fwp%2Fv2%2Fcomments&post=17291"}],"version-history":[{"count":1,"href":"https:\/\/laprensacristiana.com\/index.php?rest_route=\/wp\/v2\/posts\/17291\/revisions"}],"predecessor-version":[{"id":17296,"href":"https:\/\/laprensacristiana.com\/index.php?rest_route=\/wp\/v2\/posts\/17291\/revisions\/17296"}],"wp:featuredmedia":[{"embeddable":true,"href":"https:\/\/laprensacristiana.com\/index.php?rest_route=\/wp\/v2\/media\/17292"}],"wp:attachment":[{"href":"https:\/\/laprensacristiana.com\/index.php?rest_route=%2Fwp%2Fv2%2Fmedia&parent=17291"}],"wp:term":[{"taxonomy":"category","embeddable":true,"href":"https:\/\/laprensacristiana.com\/index.php?rest_route=%2Fwp%2Fv2%2Fcategories&post=17291"},{"taxonomy":"post_tag","embeddable":true,"href":"https:\/\/laprensacristiana.com\/index.php?rest_route=%2Fwp%2Fv2%2Ftags&post=17291"}],"curies":[{"name":"wp","href":"https:\/\/api.w.org\/{rel}","templated":true}]}}