{"id":17308,"date":"2024-06-08T16:21:06","date_gmt":"2024-06-08T16:21:06","guid":{"rendered":"https:\/\/laprensacristiana.com\/?p=17308"},"modified":"2024-06-08T16:31:46","modified_gmt":"2024-06-08T16:31:46","slug":"escogidos-la-nueva-cancion-de-iddo","status":"publish","type":"post","link":"https:\/\/laprensacristiana.com\/?p=17308","title":{"rendered":"\u00a0\u00a0\u00a0ESCOGIDOS, la nueva canci\u00f3n de IDDO."},"content":{"rendered":"\n<p>Por: Edwin G\u00f3ngora<\/p>\n\n\n\n<p>Se trata de la primera canci\u00f3n de un EP que llevar\u00e1 el nombre de esta producci\u00f3n, ESCOGIDOS, la cual a partir de este s\u00e1bado ya est\u00e1 disponible en las diferentes plataformas.<\/p>\n\n\n\n<p>Fher Castillo vocalista del grupo, comparti\u00f3 con La Prensa Cristiana detalles de esta nueva producci\u00f3n, de c\u00f3mo surge su contenido y donde grabaron el video.<\/p>\n\n\n\n<p>En la pl\u00e1tica Fher nos cuenta como desde antes de componer esta alabanza formalmente Dios les dio un hermoso escenario para escribirla, al ser invitado a una iglesia donde conoce a un joven que enfrentaba una fuerte situaci\u00f3n. \u00a0\u00a0\u00a0<\/p>\n\n\n\n<p>Les invito a que nos premien con su lectura y nos acompa\u00f1en a conocer como esta nueva producci\u00f3n surge, adem\u00e1s a declarar desde ya que ser\u00e1 de mucha bendici\u00f3n para quienes la escuchen. \u00a0<\/p>\n\n\n\n<p><strong>Una nueva producci\u00f3n sale a la luz, \u00bfque nos puede hablar de esta bendici\u00f3n que Dios te da por medio de la m\u00fasica?<\/strong><\/p>\n\n\n\n<p>Contentos, sabemos que con esto Dios cumple su prop\u00f3sito a trav\u00e9s de la m\u00fasica, ya que si bien todos hemos sido llamados a llevar el evangelio, a nosotros se nos ha dado el privilegio de hacerlo por medio de la m\u00fasica.&nbsp;<\/p>\n\n\n\n<p>Es algo que nos apasiona, que nos gusta tanto poder llevar el mensaje de Dios, es como un privilegio y regalo.<\/p>\n\n\n\n<p>Esta canci\u00f3n son oraciones, son mensajes, son vivencias. Es una canci\u00f3n de cosas que nos han pasado, nadie nos las ha contado, no son testimonios de nadie m\u00e1s y la presentamos hecha canci\u00f3n, nos emociona mucho.<\/p>\n\n\n\n<figure class=\"wp-block-image size-large\"><img decoding=\"async\" loading=\"lazy\" width=\"1024\" height=\"1024\" src=\"https:\/\/laprensacristiana.com\/wp-content\/uploads\/2024\/06\/WhatsApp-Image-2024-06-05-at-9.03.14-AM-1-1024x1024.jpeg\" alt=\"\" class=\"wp-image-17310\" srcset=\"https:\/\/laprensacristiana.com\/wp-content\/uploads\/2024\/06\/WhatsApp-Image-2024-06-05-at-9.03.14-AM-1-1024x1024.jpeg 1024w, https:\/\/laprensacristiana.com\/wp-content\/uploads\/2024\/06\/WhatsApp-Image-2024-06-05-at-9.03.14-AM-1-300x300.jpeg 300w, https:\/\/laprensacristiana.com\/wp-content\/uploads\/2024\/06\/WhatsApp-Image-2024-06-05-at-9.03.14-AM-1-150x150.jpeg 150w, https:\/\/laprensacristiana.com\/wp-content\/uploads\/2024\/06\/WhatsApp-Image-2024-06-05-at-9.03.14-AM-1-768x768.jpeg 768w, https:\/\/laprensacristiana.com\/wp-content\/uploads\/2024\/06\/WhatsApp-Image-2024-06-05-at-9.03.14-AM-1-696x696.jpeg 696w, https:\/\/laprensacristiana.com\/wp-content\/uploads\/2024\/06\/WhatsApp-Image-2024-06-05-at-9.03.14-AM-1-1068x1068.jpeg 1068w, https:\/\/laprensacristiana.com\/wp-content\/uploads\/2024\/06\/WhatsApp-Image-2024-06-05-at-9.03.14-AM-1-600x600.jpeg 600w, https:\/\/laprensacristiana.com\/wp-content\/uploads\/2024\/06\/WhatsApp-Image-2024-06-05-at-9.03.14-AM-1-100x100.jpeg 100w, https:\/\/laprensacristiana.com\/wp-content\/uploads\/2024\/06\/WhatsApp-Image-2024-06-05-at-9.03.14-AM-1.jpeg 1500w\" sizes=\"(max-width: 1024px) 100vw, 1024px\" \/><\/figure>\n\n\n\n<p><strong>Si bien son vivencias y experiencias hechas canciones, \u00bfqu\u00e9 parte de la palabra se acopla o dices hace clic mi experiencia con alg\u00fan pasaje o historia de la Biblia?<\/strong><\/p>\n\n\n\n<p>La Biblia dice que hemos sido predestinados. Dice que hemos sido escogidos y esta canci\u00f3n de hecho se llama as\u00ed, ESCOGIDOS.<\/p>\n\n\n\n<p>En Efesios 1: 4 dice: \u201cas\u00ed como por \u00e9l mismo nos escogi\u00f3 antes de la creaci\u00f3n del mundo, para ser santos y sin mancha en su presencia, por la caridad\u201d.&nbsp; A&nbsp; m\u00ed me gusto eso y lo quisimos plasmar. Sin embargo, a la base de todo esto se da una historia que la comparto con mucho gusto con sus lectores.<\/p>\n\n\n\n<p>Me invitaron a cantar a una iglesia y hab\u00edan como trescientos cincuenta j\u00f3venes, pero entre todos ellos hab\u00eda uno que yo lo ve\u00eda en varias ocasiones durante el evento.<\/p>\n\n\n\n<p>Era como una insistencia de parte de Dios a esa persona, pero yo no sab\u00eda que decirle, ni sent\u00eda algo que le pod\u00eda manifestar.<\/p>\n\n\n\n<p>Termino el evento, ya me iba cuando entre todos los que sal\u00edan de la iglesia, sal\u00eda tambi\u00e9n ese joven y algo me dec\u00eda que deb\u00eda ir a buscarlo.<\/p>\n\n\n\n<p>Me acerque a \u00e9l y le dije \u201cmira no s\u00e9 porque he estado pendiente de vos durante el concierto y quisiera orar por vos, para saber lo que Dios quiere decirte\u201d.&nbsp; &nbsp;&nbsp;&nbsp;<\/p>\n\n\n\n<p>&nbsp;El joven accedi\u00f3 y empec\u00e9 a orar. Durante la oraci\u00f3n Dios le hablo mucho acerca del amor, que lo amaba mucho.&nbsp; Pero de repente una vos &nbsp;me dijo \u201cdile que tiene que dejar el homosexualismo\u201d.&nbsp; Cuando recib\u00ed esa palabra dude por un momento compart\u00edrsela porque lo \u00fanico que pens\u00e9, este chamaco me golpeara al decirlo esto.<\/p>\n\n\n\n<p>Lo pens\u00e9 por varios segundos mientras segu\u00eda orando. Pens\u00e9 tambi\u00e9n, bueno lo hare por obediencia. Aunque no lo niego, tenia cierto temor, sin embargo estaba m\u00e1s seguro de que la voz que hab\u00eda escharchado era la de Dios y se lo dije.<\/p>\n\n\n\n<p>La reacci\u00f3n de joven fue \u201cquien te dijo, quien te mando\u201d.&nbsp; Nadie me dijo nada le explique. Pero al confirmarme la palabra yo lo abrase y conversamos.<\/p>\n\n\n\n<p>Esta experiencia me dejo claro que Dios antes de ver nuestro pecado o de lo que est\u00e1 mal en nosotros, antes de esto \u00e9l nos ama.&nbsp; Y eso fue una lecci\u00f3n para m\u00ed porque muchas veces los cristianos nos autocastigamos demasiado somos muy duros con nosotros mismos, vemos a Dios tan lejos.<\/p>\n\n\n\n<p>Escuchamos que debemos dejar el pecado y creemos que solo el pastor est\u00e1 cerca y pegado a Dios y nos hacen sentir que estamos muy&nbsp; lejanos de su presencia, cuando no es as\u00ed.<\/p>\n\n\n\n<p>Ese d\u00eda yo aprend\u00ed que Dios antes de corregir nuestros pecados \u00e9l nos ama, y ese joven lloro y lloro tanto que me dijo algo que me termino de impactar. \u201cSabes, yo le dije a Dios, esta es tu \u00faltima oportunidad voy a ir a la iglesia y si no me hablas yo me mato\u201d.&nbsp;&nbsp;<\/p>\n\n\n\n<p>El joven era parte de una familia donde sus padres son pastores y genero un fuerte conflicto entre ellos.<\/p>\n\n\n\n<figure class=\"wp-block-image size-large\"><img decoding=\"async\" loading=\"lazy\" width=\"1024\" height=\"683\" src=\"https:\/\/laprensacristiana.com\/wp-content\/uploads\/2024\/06\/WhatsApp-Image-2024-06-05-at-9.03.14-AM-1024x683.jpeg\" alt=\"\" class=\"wp-image-17311\" srcset=\"https:\/\/laprensacristiana.com\/wp-content\/uploads\/2024\/06\/WhatsApp-Image-2024-06-05-at-9.03.14-AM-1024x683.jpeg 1024w, https:\/\/laprensacristiana.com\/wp-content\/uploads\/2024\/06\/WhatsApp-Image-2024-06-05-at-9.03.14-AM-300x200.jpeg 300w, https:\/\/laprensacristiana.com\/wp-content\/uploads\/2024\/06\/WhatsApp-Image-2024-06-05-at-9.03.14-AM-768x512.jpeg 768w, https:\/\/laprensacristiana.com\/wp-content\/uploads\/2024\/06\/WhatsApp-Image-2024-06-05-at-9.03.14-AM-696x464.jpeg 696w, https:\/\/laprensacristiana.com\/wp-content\/uploads\/2024\/06\/WhatsApp-Image-2024-06-05-at-9.03.14-AM-1068x712.jpeg 1068w, https:\/\/laprensacristiana.com\/wp-content\/uploads\/2024\/06\/WhatsApp-Image-2024-06-05-at-9.03.14-AM-600x400.jpeg 600w, https:\/\/laprensacristiana.com\/wp-content\/uploads\/2024\/06\/WhatsApp-Image-2024-06-05-at-9.03.14-AM.jpeg 1512w\" sizes=\"(max-width: 1024px) 100vw, 1024px\" \/><\/figure>\n\n\n\n<p>Fue una historia tan impactante para m\u00ed, porque tanto como yo puedo ser escogido, tambi\u00e9n \u00e9l fue escogido. Dios le estaba mostrando que lo ama a pesar de su condici\u00f3n.<\/p>\n\n\n\n<p>As\u00ed como yo&nbsp; tengo&nbsp; mis pecados, todos tenemos nuestras luchas.<\/p>\n\n\n\n<p>Esto demuestra que todos hemos sido predestinados y escogidos desde antes, \u00e9l ya pensaba en nosotros y me gusto plasmarlo en esta canci\u00f3n, que dice parte de su letra \u201caunque yo no puedo, el me escogi\u00f3 a m\u00ed, aunque yo no entiendo el me amo a m\u00ed, cuando soy d\u00e9bil \u00e9l es la fuerza en mi\u201d. Y a veces as\u00ed de incomprensible&nbsp; es el amor de Dios.<\/p>\n\n\n\n<p>Quiz\u00e1s los religiosos se\u00f1alan a otros y Dios no lo est\u00e1 haciendo de esta manera.&nbsp;<\/p>\n\n\n\n<p>Y es que nunca vamos a entender pero Dios nos ama aun as\u00ed como somos y aunque no podamos ser los mejores hijos, igual, Dios nos va querer usar a cada uno.<\/p>\n\n\n\n<p>La canci\u00f3n es un mensaje para j\u00f3venes, adultos y miembros de la iglesia que han querido en varias veces tirar la toalla ya no han querido continuar, pero se dan cuenta de que Dios les ama.<\/p>\n\n\n\n<p>\u201cA veces uno finge y de nada sirve porque a Dios no se le puede mentir, entonces lo mejor es aceptar de que necesitamos de Dios y que \u00e9l as\u00ed me ama&nbsp; y me va ayudar y se ira perfeccionando en m\u00ed y en mi debilidad y hasta que yo pueda decir se\u00f1or lo pude, lo logre\u201d.<\/p>\n\n\n\n<p><strong>Fher si esta canci\u00f3n se da en una circunstancia como la que nos describiste, \u00bfqu\u00e9 impacto esperar\u00edas tenga desde hoy que es dada a conocer?<\/strong><\/p>\n\n\n\n<p>Yo estoy seguro que esta canci\u00f3n servir\u00e1\u00a0 mucho y de gran manera a aquellos que piensan que Dios ya no tiene nada que hacer con ellos. Se dar\u00e1n cuenta que con esta alabanza Dios tiene un plan, y si estamos aqu\u00ed es que a\u00fan nuestro prop\u00f3sito hace falta culminar.\u00a0<\/p>\n\n\n\n<p>No dudo que ser\u00e1 una canci\u00f3n de bendici\u00f3n.<\/p>\n\n\n\n<p>El video fue hecho en Guatemala y su producci\u00f3n estuvo a cargo de Art Productions, la que dirigi\u00f3 y edito Thonny Castillo.<\/p>\n\n\n\n<p>Fher nos adelant\u00f3 adem\u00e1s que las canciones que conforma el EP las dar\u00e1n a conocer en lo que resta del a\u00f1o, as\u00ed que les invitamos a estar pendientes de m\u00e1s producciones que IDDO nos compartir\u00e1.<\/p>\n","protected":false},"excerpt":{"rendered":"<p>Por: Edwin G\u00f3ngora Se trata de la primera canci\u00f3n de un EP que llevar\u00e1 el nombre de esta producci\u00f3n, ESCOGIDOS, la cual a partir de este s\u00e1bado ya est\u00e1 disponible en las diferentes plataformas. Fher Castillo vocalista del grupo, comparti\u00f3 con La Prensa Cristiana detalles de esta nueva producci\u00f3n, de c\u00f3mo surge su contenido y [&hellip;]<\/p>\n","protected":false},"author":3,"featured_media":17309,"comment_status":"open","ping_status":"open","sticky":false,"template":"","format":"standard","meta":[],"categories":[114],"tags":[],"yoast_head":"<!-- This site is optimized with the Yoast SEO plugin v20.8 - https:\/\/yoast.com\/wordpress\/plugins\/seo\/ -->\n<title>\u00a0\u00a0\u00a0ESCOGIDOS, la nueva canci\u00f3n de IDDO. - La Prensa Cristiana<\/title>\n<meta name=\"robots\" content=\"index, follow, max-snippet:-1, max-image-preview:large, max-video-preview:-1\" \/>\n<link rel=\"canonical\" href=\"https:\/\/laprensacristiana.com\/?p=17308\" \/>\n<meta property=\"og:locale\" content=\"es_ES\" \/>\n<meta property=\"og:type\" content=\"article\" \/>\n<meta property=\"og:title\" content=\"\u00a0\u00a0\u00a0ESCOGIDOS, la nueva canci\u00f3n de IDDO. - La Prensa Cristiana\" \/>\n<meta property=\"og:description\" content=\"Por: Edwin G\u00f3ngora Se trata de la primera canci\u00f3n de un EP que llevar\u00e1 el nombre de esta producci\u00f3n, ESCOGIDOS, la cual a partir de este s\u00e1bado ya est\u00e1 disponible en las diferentes plataformas. Fher Castillo vocalista del grupo, comparti\u00f3 con La Prensa Cristiana detalles de esta nueva producci\u00f3n, de c\u00f3mo surge su contenido y [&hellip;]\" \/>\n<meta property=\"og:url\" content=\"https:\/\/laprensacristiana.com\/?p=17308\" \/>\n<meta property=\"og:site_name\" content=\"La Prensa Cristiana\" \/>\n<meta property=\"article:published_time\" content=\"2024-06-08T16:21:06+00:00\" \/>\n<meta property=\"article:modified_time\" content=\"2024-06-08T16:31:46+00:00\" \/>\n<meta property=\"og:image\" content=\"https:\/\/laprensacristiana.com\/wp-content\/uploads\/2024\/06\/WhatsApp-Image-2024-06-05-at-9.03.15-AM.jpeg\" \/>\n\t<meta property=\"og:image:width\" content=\"1090\" \/>\n\t<meta property=\"og:image:height\" content=\"1090\" \/>\n\t<meta property=\"og:image:type\" content=\"image\/jpeg\" \/>\n<meta name=\"author\" content=\"EDITOR\" \/>\n<meta name=\"twitter:card\" content=\"summary_large_image\" \/>\n<meta name=\"twitter:label1\" content=\"Escrito por\" \/>\n\t<meta name=\"twitter:data1\" content=\"EDITOR\" \/>\n\t<meta name=\"twitter:label2\" content=\"Tiempo de lectura\" \/>\n\t<meta name=\"twitter:data2\" content=\"6 minutos\" \/>\n<script type=\"application\/ld+json\" class=\"yoast-schema-graph\">{\"@context\":\"https:\/\/schema.org\",\"@graph\":[{\"@type\":\"WebPage\",\"@id\":\"https:\/\/laprensacristiana.com\/?p=17308\",\"url\":\"https:\/\/laprensacristiana.com\/?p=17308\",\"name\":\"\u00a0\u00a0\u00a0ESCOGIDOS, la nueva canci\u00f3n de IDDO. - La Prensa Cristiana\",\"isPartOf\":{\"@id\":\"https:\/\/laprensacristiana.com\/#website\"},\"datePublished\":\"2024-06-08T16:21:06+00:00\",\"dateModified\":\"2024-06-08T16:31:46+00:00\",\"author\":{\"@id\":\"https:\/\/laprensacristiana.com\/#\/schema\/person\/3e7d82c6bfd6b1fa67010f8f7cd5256e\"},\"breadcrumb\":{\"@id\":\"https:\/\/laprensacristiana.com\/?p=17308#breadcrumb\"},\"inLanguage\":\"es\",\"potentialAction\":[{\"@type\":\"ReadAction\",\"target\":[\"https:\/\/laprensacristiana.com\/?p=17308\"]}]},{\"@type\":\"BreadcrumbList\",\"@id\":\"https:\/\/laprensacristiana.com\/?p=17308#breadcrumb\",\"itemListElement\":[{\"@type\":\"ListItem\",\"position\":1,\"name\":\"Portada\",\"item\":\"https:\/\/laprensacristiana.com\/\"},{\"@type\":\"ListItem\",\"position\":2,\"name\":\"\u00a0\u00a0\u00a0ESCOGIDOS, la nueva canci\u00f3n de IDDO.\"}]},{\"@type\":\"WebSite\",\"@id\":\"https:\/\/laprensacristiana.com\/#website\",\"url\":\"https:\/\/laprensacristiana.com\/\",\"name\":\"La Prensa Cristiana\",\"description\":\"Anunciando Las Buenas Nuevas\",\"potentialAction\":[{\"@type\":\"SearchAction\",\"target\":{\"@type\":\"EntryPoint\",\"urlTemplate\":\"https:\/\/laprensacristiana.com\/?s={search_term_string}\"},\"query-input\":\"required name=search_term_string\"}],\"inLanguage\":\"es\"},{\"@type\":\"Person\",\"@id\":\"https:\/\/laprensacristiana.com\/#\/schema\/person\/3e7d82c6bfd6b1fa67010f8f7cd5256e\",\"name\":\"EDITOR\",\"image\":{\"@type\":\"ImageObject\",\"inLanguage\":\"es\",\"@id\":\"https:\/\/laprensacristiana.com\/#\/schema\/person\/image\/\",\"url\":\"https:\/\/secure.gravatar.com\/avatar\/72069dfb6c13772d9e8381e3638666d2?s=96&d=mm&r=g\",\"contentUrl\":\"https:\/\/secure.gravatar.com\/avatar\/72069dfb6c13772d9e8381e3638666d2?s=96&d=mm&r=g\",\"caption\":\"EDITOR\"},\"url\":\"https:\/\/laprensacristiana.com\/?author=3\"}]}<\/script>\n<!-- \/ Yoast SEO plugin. -->","yoast_head_json":{"title":"\u00a0\u00a0\u00a0ESCOGIDOS, la nueva canci\u00f3n de IDDO. - La Prensa Cristiana","robots":{"index":"index","follow":"follow","max-snippet":"max-snippet:-1","max-image-preview":"max-image-preview:large","max-video-preview":"max-video-preview:-1"},"canonical":"https:\/\/laprensacristiana.com\/?p=17308","og_locale":"es_ES","og_type":"article","og_title":"\u00a0\u00a0\u00a0ESCOGIDOS, la nueva canci\u00f3n de IDDO. - La Prensa Cristiana","og_description":"Por: Edwin G\u00f3ngora Se trata de la primera canci\u00f3n de un EP que llevar\u00e1 el nombre de esta producci\u00f3n, ESCOGIDOS, la cual a partir de este s\u00e1bado ya est\u00e1 disponible en las diferentes plataformas. Fher Castillo vocalista del grupo, comparti\u00f3 con La Prensa Cristiana detalles de esta nueva producci\u00f3n, de c\u00f3mo surge su contenido y [&hellip;]","og_url":"https:\/\/laprensacristiana.com\/?p=17308","og_site_name":"La Prensa Cristiana","article_published_time":"2024-06-08T16:21:06+00:00","article_modified_time":"2024-06-08T16:31:46+00:00","og_image":[{"width":1090,"height":1090,"url":"https:\/\/laprensacristiana.com\/wp-content\/uploads\/2024\/06\/WhatsApp-Image-2024-06-05-at-9.03.15-AM.jpeg","type":"image\/jpeg"}],"author":"EDITOR","twitter_card":"summary_large_image","twitter_misc":{"Escrito por":"EDITOR","Tiempo de lectura":"6 minutos"},"schema":{"@context":"https:\/\/schema.org","@graph":[{"@type":"WebPage","@id":"https:\/\/laprensacristiana.com\/?p=17308","url":"https:\/\/laprensacristiana.com\/?p=17308","name":"\u00a0\u00a0\u00a0ESCOGIDOS, la nueva canci\u00f3n de IDDO. - La Prensa Cristiana","isPartOf":{"@id":"https:\/\/laprensacristiana.com\/#website"},"datePublished":"2024-06-08T16:21:06+00:00","dateModified":"2024-06-08T16:31:46+00:00","author":{"@id":"https:\/\/laprensacristiana.com\/#\/schema\/person\/3e7d82c6bfd6b1fa67010f8f7cd5256e"},"breadcrumb":{"@id":"https:\/\/laprensacristiana.com\/?p=17308#breadcrumb"},"inLanguage":"es","potentialAction":[{"@type":"ReadAction","target":["https:\/\/laprensacristiana.com\/?p=17308"]}]},{"@type":"BreadcrumbList","@id":"https:\/\/laprensacristiana.com\/?p=17308#breadcrumb","itemListElement":[{"@type":"ListItem","position":1,"name":"Portada","item":"https:\/\/laprensacristiana.com\/"},{"@type":"ListItem","position":2,"name":"\u00a0\u00a0\u00a0ESCOGIDOS, la nueva canci\u00f3n de IDDO."}]},{"@type":"WebSite","@id":"https:\/\/laprensacristiana.com\/#website","url":"https:\/\/laprensacristiana.com\/","name":"La Prensa Cristiana","description":"Anunciando Las Buenas Nuevas","potentialAction":[{"@type":"SearchAction","target":{"@type":"EntryPoint","urlTemplate":"https:\/\/laprensacristiana.com\/?s={search_term_string}"},"query-input":"required name=search_term_string"}],"inLanguage":"es"},{"@type":"Person","@id":"https:\/\/laprensacristiana.com\/#\/schema\/person\/3e7d82c6bfd6b1fa67010f8f7cd5256e","name":"EDITOR","image":{"@type":"ImageObject","inLanguage":"es","@id":"https:\/\/laprensacristiana.com\/#\/schema\/person\/image\/","url":"https:\/\/secure.gravatar.com\/avatar\/72069dfb6c13772d9e8381e3638666d2?s=96&d=mm&r=g","contentUrl":"https:\/\/secure.gravatar.com\/avatar\/72069dfb6c13772d9e8381e3638666d2?s=96&d=mm&r=g","caption":"EDITOR"},"url":"https:\/\/laprensacristiana.com\/?author=3"}]}},"_links":{"self":[{"href":"https:\/\/laprensacristiana.com\/index.php?rest_route=\/wp\/v2\/posts\/17308"}],"collection":[{"href":"https:\/\/laprensacristiana.com\/index.php?rest_route=\/wp\/v2\/posts"}],"about":[{"href":"https:\/\/laprensacristiana.com\/index.php?rest_route=\/wp\/v2\/types\/post"}],"author":[{"embeddable":true,"href":"https:\/\/laprensacristiana.com\/index.php?rest_route=\/wp\/v2\/users\/3"}],"replies":[{"embeddable":true,"href":"https:\/\/laprensacristiana.com\/index.php?rest_route=%2Fwp%2Fv2%2Fcomments&post=17308"}],"version-history":[{"count":4,"href":"https:\/\/laprensacristiana.com\/index.php?rest_route=\/wp\/v2\/posts\/17308\/revisions"}],"predecessor-version":[{"id":17316,"href":"https:\/\/laprensacristiana.com\/index.php?rest_route=\/wp\/v2\/posts\/17308\/revisions\/17316"}],"wp:featuredmedia":[{"embeddable":true,"href":"https:\/\/laprensacristiana.com\/index.php?rest_route=\/wp\/v2\/media\/17309"}],"wp:attachment":[{"href":"https:\/\/laprensacristiana.com\/index.php?rest_route=%2Fwp%2Fv2%2Fmedia&parent=17308"}],"wp:term":[{"taxonomy":"category","embeddable":true,"href":"https:\/\/laprensacristiana.com\/index.php?rest_route=%2Fwp%2Fv2%2Fcategories&post=17308"},{"taxonomy":"post_tag","embeddable":true,"href":"https:\/\/laprensacristiana.com\/index.php?rest_route=%2Fwp%2Fv2%2Ftags&post=17308"}],"curies":[{"name":"wp","href":"https:\/\/api.w.org\/{rel}","templated":true}]}}