{"id":17318,"date":"2024-06-10T23:44:23","date_gmt":"2024-06-10T23:44:23","guid":{"rendered":"https:\/\/laprensacristiana.com\/?p=17318"},"modified":"2024-06-11T00:02:21","modified_gmt":"2024-06-11T00:02:21","slug":"asociacion-internacional-de-capellanes-de-los-estados-unidos-entrega-doctorado-honoris-causa-a-pastor-mauricio-navas","status":"publish","type":"post","link":"https:\/\/laprensacristiana.com\/?p=17318","title":{"rendered":"Asociaci\u00f3n Internacional de Capellanes de Los Estados Unidos entrega Doctorado Honoris Causa a Pastor Mauricio Navas."},"content":{"rendered":"\n<p>Por: Edwin G\u00f3ngora <\/p>\n\n\n\n<p>\u201cLas flores y los reconocimientos no son para alguien que ya no est\u00e1 entre nosotros, ambas cosas se dan en vida\u201d.<\/p>\n\n\n\n<p>As\u00ed lo asegura El Presidente de la \u00a0Asociaci\u00f3n Internacional de Capellanes de Los Estados Unidos, Carlos Molina, que este fin de semana lleg\u00f3 al pa\u00eds junto a una\u00a0 comitiva, para entregar un reconocimiento al trabajo \u201cpacificador\u201d que por medio de su labor a realizado el Pastor General de Iglesia El Camino, Mauricio Navas.<\/p>\n\n\n\n<p>Durante unos de los servicios del domingo, la congregaci\u00f3n presencio como la Asociaci\u00f3n de Capellanes homenajeo con un \u201cHonores Causa\u201d la destacada labor del pastor Navas en beneficio de El Salvador, a trav\u00e9s de su labor y de la ejecuci\u00f3n de dos proyectos de prevenci\u00f3n de la violencia, \u201cNo Mataras\u201d y \u201cTomando mi Naci\u00f3n\u201d.<\/p>\n\n\n\n<p>\u201cEstamos muy honrados en reconocer la labor y la experiencia de una persona que sabemos es especial para la iglesia y El Salvador y por toda la misi\u00f3n que Dios ha puesto en \u00e9l y ministerio que preside\u201d. Destaco el Capell\u00e1n Molina.<\/p>\n\n\n\n<figure class=\"wp-block-image size-large\"><img decoding=\"async\" loading=\"lazy\" width=\"768\" height=\"1024\" src=\"https:\/\/laprensacristiana.com\/wp-content\/uploads\/2024\/06\/WhatsApp-Image-2024-06-10-at-5.14.42-PM-768x1024.jpeg\" alt=\"\" class=\"wp-image-17320\" srcset=\"https:\/\/laprensacristiana.com\/wp-content\/uploads\/2024\/06\/WhatsApp-Image-2024-06-10-at-5.14.42-PM-768x1024.jpeg 768w, https:\/\/laprensacristiana.com\/wp-content\/uploads\/2024\/06\/WhatsApp-Image-2024-06-10-at-5.14.42-PM-225x300.jpeg 225w, https:\/\/laprensacristiana.com\/wp-content\/uploads\/2024\/06\/WhatsApp-Image-2024-06-10-at-5.14.42-PM-1152x1536.jpeg 1152w, https:\/\/laprensacristiana.com\/wp-content\/uploads\/2024\/06\/WhatsApp-Image-2024-06-10-at-5.14.42-PM-696x928.jpeg 696w, https:\/\/laprensacristiana.com\/wp-content\/uploads\/2024\/06\/WhatsApp-Image-2024-06-10-at-5.14.42-PM-1068x1424.jpeg 1068w, https:\/\/laprensacristiana.com\/wp-content\/uploads\/2024\/06\/WhatsApp-Image-2024-06-10-at-5.14.42-PM-600x800.jpeg 600w, https:\/\/laprensacristiana.com\/wp-content\/uploads\/2024\/06\/WhatsApp-Image-2024-06-10-at-5.14.42-PM.jpeg 1200w\" sizes=\"(max-width: 768px) 100vw, 768px\" \/><\/figure>\n\n\n\n<p>Y es que por primera vez esta Asociaci\u00f3n lleg\u00f3 a El Salvado y entrega un reconocimiento de esta \u00edndole, fundamentado en el impacto y comentarios que el trabajo del Pastor Navas gener\u00f3 en Estados Unidos. \u00a0<\/p>\n\n\n\n<p>Las frases de reconocimiento para el Pastor Navas fueron surgiendo, as\u00ed como los buenos deseos porque su misi\u00f3n &nbsp;compromiso y el legado&nbsp; contin\u00faen por mucho tiempo, ya que hay una nueva generaci\u00f3n que lo apoya.<\/p>\n\n\n\n<p>El pastor Navas inicio el proyecto de Iglesia El Camino en 1991, proyecto que nace firme hace 31 a\u00f1os, tiempo que ha liderado con Fe inquebrantable y un coraz\u00f3n dedicado al servicio de Dios, su comunidad y el pa\u00eds en general.<\/p>\n\n\n\n<p>Los capellanes &nbsp;no dudan que el desempe\u00f1o de su labor se fundament\u00f3 en lo que dice Hebreos 11: 1 \u201cEs, pues, la fe la certeza de lo que se espera, la convicci\u00f3n de lo que no se ve\u201d.<\/p>\n\n\n\n<figure class=\"wp-block-image size-large\"><img decoding=\"async\" loading=\"lazy\" width=\"1024\" height=\"768\" src=\"https:\/\/laprensacristiana.com\/wp-content\/uploads\/2024\/06\/WhatsApp-Image-2024-06-10-at-5.14.18-PM-2-1024x768.jpeg\" alt=\"\" class=\"wp-image-17321\" srcset=\"https:\/\/laprensacristiana.com\/wp-content\/uploads\/2024\/06\/WhatsApp-Image-2024-06-10-at-5.14.18-PM-2-1024x768.jpeg 1024w, https:\/\/laprensacristiana.com\/wp-content\/uploads\/2024\/06\/WhatsApp-Image-2024-06-10-at-5.14.18-PM-2-300x225.jpeg 300w, https:\/\/laprensacristiana.com\/wp-content\/uploads\/2024\/06\/WhatsApp-Image-2024-06-10-at-5.14.18-PM-2-768x576.jpeg 768w, https:\/\/laprensacristiana.com\/wp-content\/uploads\/2024\/06\/WhatsApp-Image-2024-06-10-at-5.14.18-PM-2-1536x1152.jpeg 1536w, https:\/\/laprensacristiana.com\/wp-content\/uploads\/2024\/06\/WhatsApp-Image-2024-06-10-at-5.14.18-PM-2-696x522.jpeg 696w, https:\/\/laprensacristiana.com\/wp-content\/uploads\/2024\/06\/WhatsApp-Image-2024-06-10-at-5.14.18-PM-2-1068x801.jpeg 1068w, https:\/\/laprensacristiana.com\/wp-content\/uploads\/2024\/06\/WhatsApp-Image-2024-06-10-at-5.14.18-PM-2-600x450.jpeg 600w, https:\/\/laprensacristiana.com\/wp-content\/uploads\/2024\/06\/WhatsApp-Image-2024-06-10-at-5.14.18-PM-2.jpeg 1600w\" sizes=\"(max-width: 1024px) 100vw, 1024px\" \/><\/figure>\n\n\n\n<p>El haber impulsado proyectos como \u201cNo Mataras\u201d y \u201cRetomando mi Naci\u00f3n\u201d&nbsp; habr\u00eda contribuido significativamente a la paz y bienestar de la comunidad. &nbsp;Colocando en perspectiva lo que Mateo 5: 9 dice: \u201cBienaventurados los pacificadores, porque ellos ser\u00e1n llamados hijos de Dios\u201d.<\/p>\n\n\n\n<p>\u201cTenemos a un pacificador entre nosotros, al promover estos dos aspectos importantes, ya que los salvadore\u00f1os sabemos de d\u00f3nde venimos y no dudamos que Dios lo levanto para ser un pacificador y llevar palabras de consuelo.\u201d Dijo el encargado de Comunicaciones de la capellan\u00eda Brayan Mart\u00ednez.&nbsp;<\/p>\n\n\n\n<p>En el discurso de reconocimiento los capellanes externaron que no hay&nbsp; duda que el Pastor Navas ha dejado huellas en su caminar, con el compromiso, liderazgo, pasi\u00f3n, servicio y dedicaci\u00f3n mostrada.<\/p>\n\n\n\n<figure class=\"wp-block-image size-large\"><img decoding=\"async\" loading=\"lazy\" width=\"768\" height=\"1024\" src=\"https:\/\/laprensacristiana.com\/wp-content\/uploads\/2024\/06\/WhatsApp-Image-2024-06-10-at-5.14.19-PM-768x1024.jpeg\" alt=\"\" class=\"wp-image-17322\" srcset=\"https:\/\/laprensacristiana.com\/wp-content\/uploads\/2024\/06\/WhatsApp-Image-2024-06-10-at-5.14.19-PM-768x1024.jpeg 768w, https:\/\/laprensacristiana.com\/wp-content\/uploads\/2024\/06\/WhatsApp-Image-2024-06-10-at-5.14.19-PM-225x300.jpeg 225w, https:\/\/laprensacristiana.com\/wp-content\/uploads\/2024\/06\/WhatsApp-Image-2024-06-10-at-5.14.19-PM-1152x1536.jpeg 1152w, https:\/\/laprensacristiana.com\/wp-content\/uploads\/2024\/06\/WhatsApp-Image-2024-06-10-at-5.14.19-PM-696x928.jpeg 696w, https:\/\/laprensacristiana.com\/wp-content\/uploads\/2024\/06\/WhatsApp-Image-2024-06-10-at-5.14.19-PM-1068x1424.jpeg 1068w, https:\/\/laprensacristiana.com\/wp-content\/uploads\/2024\/06\/WhatsApp-Image-2024-06-10-at-5.14.19-PM-600x800.jpeg 600w, https:\/\/laprensacristiana.com\/wp-content\/uploads\/2024\/06\/WhatsApp-Image-2024-06-10-at-5.14.19-PM.jpeg 1200w\" sizes=\"(max-width: 768px) 100vw, 768px\" \/><\/figure>\n\n\n\n<p>Por su parte el Pastor Mauricio Navas manifest\u00f3: \u201cCon el coraz\u00f3n en la mano les digo muchas gracias por el reconocimiento a este servicio\u201d.<\/p>\n\n\n\n<p>As\u00ed mismo aprovecho la oportunidad para se\u00f1alar que lo ocurrido en el pa\u00eds con el cese de la violencia, tuvo a la base el trabajo de muchas personas que confiaron en el poder de &nbsp;Dios. &nbsp;&nbsp;&nbsp;<\/p>\n\n\n\n<p>\u201cLo que sucede o no sucede en un pa\u00eds, tiene que ver con lo que la iglesia hace y deja de hacer\u201d &nbsp;asever\u00f3.<\/p>\n\n\n\n<p>En ese sentido fue enf\u00e1tico en mencionar, \u201csi en este pa\u00eds tenemos paz y seguridad, es porque la iglesia se levant\u00f3, dejo las cuatro paredes y se fue a las calles a decirle a Dios, danos esta tierra\u201d.<\/p>\n\n\n\n<p>As\u00ed tambi\u00e9n menciono que los esfuerzos humanos se hicieron, y \u00e9l lo sabe perfectamente. Afirmo.<\/p>\n\n\n\n<p>\u201cS\u00e9 de todos los esfuerzos hechos, pero nada logramos, hasta que la iglesia se levant\u00f3, entonces vino la paz y tranquilidad a nuestro bello pa\u00eds\u201d. Sostuvo.<\/p>\n\n\n\n<figure class=\"wp-block-gallery has-nested-images columns-default is-cropped wp-block-gallery-1 is-layout-flex\">\n<figure class=\"wp-block-image size-large\"><img decoding=\"async\" loading=\"lazy\" width=\"1024\" height=\"768\" data-id=\"17323\"  src=\"https:\/\/laprensacristiana.com\/wp-content\/uploads\/2024\/06\/WhatsApp-Image-2024-06-10-at-5.14.18-PM-1024x768.jpeg\" alt=\"\" class=\"wp-image-17323\" srcset=\"https:\/\/laprensacristiana.com\/wp-content\/uploads\/2024\/06\/WhatsApp-Image-2024-06-10-at-5.14.18-PM-1024x768.jpeg 1024w, https:\/\/laprensacristiana.com\/wp-content\/uploads\/2024\/06\/WhatsApp-Image-2024-06-10-at-5.14.18-PM-300x225.jpeg 300w, https:\/\/laprensacristiana.com\/wp-content\/uploads\/2024\/06\/WhatsApp-Image-2024-06-10-at-5.14.18-PM-768x576.jpeg 768w, https:\/\/laprensacristiana.com\/wp-content\/uploads\/2024\/06\/WhatsApp-Image-2024-06-10-at-5.14.18-PM-1536x1152.jpeg 1536w, https:\/\/laprensacristiana.com\/wp-content\/uploads\/2024\/06\/WhatsApp-Image-2024-06-10-at-5.14.18-PM-696x522.jpeg 696w, https:\/\/laprensacristiana.com\/wp-content\/uploads\/2024\/06\/WhatsApp-Image-2024-06-10-at-5.14.18-PM-1068x801.jpeg 1068w, https:\/\/laprensacristiana.com\/wp-content\/uploads\/2024\/06\/WhatsApp-Image-2024-06-10-at-5.14.18-PM-600x450.jpeg 600w, https:\/\/laprensacristiana.com\/wp-content\/uploads\/2024\/06\/WhatsApp-Image-2024-06-10-at-5.14.18-PM.jpeg 1600w\" sizes=\"(max-width: 1024px) 100vw, 1024px\" \/><\/figure>\n\n\n\n<figure class=\"wp-block-image size-large\"><img decoding=\"async\" loading=\"lazy\" width=\"1024\" height=\"768\" data-id=\"17324\"  src=\"https:\/\/laprensacristiana.com\/wp-content\/uploads\/2024\/06\/WhatsApp-Image-2024-06-10-at-5.14.19-PM-1-1024x768.jpeg\" alt=\"\" class=\"wp-image-17324\" srcset=\"https:\/\/laprensacristiana.com\/wp-content\/uploads\/2024\/06\/WhatsApp-Image-2024-06-10-at-5.14.19-PM-1-1024x768.jpeg 1024w, https:\/\/laprensacristiana.com\/wp-content\/uploads\/2024\/06\/WhatsApp-Image-2024-06-10-at-5.14.19-PM-1-300x225.jpeg 300w, https:\/\/laprensacristiana.com\/wp-content\/uploads\/2024\/06\/WhatsApp-Image-2024-06-10-at-5.14.19-PM-1-768x576.jpeg 768w, https:\/\/laprensacristiana.com\/wp-content\/uploads\/2024\/06\/WhatsApp-Image-2024-06-10-at-5.14.19-PM-1-1536x1152.jpeg 1536w, https:\/\/laprensacristiana.com\/wp-content\/uploads\/2024\/06\/WhatsApp-Image-2024-06-10-at-5.14.19-PM-1-696x522.jpeg 696w, https:\/\/laprensacristiana.com\/wp-content\/uploads\/2024\/06\/WhatsApp-Image-2024-06-10-at-5.14.19-PM-1-1068x801.jpeg 1068w, https:\/\/laprensacristiana.com\/wp-content\/uploads\/2024\/06\/WhatsApp-Image-2024-06-10-at-5.14.19-PM-1-600x450.jpeg 600w, https:\/\/laprensacristiana.com\/wp-content\/uploads\/2024\/06\/WhatsApp-Image-2024-06-10-at-5.14.19-PM-1.jpeg 1600w\" sizes=\"(max-width: 1024px) 100vw, 1024px\" \/><\/figure>\n\n\n\n<figure class=\"wp-block-image size-large\"><img decoding=\"async\" loading=\"lazy\" width=\"1024\" height=\"891\" data-id=\"17325\"  src=\"https:\/\/laprensacristiana.com\/wp-content\/uploads\/2024\/06\/WhatsApp-Image-2024-06-10-at-5.14.19-PM-2-1024x891.jpeg\" alt=\"\" class=\"wp-image-17325\" srcset=\"https:\/\/laprensacristiana.com\/wp-content\/uploads\/2024\/06\/WhatsApp-Image-2024-06-10-at-5.14.19-PM-2-1024x891.jpeg 1024w, https:\/\/laprensacristiana.com\/wp-content\/uploads\/2024\/06\/WhatsApp-Image-2024-06-10-at-5.14.19-PM-2-300x261.jpeg 300w, https:\/\/laprensacristiana.com\/wp-content\/uploads\/2024\/06\/WhatsApp-Image-2024-06-10-at-5.14.19-PM-2-768x668.jpeg 768w, https:\/\/laprensacristiana.com\/wp-content\/uploads\/2024\/06\/WhatsApp-Image-2024-06-10-at-5.14.19-PM-2-1536x1336.jpeg 1536w, https:\/\/laprensacristiana.com\/wp-content\/uploads\/2024\/06\/WhatsApp-Image-2024-06-10-at-5.14.19-PM-2-696x606.jpeg 696w, https:\/\/laprensacristiana.com\/wp-content\/uploads\/2024\/06\/WhatsApp-Image-2024-06-10-at-5.14.19-PM-2-1068x929.jpeg 1068w, https:\/\/laprensacristiana.com\/wp-content\/uploads\/2024\/06\/WhatsApp-Image-2024-06-10-at-5.14.19-PM-2-600x522.jpeg 600w, https:\/\/laprensacristiana.com\/wp-content\/uploads\/2024\/06\/WhatsApp-Image-2024-06-10-at-5.14.19-PM-2.jpeg 1600w\" sizes=\"(max-width: 1024px) 100vw, 1024px\" \/><\/figure>\n<\/figure>\n\n\n\n<p>La entrega del reconocimiento la realiz\u00f3 el Capell\u00e1n Mayor Rub\u00e9n Vargas, quien pastorea la Capilla en Fort Jackson, donde se ubica la Iglesia Evang\u00e9lica pentecostal del ej\u00e9rcito de Los Estados Unidos.<\/p>\n\n\n\n<p>Vargas es un militar retirado, y por primera vez visita a El Salvado, tras escuchar acerca del trabajo que el pastor Navas realiza, por lo que deseo conocerlo personalmente, bendecirlo y entregarle el Honoris Causa.<\/p>\n\n\n\n<p>El Capell\u00e1n Mayor Rub\u00e9n Vargas externo, \u201clo que hoy vive El Salvador es el resultado de un Dios que escucha y tambi\u00e9n responde\u201d.<\/p>\n\n\n\n<p>Porque a su juicio \u201ctodo momento dif\u00edcil vivido no ha sido en vano, pues la recompensa llega\u201d. &nbsp;&nbsp;<\/p>\n\n\n\n<p><\/p>\n","protected":false},"excerpt":{"rendered":"<p>Por: Edwin G\u00f3ngora \u201cLas flores y los reconocimientos no son para alguien que ya no est\u00e1 entre nosotros, ambas cosas se dan en vida\u201d. As\u00ed lo asegura El Presidente de la \u00a0Asociaci\u00f3n Internacional de Capellanes de Los Estados Unidos, Carlos Molina, que este fin de semana lleg\u00f3 al pa\u00eds junto a una\u00a0 comitiva, para entregar [&hellip;]<\/p>\n","protected":false},"author":3,"featured_media":17319,"comment_status":"open","ping_status":"open","sticky":false,"template":"","format":"standard","meta":[],"categories":[56],"tags":[],"yoast_head":"<!-- This site is optimized with the Yoast SEO plugin v20.8 - https:\/\/yoast.com\/wordpress\/plugins\/seo\/ -->\n<title>Asociaci\u00f3n Internacional de Capellanes de Los Estados Unidos entrega Doctorado Honoris Causa a Pastor Mauricio Navas. - La Prensa Cristiana<\/title>\n<meta name=\"robots\" content=\"index, follow, max-snippet:-1, max-image-preview:large, max-video-preview:-1\" \/>\n<link rel=\"canonical\" href=\"https:\/\/laprensacristiana.com\/?p=17318\" \/>\n<meta property=\"og:locale\" content=\"es_ES\" \/>\n<meta property=\"og:type\" content=\"article\" \/>\n<meta property=\"og:title\" content=\"Asociaci\u00f3n Internacional de Capellanes de Los Estados Unidos entrega Doctorado Honoris Causa a Pastor Mauricio Navas. - La Prensa Cristiana\" \/>\n<meta property=\"og:description\" content=\"Por: Edwin G\u00f3ngora \u201cLas flores y los reconocimientos no son para alguien que ya no est\u00e1 entre nosotros, ambas cosas se dan en vida\u201d. As\u00ed lo asegura El Presidente de la \u00a0Asociaci\u00f3n Internacional de Capellanes de Los Estados Unidos, Carlos Molina, que este fin de semana lleg\u00f3 al pa\u00eds junto a una\u00a0 comitiva, para entregar [&hellip;]\" \/>\n<meta property=\"og:url\" content=\"https:\/\/laprensacristiana.com\/?p=17318\" \/>\n<meta property=\"og:site_name\" content=\"La Prensa Cristiana\" \/>\n<meta property=\"article:published_time\" content=\"2024-06-10T23:44:23+00:00\" \/>\n<meta property=\"article:modified_time\" content=\"2024-06-11T00:02:21+00:00\" \/>\n<meta property=\"og:image\" content=\"https:\/\/laprensacristiana.com\/wp-content\/uploads\/2024\/06\/WhatsApp-Image-2024-06-10-at-5.14.17-PM.jpeg\" \/>\n\t<meta property=\"og:image:width\" content=\"1600\" \/>\n\t<meta property=\"og:image:height\" content=\"1200\" \/>\n\t<meta property=\"og:image:type\" content=\"image\/jpeg\" \/>\n<meta name=\"author\" content=\"EDITOR\" \/>\n<meta name=\"twitter:card\" content=\"summary_large_image\" \/>\n<meta name=\"twitter:label1\" content=\"Escrito por\" \/>\n\t<meta name=\"twitter:data1\" content=\"EDITOR\" \/>\n\t<meta name=\"twitter:label2\" content=\"Tiempo de lectura\" \/>\n\t<meta name=\"twitter:data2\" content=\"5 minutos\" \/>\n<script type=\"application\/ld+json\" class=\"yoast-schema-graph\">{\"@context\":\"https:\/\/schema.org\",\"@graph\":[{\"@type\":\"WebPage\",\"@id\":\"https:\/\/laprensacristiana.com\/?p=17318\",\"url\":\"https:\/\/laprensacristiana.com\/?p=17318\",\"name\":\"Asociaci\u00f3n Internacional de Capellanes de Los Estados Unidos entrega Doctorado Honoris Causa a Pastor Mauricio Navas. - La Prensa Cristiana\",\"isPartOf\":{\"@id\":\"https:\/\/laprensacristiana.com\/#website\"},\"datePublished\":\"2024-06-10T23:44:23+00:00\",\"dateModified\":\"2024-06-11T00:02:21+00:00\",\"author\":{\"@id\":\"https:\/\/laprensacristiana.com\/#\/schema\/person\/3e7d82c6bfd6b1fa67010f8f7cd5256e\"},\"breadcrumb\":{\"@id\":\"https:\/\/laprensacristiana.com\/?p=17318#breadcrumb\"},\"inLanguage\":\"es\",\"potentialAction\":[{\"@type\":\"ReadAction\",\"target\":[\"https:\/\/laprensacristiana.com\/?p=17318\"]}]},{\"@type\":\"BreadcrumbList\",\"@id\":\"https:\/\/laprensacristiana.com\/?p=17318#breadcrumb\",\"itemListElement\":[{\"@type\":\"ListItem\",\"position\":1,\"name\":\"Portada\",\"item\":\"https:\/\/laprensacristiana.com\/\"},{\"@type\":\"ListItem\",\"position\":2,\"name\":\"Asociaci\u00f3n Internacional de Capellanes de Los Estados Unidos entrega Doctorado Honoris Causa a Pastor Mauricio Navas.\"}]},{\"@type\":\"WebSite\",\"@id\":\"https:\/\/laprensacristiana.com\/#website\",\"url\":\"https:\/\/laprensacristiana.com\/\",\"name\":\"La Prensa Cristiana\",\"description\":\"Anunciando Las Buenas Nuevas\",\"potentialAction\":[{\"@type\":\"SearchAction\",\"target\":{\"@type\":\"EntryPoint\",\"urlTemplate\":\"https:\/\/laprensacristiana.com\/?s={search_term_string}\"},\"query-input\":\"required name=search_term_string\"}],\"inLanguage\":\"es\"},{\"@type\":\"Person\",\"@id\":\"https:\/\/laprensacristiana.com\/#\/schema\/person\/3e7d82c6bfd6b1fa67010f8f7cd5256e\",\"name\":\"EDITOR\",\"image\":{\"@type\":\"ImageObject\",\"inLanguage\":\"es\",\"@id\":\"https:\/\/laprensacristiana.com\/#\/schema\/person\/image\/\",\"url\":\"https:\/\/secure.gravatar.com\/avatar\/72069dfb6c13772d9e8381e3638666d2?s=96&d=mm&r=g\",\"contentUrl\":\"https:\/\/secure.gravatar.com\/avatar\/72069dfb6c13772d9e8381e3638666d2?s=96&d=mm&r=g\",\"caption\":\"EDITOR\"},\"url\":\"https:\/\/laprensacristiana.com\/?author=3\"}]}<\/script>\n<!-- \/ Yoast SEO plugin. -->","yoast_head_json":{"title":"Asociaci\u00f3n Internacional de Capellanes de Los Estados Unidos entrega Doctorado Honoris Causa a Pastor Mauricio Navas. - La Prensa Cristiana","robots":{"index":"index","follow":"follow","max-snippet":"max-snippet:-1","max-image-preview":"max-image-preview:large","max-video-preview":"max-video-preview:-1"},"canonical":"https:\/\/laprensacristiana.com\/?p=17318","og_locale":"es_ES","og_type":"article","og_title":"Asociaci\u00f3n Internacional de Capellanes de Los Estados Unidos entrega Doctorado Honoris Causa a Pastor Mauricio Navas. - La Prensa Cristiana","og_description":"Por: Edwin G\u00f3ngora \u201cLas flores y los reconocimientos no son para alguien que ya no est\u00e1 entre nosotros, ambas cosas se dan en vida\u201d. As\u00ed lo asegura El Presidente de la \u00a0Asociaci\u00f3n Internacional de Capellanes de Los Estados Unidos, Carlos Molina, que este fin de semana lleg\u00f3 al pa\u00eds junto a una\u00a0 comitiva, para entregar [&hellip;]","og_url":"https:\/\/laprensacristiana.com\/?p=17318","og_site_name":"La Prensa Cristiana","article_published_time":"2024-06-10T23:44:23+00:00","article_modified_time":"2024-06-11T00:02:21+00:00","og_image":[{"width":1600,"height":1200,"url":"https:\/\/laprensacristiana.com\/wp-content\/uploads\/2024\/06\/WhatsApp-Image-2024-06-10-at-5.14.17-PM.jpeg","type":"image\/jpeg"}],"author":"EDITOR","twitter_card":"summary_large_image","twitter_misc":{"Escrito por":"EDITOR","Tiempo de lectura":"5 minutos"},"schema":{"@context":"https:\/\/schema.org","@graph":[{"@type":"WebPage","@id":"https:\/\/laprensacristiana.com\/?p=17318","url":"https:\/\/laprensacristiana.com\/?p=17318","name":"Asociaci\u00f3n Internacional de Capellanes de Los Estados Unidos entrega Doctorado Honoris Causa a Pastor Mauricio Navas. - La Prensa Cristiana","isPartOf":{"@id":"https:\/\/laprensacristiana.com\/#website"},"datePublished":"2024-06-10T23:44:23+00:00","dateModified":"2024-06-11T00:02:21+00:00","author":{"@id":"https:\/\/laprensacristiana.com\/#\/schema\/person\/3e7d82c6bfd6b1fa67010f8f7cd5256e"},"breadcrumb":{"@id":"https:\/\/laprensacristiana.com\/?p=17318#breadcrumb"},"inLanguage":"es","potentialAction":[{"@type":"ReadAction","target":["https:\/\/laprensacristiana.com\/?p=17318"]}]},{"@type":"BreadcrumbList","@id":"https:\/\/laprensacristiana.com\/?p=17318#breadcrumb","itemListElement":[{"@type":"ListItem","position":1,"name":"Portada","item":"https:\/\/laprensacristiana.com\/"},{"@type":"ListItem","position":2,"name":"Asociaci\u00f3n Internacional de Capellanes de Los Estados Unidos entrega Doctorado Honoris Causa a Pastor Mauricio Navas."}]},{"@type":"WebSite","@id":"https:\/\/laprensacristiana.com\/#website","url":"https:\/\/laprensacristiana.com\/","name":"La Prensa Cristiana","description":"Anunciando Las Buenas Nuevas","potentialAction":[{"@type":"SearchAction","target":{"@type":"EntryPoint","urlTemplate":"https:\/\/laprensacristiana.com\/?s={search_term_string}"},"query-input":"required name=search_term_string"}],"inLanguage":"es"},{"@type":"Person","@id":"https:\/\/laprensacristiana.com\/#\/schema\/person\/3e7d82c6bfd6b1fa67010f8f7cd5256e","name":"EDITOR","image":{"@type":"ImageObject","inLanguage":"es","@id":"https:\/\/laprensacristiana.com\/#\/schema\/person\/image\/","url":"https:\/\/secure.gravatar.com\/avatar\/72069dfb6c13772d9e8381e3638666d2?s=96&d=mm&r=g","contentUrl":"https:\/\/secure.gravatar.com\/avatar\/72069dfb6c13772d9e8381e3638666d2?s=96&d=mm&r=g","caption":"EDITOR"},"url":"https:\/\/laprensacristiana.com\/?author=3"}]}},"_links":{"self":[{"href":"https:\/\/laprensacristiana.com\/index.php?rest_route=\/wp\/v2\/posts\/17318"}],"collection":[{"href":"https:\/\/laprensacristiana.com\/index.php?rest_route=\/wp\/v2\/posts"}],"about":[{"href":"https:\/\/laprensacristiana.com\/index.php?rest_route=\/wp\/v2\/types\/post"}],"author":[{"embeddable":true,"href":"https:\/\/laprensacristiana.com\/index.php?rest_route=\/wp\/v2\/users\/3"}],"replies":[{"embeddable":true,"href":"https:\/\/laprensacristiana.com\/index.php?rest_route=%2Fwp%2Fv2%2Fcomments&post=17318"}],"version-history":[{"count":2,"href":"https:\/\/laprensacristiana.com\/index.php?rest_route=\/wp\/v2\/posts\/17318\/revisions"}],"predecessor-version":[{"id":17327,"href":"https:\/\/laprensacristiana.com\/index.php?rest_route=\/wp\/v2\/posts\/17318\/revisions\/17327"}],"wp:featuredmedia":[{"embeddable":true,"href":"https:\/\/laprensacristiana.com\/index.php?rest_route=\/wp\/v2\/media\/17319"}],"wp:attachment":[{"href":"https:\/\/laprensacristiana.com\/index.php?rest_route=%2Fwp%2Fv2%2Fmedia&parent=17318"}],"wp:term":[{"taxonomy":"category","embeddable":true,"href":"https:\/\/laprensacristiana.com\/index.php?rest_route=%2Fwp%2Fv2%2Fcategories&post=17318"},{"taxonomy":"post_tag","embeddable":true,"href":"https:\/\/laprensacristiana.com\/index.php?rest_route=%2Fwp%2Fv2%2Ftags&post=17318"}],"curies":[{"name":"wp","href":"https:\/\/api.w.org\/{rel}","templated":true}]}}