{"id":17339,"date":"2024-06-12T17:49:17","date_gmt":"2024-06-12T17:49:17","guid":{"rendered":"https:\/\/laprensacristiana.com\/?p=17339"},"modified":"2024-06-12T18:31:54","modified_gmt":"2024-06-12T18:31:54","slug":"historia-de-capellanes-su-labor-evangelizadora-desde-el-ejercito","status":"publish","type":"post","link":"https:\/\/laprensacristiana.com\/?p=17339","title":{"rendered":"Historia de Capellanes, su labor evangelizadora desde el ej\u00e9rcito."},"content":{"rendered":"\n<p>Por: Edwin G\u00f3ngora <\/p>\n\n\n\n<p>Los Capellanes Militares tienen &nbsp;su origen a mediados de los a\u00f1os trescientos, despu\u00e9s de Cristo, cuando, el oficial Martin Tour vive una experiencia que lo inmortalizar\u00eda.&nbsp;<\/p>\n\n\n\n<p>Al Encontrarse con un indigente que ped\u00eda limosna, Martin no contaba con algo para ayudarle, por lo que&nbsp; de su&nbsp; gran capa que usaba como militar, la corta a la mitad para cubrir al indigente.<\/p>\n\n\n\n<p>Esa misma noche so\u00f1\u00f3 que a quien hab\u00eda ayudado era Jesucristo.&nbsp;<\/p>\n\n\n\n<p>Martin Tour se convirti\u00f3 al cristianismo y se dedica desde ese momento a auxiliar a los m\u00e1s necesitados.<\/p>\n\n\n\n<p>Un ex compa\u00f1ero de armas lo tilda de cobarde, por retirarse del ej\u00e9rcito, a &nbsp;lo que le contest\u00f3: \u00abCon la espada pod\u00eda vencer a los enemigos materiales. Con la cruz estoy derrotando a los enemigos espirituales\u00bb.<\/p>\n\n\n\n<figure class=\"wp-block-image size-large\"><img decoding=\"async\" loading=\"lazy\" width=\"704\" height=\"1024\" src=\"https:\/\/laprensacristiana.com\/wp-content\/uploads\/2024\/06\/WhatsApp-Image-2024-06-12-at-11.32.57-AM-704x1024.jpeg\" alt=\"\" class=\"wp-image-17341\" srcset=\"https:\/\/laprensacristiana.com\/wp-content\/uploads\/2024\/06\/WhatsApp-Image-2024-06-12-at-11.32.57-AM-704x1024.jpeg 704w, https:\/\/laprensacristiana.com\/wp-content\/uploads\/2024\/06\/WhatsApp-Image-2024-06-12-at-11.32.57-AM-206x300.jpeg 206w, https:\/\/laprensacristiana.com\/wp-content\/uploads\/2024\/06\/WhatsApp-Image-2024-06-12-at-11.32.57-AM-768x1118.jpeg 768w, https:\/\/laprensacristiana.com\/wp-content\/uploads\/2024\/06\/WhatsApp-Image-2024-06-12-at-11.32.57-AM-696x1013.jpeg 696w, https:\/\/laprensacristiana.com\/wp-content\/uploads\/2024\/06\/WhatsApp-Image-2024-06-12-at-11.32.57-AM-600x873.jpeg 600w, https:\/\/laprensacristiana.com\/wp-content\/uploads\/2024\/06\/WhatsApp-Image-2024-06-12-at-11.32.57-AM.jpeg 940w\" sizes=\"(max-width: 704px) 100vw, 704px\" \/><\/figure>\n\n\n\n<p>El termino capell\u00e1n, nace de la palabra&nbsp;\u201c<em>capa\u201d<\/em>, que utilizo Mart\u00edn de Tour cuando ayud\u00f3 al indigente. En franc\u00e9s se utiliza la palabra&nbsp;\u201c<em>capella\u201d,&nbsp;<\/em>que al castellanizar se traduce como \u201cCapilla\u201d.<\/p>\n\n\n\n<p>Los Capellanes son militares capacitados en el combate, pero tambi\u00e9n por el legado de Martin Tour, hombres y mujeres que puede asistir a quien necesita un consuelo espiritual.<\/p>\n\n\n\n<p>Hace unos d\u00edas conoc\u00ed al Capell\u00e1n Mayor del Ej\u00e9rcito de los Estados Unidos, Pastor Rub\u00e9n Vargas, quien visit\u00f3 el pa\u00eds por primera vez.<\/p>\n\n\n\n<p>El Mayor Vargas es un militar retirado que hoy desde la Capilla Evang\u00e9lica en Fort Jackson pastorea a no menos de 8 mil cuatrocientos efectivos del ej\u00e9rcito m\u00e1s poderoso del mundo, con una clara visi\u00f3n.<\/p>\n\n\n\n<p>\u201cMi idea principal es preparar soldados no solamente en la condici\u00f3n como soldados, sino prepararlos espiritualmente para llevar un mensaje donde muchas personas no pueden ir\u201d.\u00a0 Manifiesta el Capell\u00e1n Mayor Vargas.<\/p>\n\n\n\n<figure class=\"wp-block-image size-large\"><img decoding=\"async\" loading=\"lazy\" width=\"1024\" height=\"785\" src=\"https:\/\/laprensacristiana.com\/wp-content\/uploads\/2024\/06\/WhatsApp-Image-2024-06-12-at-11.41.22-AM-1024x785.jpeg\" alt=\"\" class=\"wp-image-17342\" srcset=\"https:\/\/laprensacristiana.com\/wp-content\/uploads\/2024\/06\/WhatsApp-Image-2024-06-12-at-11.41.22-AM-1024x785.jpeg 1024w, https:\/\/laprensacristiana.com\/wp-content\/uploads\/2024\/06\/WhatsApp-Image-2024-06-12-at-11.41.22-AM-300x230.jpeg 300w, https:\/\/laprensacristiana.com\/wp-content\/uploads\/2024\/06\/WhatsApp-Image-2024-06-12-at-11.41.22-AM-768x589.jpeg 768w, https:\/\/laprensacristiana.com\/wp-content\/uploads\/2024\/06\/WhatsApp-Image-2024-06-12-at-11.41.22-AM-1536x1178.jpeg 1536w, https:\/\/laprensacristiana.com\/wp-content\/uploads\/2024\/06\/WhatsApp-Image-2024-06-12-at-11.41.22-AM-696x534.jpeg 696w, https:\/\/laprensacristiana.com\/wp-content\/uploads\/2024\/06\/WhatsApp-Image-2024-06-12-at-11.41.22-AM-1068x819.jpeg 1068w, https:\/\/laprensacristiana.com\/wp-content\/uploads\/2024\/06\/WhatsApp-Image-2024-06-12-at-11.41.22-AM-600x460.jpeg 600w, https:\/\/laprensacristiana.com\/wp-content\/uploads\/2024\/06\/WhatsApp-Image-2024-06-12-at-11.41.22-AM.jpeg 1600w\" sizes=\"(max-width: 1024px) 100vw, 1024px\" \/><\/figure>\n\n\n\n<p>Y es que el soldado Americano tiene la oportunidad de ir a varios pa\u00edses y Dios le permite a ellos no solamente hacer su labor militar, sino tambi\u00e9n compartir su Fe, esperanza y lo que Dios ha hecho en su vida.<\/p>\n\n\n\n<p>Vargas es moreno, robusto, de estatura mediana y con una voz fuerte, que cada vez que habla su acento &nbsp;portorrique\u00f1o le pone un toque a la conversaci\u00f3n.&nbsp;<\/p>\n\n\n\n<p>Tras 28 a\u00f1os de servicio en la capellan\u00eda, asegura que desde hace un tiempo dejo de predicar la religi\u00f3n y hoy predica una relaci\u00f3n con Dios. Lo que busca, es que cada soldado tenga un verdadero encuentro con el Cristo vivo, con un Dios que afirme su camino, trasforme su vida y les ayude en los momentos dif\u00edciles.<\/p>\n\n\n\n<p>Me explica que al interior de las fuerzas armadas de los Estados Unidos, existen efectivos que profesan diferentes religiones, gracias a la libertad constitucional existente.<\/p>\n\n\n\n<p>Lo interesante agrega, es que la voz se riega entre los soldados, quienes aseguran \u201chaber encontrado un lugar donde sienten la presencia del se\u00f1or\u201d, por lo que muchos se acercan y llegan.<\/p>\n\n\n\n<p>El mayor Vargas reconoce que Dios le dio un hijo biol\u00f3gico, pero como le prometi\u00f3 a&nbsp; Abraham, la arena crecer\u00eda y se convertir\u00eda en hijos. Dios asegura, le ha dado la oportunidad de sembrar la semilla y ver la cosecha en el ej\u00e9rcito de los Estados Unidos.<\/p>\n\n\n\n<p>Conversar con \u00e9l se vuelve interesante pues cada parte de su relato lo emociona.<\/p>\n\n\n\n<figure class=\"wp-block-image size-full\"><img decoding=\"async\" loading=\"lazy\" width=\"670\" height=\"434\" src=\"https:\/\/laprensacristiana.com\/wp-content\/uploads\/2024\/06\/WhatsApp-Image-2024-06-12-at-11.20.22-AM.jpeg\" alt=\"\" class=\"wp-image-17343\" srcset=\"https:\/\/laprensacristiana.com\/wp-content\/uploads\/2024\/06\/WhatsApp-Image-2024-06-12-at-11.20.22-AM.jpeg 670w, https:\/\/laprensacristiana.com\/wp-content\/uploads\/2024\/06\/WhatsApp-Image-2024-06-12-at-11.20.22-AM-300x194.jpeg 300w, https:\/\/laprensacristiana.com\/wp-content\/uploads\/2024\/06\/WhatsApp-Image-2024-06-12-at-11.20.22-AM-600x389.jpeg 600w\" sizes=\"(max-width: 670px) 100vw, 670px\" \/><\/figure>\n\n\n\n<p>Mientras sus ojos brillan un par de l\u00e1grimas ruedan por sus mej\u00edas y me asegura que su servicio lo realiza con una enorme \u201cpasi\u00f3n\u201d&nbsp; porque lo que transmite es lo que ha vivido junto a Dios.<\/p>\n\n\n\n<p>\u201cYo no vine a edificar en la tierra, yo vine a edificar en el cielo. Estoy &nbsp;creando tesoros haya arriba en el cielo, porque aqu\u00ed en la tierra yo no quiero nada\u201d, me enfatiza.<\/p>\n\n\n\n<p>El Mayor Vargas destaca que cuando un hombre o una mujer se pone el uniforme la persona tiene que decir: \u201cSe\u00f1or yo quiero que t\u00fa seas mi gu\u00eda, permitirme hacer tu voluntad, que todo lo que yo haga sea en tu nombre\u201d.<\/p>\n\n\n\n<p>Un capell\u00e1n est\u00e1 entrenado como servir en un hospital, en una c\u00e1rcel, adem\u00e1s de capacitarse en como determinar prevenci\u00f3n en suicidios, diferentes clases de resilencia y asistir a una persona que desee ser escuchada.<\/p>\n\n\n\n<p><strong>\u00bfMayor en que se ha convertido el ej\u00e9rcito de los Estados Unidos catalogado el m\u00e1s fuerte del mundo con acciones como estas que usted ha desarrollado durante varios a\u00f1os?<\/strong><\/p>\n\n\n\n<p>Cada a\u00f1o el ej\u00e9rcito cambia y si es considerado el m\u00e1s fuerte del mundo es porque hay mucha gente que dobla rodillas. Porque no es la fuerza del poder, sino por el poder de Dios.<\/p>\n\n\n\n<p>Se mantiene la fe, nuestro juramento como militares en su parte final dice \u201cas\u00ed lo permita Dios\u201d.<\/p>\n\n\n\n<p>Yo puse mi confianza en Dios para seguir adelante y cada persona que lo hace \u00e9l, &nbsp;lo empieza a guiar en el camino correcto. &nbsp;<\/p>\n\n\n\n<figure class=\"wp-block-image size-full\"><img decoding=\"async\" loading=\"lazy\" width=\"1022\" height=\"590\" src=\"https:\/\/laprensacristiana.com\/wp-content\/uploads\/2024\/06\/WhatsApp-Image-2024-06-12-at-11.24.17-AM.jpeg\" alt=\"\" class=\"wp-image-17344\" srcset=\"https:\/\/laprensacristiana.com\/wp-content\/uploads\/2024\/06\/WhatsApp-Image-2024-06-12-at-11.24.17-AM.jpeg 1022w, https:\/\/laprensacristiana.com\/wp-content\/uploads\/2024\/06\/WhatsApp-Image-2024-06-12-at-11.24.17-AM-300x173.jpeg 300w, https:\/\/laprensacristiana.com\/wp-content\/uploads\/2024\/06\/WhatsApp-Image-2024-06-12-at-11.24.17-AM-768x443.jpeg 768w, https:\/\/laprensacristiana.com\/wp-content\/uploads\/2024\/06\/WhatsApp-Image-2024-06-12-at-11.24.17-AM-696x402.jpeg 696w, https:\/\/laprensacristiana.com\/wp-content\/uploads\/2024\/06\/WhatsApp-Image-2024-06-12-at-11.24.17-AM-600x346.jpeg 600w\" sizes=\"(max-width: 1022px) 100vw, 1022px\" \/><\/figure>\n\n\n\n<p>Prueba de lo anterior me cuenta el Mayor Vargas, se fundamenta en el testimonio de una joven que tras escuchar una de sus predicas, corre al altar, se tira de rodillas es&nbsp; ministrada frente al altar.<\/p>\n\n\n\n<p>Al terminar le pregunta \u00bfaqu\u00ed a donde puedo ayudar?, la abraza y le asigna que sirva con los ujieres.<\/p>\n\n\n\n<p>Pero en el momento de quitarse la camisa del uniforme para ponerse &nbsp;la de servidora, observan que sus brazos, espalda y cuello estaban completamente tatuados.<\/p>\n\n\n\n<p>\u201cEl mundo ve eso y lo rechaza, &nbsp;me dice, yo lo veo y digo esto va a ser &nbsp;una bendici\u00f3n de Dios\u201d.<\/p>\n\n\n\n<p>Pero la historia continuo.<\/p>\n\n\n\n<p>Una semana despu\u00e9s esta joven se bautiz\u00f3 y profundiz\u00f3 su servicio. En los d\u00edas siguientes le &nbsp;detectaron un soplo en su coraz\u00f3n. Por lo que pidi\u00f3 dar su testimonio en la capilla.<\/p>\n\n\n\n<p>\u201cYo lleve una vida equivocada all\u00e1 afuera\u201d. &nbsp;<\/p>\n\n\n\n<p>\u201cViv\u00ed una vida de perdici\u00f3n, no sab\u00eda a donde iba, no sab\u00eda que har\u00eda y decid\u00ed meterme al ej\u00e9rcito buscando una escapatoria\u201d, narra el Capell\u00e1n Mayor &nbsp;con ojos llorosos de lo &nbsp;testificado por la joven &nbsp;frente a sus colegas militares.<\/p>\n\n\n\n<p>\u201cQuer\u00eda matarse, pero alguien se &nbsp;le acerc\u00f3 le &nbsp;dijo, ven conmigo a la iglesia y al entrar escucho la voz de Dios y ese amor inicio a transformarla, al reconocer que hab\u00eda vuelto a su casa\u201d.<\/p>\n\n\n\n<p>Dios lo que quer\u00eda con esta chica no era que ingresara al ej\u00e9rcito, no.&nbsp; Dios quer\u00eda renovar su vida y al llegar a la iglesia sanar su coraz\u00f3n.<\/p>\n\n\n\n<p><strong>\u00bfMayor, &nbsp;los soldados que usted prepara salen con un M-16 en la mano y con un conocimiento de la palabra en su coraz\u00f3n?<\/strong><\/p>\n\n\n\n<p>\u201cYo quiero darle al mundo a conocer que nosotros no matamos, nosotros defendemos la libertad\u201d.<\/p>\n\n\n\n<p>As\u00ed tambi\u00e9n afirma, \u201cyo no tengo la intenci\u00f3n de herir a una persona, pero voy a defender aquello que Dios puso al frente de m\u00ed\u201d.<\/p>\n\n\n\n<p>Los capellanes durante el combate y en todo momento no portan armas, sino que cuentan con un escudero que los defiende, un asistente que les libra contra las balas.<\/p>\n\n\n\n<figure class=\"wp-block-image size-large\"><img decoding=\"async\" loading=\"lazy\" width=\"1024\" height=\"582\" src=\"https:\/\/laprensacristiana.com\/wp-content\/uploads\/2024\/06\/WhatsApp-Image-2024-06-12-at-11.20.22-AM-1-1024x582.jpeg\" alt=\"\" class=\"wp-image-17345\" srcset=\"https:\/\/laprensacristiana.com\/wp-content\/uploads\/2024\/06\/WhatsApp-Image-2024-06-12-at-11.20.22-AM-1-1024x582.jpeg 1024w, https:\/\/laprensacristiana.com\/wp-content\/uploads\/2024\/06\/WhatsApp-Image-2024-06-12-at-11.20.22-AM-1-300x170.jpeg 300w, https:\/\/laprensacristiana.com\/wp-content\/uploads\/2024\/06\/WhatsApp-Image-2024-06-12-at-11.20.22-AM-1-768x436.jpeg 768w, https:\/\/laprensacristiana.com\/wp-content\/uploads\/2024\/06\/WhatsApp-Image-2024-06-12-at-11.20.22-AM-1-1536x873.jpeg 1536w, https:\/\/laprensacristiana.com\/wp-content\/uploads\/2024\/06\/WhatsApp-Image-2024-06-12-at-11.20.22-AM-1-696x395.jpeg 696w, https:\/\/laprensacristiana.com\/wp-content\/uploads\/2024\/06\/WhatsApp-Image-2024-06-12-at-11.20.22-AM-1-1068x607.jpeg 1068w, https:\/\/laprensacristiana.com\/wp-content\/uploads\/2024\/06\/WhatsApp-Image-2024-06-12-at-11.20.22-AM-1-600x341.jpeg 600w, https:\/\/laprensacristiana.com\/wp-content\/uploads\/2024\/06\/WhatsApp-Image-2024-06-12-at-11.20.22-AM-1.jpeg 1600w\" sizes=\"(max-width: 1024px) 100vw, 1024px\" \/><\/figure>\n","protected":false},"excerpt":{"rendered":"<p>Por: Edwin G\u00f3ngora Los Capellanes Militares tienen &nbsp;su origen a mediados de los a\u00f1os trescientos, despu\u00e9s de Cristo, cuando, el oficial Martin Tour vive una experiencia que lo inmortalizar\u00eda.&nbsp; Al Encontrarse con un indigente que ped\u00eda limosna, Martin no contaba con algo para ayudarle, por lo que&nbsp; de su&nbsp; gran capa que usaba como militar, [&hellip;]<\/p>\n","protected":false},"author":3,"featured_media":17340,"comment_status":"open","ping_status":"open","sticky":false,"template":"","format":"standard","meta":[],"categories":[56],"tags":[],"yoast_head":"<!-- This site is optimized with the Yoast SEO plugin v20.8 - https:\/\/yoast.com\/wordpress\/plugins\/seo\/ -->\n<title>Historia de Capellanes, su labor evangelizadora desde el ej\u00e9rcito. - La Prensa Cristiana<\/title>\n<meta name=\"robots\" content=\"index, follow, max-snippet:-1, max-image-preview:large, max-video-preview:-1\" \/>\n<link rel=\"canonical\" href=\"https:\/\/laprensacristiana.com\/?p=17339\" \/>\n<meta property=\"og:locale\" content=\"es_ES\" \/>\n<meta property=\"og:type\" content=\"article\" \/>\n<meta property=\"og:title\" content=\"Historia de Capellanes, su labor evangelizadora desde el ej\u00e9rcito. - La Prensa Cristiana\" \/>\n<meta property=\"og:description\" content=\"Por: Edwin G\u00f3ngora Los Capellanes Militares tienen &nbsp;su origen a mediados de los a\u00f1os trescientos, despu\u00e9s de Cristo, cuando, el oficial Martin Tour vive una experiencia que lo inmortalizar\u00eda.&nbsp; Al Encontrarse con un indigente que ped\u00eda limosna, Martin no contaba con algo para ayudarle, por lo que&nbsp; de su&nbsp; gran capa que usaba como militar, [&hellip;]\" \/>\n<meta property=\"og:url\" content=\"https:\/\/laprensacristiana.com\/?p=17339\" \/>\n<meta property=\"og:site_name\" content=\"La Prensa Cristiana\" \/>\n<meta property=\"article:published_time\" content=\"2024-06-12T17:49:17+00:00\" \/>\n<meta property=\"article:modified_time\" content=\"2024-06-12T18:31:54+00:00\" \/>\n<meta property=\"og:image\" content=\"https:\/\/laprensacristiana.com\/wp-content\/uploads\/2024\/06\/WhatsApp-Image-2024-06-12-at-11.24.17-AM-1.jpeg\" \/>\n\t<meta property=\"og:image:width\" content=\"997\" \/>\n\t<meta property=\"og:image:height\" content=\"669\" \/>\n\t<meta property=\"og:image:type\" content=\"image\/jpeg\" \/>\n<meta name=\"author\" content=\"EDITOR\" \/>\n<meta name=\"twitter:card\" content=\"summary_large_image\" \/>\n<meta name=\"twitter:label1\" content=\"Escrito por\" \/>\n\t<meta name=\"twitter:data1\" content=\"EDITOR\" \/>\n\t<meta name=\"twitter:label2\" content=\"Tiempo de lectura\" \/>\n\t<meta name=\"twitter:data2\" content=\"7 minutos\" \/>\n<script type=\"application\/ld+json\" class=\"yoast-schema-graph\">{\"@context\":\"https:\/\/schema.org\",\"@graph\":[{\"@type\":\"WebPage\",\"@id\":\"https:\/\/laprensacristiana.com\/?p=17339\",\"url\":\"https:\/\/laprensacristiana.com\/?p=17339\",\"name\":\"Historia de Capellanes, su labor evangelizadora desde el ej\u00e9rcito. - La Prensa Cristiana\",\"isPartOf\":{\"@id\":\"https:\/\/laprensacristiana.com\/#website\"},\"datePublished\":\"2024-06-12T17:49:17+00:00\",\"dateModified\":\"2024-06-12T18:31:54+00:00\",\"author\":{\"@id\":\"https:\/\/laprensacristiana.com\/#\/schema\/person\/3e7d82c6bfd6b1fa67010f8f7cd5256e\"},\"breadcrumb\":{\"@id\":\"https:\/\/laprensacristiana.com\/?p=17339#breadcrumb\"},\"inLanguage\":\"es\",\"potentialAction\":[{\"@type\":\"ReadAction\",\"target\":[\"https:\/\/laprensacristiana.com\/?p=17339\"]}]},{\"@type\":\"BreadcrumbList\",\"@id\":\"https:\/\/laprensacristiana.com\/?p=17339#breadcrumb\",\"itemListElement\":[{\"@type\":\"ListItem\",\"position\":1,\"name\":\"Portada\",\"item\":\"https:\/\/laprensacristiana.com\/\"},{\"@type\":\"ListItem\",\"position\":2,\"name\":\"Historia de Capellanes, su labor evangelizadora desde el ej\u00e9rcito.\"}]},{\"@type\":\"WebSite\",\"@id\":\"https:\/\/laprensacristiana.com\/#website\",\"url\":\"https:\/\/laprensacristiana.com\/\",\"name\":\"La Prensa Cristiana\",\"description\":\"Anunciando Las Buenas Nuevas\",\"potentialAction\":[{\"@type\":\"SearchAction\",\"target\":{\"@type\":\"EntryPoint\",\"urlTemplate\":\"https:\/\/laprensacristiana.com\/?s={search_term_string}\"},\"query-input\":\"required name=search_term_string\"}],\"inLanguage\":\"es\"},{\"@type\":\"Person\",\"@id\":\"https:\/\/laprensacristiana.com\/#\/schema\/person\/3e7d82c6bfd6b1fa67010f8f7cd5256e\",\"name\":\"EDITOR\",\"image\":{\"@type\":\"ImageObject\",\"inLanguage\":\"es\",\"@id\":\"https:\/\/laprensacristiana.com\/#\/schema\/person\/image\/\",\"url\":\"https:\/\/secure.gravatar.com\/avatar\/72069dfb6c13772d9e8381e3638666d2?s=96&d=mm&r=g\",\"contentUrl\":\"https:\/\/secure.gravatar.com\/avatar\/72069dfb6c13772d9e8381e3638666d2?s=96&d=mm&r=g\",\"caption\":\"EDITOR\"},\"url\":\"https:\/\/laprensacristiana.com\/?author=3\"}]}<\/script>\n<!-- \/ Yoast SEO plugin. -->","yoast_head_json":{"title":"Historia de Capellanes, su labor evangelizadora desde el ej\u00e9rcito. - La Prensa Cristiana","robots":{"index":"index","follow":"follow","max-snippet":"max-snippet:-1","max-image-preview":"max-image-preview:large","max-video-preview":"max-video-preview:-1"},"canonical":"https:\/\/laprensacristiana.com\/?p=17339","og_locale":"es_ES","og_type":"article","og_title":"Historia de Capellanes, su labor evangelizadora desde el ej\u00e9rcito. - La Prensa Cristiana","og_description":"Por: Edwin G\u00f3ngora Los Capellanes Militares tienen &nbsp;su origen a mediados de los a\u00f1os trescientos, despu\u00e9s de Cristo, cuando, el oficial Martin Tour vive una experiencia que lo inmortalizar\u00eda.&nbsp; Al Encontrarse con un indigente que ped\u00eda limosna, Martin no contaba con algo para ayudarle, por lo que&nbsp; de su&nbsp; gran capa que usaba como militar, [&hellip;]","og_url":"https:\/\/laprensacristiana.com\/?p=17339","og_site_name":"La Prensa Cristiana","article_published_time":"2024-06-12T17:49:17+00:00","article_modified_time":"2024-06-12T18:31:54+00:00","og_image":[{"width":997,"height":669,"url":"https:\/\/laprensacristiana.com\/wp-content\/uploads\/2024\/06\/WhatsApp-Image-2024-06-12-at-11.24.17-AM-1.jpeg","type":"image\/jpeg"}],"author":"EDITOR","twitter_card":"summary_large_image","twitter_misc":{"Escrito por":"EDITOR","Tiempo de lectura":"7 minutos"},"schema":{"@context":"https:\/\/schema.org","@graph":[{"@type":"WebPage","@id":"https:\/\/laprensacristiana.com\/?p=17339","url":"https:\/\/laprensacristiana.com\/?p=17339","name":"Historia de Capellanes, su labor evangelizadora desde el ej\u00e9rcito. - La Prensa Cristiana","isPartOf":{"@id":"https:\/\/laprensacristiana.com\/#website"},"datePublished":"2024-06-12T17:49:17+00:00","dateModified":"2024-06-12T18:31:54+00:00","author":{"@id":"https:\/\/laprensacristiana.com\/#\/schema\/person\/3e7d82c6bfd6b1fa67010f8f7cd5256e"},"breadcrumb":{"@id":"https:\/\/laprensacristiana.com\/?p=17339#breadcrumb"},"inLanguage":"es","potentialAction":[{"@type":"ReadAction","target":["https:\/\/laprensacristiana.com\/?p=17339"]}]},{"@type":"BreadcrumbList","@id":"https:\/\/laprensacristiana.com\/?p=17339#breadcrumb","itemListElement":[{"@type":"ListItem","position":1,"name":"Portada","item":"https:\/\/laprensacristiana.com\/"},{"@type":"ListItem","position":2,"name":"Historia de Capellanes, su labor evangelizadora desde el ej\u00e9rcito."}]},{"@type":"WebSite","@id":"https:\/\/laprensacristiana.com\/#website","url":"https:\/\/laprensacristiana.com\/","name":"La Prensa Cristiana","description":"Anunciando Las Buenas Nuevas","potentialAction":[{"@type":"SearchAction","target":{"@type":"EntryPoint","urlTemplate":"https:\/\/laprensacristiana.com\/?s={search_term_string}"},"query-input":"required name=search_term_string"}],"inLanguage":"es"},{"@type":"Person","@id":"https:\/\/laprensacristiana.com\/#\/schema\/person\/3e7d82c6bfd6b1fa67010f8f7cd5256e","name":"EDITOR","image":{"@type":"ImageObject","inLanguage":"es","@id":"https:\/\/laprensacristiana.com\/#\/schema\/person\/image\/","url":"https:\/\/secure.gravatar.com\/avatar\/72069dfb6c13772d9e8381e3638666d2?s=96&d=mm&r=g","contentUrl":"https:\/\/secure.gravatar.com\/avatar\/72069dfb6c13772d9e8381e3638666d2?s=96&d=mm&r=g","caption":"EDITOR"},"url":"https:\/\/laprensacristiana.com\/?author=3"}]}},"_links":{"self":[{"href":"https:\/\/laprensacristiana.com\/index.php?rest_route=\/wp\/v2\/posts\/17339"}],"collection":[{"href":"https:\/\/laprensacristiana.com\/index.php?rest_route=\/wp\/v2\/posts"}],"about":[{"href":"https:\/\/laprensacristiana.com\/index.php?rest_route=\/wp\/v2\/types\/post"}],"author":[{"embeddable":true,"href":"https:\/\/laprensacristiana.com\/index.php?rest_route=\/wp\/v2\/users\/3"}],"replies":[{"embeddable":true,"href":"https:\/\/laprensacristiana.com\/index.php?rest_route=%2Fwp%2Fv2%2Fcomments&post=17339"}],"version-history":[{"count":3,"href":"https:\/\/laprensacristiana.com\/index.php?rest_route=\/wp\/v2\/posts\/17339\/revisions"}],"predecessor-version":[{"id":17349,"href":"https:\/\/laprensacristiana.com\/index.php?rest_route=\/wp\/v2\/posts\/17339\/revisions\/17349"}],"wp:featuredmedia":[{"embeddable":true,"href":"https:\/\/laprensacristiana.com\/index.php?rest_route=\/wp\/v2\/media\/17340"}],"wp:attachment":[{"href":"https:\/\/laprensacristiana.com\/index.php?rest_route=%2Fwp%2Fv2%2Fmedia&parent=17339"}],"wp:term":[{"taxonomy":"category","embeddable":true,"href":"https:\/\/laprensacristiana.com\/index.php?rest_route=%2Fwp%2Fv2%2Fcategories&post=17339"},{"taxonomy":"post_tag","embeddable":true,"href":"https:\/\/laprensacristiana.com\/index.php?rest_route=%2Fwp%2Fv2%2Ftags&post=17339"}],"curies":[{"name":"wp","href":"https:\/\/api.w.org\/{rel}","templated":true}]}}