{"id":17350,"date":"2024-06-12T22:39:45","date_gmt":"2024-06-12T22:39:45","guid":{"rendered":"https:\/\/laprensacristiana.com\/?p=17350"},"modified":"2024-06-12T22:39:46","modified_gmt":"2024-06-12T22:39:46","slug":"alumnos-del-instituto-biblico-bethel-central-realizan-concentracion-de-evangelismo-en-el-salvador-del-mundo","status":"publish","type":"post","link":"https:\/\/laprensacristiana.com\/?p=17350","title":{"rendered":"Alumnos del Instituto B\u00edblico Bethel Central, realizan Concentraci\u00f3n de \u00a0Evangelismo en El Salvador del Mundo."},"content":{"rendered":"\n<p>Por: Edwin G\u00f3ngora <\/p>\n\n\n\n<p>La actividad fue parte de la capacitaci\u00f3n &nbsp;que reciben&nbsp; los estudiantes del Instituto B\u00edblico Bethel, de tal manera poner en pr\u00e1ctica lo aprendido a la fecha.<\/p>\n\n\n\n<p>Desde las dos treinta de la tarde y por espacio de cuatro horas, el pasado tres de julio unos veinte estudiantes se mantuvieron en los alrededores de la Plaza El Salvador del Mundo, y con mensajes plasmados en r\u00f3tulos, globos y haciendo escuchar su voz &nbsp;por medio de meg\u00e1fonos proclamaron la palabra de Dios.<\/p>\n\n\n\n<p>El pastor Uri Abimael Mej\u00eda fue uno de los alumnos que participo en esta concentraci\u00f3n de evangelismo y asegur\u00f3 a La Prensa Cristiana que si bien la actividad se dio en un contexto acad\u00e9mico, el grupo de alumnos lo tomo como un reto, ya que la mayor\u00eda ejercen el pastorado o son&nbsp; evangelistas.<\/p>\n\n\n\n<p>Incluso mencion\u00f3 que algunos otros de sus compa\u00f1eros a\u00fan no hab\u00edan experimentado salir de las cuatro paredes de la iglesia &nbsp;y presentar el plan de salvaci\u00f3n &nbsp;a las personas.<\/p>\n\n\n\n<p>En el lugar utilizaron diferentes estrategias, de tal manera llamar la atenci\u00f3n de los transe\u00fantes o de quienes se conduc\u00edan sus veh\u00edculos.<\/p>\n\n\n\n<figure class=\"wp-block-image size-large\"><img decoding=\"async\" loading=\"lazy\" width=\"768\" height=\"1024\" src=\"https:\/\/laprensacristiana.com\/wp-content\/uploads\/2024\/06\/WhatsApp-Image-2024-06-12-at-10.12.03-AM-1-768x1024.jpeg\" alt=\"\" class=\"wp-image-17352\" srcset=\"https:\/\/laprensacristiana.com\/wp-content\/uploads\/2024\/06\/WhatsApp-Image-2024-06-12-at-10.12.03-AM-1-768x1024.jpeg 768w, https:\/\/laprensacristiana.com\/wp-content\/uploads\/2024\/06\/WhatsApp-Image-2024-06-12-at-10.12.03-AM-1-225x300.jpeg 225w, https:\/\/laprensacristiana.com\/wp-content\/uploads\/2024\/06\/WhatsApp-Image-2024-06-12-at-10.12.03-AM-1-1152x1536.jpeg 1152w, https:\/\/laprensacristiana.com\/wp-content\/uploads\/2024\/06\/WhatsApp-Image-2024-06-12-at-10.12.03-AM-1-696x928.jpeg 696w, https:\/\/laprensacristiana.com\/wp-content\/uploads\/2024\/06\/WhatsApp-Image-2024-06-12-at-10.12.03-AM-1-1068x1424.jpeg 1068w, https:\/\/laprensacristiana.com\/wp-content\/uploads\/2024\/06\/WhatsApp-Image-2024-06-12-at-10.12.03-AM-1-600x800.jpeg 600w, https:\/\/laprensacristiana.com\/wp-content\/uploads\/2024\/06\/WhatsApp-Image-2024-06-12-at-10.12.03-AM-1.jpeg 1200w\" sizes=\"(max-width: 768px) 100vw, 768px\" \/><\/figure>\n\n\n\n<p>\u201cPita si crees en Jes\u00fas\u201d, \u201ccuando estas triste, lloras u oras\u201d, &nbsp;\u201coraciones gratis\u201d, \u201cque llena el vaci\u00f3 de tu coraz\u00f3n\u201d, fueron algunas de las frases utilizadas para acercarse a las personas.<\/p>\n\n\n\n<p>As\u00ed tambi\u00e9n explica el pastor Abimael Mej\u00eda que durante la actividad utilizaron meg\u00e1fonos de tal manera el mensaje fuera escuchado. Mecanismo que s\u00ed funciono, ya que varias personas inquietas por lo escuchado se acercaron para conocer m\u00e1s de lo que estaban hablando.<\/p>\n\n\n\n<p>&nbsp;\u201cMuchas veces cuando uno predica el evangelio en las plazas, mercados y v\u00edas p\u00fablicas la gente lo rechaza, pero en esta caso no fue as\u00ed y durante el tiempo que nos mantuvimos logramos captar la atenci\u00f3n de quienes transitaban por el lugar.<\/p>\n\n\n\n<p>\u201cYo creo que estamos en un tiempo en el que las personas adultas ya saben que es el evangelio, incluso existe un alto porcentaje de personas que ya han sido cristianas pero se alejaron, &nbsp;peri si reconoc\u00edan de lo que se les est\u00e1 hablando, asegura el pastor Mej\u00eda.<\/p>\n\n\n\n<p>Lo bueno de todo esto comenta es que a diferencia de otros momentos ya no son objeto de maltrato de parte de la gente y quien no acepta el mensaje lo ignora y pasan de largo.<\/p>\n\n\n\n<p>Si lo medimos en porcentaje, podemos decir que la gente est\u00e1 m\u00e1s receptiva de lo que uno pueda compartirles.<\/p>\n\n\n\n<figure class=\"wp-block-image size-large\"><img decoding=\"async\" loading=\"lazy\" width=\"596\" height=\"1024\" src=\"https:\/\/laprensacristiana.com\/wp-content\/uploads\/2024\/06\/WhatsApp-Image-2024-06-12-at-10.12.02-AM-1-596x1024.jpeg\" alt=\"\" class=\"wp-image-17353\" srcset=\"https:\/\/laprensacristiana.com\/wp-content\/uploads\/2024\/06\/WhatsApp-Image-2024-06-12-at-10.12.02-AM-1-596x1024.jpeg 596w, https:\/\/laprensacristiana.com\/wp-content\/uploads\/2024\/06\/WhatsApp-Image-2024-06-12-at-10.12.02-AM-1-175x300.jpeg 175w, https:\/\/laprensacristiana.com\/wp-content\/uploads\/2024\/06\/WhatsApp-Image-2024-06-12-at-10.12.02-AM-1-768x1318.jpeg 768w, https:\/\/laprensacristiana.com\/wp-content\/uploads\/2024\/06\/WhatsApp-Image-2024-06-12-at-10.12.02-AM-1-895x1536.jpeg 895w, https:\/\/laprensacristiana.com\/wp-content\/uploads\/2024\/06\/WhatsApp-Image-2024-06-12-at-10.12.02-AM-1-696x1195.jpeg 696w, https:\/\/laprensacristiana.com\/wp-content\/uploads\/2024\/06\/WhatsApp-Image-2024-06-12-at-10.12.02-AM-1-600x1030.jpeg 600w, https:\/\/laprensacristiana.com\/wp-content\/uploads\/2024\/06\/WhatsApp-Image-2024-06-12-at-10.12.02-AM-1.jpeg 932w\" sizes=\"(max-width: 596px) 100vw, 596px\" \/><\/figure>\n\n\n\n<p>Durante la actividad varias almas fueron ganadas y otras m\u00e1s reconciliaron.<\/p>\n\n\n\n<p>Sin embargo en medio de todo esto existe un reto mayor, ya que a juicio del pastor las nuevas generaciones no acaban de entender que sucede, por lo que actividades como estas deben ser m\u00e1s frecuentes y hablarles de quien fue Jes\u00fas, lo que hizo en la tierra y de lo que ocurre en nuestra vida si lo aceptamos como nuestro \u00fanico salvador.<\/p>\n\n\n\n<p>\u201cNuestra misi\u00f3n es la de llevar el evangelio a todas los rincones de la tierra\u201d, afirma el pastor, e incluso hace referencia &nbsp;lo que apunta Romanos 10 en su vers\u00edculo 14: &nbsp;<\/p>\n\n\n\n<p>\u00bf\u201dC\u00f3mo, pues, invocar\u00e1n a aquel en quien no han cre\u00eddo? \u00bfY c\u00f3mo creer\u00e1n en aquel de quien no han o\u00eddo? \u00bfY c\u00f3mo oir\u00e1n sin haber quien les predique\u201d?<\/p>\n\n\n\n<p>Por esto es necesario salir de las cuatro paredes de la iglesia e ir a predicar de manera continua a las personas que van &nbsp;en el bus, caminando o se encuentran en alg\u00fan lugar con dificultades, de tal manera presentarles una palabra de Dios y su plan de salvaci\u00f3n.<\/p>\n\n\n\n<p>Ya no podemos esperar en la iglesia que la gente llegue y por el contrario es obligaci\u00f3n de nosotros salir de forma consecutiva a predicar.<\/p>\n\n\n\n<p>Esta actividad hizo poner m\u00e1s atenci\u00f3n al pastor Uri Abimael Mej\u00eda en los mecanismos evangelizadores que se deben realizar realizan y aclara que \u201cpredicar en las calles no es ir a gritar, tomar un micr\u00f3fono y reprender a la gente, no se trata de eso\u201d, asegura.<\/p>\n\n\n\n<figure class=\"wp-block-gallery has-nested-images columns-default is-cropped wp-block-gallery-1 is-layout-flex\">\n<figure class=\"wp-block-image size-large\"><img decoding=\"async\" loading=\"lazy\" width=\"666\" height=\"1024\" data-id=\"17354\"  src=\"https:\/\/laprensacristiana.com\/wp-content\/uploads\/2024\/06\/WhatsApp-Image-2024-06-12-at-10.12.02-AM-2-666x1024.jpeg\" alt=\"\" class=\"wp-image-17354\" srcset=\"https:\/\/laprensacristiana.com\/wp-content\/uploads\/2024\/06\/WhatsApp-Image-2024-06-12-at-10.12.02-AM-2-666x1024.jpeg 666w, https:\/\/laprensacristiana.com\/wp-content\/uploads\/2024\/06\/WhatsApp-Image-2024-06-12-at-10.12.02-AM-2-195x300.jpeg 195w, https:\/\/laprensacristiana.com\/wp-content\/uploads\/2024\/06\/WhatsApp-Image-2024-06-12-at-10.12.02-AM-2-768x1180.jpeg 768w, https:\/\/laprensacristiana.com\/wp-content\/uploads\/2024\/06\/WhatsApp-Image-2024-06-12-at-10.12.02-AM-2-999x1536.jpeg 999w, https:\/\/laprensacristiana.com\/wp-content\/uploads\/2024\/06\/WhatsApp-Image-2024-06-12-at-10.12.02-AM-2-696x1070.jpeg 696w, https:\/\/laprensacristiana.com\/wp-content\/uploads\/2024\/06\/WhatsApp-Image-2024-06-12-at-10.12.02-AM-2-600x922.jpeg 600w, https:\/\/laprensacristiana.com\/wp-content\/uploads\/2024\/06\/WhatsApp-Image-2024-06-12-at-10.12.02-AM-2.jpeg 1041w\" sizes=\"(max-width: 666px) 100vw, 666px\" \/><\/figure>\n\n\n\n<figure class=\"wp-block-image size-large\"><img decoding=\"async\" loading=\"lazy\" width=\"768\" height=\"1024\" data-id=\"17357\"  src=\"https:\/\/laprensacristiana.com\/wp-content\/uploads\/2024\/06\/WhatsApp-Image-2024-06-12-at-10.12.02-AM-3-768x1024.jpeg\" alt=\"\" class=\"wp-image-17357\" srcset=\"https:\/\/laprensacristiana.com\/wp-content\/uploads\/2024\/06\/WhatsApp-Image-2024-06-12-at-10.12.02-AM-3-768x1024.jpeg 768w, https:\/\/laprensacristiana.com\/wp-content\/uploads\/2024\/06\/WhatsApp-Image-2024-06-12-at-10.12.02-AM-3-225x300.jpeg 225w, https:\/\/laprensacristiana.com\/wp-content\/uploads\/2024\/06\/WhatsApp-Image-2024-06-12-at-10.12.02-AM-3-1152x1536.jpeg 1152w, https:\/\/laprensacristiana.com\/wp-content\/uploads\/2024\/06\/WhatsApp-Image-2024-06-12-at-10.12.02-AM-3-696x928.jpeg 696w, https:\/\/laprensacristiana.com\/wp-content\/uploads\/2024\/06\/WhatsApp-Image-2024-06-12-at-10.12.02-AM-3-1068x1424.jpeg 1068w, https:\/\/laprensacristiana.com\/wp-content\/uploads\/2024\/06\/WhatsApp-Image-2024-06-12-at-10.12.02-AM-3-600x800.jpeg 600w, https:\/\/laprensacristiana.com\/wp-content\/uploads\/2024\/06\/WhatsApp-Image-2024-06-12-at-10.12.02-AM-3.jpeg 1200w\" sizes=\"(max-width: 768px) 100vw, 768px\" \/><\/figure>\n\n\n\n<figure class=\"wp-block-image size-large\"><img decoding=\"async\" loading=\"lazy\" width=\"768\" height=\"1024\" data-id=\"17355\"  src=\"https:\/\/laprensacristiana.com\/wp-content\/uploads\/2024\/06\/WhatsApp-Image-2024-06-12-at-10.12.02-AM-4-768x1024.jpeg\" alt=\"\" class=\"wp-image-17355\" srcset=\"https:\/\/laprensacristiana.com\/wp-content\/uploads\/2024\/06\/WhatsApp-Image-2024-06-12-at-10.12.02-AM-4-768x1024.jpeg 768w, https:\/\/laprensacristiana.com\/wp-content\/uploads\/2024\/06\/WhatsApp-Image-2024-06-12-at-10.12.02-AM-4-225x300.jpeg 225w, https:\/\/laprensacristiana.com\/wp-content\/uploads\/2024\/06\/WhatsApp-Image-2024-06-12-at-10.12.02-AM-4-1152x1536.jpeg 1152w, https:\/\/laprensacristiana.com\/wp-content\/uploads\/2024\/06\/WhatsApp-Image-2024-06-12-at-10.12.02-AM-4-696x928.jpeg 696w, https:\/\/laprensacristiana.com\/wp-content\/uploads\/2024\/06\/WhatsApp-Image-2024-06-12-at-10.12.02-AM-4-1068x1424.jpeg 1068w, https:\/\/laprensacristiana.com\/wp-content\/uploads\/2024\/06\/WhatsApp-Image-2024-06-12-at-10.12.02-AM-4-600x800.jpeg 600w, https:\/\/laprensacristiana.com\/wp-content\/uploads\/2024\/06\/WhatsApp-Image-2024-06-12-at-10.12.02-AM-4.jpeg 1200w\" sizes=\"(max-width: 768px) 100vw, 768px\" \/><\/figure>\n\n\n\n<figure class=\"wp-block-image size-large\"><img decoding=\"async\" loading=\"lazy\" width=\"672\" height=\"1024\" data-id=\"17358\"  src=\"https:\/\/laprensacristiana.com\/wp-content\/uploads\/2024\/06\/WhatsApp-Image-2024-06-12-at-10.12.02-AM-672x1024.jpeg\" alt=\"\" class=\"wp-image-17358\" srcset=\"https:\/\/laprensacristiana.com\/wp-content\/uploads\/2024\/06\/WhatsApp-Image-2024-06-12-at-10.12.02-AM-672x1024.jpeg 672w, https:\/\/laprensacristiana.com\/wp-content\/uploads\/2024\/06\/WhatsApp-Image-2024-06-12-at-10.12.02-AM-197x300.jpeg 197w, https:\/\/laprensacristiana.com\/wp-content\/uploads\/2024\/06\/WhatsApp-Image-2024-06-12-at-10.12.02-AM-768x1170.jpeg 768w, https:\/\/laprensacristiana.com\/wp-content\/uploads\/2024\/06\/WhatsApp-Image-2024-06-12-at-10.12.02-AM-1008x1536.jpeg 1008w, https:\/\/laprensacristiana.com\/wp-content\/uploads\/2024\/06\/WhatsApp-Image-2024-06-12-at-10.12.02-AM-696x1061.jpeg 696w, https:\/\/laprensacristiana.com\/wp-content\/uploads\/2024\/06\/WhatsApp-Image-2024-06-12-at-10.12.02-AM-600x914.jpeg 600w, https:\/\/laprensacristiana.com\/wp-content\/uploads\/2024\/06\/WhatsApp-Image-2024-06-12-at-10.12.02-AM.jpeg 1050w\" sizes=\"(max-width: 672px) 100vw, 672px\" \/><\/figure>\n\n\n\n<figure class=\"wp-block-image size-large\"><img decoding=\"async\" loading=\"lazy\" width=\"768\" height=\"1024\" data-id=\"17360\"  src=\"https:\/\/laprensacristiana.com\/wp-content\/uploads\/2024\/06\/WhatsApp-Image-2024-06-12-at-10.12.03-AM-2-768x1024.jpeg\" alt=\"\" class=\"wp-image-17360\" srcset=\"https:\/\/laprensacristiana.com\/wp-content\/uploads\/2024\/06\/WhatsApp-Image-2024-06-12-at-10.12.03-AM-2-768x1024.jpeg 768w, https:\/\/laprensacristiana.com\/wp-content\/uploads\/2024\/06\/WhatsApp-Image-2024-06-12-at-10.12.03-AM-2-225x300.jpeg 225w, https:\/\/laprensacristiana.com\/wp-content\/uploads\/2024\/06\/WhatsApp-Image-2024-06-12-at-10.12.03-AM-2-1152x1536.jpeg 1152w, https:\/\/laprensacristiana.com\/wp-content\/uploads\/2024\/06\/WhatsApp-Image-2024-06-12-at-10.12.03-AM-2-696x928.jpeg 696w, https:\/\/laprensacristiana.com\/wp-content\/uploads\/2024\/06\/WhatsApp-Image-2024-06-12-at-10.12.03-AM-2-1068x1424.jpeg 1068w, https:\/\/laprensacristiana.com\/wp-content\/uploads\/2024\/06\/WhatsApp-Image-2024-06-12-at-10.12.03-AM-2-600x800.jpeg 600w, https:\/\/laprensacristiana.com\/wp-content\/uploads\/2024\/06\/WhatsApp-Image-2024-06-12-at-10.12.03-AM-2.jpeg 1200w\" sizes=\"(max-width: 768px) 100vw, 768px\" \/><\/figure>\n<\/figure>\n\n\n\n<p>De lo que se trata es poder demostrar el amor de Dios de lo que estamos predicando y si tenemos la oportunidad de hablar con la gente, aun sin no tener mucho tiempo, pero con solo el hecho de decirle \u201cel se\u00f1or te ama y te est\u00e1 esperando\u201d creo que es una ganancia muy &nbsp;grande, por lo que es necesario que lo hagamos.<\/p>\n\n\n\n<p>Con relaci\u00f3n a la tarea, no dudamos que &nbsp;los alumnos obtendr\u00e1n una buena calificaci\u00f3n por sus buenos resultados.&nbsp; Felicidades!<\/p>\n","protected":false},"excerpt":{"rendered":"<p>Por: Edwin G\u00f3ngora La actividad fue parte de la capacitaci\u00f3n &nbsp;que reciben&nbsp; los estudiantes del Instituto B\u00edblico Bethel, de tal manera poner en pr\u00e1ctica lo aprendido a la fecha. Desde las dos treinta de la tarde y por espacio de cuatro horas, el pasado tres de julio unos veinte estudiantes se mantuvieron en los alrededores [&hellip;]<\/p>\n","protected":false},"author":3,"featured_media":17351,"comment_status":"open","ping_status":"open","sticky":false,"template":"","format":"standard","meta":[],"categories":[56],"tags":[],"yoast_head":"<!-- This site is optimized with the Yoast SEO plugin v20.8 - https:\/\/yoast.com\/wordpress\/plugins\/seo\/ -->\n<title>Alumnos del Instituto B\u00edblico Bethel Central, realizan Concentraci\u00f3n de \u00a0Evangelismo en El Salvador del Mundo. - La Prensa Cristiana<\/title>\n<meta name=\"robots\" content=\"index, follow, max-snippet:-1, max-image-preview:large, max-video-preview:-1\" \/>\n<link rel=\"canonical\" href=\"https:\/\/laprensacristiana.com\/?p=17350\" \/>\n<meta property=\"og:locale\" content=\"es_ES\" \/>\n<meta property=\"og:type\" content=\"article\" \/>\n<meta property=\"og:title\" content=\"Alumnos del Instituto B\u00edblico Bethel Central, realizan Concentraci\u00f3n de \u00a0Evangelismo en El Salvador del Mundo. - La Prensa Cristiana\" \/>\n<meta property=\"og:description\" content=\"Por: Edwin G\u00f3ngora La actividad fue parte de la capacitaci\u00f3n &nbsp;que reciben&nbsp; los estudiantes del Instituto B\u00edblico Bethel, de tal manera poner en pr\u00e1ctica lo aprendido a la fecha. Desde las dos treinta de la tarde y por espacio de cuatro horas, el pasado tres de julio unos veinte estudiantes se mantuvieron en los alrededores [&hellip;]\" \/>\n<meta property=\"og:url\" content=\"https:\/\/laprensacristiana.com\/?p=17350\" \/>\n<meta property=\"og:site_name\" content=\"La Prensa Cristiana\" \/>\n<meta property=\"article:published_time\" content=\"2024-06-12T22:39:45+00:00\" \/>\n<meta property=\"article:modified_time\" content=\"2024-06-12T22:39:46+00:00\" \/>\n<meta property=\"og:image\" content=\"https:\/\/laprensacristiana.com\/wp-content\/uploads\/2024\/06\/WhatsApp-Image-2024-06-12-at-10.12.02-AM-5.jpeg\" \/>\n\t<meta property=\"og:image:width\" content=\"1600\" \/>\n\t<meta property=\"og:image:height\" content=\"1200\" \/>\n\t<meta property=\"og:image:type\" content=\"image\/jpeg\" \/>\n<meta name=\"author\" content=\"EDITOR\" \/>\n<meta name=\"twitter:card\" content=\"summary_large_image\" \/>\n<meta name=\"twitter:label1\" content=\"Escrito por\" \/>\n\t<meta name=\"twitter:data1\" content=\"EDITOR\" \/>\n\t<meta name=\"twitter:label2\" content=\"Tiempo de lectura\" \/>\n\t<meta name=\"twitter:data2\" content=\"5 minutos\" \/>\n<script type=\"application\/ld+json\" class=\"yoast-schema-graph\">{\"@context\":\"https:\/\/schema.org\",\"@graph\":[{\"@type\":\"WebPage\",\"@id\":\"https:\/\/laprensacristiana.com\/?p=17350\",\"url\":\"https:\/\/laprensacristiana.com\/?p=17350\",\"name\":\"Alumnos del Instituto B\u00edblico Bethel Central, realizan Concentraci\u00f3n de \u00a0Evangelismo en El Salvador del Mundo. - La Prensa Cristiana\",\"isPartOf\":{\"@id\":\"https:\/\/laprensacristiana.com\/#website\"},\"datePublished\":\"2024-06-12T22:39:45+00:00\",\"dateModified\":\"2024-06-12T22:39:46+00:00\",\"author\":{\"@id\":\"https:\/\/laprensacristiana.com\/#\/schema\/person\/3e7d82c6bfd6b1fa67010f8f7cd5256e\"},\"breadcrumb\":{\"@id\":\"https:\/\/laprensacristiana.com\/?p=17350#breadcrumb\"},\"inLanguage\":\"es\",\"potentialAction\":[{\"@type\":\"ReadAction\",\"target\":[\"https:\/\/laprensacristiana.com\/?p=17350\"]}]},{\"@type\":\"BreadcrumbList\",\"@id\":\"https:\/\/laprensacristiana.com\/?p=17350#breadcrumb\",\"itemListElement\":[{\"@type\":\"ListItem\",\"position\":1,\"name\":\"Portada\",\"item\":\"https:\/\/laprensacristiana.com\/\"},{\"@type\":\"ListItem\",\"position\":2,\"name\":\"Alumnos del Instituto B\u00edblico Bethel Central, realizan Concentraci\u00f3n de \u00a0Evangelismo en El Salvador del Mundo.\"}]},{\"@type\":\"WebSite\",\"@id\":\"https:\/\/laprensacristiana.com\/#website\",\"url\":\"https:\/\/laprensacristiana.com\/\",\"name\":\"La Prensa Cristiana\",\"description\":\"Anunciando Las Buenas Nuevas\",\"potentialAction\":[{\"@type\":\"SearchAction\",\"target\":{\"@type\":\"EntryPoint\",\"urlTemplate\":\"https:\/\/laprensacristiana.com\/?s={search_term_string}\"},\"query-input\":\"required name=search_term_string\"}],\"inLanguage\":\"es\"},{\"@type\":\"Person\",\"@id\":\"https:\/\/laprensacristiana.com\/#\/schema\/person\/3e7d82c6bfd6b1fa67010f8f7cd5256e\",\"name\":\"EDITOR\",\"image\":{\"@type\":\"ImageObject\",\"inLanguage\":\"es\",\"@id\":\"https:\/\/laprensacristiana.com\/#\/schema\/person\/image\/\",\"url\":\"https:\/\/secure.gravatar.com\/avatar\/72069dfb6c13772d9e8381e3638666d2?s=96&d=mm&r=g\",\"contentUrl\":\"https:\/\/secure.gravatar.com\/avatar\/72069dfb6c13772d9e8381e3638666d2?s=96&d=mm&r=g\",\"caption\":\"EDITOR\"},\"url\":\"https:\/\/laprensacristiana.com\/?author=3\"}]}<\/script>\n<!-- \/ Yoast SEO plugin. -->","yoast_head_json":{"title":"Alumnos del Instituto B\u00edblico Bethel Central, realizan Concentraci\u00f3n de \u00a0Evangelismo en El Salvador del Mundo. - La Prensa Cristiana","robots":{"index":"index","follow":"follow","max-snippet":"max-snippet:-1","max-image-preview":"max-image-preview:large","max-video-preview":"max-video-preview:-1"},"canonical":"https:\/\/laprensacristiana.com\/?p=17350","og_locale":"es_ES","og_type":"article","og_title":"Alumnos del Instituto B\u00edblico Bethel Central, realizan Concentraci\u00f3n de \u00a0Evangelismo en El Salvador del Mundo. - La Prensa Cristiana","og_description":"Por: Edwin G\u00f3ngora La actividad fue parte de la capacitaci\u00f3n &nbsp;que reciben&nbsp; los estudiantes del Instituto B\u00edblico Bethel, de tal manera poner en pr\u00e1ctica lo aprendido a la fecha. Desde las dos treinta de la tarde y por espacio de cuatro horas, el pasado tres de julio unos veinte estudiantes se mantuvieron en los alrededores [&hellip;]","og_url":"https:\/\/laprensacristiana.com\/?p=17350","og_site_name":"La Prensa Cristiana","article_published_time":"2024-06-12T22:39:45+00:00","article_modified_time":"2024-06-12T22:39:46+00:00","og_image":[{"width":1600,"height":1200,"url":"https:\/\/laprensacristiana.com\/wp-content\/uploads\/2024\/06\/WhatsApp-Image-2024-06-12-at-10.12.02-AM-5.jpeg","type":"image\/jpeg"}],"author":"EDITOR","twitter_card":"summary_large_image","twitter_misc":{"Escrito por":"EDITOR","Tiempo de lectura":"5 minutos"},"schema":{"@context":"https:\/\/schema.org","@graph":[{"@type":"WebPage","@id":"https:\/\/laprensacristiana.com\/?p=17350","url":"https:\/\/laprensacristiana.com\/?p=17350","name":"Alumnos del Instituto B\u00edblico Bethel Central, realizan Concentraci\u00f3n de \u00a0Evangelismo en El Salvador del Mundo. - La Prensa Cristiana","isPartOf":{"@id":"https:\/\/laprensacristiana.com\/#website"},"datePublished":"2024-06-12T22:39:45+00:00","dateModified":"2024-06-12T22:39:46+00:00","author":{"@id":"https:\/\/laprensacristiana.com\/#\/schema\/person\/3e7d82c6bfd6b1fa67010f8f7cd5256e"},"breadcrumb":{"@id":"https:\/\/laprensacristiana.com\/?p=17350#breadcrumb"},"inLanguage":"es","potentialAction":[{"@type":"ReadAction","target":["https:\/\/laprensacristiana.com\/?p=17350"]}]},{"@type":"BreadcrumbList","@id":"https:\/\/laprensacristiana.com\/?p=17350#breadcrumb","itemListElement":[{"@type":"ListItem","position":1,"name":"Portada","item":"https:\/\/laprensacristiana.com\/"},{"@type":"ListItem","position":2,"name":"Alumnos del Instituto B\u00edblico Bethel Central, realizan Concentraci\u00f3n de \u00a0Evangelismo en El Salvador del Mundo."}]},{"@type":"WebSite","@id":"https:\/\/laprensacristiana.com\/#website","url":"https:\/\/laprensacristiana.com\/","name":"La Prensa Cristiana","description":"Anunciando Las Buenas Nuevas","potentialAction":[{"@type":"SearchAction","target":{"@type":"EntryPoint","urlTemplate":"https:\/\/laprensacristiana.com\/?s={search_term_string}"},"query-input":"required name=search_term_string"}],"inLanguage":"es"},{"@type":"Person","@id":"https:\/\/laprensacristiana.com\/#\/schema\/person\/3e7d82c6bfd6b1fa67010f8f7cd5256e","name":"EDITOR","image":{"@type":"ImageObject","inLanguage":"es","@id":"https:\/\/laprensacristiana.com\/#\/schema\/person\/image\/","url":"https:\/\/secure.gravatar.com\/avatar\/72069dfb6c13772d9e8381e3638666d2?s=96&d=mm&r=g","contentUrl":"https:\/\/secure.gravatar.com\/avatar\/72069dfb6c13772d9e8381e3638666d2?s=96&d=mm&r=g","caption":"EDITOR"},"url":"https:\/\/laprensacristiana.com\/?author=3"}]}},"_links":{"self":[{"href":"https:\/\/laprensacristiana.com\/index.php?rest_route=\/wp\/v2\/posts\/17350"}],"collection":[{"href":"https:\/\/laprensacristiana.com\/index.php?rest_route=\/wp\/v2\/posts"}],"about":[{"href":"https:\/\/laprensacristiana.com\/index.php?rest_route=\/wp\/v2\/types\/post"}],"author":[{"embeddable":true,"href":"https:\/\/laprensacristiana.com\/index.php?rest_route=\/wp\/v2\/users\/3"}],"replies":[{"embeddable":true,"href":"https:\/\/laprensacristiana.com\/index.php?rest_route=%2Fwp%2Fv2%2Fcomments&post=17350"}],"version-history":[{"count":1,"href":"https:\/\/laprensacristiana.com\/index.php?rest_route=\/wp\/v2\/posts\/17350\/revisions"}],"predecessor-version":[{"id":17361,"href":"https:\/\/laprensacristiana.com\/index.php?rest_route=\/wp\/v2\/posts\/17350\/revisions\/17361"}],"wp:featuredmedia":[{"embeddable":true,"href":"https:\/\/laprensacristiana.com\/index.php?rest_route=\/wp\/v2\/media\/17351"}],"wp:attachment":[{"href":"https:\/\/laprensacristiana.com\/index.php?rest_route=%2Fwp%2Fv2%2Fmedia&parent=17350"}],"wp:term":[{"taxonomy":"category","embeddable":true,"href":"https:\/\/laprensacristiana.com\/index.php?rest_route=%2Fwp%2Fv2%2Fcategories&post=17350"},{"taxonomy":"post_tag","embeddable":true,"href":"https:\/\/laprensacristiana.com\/index.php?rest_route=%2Fwp%2Fv2%2Ftags&post=17350"}],"curies":[{"name":"wp","href":"https:\/\/api.w.org\/{rel}","templated":true}]}}