{"id":17362,"date":"2024-06-13T19:55:59","date_gmt":"2024-06-13T19:55:59","guid":{"rendered":"https:\/\/laprensacristiana.com\/?p=17362"},"modified":"2024-06-14T21:14:28","modified_gmt":"2024-06-14T21:14:28","slug":"gabby-chacon-mi-escuela-de-musica-es-un-proyecto-de-fe","status":"publish","type":"post","link":"https:\/\/laprensacristiana.com\/?p=17362","title":{"rendered":"Gabby Chac\u00f3n: \u201cMi escuela de M\u00fasica es un Proyecto de Fe\u201d."},"content":{"rendered":"\n<p>Por: Edwin G\u00f3ngora <\/p>\n\n\n\n<p>\u00a1Cantar! Se dice f\u00e1cil, pero conquistar una voz excepcional y educada que agrade a quienes le escuchen, debe tener a\u00f1os de trabajo y dedicaci\u00f3n, de tal manera hacerlo bien y con excelencia.<\/p>\n\n\n\n<p>S\u00e9 que tambi\u00e9n usted me dir\u00e1 que existen personas que nacen con un talento formidable y sin haber estudiado, su voz natural cuenta con tonos y matices excepcionales.<\/p>\n\n\n\n<p>Sin embargo, aunque esta sea una \u201ccapacidad\u201d especial, necesitar\u00e1 de formaci\u00f3n y orientaci\u00f3n para que administre de mejor manera su talento.<\/p>\n\n\n\n<p>Gabriela Sof\u00eda Chac\u00f3n es un ejemplo de lo anterior.<\/p>\n\n\n\n<p>En una conversaci\u00f3n con La Prensa Cristiana, nos comparte que desde sus siete a\u00f1os ya cantaba y no es para menos. Proviene de una familia completamente musical, donde su padre y t\u00edos cantan.<\/p>\n\n\n\n<p>\u201cEs algo que ya lo traemos en la vena\u201d asegura.<\/p>\n\n\n\n<figure class=\"wp-block-image size-large\"><img decoding=\"async\" loading=\"lazy\" width=\"1024\" height=\"576\" src=\"https:\/\/laprensacristiana.com\/wp-content\/uploads\/2024\/06\/GABBY-MUSICA-3-1024x576.jpg\" alt=\"\" class=\"wp-image-17364\" srcset=\"https:\/\/laprensacristiana.com\/wp-content\/uploads\/2024\/06\/GABBY-MUSICA-3-1024x576.jpg 1024w, https:\/\/laprensacristiana.com\/wp-content\/uploads\/2024\/06\/GABBY-MUSICA-3-300x169.jpg 300w, https:\/\/laprensacristiana.com\/wp-content\/uploads\/2024\/06\/GABBY-MUSICA-3-768x432.jpg 768w, https:\/\/laprensacristiana.com\/wp-content\/uploads\/2024\/06\/GABBY-MUSICA-3-696x392.jpg 696w, https:\/\/laprensacristiana.com\/wp-content\/uploads\/2024\/06\/GABBY-MUSICA-3-1068x601.jpg 1068w, https:\/\/laprensacristiana.com\/wp-content\/uploads\/2024\/06\/GABBY-MUSICA-3-600x338.jpg 600w, https:\/\/laprensacristiana.com\/wp-content\/uploads\/2024\/06\/GABBY-MUSICA-3.jpg 1280w\" sizes=\"(max-width: 1024px) 100vw, 1024px\" \/><\/figure>\n\n\n\n<p>A sus 18 a\u00f1os inicia a grabar en estudios profesionales, pero sin descuidar su preparaci\u00f3n, ya que sus padres se esforzaban por darle la mejor ense\u00f1anza y apoyo musical.<\/p>\n\n\n\n<p>El hermano menor de Gabby tambi\u00e9n se dedica a la m\u00fasica. &nbsp;&nbsp;<\/p>\n\n\n\n<p>Oscar Chac\u00f3n, es conocido&nbsp; en la far\u00e1ndula como \u201cCoca\u201d uno de los vocalistas de la banda cristiana IDDO.<\/p>\n\n\n\n<p>La pl\u00e1tica con Gabby fue breve pero amplia a su vez, al abrirnos su coraz\u00f3n al contarnos &nbsp;\u00bfc\u00f3mo es ella? \u00bfPor qu\u00e9 le gusta cantar? Y como Dios la ha sorprendido en medio de las aflicciones &nbsp;que la vida le ha presentado<\/p>\n\n\n\n<p><strong>\u00bfQui\u00e9n es Gabby?<\/strong><\/p>\n\n\n\n<p>Soy una hija de Dios, que tiene en su coraz\u00f3n el deseo de servirle al se\u00f1or con los recursos que \u00e9l me d\u00e9, entre ellos la m\u00fasica.<\/p>\n\n\n\n<p>Soy una persona que ama a su familia, disfruta hacer amistades, servirle a la gente, adem\u00e1s de ser muy so\u00f1adora, con fallas que d\u00eda a d\u00eda trabaja por mejorar.<\/p>\n\n\n\n<p>Ah\u00ed vamos d\u00e1ndole vida al d\u00eda.<\/p>\n\n\n\n<p><strong>\u00bfPorque canta Gabby?<\/strong><\/p>\n\n\n\n<p>Al principio lo hac\u00eda porque me gustaba, era algo que disfrutaba hacer sin quiz\u00e1s tener cien por ciento conciencia de todo lo que la m\u00fasica puede hacer.<\/p>\n\n\n\n<p>M\u00e1s adelante Dios me permite que los talentos sean para \u00c9l.<\/p>\n\n\n\n<p>Entonces yo canto por \u201cgratitud\u201d al amor de Dios que con todo, no le podre pagar lo que \u00e9l me ha dado a m\u00ed.<\/p>\n\n\n\n<p><strong>\u00bfSiempre ha cantado M\u00fasica Cristiana?<\/strong><\/p>\n\n\n\n<p>Hubo un momento en el que cante otra m\u00fasica, al participar en un programa aqu\u00ed en el pa\u00eds, \u00a0debido a que las bases no permit\u00edan cantar m\u00fasica cristiana. \u00danicamente en los casting si pude cantar m\u00fasica cristiana.<\/p>\n\n\n\n<figure class=\"wp-block-image size-large\"><img decoding=\"async\" loading=\"lazy\" width=\"695\" height=\"1024\" src=\"https:\/\/laprensacristiana.com\/wp-content\/uploads\/2024\/06\/GABBY-MUSICA-6-695x1024.jpg\" alt=\"\" class=\"wp-image-17365\" srcset=\"https:\/\/laprensacristiana.com\/wp-content\/uploads\/2024\/06\/GABBY-MUSICA-6-695x1024.jpg 695w, https:\/\/laprensacristiana.com\/wp-content\/uploads\/2024\/06\/GABBY-MUSICA-6-204x300.jpg 204w, https:\/\/laprensacristiana.com\/wp-content\/uploads\/2024\/06\/GABBY-MUSICA-6-768x1132.jpg 768w, https:\/\/laprensacristiana.com\/wp-content\/uploads\/2024\/06\/GABBY-MUSICA-6-1042x1536.jpg 1042w, https:\/\/laprensacristiana.com\/wp-content\/uploads\/2024\/06\/GABBY-MUSICA-6-696x1026.jpg 696w, https:\/\/laprensacristiana.com\/wp-content\/uploads\/2024\/06\/GABBY-MUSICA-6-1068x1574.jpg 1068w, https:\/\/laprensacristiana.com\/wp-content\/uploads\/2024\/06\/GABBY-MUSICA-6-600x884.jpg 600w, https:\/\/laprensacristiana.com\/wp-content\/uploads\/2024\/06\/GABBY-MUSICA-6.jpg 1125w\" sizes=\"(max-width: 695px) 100vw, 695px\" \/><\/figure>\n\n\n\n<p><strong>\u00bfQu\u00e9 experiencia obtuvo de esta participaci\u00f3n? &nbsp;<\/strong><\/p>\n\n\n\n<p>Fue una experiencia muy bonita. La verdad es que fue de&nbsp; mucho crecimiento y aprendizaje, no solo por lo profesional sino en lo espiritual.<\/p>\n\n\n\n<p>Dios nos ha llamado con nuestros dones y talentos y en cualquier lugar donde estemos honrar\u00a0 a Dios con nuestra excelencia.<\/p>\n\n\n\n<p>Yo creo que no siempre ser\u00e1 con la Biblia bajo el brazo o desde un pulpito y micr\u00f3fono para predicar, pero si con nuestro testimonio, creo es la mejor forma c\u00f3mo podemos mostrar al se\u00f1or con lo que hacemos.<\/p>\n\n\n\n<p>Si yo estuve en ese programa fue porque Dios me lo pidi\u00f3. Le aseguro que no hubiera estado ah\u00ed si \u00e9l no lo hubiera querido, lo hice por obediencia. Adem\u00e1s decirle que la experiencia no fue f\u00e1cil.<\/p>\n\n\n\n<p><strong>Con toda esta experiencia Gabby<\/strong>, <strong>\u00bfde d\u00f3nde surge la idea de abrir una escuela de m\u00fasica?<\/strong><\/p>\n\n\n\n<p>Yo tuve la bendici\u00f3n de formarme musicalmente desde peque\u00f1a y luego tome estudios elementales en Instituto Canzi\u00f3n y de forma autodidacta.<\/p>\n\n\n\n<p>A los catorce a\u00f1os Dios me dio un sue\u00f1o y era de tener un Instituto de Artes. Pero siempre me pregunte \u00bfy esto c\u00f3mo ser\u00e1?, \u00bfc\u00f3mo lo har\u00e9?<\/p>\n\n\n\n<p>Dios me fue inquietando, yo inicie a dar clases, trabaje en escuelas de m\u00fasica y brinde clases personalizadas. De repente viene el se\u00f1or y me dice que monte el proyecto propio.<\/p>\n\n\n\n<p>Al pensarlo y decidirme hacerlo fue con un poco de temor, pero algo me dec\u00eda que no cab\u00eda duda que ven\u00eda de \u00e9l, porque \u00e9l le dio pies, manos y cabeza al proyecto.<\/p>\n\n\n\n<p>En dos mil veintitr\u00e9s dejo mi trabajo en el \u00e1rea de las comunicaciones e inicio lo que yo le llamo \u201cun proyecto de fe\u201d.<\/p>\n\n\n\n<figure class=\"wp-block-image size-full\"><img decoding=\"async\" loading=\"lazy\" width=\"960\" height=\"960\" src=\"https:\/\/laprensacristiana.com\/wp-content\/uploads\/2024\/06\/GABBY-MUSICA-1.jpg\" alt=\"\" class=\"wp-image-17366\" srcset=\"https:\/\/laprensacristiana.com\/wp-content\/uploads\/2024\/06\/GABBY-MUSICA-1.jpg 960w, https:\/\/laprensacristiana.com\/wp-content\/uploads\/2024\/06\/GABBY-MUSICA-1-300x300.jpg 300w, https:\/\/laprensacristiana.com\/wp-content\/uploads\/2024\/06\/GABBY-MUSICA-1-150x150.jpg 150w, https:\/\/laprensacristiana.com\/wp-content\/uploads\/2024\/06\/GABBY-MUSICA-1-768x768.jpg 768w, https:\/\/laprensacristiana.com\/wp-content\/uploads\/2024\/06\/GABBY-MUSICA-1-696x696.jpg 696w, https:\/\/laprensacristiana.com\/wp-content\/uploads\/2024\/06\/GABBY-MUSICA-1-600x600.jpg 600w, https:\/\/laprensacristiana.com\/wp-content\/uploads\/2024\/06\/GABBY-MUSICA-1-100x100.jpg 100w\" sizes=\"(max-width: 960px) 100vw, 960px\" \/><\/figure>\n\n\n\n<p><strong>\u00bfA que le apuestas?<\/strong><\/p>\n\n\n\n<p>Tener la oportunidad de capacitar a los nuevos talentos de manera integral, donde podamos dar los recursos a los alumnos y ellos puedan servir a su comunidad en sus iglesias &nbsp;y donde el se\u00f1or les envi\u00e9.<\/p>\n\n\n\n<p>Se trata de Brindar conocimiento, ayudar en abrir oportunidades y contactos, todo bajo un mecanismo de ense\u00f1anza independiente, que tendr\u00e1 una duraci\u00f3n de seis m\u00f3dulos, adem\u00e1s de la ense\u00f1anza elemental que proyectamos impartir.<\/p>\n\n\n\n<p>Gabby cristalizo ese sue\u00f1o &nbsp;que tuvo a los 14 a\u00f1os &nbsp;y el pasado uno de junio inaugur\u00f3 su escuela de m\u00fasica, en la que&nbsp; las ideas y los conceptos y cada ideal una vez hechos plan hoy se vuelven realidad al iniciar con su propio proyecto: &nbsp;Gabby Chac\u00f3n Escuela de M\u00fasica.<\/p>\n\n\n\n<p>Si usted est\u00e1 interesado en que su hijo, alg\u00fan familiar o usted mismo quisiera descubrir o &nbsp;desarrollar su don en la m\u00fasica, le compartimos a donde se puede comunicar para estudiar en esta instituci\u00f3n que recientemente abre sus puertas.<\/p>\n\n\n\n<p>Desde la Prensa Cristiana deseamos los mejores \u00e9xitos y bendiciones en este proyecto personal.<\/p>\n\n\n\n<figure class=\"wp-block-gallery has-nested-images columns-default is-cropped wp-block-gallery-1 is-layout-flex\">\n<figure class=\"wp-block-image size-large\"><img decoding=\"async\" loading=\"lazy\" width=\"800\" height=\"800\" data-id=\"17367\"  src=\"https:\/\/laprensacristiana.com\/wp-content\/uploads\/2024\/06\/GABBY-MUSICA-7.jpg\" alt=\"\" class=\"wp-image-17367\" srcset=\"https:\/\/laprensacristiana.com\/wp-content\/uploads\/2024\/06\/GABBY-MUSICA-7.jpg 800w, https:\/\/laprensacristiana.com\/wp-content\/uploads\/2024\/06\/GABBY-MUSICA-7-300x300.jpg 300w, https:\/\/laprensacristiana.com\/wp-content\/uploads\/2024\/06\/GABBY-MUSICA-7-150x150.jpg 150w, https:\/\/laprensacristiana.com\/wp-content\/uploads\/2024\/06\/GABBY-MUSICA-7-768x768.jpg 768w, https:\/\/laprensacristiana.com\/wp-content\/uploads\/2024\/06\/GABBY-MUSICA-7-696x696.jpg 696w, https:\/\/laprensacristiana.com\/wp-content\/uploads\/2024\/06\/GABBY-MUSICA-7-600x600.jpg 600w, https:\/\/laprensacristiana.com\/wp-content\/uploads\/2024\/06\/GABBY-MUSICA-7-100x100.jpg 100w\" sizes=\"(max-width: 800px) 100vw, 800px\" \/><\/figure>\n<\/figure>\n","protected":false},"excerpt":{"rendered":"<p>Por: Edwin G\u00f3ngora \u00a1Cantar! Se dice f\u00e1cil, pero conquistar una voz excepcional y educada que agrade a quienes le escuchen, debe tener a\u00f1os de trabajo y dedicaci\u00f3n, de tal manera hacerlo bien y con excelencia. S\u00e9 que tambi\u00e9n usted me dir\u00e1 que existen personas que nacen con un talento formidable y sin haber estudiado, su [&hellip;]<\/p>\n","protected":false},"author":3,"featured_media":17363,"comment_status":"open","ping_status":"open","sticky":false,"template":"","format":"standard","meta":[],"categories":[114],"tags":[],"yoast_head":"<!-- This site is optimized with the Yoast SEO plugin v20.8 - https:\/\/yoast.com\/wordpress\/plugins\/seo\/ -->\n<title>Gabby Chac\u00f3n: \u201cMi escuela de M\u00fasica es un Proyecto de Fe\u201d. - La Prensa Cristiana<\/title>\n<meta name=\"robots\" content=\"index, follow, max-snippet:-1, max-image-preview:large, max-video-preview:-1\" \/>\n<link rel=\"canonical\" href=\"https:\/\/laprensacristiana.com\/?p=17362\" \/>\n<meta property=\"og:locale\" content=\"es_ES\" \/>\n<meta property=\"og:type\" content=\"article\" \/>\n<meta property=\"og:title\" content=\"Gabby Chac\u00f3n: \u201cMi escuela de M\u00fasica es un Proyecto de Fe\u201d. - La Prensa Cristiana\" \/>\n<meta property=\"og:description\" content=\"Por: Edwin G\u00f3ngora \u00a1Cantar! Se dice f\u00e1cil, pero conquistar una voz excepcional y educada que agrade a quienes le escuchen, debe tener a\u00f1os de trabajo y dedicaci\u00f3n, de tal manera hacerlo bien y con excelencia. S\u00e9 que tambi\u00e9n usted me dir\u00e1 que existen personas que nacen con un talento formidable y sin haber estudiado, su [&hellip;]\" \/>\n<meta property=\"og:url\" content=\"https:\/\/laprensacristiana.com\/?p=17362\" \/>\n<meta property=\"og:site_name\" content=\"La Prensa Cristiana\" \/>\n<meta property=\"article:published_time\" content=\"2024-06-13T19:55:59+00:00\" \/>\n<meta property=\"article:modified_time\" content=\"2024-06-14T21:14:28+00:00\" \/>\n<meta property=\"og:image\" content=\"https:\/\/laprensacristiana.com\/wp-content\/uploads\/2024\/06\/WhatsApp-Image-2024-06-13-at-1.39.05-PM.jpeg\" \/>\n\t<meta property=\"og:image:width\" content=\"1200\" \/>\n\t<meta property=\"og:image:height\" content=\"1600\" \/>\n\t<meta property=\"og:image:type\" content=\"image\/jpeg\" \/>\n<meta name=\"author\" content=\"EDITOR\" \/>\n<meta name=\"twitter:card\" content=\"summary_large_image\" \/>\n<meta name=\"twitter:label1\" content=\"Escrito por\" \/>\n\t<meta name=\"twitter:data1\" content=\"EDITOR\" \/>\n\t<meta name=\"twitter:label2\" content=\"Tiempo de lectura\" \/>\n\t<meta name=\"twitter:data2\" content=\"5 minutos\" \/>\n<script type=\"application\/ld+json\" class=\"yoast-schema-graph\">{\"@context\":\"https:\/\/schema.org\",\"@graph\":[{\"@type\":\"WebPage\",\"@id\":\"https:\/\/laprensacristiana.com\/?p=17362\",\"url\":\"https:\/\/laprensacristiana.com\/?p=17362\",\"name\":\"Gabby Chac\u00f3n: \u201cMi escuela de M\u00fasica es un Proyecto de Fe\u201d. - La Prensa Cristiana\",\"isPartOf\":{\"@id\":\"https:\/\/laprensacristiana.com\/#website\"},\"datePublished\":\"2024-06-13T19:55:59+00:00\",\"dateModified\":\"2024-06-14T21:14:28+00:00\",\"author\":{\"@id\":\"https:\/\/laprensacristiana.com\/#\/schema\/person\/3e7d82c6bfd6b1fa67010f8f7cd5256e\"},\"breadcrumb\":{\"@id\":\"https:\/\/laprensacristiana.com\/?p=17362#breadcrumb\"},\"inLanguage\":\"es\",\"potentialAction\":[{\"@type\":\"ReadAction\",\"target\":[\"https:\/\/laprensacristiana.com\/?p=17362\"]}]},{\"@type\":\"BreadcrumbList\",\"@id\":\"https:\/\/laprensacristiana.com\/?p=17362#breadcrumb\",\"itemListElement\":[{\"@type\":\"ListItem\",\"position\":1,\"name\":\"Portada\",\"item\":\"https:\/\/laprensacristiana.com\/\"},{\"@type\":\"ListItem\",\"position\":2,\"name\":\"Gabby Chac\u00f3n: \u201cMi escuela de M\u00fasica es un Proyecto de Fe\u201d.\"}]},{\"@type\":\"WebSite\",\"@id\":\"https:\/\/laprensacristiana.com\/#website\",\"url\":\"https:\/\/laprensacristiana.com\/\",\"name\":\"La Prensa Cristiana\",\"description\":\"Anunciando Las Buenas Nuevas\",\"potentialAction\":[{\"@type\":\"SearchAction\",\"target\":{\"@type\":\"EntryPoint\",\"urlTemplate\":\"https:\/\/laprensacristiana.com\/?s={search_term_string}\"},\"query-input\":\"required name=search_term_string\"}],\"inLanguage\":\"es\"},{\"@type\":\"Person\",\"@id\":\"https:\/\/laprensacristiana.com\/#\/schema\/person\/3e7d82c6bfd6b1fa67010f8f7cd5256e\",\"name\":\"EDITOR\",\"image\":{\"@type\":\"ImageObject\",\"inLanguage\":\"es\",\"@id\":\"https:\/\/laprensacristiana.com\/#\/schema\/person\/image\/\",\"url\":\"https:\/\/secure.gravatar.com\/avatar\/72069dfb6c13772d9e8381e3638666d2?s=96&d=mm&r=g\",\"contentUrl\":\"https:\/\/secure.gravatar.com\/avatar\/72069dfb6c13772d9e8381e3638666d2?s=96&d=mm&r=g\",\"caption\":\"EDITOR\"},\"url\":\"https:\/\/laprensacristiana.com\/?author=3\"}]}<\/script>\n<!-- \/ Yoast SEO plugin. -->","yoast_head_json":{"title":"Gabby Chac\u00f3n: \u201cMi escuela de M\u00fasica es un Proyecto de Fe\u201d. - La Prensa Cristiana","robots":{"index":"index","follow":"follow","max-snippet":"max-snippet:-1","max-image-preview":"max-image-preview:large","max-video-preview":"max-video-preview:-1"},"canonical":"https:\/\/laprensacristiana.com\/?p=17362","og_locale":"es_ES","og_type":"article","og_title":"Gabby Chac\u00f3n: \u201cMi escuela de M\u00fasica es un Proyecto de Fe\u201d. - La Prensa Cristiana","og_description":"Por: Edwin G\u00f3ngora \u00a1Cantar! Se dice f\u00e1cil, pero conquistar una voz excepcional y educada que agrade a quienes le escuchen, debe tener a\u00f1os de trabajo y dedicaci\u00f3n, de tal manera hacerlo bien y con excelencia. S\u00e9 que tambi\u00e9n usted me dir\u00e1 que existen personas que nacen con un talento formidable y sin haber estudiado, su [&hellip;]","og_url":"https:\/\/laprensacristiana.com\/?p=17362","og_site_name":"La Prensa Cristiana","article_published_time":"2024-06-13T19:55:59+00:00","article_modified_time":"2024-06-14T21:14:28+00:00","og_image":[{"width":1200,"height":1600,"url":"https:\/\/laprensacristiana.com\/wp-content\/uploads\/2024\/06\/WhatsApp-Image-2024-06-13-at-1.39.05-PM.jpeg","type":"image\/jpeg"}],"author":"EDITOR","twitter_card":"summary_large_image","twitter_misc":{"Escrito por":"EDITOR","Tiempo de lectura":"5 minutos"},"schema":{"@context":"https:\/\/schema.org","@graph":[{"@type":"WebPage","@id":"https:\/\/laprensacristiana.com\/?p=17362","url":"https:\/\/laprensacristiana.com\/?p=17362","name":"Gabby Chac\u00f3n: \u201cMi escuela de M\u00fasica es un Proyecto de Fe\u201d. - La Prensa Cristiana","isPartOf":{"@id":"https:\/\/laprensacristiana.com\/#website"},"datePublished":"2024-06-13T19:55:59+00:00","dateModified":"2024-06-14T21:14:28+00:00","author":{"@id":"https:\/\/laprensacristiana.com\/#\/schema\/person\/3e7d82c6bfd6b1fa67010f8f7cd5256e"},"breadcrumb":{"@id":"https:\/\/laprensacristiana.com\/?p=17362#breadcrumb"},"inLanguage":"es","potentialAction":[{"@type":"ReadAction","target":["https:\/\/laprensacristiana.com\/?p=17362"]}]},{"@type":"BreadcrumbList","@id":"https:\/\/laprensacristiana.com\/?p=17362#breadcrumb","itemListElement":[{"@type":"ListItem","position":1,"name":"Portada","item":"https:\/\/laprensacristiana.com\/"},{"@type":"ListItem","position":2,"name":"Gabby Chac\u00f3n: \u201cMi escuela de M\u00fasica es un Proyecto de Fe\u201d."}]},{"@type":"WebSite","@id":"https:\/\/laprensacristiana.com\/#website","url":"https:\/\/laprensacristiana.com\/","name":"La Prensa Cristiana","description":"Anunciando Las Buenas Nuevas","potentialAction":[{"@type":"SearchAction","target":{"@type":"EntryPoint","urlTemplate":"https:\/\/laprensacristiana.com\/?s={search_term_string}"},"query-input":"required name=search_term_string"}],"inLanguage":"es"},{"@type":"Person","@id":"https:\/\/laprensacristiana.com\/#\/schema\/person\/3e7d82c6bfd6b1fa67010f8f7cd5256e","name":"EDITOR","image":{"@type":"ImageObject","inLanguage":"es","@id":"https:\/\/laprensacristiana.com\/#\/schema\/person\/image\/","url":"https:\/\/secure.gravatar.com\/avatar\/72069dfb6c13772d9e8381e3638666d2?s=96&d=mm&r=g","contentUrl":"https:\/\/secure.gravatar.com\/avatar\/72069dfb6c13772d9e8381e3638666d2?s=96&d=mm&r=g","caption":"EDITOR"},"url":"https:\/\/laprensacristiana.com\/?author=3"}]}},"_links":{"self":[{"href":"https:\/\/laprensacristiana.com\/index.php?rest_route=\/wp\/v2\/posts\/17362"}],"collection":[{"href":"https:\/\/laprensacristiana.com\/index.php?rest_route=\/wp\/v2\/posts"}],"about":[{"href":"https:\/\/laprensacristiana.com\/index.php?rest_route=\/wp\/v2\/types\/post"}],"author":[{"embeddable":true,"href":"https:\/\/laprensacristiana.com\/index.php?rest_route=\/wp\/v2\/users\/3"}],"replies":[{"embeddable":true,"href":"https:\/\/laprensacristiana.com\/index.php?rest_route=%2Fwp%2Fv2%2Fcomments&post=17362"}],"version-history":[{"count":3,"href":"https:\/\/laprensacristiana.com\/index.php?rest_route=\/wp\/v2\/posts\/17362\/revisions"}],"predecessor-version":[{"id":17386,"href":"https:\/\/laprensacristiana.com\/index.php?rest_route=\/wp\/v2\/posts\/17362\/revisions\/17386"}],"wp:featuredmedia":[{"embeddable":true,"href":"https:\/\/laprensacristiana.com\/index.php?rest_route=\/wp\/v2\/media\/17363"}],"wp:attachment":[{"href":"https:\/\/laprensacristiana.com\/index.php?rest_route=%2Fwp%2Fv2%2Fmedia&parent=17362"}],"wp:term":[{"taxonomy":"category","embeddable":true,"href":"https:\/\/laprensacristiana.com\/index.php?rest_route=%2Fwp%2Fv2%2Fcategories&post=17362"},{"taxonomy":"post_tag","embeddable":true,"href":"https:\/\/laprensacristiana.com\/index.php?rest_route=%2Fwp%2Fv2%2Ftags&post=17362"}],"curies":[{"name":"wp","href":"https:\/\/api.w.org\/{rel}","templated":true}]}}