{"id":17387,"date":"2024-06-18T21:15:52","date_gmt":"2024-06-18T21:15:52","guid":{"rendered":"https:\/\/laprensacristiana.com\/?p=17387"},"modified":"2024-06-18T21:31:20","modified_gmt":"2024-06-18T21:31:20","slug":"renacer-11-anos-ministerio-rey-de-reyes","status":"publish","type":"post","link":"https:\/\/laprensacristiana.com\/?p=17387","title":{"rendered":"\u00abRenacer\u00bb 11 a\u00f1os Ministerio Rey de Reyes"},"content":{"rendered":"\n<p><em><span style=\"background-color:#7e7e7e\" class=\"td_text_highlight_marker\">Por: Luis Medina | La Prensa Cristiana<\/span><\/em><\/p>\n\n\n\n<p>Bajo el lema: \u201cRENACER\u201d, el Ministerio Rey de Reyes, dirigido por los pastores Roberto y Raquel Flores, en Quincy, Florida, Estados Unidos, celebr\u00f3 su 11 aniversario.<\/p>\n\n\n\n<p>La palabra Renacer seg\u00fan la \u00f3ptica b\u00edblica hace referencia a cobrar fuerzas, tiene que ver con la idea de tomar impulso para dar el siguiente paso, concepto que coincide con el trabajo que el Ministerio Rey de Reyes realiza, cada a\u00f1o se embarcan en nuevos proyectos, nuevos planes que ampl\u00edan la visi\u00f3n y por sobre todo generan expansi\u00f3n al reino de Dios.<\/p>\n\n\n\n<p>\u201cQuiero agradecer por sus vidas, amo su esp\u00edritu, y la forma en la que operan es esta comunidad, y tambi\u00e9n el trabajo que realizan los miembros de la iglesia local, agradezco a Dios por sus vidas, trabajando juntos para hacer Gadsden uno de los mejores condados de la Florida\u201d, indic\u00f3 el sheriff del condado de Gadsden, Morris A. Young. &nbsp;<\/p>\n\n\n\n<figure class=\"wp-block-image size-large\"><img decoding=\"async\" loading=\"lazy\" width=\"1024\" height=\"683\" src=\"https:\/\/laprensacristiana.com\/wp-content\/uploads\/2024\/06\/DSC09094-1024x683.jpg\" alt=\"\" class=\"wp-image-17390\" srcset=\"https:\/\/laprensacristiana.com\/wp-content\/uploads\/2024\/06\/DSC09094-1024x683.jpg 1024w, https:\/\/laprensacristiana.com\/wp-content\/uploads\/2024\/06\/DSC09094-300x200.jpg 300w, https:\/\/laprensacristiana.com\/wp-content\/uploads\/2024\/06\/DSC09094-768x512.jpg 768w, https:\/\/laprensacristiana.com\/wp-content\/uploads\/2024\/06\/DSC09094-1536x1024.jpg 1536w, https:\/\/laprensacristiana.com\/wp-content\/uploads\/2024\/06\/DSC09094-2048x1365.jpg 2048w, https:\/\/laprensacristiana.com\/wp-content\/uploads\/2024\/06\/DSC09094-696x464.jpg 696w, https:\/\/laprensacristiana.com\/wp-content\/uploads\/2024\/06\/DSC09094-1068x712.jpg 1068w, https:\/\/laprensacristiana.com\/wp-content\/uploads\/2024\/06\/DSC09094-1920x1280.jpg 1920w, https:\/\/laprensacristiana.com\/wp-content\/uploads\/2024\/06\/DSC09094-600x400.jpg 600w\" sizes=\"(max-width: 1024px) 100vw, 1024px\" \/><figcaption class=\"wp-element-caption\">De izquierda a derecha: Pastor Roberto Flores (Pastor Ministerio Rey de Reyes), Morris A. Young (sheriff del condado de Gadsden).<\/figcaption><\/figure>\n\n\n\n<p>Este ministerio es reconocido por su trabajo en favor de la comunidad, su influencia espiritual en las esferas estatales y sus aportes para el bien, crecimiento y desarrollo de su ciudad. El avance de esta congregaci\u00f3n ha sido progresivo, los ha acompa\u00f1ado el favor de Dios, as\u00ed como la perseverancia, enfocados en el amor al pr\u00f3jimo.<\/p>\n\n\n\n<p>\u201cHemos cerrado un ciclo e iniciado otro, su presencia ha estado con nosotros, hemos celebrado 11 a\u00f1os de la fidelidad de Dios, su amor nunca nos ha abandonado, \u00c9l ha sido bueno, su misericordia no nos ha dejado\u201d, expresaron los pastores Roberto y Raquel Flores, del Ministerio Rey de Reyes.<\/p>\n\n\n\n<figure class=\"wp-block-image size-large\"><img decoding=\"async\" loading=\"lazy\" width=\"1024\" height=\"683\" src=\"https:\/\/laprensacristiana.com\/wp-content\/uploads\/2024\/06\/DSC09106-1024x683.jpg\" alt=\"\" class=\"wp-image-17391\" srcset=\"https:\/\/laprensacristiana.com\/wp-content\/uploads\/2024\/06\/DSC09106-1024x683.jpg 1024w, https:\/\/laprensacristiana.com\/wp-content\/uploads\/2024\/06\/DSC09106-300x200.jpg 300w, https:\/\/laprensacristiana.com\/wp-content\/uploads\/2024\/06\/DSC09106-768x512.jpg 768w, https:\/\/laprensacristiana.com\/wp-content\/uploads\/2024\/06\/DSC09106-1536x1024.jpg 1536w, https:\/\/laprensacristiana.com\/wp-content\/uploads\/2024\/06\/DSC09106-2048x1365.jpg 2048w, https:\/\/laprensacristiana.com\/wp-content\/uploads\/2024\/06\/DSC09106-696x464.jpg 696w, https:\/\/laprensacristiana.com\/wp-content\/uploads\/2024\/06\/DSC09106-1068x712.jpg 1068w, https:\/\/laprensacristiana.com\/wp-content\/uploads\/2024\/06\/DSC09106-1920x1280.jpg 1920w, https:\/\/laprensacristiana.com\/wp-content\/uploads\/2024\/06\/DSC09106-600x400.jpg 600w\" sizes=\"(max-width: 1024px) 100vw, 1024px\" \/><figcaption class=\"wp-element-caption\">Pastora Raquel Flores y Pastor Roberto Flores (Pastores Ministerio Rey de Reyes).<\/figcaption><\/figure>\n\n\n\n<p>Cada a\u00f1o, sus pastores y el equipo de servidores realizan esfuerzos significativos para hacer trascendental la celebraci\u00f3n del aniversario, acto que consume recursos, de tiempo, financiero, entre otros, pero que al ver los rostros de cada participante es visible que lo hacen con amor, en principio amor a Dios, y tambi\u00e9n a quienes dirigen la congregaci\u00f3n.<\/p>\n\n\n\n<p><strong><em>El predicador invitado<\/em><\/strong><\/p>\n\n\n\n<p>En el marco del aniversario hacen los preparativos para recibir un predicador invitado, en esta ocasi\u00f3n contaron con la participaci\u00f3n del ap\u00f3stol El\u00ed Ch\u00e1vez.<\/p>\n\n\n\n<p>El ap\u00f3stol Jos\u00e9 Eli Ch\u00e1vez, es el fundador de la Iglesia Monte Sina\u00ed, ha ayudado a trascender la iglesia fundada en Atlanta, GA a una iglesia global con varias localidades en EE. UU, M\u00e9xico, Guatemala y Nicaragua. Es Graduado de un bachillerato en teolog\u00eda de Latin University of Theology y escritor de: \u201cEl \u00e9xito no es un golpe de suerte\u201d y \u201cCOVID-19 Un scanner al coraz\u00f3n de la Iglesia\u201d. Est\u00e1 casado con Paola Ch\u00e1vez desde hace 28 a\u00f1os, juntos viven en Atlanta, GA con sus tres hijos; Eli , Josu\u00e9 y Jonatan.<\/p>\n\n\n\n<p>En su intervenci\u00f3n destac\u00f3 la importancia de no victimizarse por las circunstancias vividas, sino m\u00e1s bien avanzar por encima de las circunstancias, as\u00ed como tambi\u00e9n destac\u00f3 el caminar por fe, no por lo que se ve, sino seguir hacia adelante escuchando la voz de Dios.<\/p>\n\n\n\n<p>\u201cSi ampl\u00edan el santuario se les llena, cada pared que muevan el Se\u00f1or se las llena, cada edificio que construyan el Se\u00f1or se los llena, y ser\u00e1 el Se\u00f1or quien les va a proveer todo lo que necesitan, el coraz\u00f3n que tienen es bueno, ustedes aman esta ciudad\u201d, concluy\u00f3 el ap\u00f3stol Ch\u00e1vez.<\/p>\n\n\n\n<figure class=\"wp-block-image size-large\"><img decoding=\"async\" loading=\"lazy\" width=\"1024\" height=\"683\" src=\"https:\/\/laprensacristiana.com\/wp-content\/uploads\/2024\/06\/DSC08892-1024x683.jpg\" alt=\"\" class=\"wp-image-17388\" srcset=\"https:\/\/laprensacristiana.com\/wp-content\/uploads\/2024\/06\/DSC08892-1024x683.jpg 1024w, https:\/\/laprensacristiana.com\/wp-content\/uploads\/2024\/06\/DSC08892-300x200.jpg 300w, https:\/\/laprensacristiana.com\/wp-content\/uploads\/2024\/06\/DSC08892-768x512.jpg 768w, https:\/\/laprensacristiana.com\/wp-content\/uploads\/2024\/06\/DSC08892-1536x1024.jpg 1536w, https:\/\/laprensacristiana.com\/wp-content\/uploads\/2024\/06\/DSC08892-2048x1365.jpg 2048w, https:\/\/laprensacristiana.com\/wp-content\/uploads\/2024\/06\/DSC08892-696x464.jpg 696w, https:\/\/laprensacristiana.com\/wp-content\/uploads\/2024\/06\/DSC08892-1068x712.jpg 1068w, https:\/\/laprensacristiana.com\/wp-content\/uploads\/2024\/06\/DSC08892-1920x1280.jpg 1920w, https:\/\/laprensacristiana.com\/wp-content\/uploads\/2024\/06\/DSC08892-600x400.jpg 600w\" sizes=\"(max-width: 1024px) 100vw, 1024px\" \/><figcaption class=\"wp-element-caption\">Ap\u00f3stol Jos\u00e9 Eli Ch\u00e1vez, Iglesia Monte Sina\u00ed.<\/figcaption><\/figure>\n\n\n\n<p><strong><em>La celebraci\u00f3n<\/em><\/strong><\/p>\n\n\n\n<p>Fueron 2 d\u00edas cargados de sorpresas, pero sobre todo llenos del Esp\u00edritu Santo. Los d\u00edas s\u00e1bado 15 y domingo 16 de junio, celebraron con gozo las bondades de Dios, en primera instancia con un culto por la noche y cerrando con el culto matutino dominical, desde los m\u00e1s peque\u00f1os de la congregaci\u00f3n realizaron intervenciones, la alabanza estuvo a cargo del grupo de casa: \u201cAposento Alto\u201d, la traducci\u00f3n al ingl\u00e9s de cada predicaci\u00f3n, as\u00ed como la direcci\u00f3n del programa por Jefferson Flores, la apertura de cada acto estuvo en manos del grupo de danza, compuesto por: Antonia Vielman, Margarita Alonso y Priscila Torres. Cabe destacar que se cont\u00f3 con la visita de autoridades de la Ciudad, jueces, congresistas, autoridades en el \u00e1rea de educaci\u00f3n, como en el \u00e1rea de seguridad, entre otros.<\/p>\n\n\n\n<figure class=\"wp-block-image size-large\"><img decoding=\"async\" loading=\"lazy\" width=\"1024\" height=\"683\" src=\"https:\/\/laprensacristiana.com\/wp-content\/uploads\/2024\/06\/DSC08896-1024x683.jpg\" alt=\"\" class=\"wp-image-17392\" srcset=\"https:\/\/laprensacristiana.com\/wp-content\/uploads\/2024\/06\/DSC08896-1024x683.jpg 1024w, https:\/\/laprensacristiana.com\/wp-content\/uploads\/2024\/06\/DSC08896-300x200.jpg 300w, https:\/\/laprensacristiana.com\/wp-content\/uploads\/2024\/06\/DSC08896-768x512.jpg 768w, https:\/\/laprensacristiana.com\/wp-content\/uploads\/2024\/06\/DSC08896-1536x1024.jpg 1536w, https:\/\/laprensacristiana.com\/wp-content\/uploads\/2024\/06\/DSC08896-2048x1365.jpg 2048w, https:\/\/laprensacristiana.com\/wp-content\/uploads\/2024\/06\/DSC08896-696x464.jpg 696w, https:\/\/laprensacristiana.com\/wp-content\/uploads\/2024\/06\/DSC08896-1068x712.jpg 1068w, https:\/\/laprensacristiana.com\/wp-content\/uploads\/2024\/06\/DSC08896-1920x1280.jpg 1920w, https:\/\/laprensacristiana.com\/wp-content\/uploads\/2024\/06\/DSC08896-600x400.jpg 600w\" sizes=\"(max-width: 1024px) 100vw, 1024px\" \/><figcaption class=\"wp-element-caption\">Jefferson Flores, Director programa de aniversario. <\/figcaption><\/figure>\n\n\n\n<p>\u201cCuando yo vine a este pa\u00eds, yo le dije a mi esposo: Tengo que buscar una iglesia. Dios me gu\u00edo, encontr\u00e9 esta iglesia, ahora me siento en familia, es una casa para m\u00ed\u201d, acot\u00f3 Priscila Torres, de nacionalidad nicarag\u00fcense, quien se suma a los cientos de testimonios de vidas transformadas por el poder de Dios y los milagros que ocurren en el Ministerio Rey de Reyes. &nbsp;<\/p>\n\n\n\n<figure class=\"wp-block-gallery has-nested-images columns-default is-cropped wp-block-gallery-1 is-layout-flex\">\n<figure class=\"wp-block-image size-large\"><img decoding=\"async\" loading=\"lazy\" width=\"1024\" height=\"683\" data-id=\"17395\"  src=\"https:\/\/laprensacristiana.com\/wp-content\/uploads\/2024\/06\/DSC09051-1024x683.jpg\" alt=\"\" class=\"wp-image-17395\" srcset=\"https:\/\/laprensacristiana.com\/wp-content\/uploads\/2024\/06\/DSC09051-1024x683.jpg 1024w, https:\/\/laprensacristiana.com\/wp-content\/uploads\/2024\/06\/DSC09051-300x200.jpg 300w, https:\/\/laprensacristiana.com\/wp-content\/uploads\/2024\/06\/DSC09051-768x512.jpg 768w, https:\/\/laprensacristiana.com\/wp-content\/uploads\/2024\/06\/DSC09051-1536x1024.jpg 1536w, https:\/\/laprensacristiana.com\/wp-content\/uploads\/2024\/06\/DSC09051-2048x1365.jpg 2048w, https:\/\/laprensacristiana.com\/wp-content\/uploads\/2024\/06\/DSC09051-696x464.jpg 696w, https:\/\/laprensacristiana.com\/wp-content\/uploads\/2024\/06\/DSC09051-1068x712.jpg 1068w, https:\/\/laprensacristiana.com\/wp-content\/uploads\/2024\/06\/DSC09051-1920x1280.jpg 1920w, https:\/\/laprensacristiana.com\/wp-content\/uploads\/2024\/06\/DSC09051-600x400.jpg 600w\" sizes=\"(max-width: 1024px) 100vw, 1024px\" \/><\/figure>\n\n\n\n<figure class=\"wp-block-image size-large\"><img decoding=\"async\" loading=\"lazy\" width=\"1024\" height=\"683\" data-id=\"17394\"  src=\"https:\/\/laprensacristiana.com\/wp-content\/uploads\/2024\/06\/DSC09021-1024x683.jpg\" alt=\"\" class=\"wp-image-17394\" srcset=\"https:\/\/laprensacristiana.com\/wp-content\/uploads\/2024\/06\/DSC09021-1024x683.jpg 1024w, https:\/\/laprensacristiana.com\/wp-content\/uploads\/2024\/06\/DSC09021-300x200.jpg 300w, https:\/\/laprensacristiana.com\/wp-content\/uploads\/2024\/06\/DSC09021-768x512.jpg 768w, https:\/\/laprensacristiana.com\/wp-content\/uploads\/2024\/06\/DSC09021-1536x1024.jpg 1536w, https:\/\/laprensacristiana.com\/wp-content\/uploads\/2024\/06\/DSC09021-2048x1365.jpg 2048w, https:\/\/laprensacristiana.com\/wp-content\/uploads\/2024\/06\/DSC09021-696x464.jpg 696w, https:\/\/laprensacristiana.com\/wp-content\/uploads\/2024\/06\/DSC09021-1068x712.jpg 1068w, https:\/\/laprensacristiana.com\/wp-content\/uploads\/2024\/06\/DSC09021-1920x1280.jpg 1920w, https:\/\/laprensacristiana.com\/wp-content\/uploads\/2024\/06\/DSC09021-600x400.jpg 600w\" sizes=\"(max-width: 1024px) 100vw, 1024px\" \/><\/figure>\n\n\n\n<figure class=\"wp-block-image size-large\"><img decoding=\"async\" loading=\"lazy\" width=\"1024\" height=\"683\" data-id=\"17393\"  src=\"https:\/\/laprensacristiana.com\/wp-content\/uploads\/2024\/06\/DSC08976-1024x683.jpg\" alt=\"\" class=\"wp-image-17393\" srcset=\"https:\/\/laprensacristiana.com\/wp-content\/uploads\/2024\/06\/DSC08976-1024x683.jpg 1024w, https:\/\/laprensacristiana.com\/wp-content\/uploads\/2024\/06\/DSC08976-300x200.jpg 300w, https:\/\/laprensacristiana.com\/wp-content\/uploads\/2024\/06\/DSC08976-768x512.jpg 768w, https:\/\/laprensacristiana.com\/wp-content\/uploads\/2024\/06\/DSC08976-1536x1024.jpg 1536w, https:\/\/laprensacristiana.com\/wp-content\/uploads\/2024\/06\/DSC08976-2048x1365.jpg 2048w, https:\/\/laprensacristiana.com\/wp-content\/uploads\/2024\/06\/DSC08976-696x464.jpg 696w, https:\/\/laprensacristiana.com\/wp-content\/uploads\/2024\/06\/DSC08976-1068x712.jpg 1068w, https:\/\/laprensacristiana.com\/wp-content\/uploads\/2024\/06\/DSC08976-1920x1280.jpg 1920w, https:\/\/laprensacristiana.com\/wp-content\/uploads\/2024\/06\/DSC08976-600x400.jpg 600w\" sizes=\"(max-width: 1024px) 100vw, 1024px\" \/><\/figure>\n\n\n\n<figure class=\"wp-block-image size-large\"><img decoding=\"async\" loading=\"lazy\" width=\"1024\" height=\"683\" data-id=\"17396\"  src=\"https:\/\/laprensacristiana.com\/wp-content\/uploads\/2024\/06\/DSC09202-1024x683.jpg\" alt=\"\" class=\"wp-image-17396\" srcset=\"https:\/\/laprensacristiana.com\/wp-content\/uploads\/2024\/06\/DSC09202-1024x683.jpg 1024w, https:\/\/laprensacristiana.com\/wp-content\/uploads\/2024\/06\/DSC09202-300x200.jpg 300w, https:\/\/laprensacristiana.com\/wp-content\/uploads\/2024\/06\/DSC09202-768x512.jpg 768w, https:\/\/laprensacristiana.com\/wp-content\/uploads\/2024\/06\/DSC09202-1536x1024.jpg 1536w, https:\/\/laprensacristiana.com\/wp-content\/uploads\/2024\/06\/DSC09202-2048x1365.jpg 2048w, https:\/\/laprensacristiana.com\/wp-content\/uploads\/2024\/06\/DSC09202-696x464.jpg 696w, https:\/\/laprensacristiana.com\/wp-content\/uploads\/2024\/06\/DSC09202-1068x712.jpg 1068w, https:\/\/laprensacristiana.com\/wp-content\/uploads\/2024\/06\/DSC09202-1920x1280.jpg 1920w, https:\/\/laprensacristiana.com\/wp-content\/uploads\/2024\/06\/DSC09202-600x400.jpg 600w\" sizes=\"(max-width: 1024px) 100vw, 1024px\" \/><\/figure>\n<\/figure>\n","protected":false},"excerpt":{"rendered":"<p>Por: Luis Medina | La Prensa Cristiana Bajo el lema: \u201cRENACER\u201d, el Ministerio Rey de Reyes, dirigido por los pastores Roberto y Raquel Flores, en Quincy, Florida, Estados Unidos, celebr\u00f3 su 11 aniversario. La palabra Renacer seg\u00fan la \u00f3ptica b\u00edblica hace referencia a cobrar fuerzas, tiene que ver con la idea de tomar impulso para [&hellip;]<\/p>\n","protected":false},"author":3,"featured_media":17389,"comment_status":"open","ping_status":"open","sticky":false,"template":"","format":"standard","meta":[],"categories":[56],"tags":[],"yoast_head":"<!-- This site is optimized with the Yoast SEO plugin v20.8 - https:\/\/yoast.com\/wordpress\/plugins\/seo\/ -->\n<title>\u00abRenacer\u00bb 11 a\u00f1os Ministerio Rey de Reyes - La Prensa Cristiana<\/title>\n<meta name=\"robots\" content=\"index, follow, max-snippet:-1, max-image-preview:large, max-video-preview:-1\" \/>\n<link rel=\"canonical\" href=\"https:\/\/laprensacristiana.com\/?p=17387\" \/>\n<meta property=\"og:locale\" content=\"es_ES\" \/>\n<meta property=\"og:type\" content=\"article\" \/>\n<meta property=\"og:title\" content=\"\u00abRenacer\u00bb 11 a\u00f1os Ministerio Rey de Reyes - La Prensa Cristiana\" \/>\n<meta property=\"og:description\" content=\"Por: Luis Medina | La Prensa Cristiana Bajo el lema: \u201cRENACER\u201d, el Ministerio Rey de Reyes, dirigido por los pastores Roberto y Raquel Flores, en Quincy, Florida, Estados Unidos, celebr\u00f3 su 11 aniversario. La palabra Renacer seg\u00fan la \u00f3ptica b\u00edblica hace referencia a cobrar fuerzas, tiene que ver con la idea de tomar impulso para [&hellip;]\" \/>\n<meta property=\"og:url\" content=\"https:\/\/laprensacristiana.com\/?p=17387\" \/>\n<meta property=\"og:site_name\" content=\"La Prensa Cristiana\" \/>\n<meta property=\"article:published_time\" content=\"2024-06-18T21:15:52+00:00\" \/>\n<meta property=\"article:modified_time\" content=\"2024-06-18T21:31:20+00:00\" \/>\n<meta property=\"og:image\" content=\"https:\/\/laprensacristiana.com\/wp-content\/uploads\/2024\/06\/IMAGEN-PRINCIPAL-scaled.jpg\" \/>\n\t<meta property=\"og:image:width\" content=\"2560\" \/>\n\t<meta property=\"og:image:height\" content=\"1707\" \/>\n\t<meta property=\"og:image:type\" content=\"image\/jpeg\" \/>\n<meta name=\"author\" content=\"EDITOR\" \/>\n<meta name=\"twitter:card\" content=\"summary_large_image\" \/>\n<meta name=\"twitter:label1\" content=\"Escrito por\" \/>\n\t<meta name=\"twitter:data1\" content=\"EDITOR\" \/>\n\t<meta name=\"twitter:label2\" content=\"Tiempo de lectura\" \/>\n\t<meta name=\"twitter:data2\" content=\"6 minutos\" \/>\n<script type=\"application\/ld+json\" class=\"yoast-schema-graph\">{\"@context\":\"https:\/\/schema.org\",\"@graph\":[{\"@type\":\"WebPage\",\"@id\":\"https:\/\/laprensacristiana.com\/?p=17387\",\"url\":\"https:\/\/laprensacristiana.com\/?p=17387\",\"name\":\"\u00abRenacer\u00bb 11 a\u00f1os Ministerio Rey de Reyes - La Prensa Cristiana\",\"isPartOf\":{\"@id\":\"https:\/\/laprensacristiana.com\/#website\"},\"datePublished\":\"2024-06-18T21:15:52+00:00\",\"dateModified\":\"2024-06-18T21:31:20+00:00\",\"author\":{\"@id\":\"https:\/\/laprensacristiana.com\/#\/schema\/person\/3e7d82c6bfd6b1fa67010f8f7cd5256e\"},\"breadcrumb\":{\"@id\":\"https:\/\/laprensacristiana.com\/?p=17387#breadcrumb\"},\"inLanguage\":\"es\",\"potentialAction\":[{\"@type\":\"ReadAction\",\"target\":[\"https:\/\/laprensacristiana.com\/?p=17387\"]}]},{\"@type\":\"BreadcrumbList\",\"@id\":\"https:\/\/laprensacristiana.com\/?p=17387#breadcrumb\",\"itemListElement\":[{\"@type\":\"ListItem\",\"position\":1,\"name\":\"Portada\",\"item\":\"https:\/\/laprensacristiana.com\/\"},{\"@type\":\"ListItem\",\"position\":2,\"name\":\"\u00abRenacer\u00bb 11 a\u00f1os Ministerio Rey de Reyes\"}]},{\"@type\":\"WebSite\",\"@id\":\"https:\/\/laprensacristiana.com\/#website\",\"url\":\"https:\/\/laprensacristiana.com\/\",\"name\":\"La Prensa Cristiana\",\"description\":\"Anunciando Las Buenas Nuevas\",\"potentialAction\":[{\"@type\":\"SearchAction\",\"target\":{\"@type\":\"EntryPoint\",\"urlTemplate\":\"https:\/\/laprensacristiana.com\/?s={search_term_string}\"},\"query-input\":\"required name=search_term_string\"}],\"inLanguage\":\"es\"},{\"@type\":\"Person\",\"@id\":\"https:\/\/laprensacristiana.com\/#\/schema\/person\/3e7d82c6bfd6b1fa67010f8f7cd5256e\",\"name\":\"EDITOR\",\"image\":{\"@type\":\"ImageObject\",\"inLanguage\":\"es\",\"@id\":\"https:\/\/laprensacristiana.com\/#\/schema\/person\/image\/\",\"url\":\"https:\/\/secure.gravatar.com\/avatar\/72069dfb6c13772d9e8381e3638666d2?s=96&d=mm&r=g\",\"contentUrl\":\"https:\/\/secure.gravatar.com\/avatar\/72069dfb6c13772d9e8381e3638666d2?s=96&d=mm&r=g\",\"caption\":\"EDITOR\"},\"url\":\"https:\/\/laprensacristiana.com\/?author=3\"}]}<\/script>\n<!-- \/ Yoast SEO plugin. -->","yoast_head_json":{"title":"\u00abRenacer\u00bb 11 a\u00f1os Ministerio Rey de Reyes - La Prensa Cristiana","robots":{"index":"index","follow":"follow","max-snippet":"max-snippet:-1","max-image-preview":"max-image-preview:large","max-video-preview":"max-video-preview:-1"},"canonical":"https:\/\/laprensacristiana.com\/?p=17387","og_locale":"es_ES","og_type":"article","og_title":"\u00abRenacer\u00bb 11 a\u00f1os Ministerio Rey de Reyes - La Prensa Cristiana","og_description":"Por: Luis Medina | La Prensa Cristiana Bajo el lema: \u201cRENACER\u201d, el Ministerio Rey de Reyes, dirigido por los pastores Roberto y Raquel Flores, en Quincy, Florida, Estados Unidos, celebr\u00f3 su 11 aniversario. La palabra Renacer seg\u00fan la \u00f3ptica b\u00edblica hace referencia a cobrar fuerzas, tiene que ver con la idea de tomar impulso para [&hellip;]","og_url":"https:\/\/laprensacristiana.com\/?p=17387","og_site_name":"La Prensa Cristiana","article_published_time":"2024-06-18T21:15:52+00:00","article_modified_time":"2024-06-18T21:31:20+00:00","og_image":[{"width":2560,"height":1707,"url":"https:\/\/laprensacristiana.com\/wp-content\/uploads\/2024\/06\/IMAGEN-PRINCIPAL-scaled.jpg","type":"image\/jpeg"}],"author":"EDITOR","twitter_card":"summary_large_image","twitter_misc":{"Escrito por":"EDITOR","Tiempo de lectura":"6 minutos"},"schema":{"@context":"https:\/\/schema.org","@graph":[{"@type":"WebPage","@id":"https:\/\/laprensacristiana.com\/?p=17387","url":"https:\/\/laprensacristiana.com\/?p=17387","name":"\u00abRenacer\u00bb 11 a\u00f1os Ministerio Rey de Reyes - La Prensa Cristiana","isPartOf":{"@id":"https:\/\/laprensacristiana.com\/#website"},"datePublished":"2024-06-18T21:15:52+00:00","dateModified":"2024-06-18T21:31:20+00:00","author":{"@id":"https:\/\/laprensacristiana.com\/#\/schema\/person\/3e7d82c6bfd6b1fa67010f8f7cd5256e"},"breadcrumb":{"@id":"https:\/\/laprensacristiana.com\/?p=17387#breadcrumb"},"inLanguage":"es","potentialAction":[{"@type":"ReadAction","target":["https:\/\/laprensacristiana.com\/?p=17387"]}]},{"@type":"BreadcrumbList","@id":"https:\/\/laprensacristiana.com\/?p=17387#breadcrumb","itemListElement":[{"@type":"ListItem","position":1,"name":"Portada","item":"https:\/\/laprensacristiana.com\/"},{"@type":"ListItem","position":2,"name":"\u00abRenacer\u00bb 11 a\u00f1os Ministerio Rey de Reyes"}]},{"@type":"WebSite","@id":"https:\/\/laprensacristiana.com\/#website","url":"https:\/\/laprensacristiana.com\/","name":"La Prensa Cristiana","description":"Anunciando Las Buenas Nuevas","potentialAction":[{"@type":"SearchAction","target":{"@type":"EntryPoint","urlTemplate":"https:\/\/laprensacristiana.com\/?s={search_term_string}"},"query-input":"required name=search_term_string"}],"inLanguage":"es"},{"@type":"Person","@id":"https:\/\/laprensacristiana.com\/#\/schema\/person\/3e7d82c6bfd6b1fa67010f8f7cd5256e","name":"EDITOR","image":{"@type":"ImageObject","inLanguage":"es","@id":"https:\/\/laprensacristiana.com\/#\/schema\/person\/image\/","url":"https:\/\/secure.gravatar.com\/avatar\/72069dfb6c13772d9e8381e3638666d2?s=96&d=mm&r=g","contentUrl":"https:\/\/secure.gravatar.com\/avatar\/72069dfb6c13772d9e8381e3638666d2?s=96&d=mm&r=g","caption":"EDITOR"},"url":"https:\/\/laprensacristiana.com\/?author=3"}]}},"_links":{"self":[{"href":"https:\/\/laprensacristiana.com\/index.php?rest_route=\/wp\/v2\/posts\/17387"}],"collection":[{"href":"https:\/\/laprensacristiana.com\/index.php?rest_route=\/wp\/v2\/posts"}],"about":[{"href":"https:\/\/laprensacristiana.com\/index.php?rest_route=\/wp\/v2\/types\/post"}],"author":[{"embeddable":true,"href":"https:\/\/laprensacristiana.com\/index.php?rest_route=\/wp\/v2\/users\/3"}],"replies":[{"embeddable":true,"href":"https:\/\/laprensacristiana.com\/index.php?rest_route=%2Fwp%2Fv2%2Fcomments&post=17387"}],"version-history":[{"count":3,"href":"https:\/\/laprensacristiana.com\/index.php?rest_route=\/wp\/v2\/posts\/17387\/revisions"}],"predecessor-version":[{"id":17399,"href":"https:\/\/laprensacristiana.com\/index.php?rest_route=\/wp\/v2\/posts\/17387\/revisions\/17399"}],"wp:featuredmedia":[{"embeddable":true,"href":"https:\/\/laprensacristiana.com\/index.php?rest_route=\/wp\/v2\/media\/17389"}],"wp:attachment":[{"href":"https:\/\/laprensacristiana.com\/index.php?rest_route=%2Fwp%2Fv2%2Fmedia&parent=17387"}],"wp:term":[{"taxonomy":"category","embeddable":true,"href":"https:\/\/laprensacristiana.com\/index.php?rest_route=%2Fwp%2Fv2%2Fcategories&post=17387"},{"taxonomy":"post_tag","embeddable":true,"href":"https:\/\/laprensacristiana.com\/index.php?rest_route=%2Fwp%2Fv2%2Ftags&post=17387"}],"curies":[{"name":"wp","href":"https:\/\/api.w.org\/{rel}","templated":true}]}}