{"id":1739,"date":"2016-10-23T18:30:13","date_gmt":"2016-10-23T18:30:13","guid":{"rendered":"https:\/\/laprensacristiana.com\/?p=1739"},"modified":"2020-07-02T01:35:51","modified_gmt":"2020-07-02T01:35:51","slug":"clausura-y-graduacion","status":"publish","type":"post","link":"https:\/\/laprensacristiana.com\/?p=1739","title":{"rendered":"Clausura y graduaci\u00f3n"},"content":{"rendered":"<p>Ayer por la ma\u00f1ana se llev\u00f3 a cabo la clausura y graduaci\u00f3n de los alumnos del Instituto B\u00edblico Betel Central de Las Asambleas de Dios.<img decoding=\"async\" loading=\"lazy\" class=\"size-medium wp-image-1741 aligncenter\" src=\"https:\/\/laprensacristiana.com\/wp-content\/uploads\/2016\/10\/GRADU-4-300x225.jpg\" alt=\"GRADU 4\" width=\"300\" height=\"225\" srcset=\"https:\/\/laprensacristiana.com\/wp-content\/uploads\/2016\/10\/GRADU-4-300x225.jpg 300w, https:\/\/laprensacristiana.com\/wp-content\/uploads\/2016\/10\/GRADU-4-600x450.jpg 600w, https:\/\/laprensacristiana.com\/wp-content\/uploads\/2016\/10\/GRADU-4-768x577.jpg 768w, https:\/\/laprensacristiana.com\/wp-content\/uploads\/2016\/10\/GRADU-4-80x60.jpg 80w, https:\/\/laprensacristiana.com\/wp-content\/uploads\/2016\/10\/GRADU-4-265x198.jpg 265w, https:\/\/laprensacristiana.com\/wp-content\/uploads\/2016\/10\/GRADU-4-696x523.jpg 696w, https:\/\/laprensacristiana.com\/wp-content\/uploads\/2016\/10\/GRADU-4-559x420.jpg 559w, https:\/\/laprensacristiana.com\/wp-content\/uploads\/2016\/10\/GRADU-4.jpg 955w\" sizes=\"(max-width: 300px) 100vw, 300px\" \/><img decoding=\"async\" loading=\"lazy\" class=\"size-medium wp-image-1742 alignright\" src=\"https:\/\/laprensacristiana.com\/wp-content\/uploads\/2016\/10\/GRADU-1-300x225.jpg\" alt=\"GRADU 1\" width=\"300\" height=\"225\" srcset=\"https:\/\/laprensacristiana.com\/wp-content\/uploads\/2016\/10\/GRADU-1-300x225.jpg 300w, https:\/\/laprensacristiana.com\/wp-content\/uploads\/2016\/10\/GRADU-1-600x450.jpg 600w, https:\/\/laprensacristiana.com\/wp-content\/uploads\/2016\/10\/GRADU-1-768x576.jpg 768w, https:\/\/laprensacristiana.com\/wp-content\/uploads\/2016\/10\/GRADU-1-80x60.jpg 80w, https:\/\/laprensacristiana.com\/wp-content\/uploads\/2016\/10\/GRADU-1-265x198.jpg 265w, https:\/\/laprensacristiana.com\/wp-content\/uploads\/2016\/10\/GRADU-1-696x522.jpg 696w, https:\/\/laprensacristiana.com\/wp-content\/uploads\/2016\/10\/GRADU-1-560x420.jpg 560w, https:\/\/laprensacristiana.com\/wp-content\/uploads\/2016\/10\/GRADU-1.jpg 960w\" sizes=\"(max-width: 300px) 100vw, 300px\" \/><\/p>\n<p>Evento en el cual m\u00e1s de 40 alumnos fueron bendecidos con sus t\u00edtulos, los niveles que se dieron cita fueron: teolog\u00eda, especialidad ministerio pastoral, especialidad misiones, especialidad en educaci\u00f3n cristiana y nivel b\u00e1sico III.<img decoding=\"async\" loading=\"lazy\" class=\"size-medium wp-image-1743 aligncenter\" src=\"https:\/\/laprensacristiana.com\/wp-content\/uploads\/2016\/10\/GRADU-3-300x153.jpg\" alt=\"GRADU 3\" width=\"300\" height=\"153\" srcset=\"https:\/\/laprensacristiana.com\/wp-content\/uploads\/2016\/10\/GRADU-3-300x153.jpg 300w, https:\/\/laprensacristiana.com\/wp-content\/uploads\/2016\/10\/GRADU-3-600x306.jpg 600w, https:\/\/laprensacristiana.com\/wp-content\/uploads\/2016\/10\/GRADU-3-768x392.jpg 768w, https:\/\/laprensacristiana.com\/wp-content\/uploads\/2016\/10\/GRADU-3-1024x522.jpg 1024w, https:\/\/laprensacristiana.com\/wp-content\/uploads\/2016\/10\/GRADU-3-696x355.jpg 696w, https:\/\/laprensacristiana.com\/wp-content\/uploads\/2016\/10\/GRADU-3-1068x545.jpg 1068w, https:\/\/laprensacristiana.com\/wp-content\/uploads\/2016\/10\/GRADU-3-824x420.jpg 824w, https:\/\/laprensacristiana.com\/wp-content\/uploads\/2016\/10\/GRADU-3.jpg 1155w\" sizes=\"(max-width: 300px) 100vw, 300px\" \/><\/p>\n<p><img decoding=\"async\" loading=\"lazy\" class=\"size-medium wp-image-1744 alignleft\" src=\"https:\/\/laprensacristiana.com\/wp-content\/uploads\/2016\/10\/GRADU-2-300x225.jpg\" alt=\"GRADU 2\" width=\"300\" height=\"225\" srcset=\"https:\/\/laprensacristiana.com\/wp-content\/uploads\/2016\/10\/GRADU-2-300x225.jpg 300w, https:\/\/laprensacristiana.com\/wp-content\/uploads\/2016\/10\/GRADU-2-600x450.jpg 600w, https:\/\/laprensacristiana.com\/wp-content\/uploads\/2016\/10\/GRADU-2-768x577.jpg 768w, https:\/\/laprensacristiana.com\/wp-content\/uploads\/2016\/10\/GRADU-2-80x60.jpg 80w, https:\/\/laprensacristiana.com\/wp-content\/uploads\/2016\/10\/GRADU-2-265x198.jpg 265w, https:\/\/laprensacristiana.com\/wp-content\/uploads\/2016\/10\/GRADU-2-696x523.jpg 696w, https:\/\/laprensacristiana.com\/wp-content\/uploads\/2016\/10\/GRADU-2-559x420.jpg 559w, https:\/\/laprensacristiana.com\/wp-content\/uploads\/2016\/10\/GRADU-2.jpg 955w\" sizes=\"(max-width: 300px) 100vw, 300px\" \/>Con la participaci\u00f3n musical del ministerio de Alabanza IBBC y el Rvdo. Jerem\u00edas Bola\u00f1os, quien \u00a0dio un mensaje a los alumnos que emprenden su nuevo camino. El alumno Francisco David Fern\u00e1ndez, dio las palabras de agradecimiento, pues dijo haberse sentido dichoso de todo lo aprendido en su casa de estudios<\/p>\n","protected":false},"excerpt":{"rendered":"<p>Ayer por la ma\u00f1ana se llev\u00f3 a cabo la clausura y graduaci\u00f3n de los alumnos del Instituto B\u00edblico Betel Central de Las Asambleas de Dios. Evento en el cual m\u00e1s de 40 alumnos fueron bendecidos con sus t\u00edtulos, los niveles que se dieron cita fueron: teolog\u00eda, especialidad ministerio pastoral, especialidad misiones, especialidad en educaci\u00f3n cristiana [&hellip;]<\/p>\n","protected":false},"author":3,"featured_media":1740,"comment_status":"open","ping_status":"open","sticky":false,"template":"","format":"standard","meta":[],"categories":[56],"tags":[],"yoast_head":"<!-- This site is optimized with the Yoast SEO plugin v20.8 - https:\/\/yoast.com\/wordpress\/plugins\/seo\/ -->\n<title>Clausura y graduaci\u00f3n - La Prensa Cristiana<\/title>\n<meta name=\"robots\" content=\"index, follow, max-snippet:-1, max-image-preview:large, max-video-preview:-1\" \/>\n<link rel=\"canonical\" href=\"https:\/\/laprensacristiana.com\/?p=1739\" \/>\n<meta property=\"og:locale\" content=\"es_ES\" \/>\n<meta property=\"og:type\" content=\"article\" \/>\n<meta property=\"og:title\" content=\"Clausura y graduaci\u00f3n - La Prensa Cristiana\" \/>\n<meta property=\"og:description\" content=\"Ayer por la ma\u00f1ana se llev\u00f3 a cabo la clausura y graduaci\u00f3n de los alumnos del Instituto B\u00edblico Betel Central de Las Asambleas de Dios. Evento en el cual m\u00e1s de 40 alumnos fueron bendecidos con sus t\u00edtulos, los niveles que se dieron cita fueron: teolog\u00eda, especialidad ministerio pastoral, especialidad misiones, especialidad en educaci\u00f3n cristiana [&hellip;]\" \/>\n<meta property=\"og:url\" content=\"https:\/\/laprensacristiana.com\/?p=1739\" \/>\n<meta property=\"og:site_name\" content=\"La Prensa Cristiana\" \/>\n<meta property=\"article:published_time\" content=\"2016-10-23T18:30:13+00:00\" \/>\n<meta property=\"article:modified_time\" content=\"2020-07-02T01:35:51+00:00\" \/>\n<meta property=\"og:image\" content=\"https:\/\/laprensacristiana.com\/wp-content\/uploads\/2016\/10\/GRADU-5.jpg\" \/>\n\t<meta property=\"og:image:width\" content=\"978\" \/>\n\t<meta property=\"og:image:height\" content=\"708\" \/>\n\t<meta property=\"og:image:type\" content=\"image\/jpeg\" \/>\n<meta name=\"author\" content=\"EDITOR\" \/>\n<meta name=\"twitter:card\" content=\"summary_large_image\" \/>\n<meta name=\"twitter:label1\" content=\"Escrito por\" \/>\n\t<meta name=\"twitter:data1\" content=\"EDITOR\" \/>\n\t<meta name=\"twitter:label2\" content=\"Tiempo de lectura\" \/>\n\t<meta name=\"twitter:data2\" content=\"1 minuto\" \/>\n<script type=\"application\/ld+json\" class=\"yoast-schema-graph\">{\"@context\":\"https:\/\/schema.org\",\"@graph\":[{\"@type\":\"WebPage\",\"@id\":\"https:\/\/laprensacristiana.com\/?p=1739\",\"url\":\"https:\/\/laprensacristiana.com\/?p=1739\",\"name\":\"Clausura y graduaci\u00f3n - La Prensa Cristiana\",\"isPartOf\":{\"@id\":\"https:\/\/laprensacristiana.com\/#website\"},\"datePublished\":\"2016-10-23T18:30:13+00:00\",\"dateModified\":\"2020-07-02T01:35:51+00:00\",\"author\":{\"@id\":\"https:\/\/laprensacristiana.com\/#\/schema\/person\/3e7d82c6bfd6b1fa67010f8f7cd5256e\"},\"breadcrumb\":{\"@id\":\"https:\/\/laprensacristiana.com\/?p=1739#breadcrumb\"},\"inLanguage\":\"es\",\"potentialAction\":[{\"@type\":\"ReadAction\",\"target\":[\"https:\/\/laprensacristiana.com\/?p=1739\"]}]},{\"@type\":\"BreadcrumbList\",\"@id\":\"https:\/\/laprensacristiana.com\/?p=1739#breadcrumb\",\"itemListElement\":[{\"@type\":\"ListItem\",\"position\":1,\"name\":\"Portada\",\"item\":\"https:\/\/laprensacristiana.com\/\"},{\"@type\":\"ListItem\",\"position\":2,\"name\":\"Clausura y graduaci\u00f3n\"}]},{\"@type\":\"WebSite\",\"@id\":\"https:\/\/laprensacristiana.com\/#website\",\"url\":\"https:\/\/laprensacristiana.com\/\",\"name\":\"La Prensa Cristiana\",\"description\":\"Anunciando Las Buenas Nuevas\",\"potentialAction\":[{\"@type\":\"SearchAction\",\"target\":{\"@type\":\"EntryPoint\",\"urlTemplate\":\"https:\/\/laprensacristiana.com\/?s={search_term_string}\"},\"query-input\":\"required name=search_term_string\"}],\"inLanguage\":\"es\"},{\"@type\":\"Person\",\"@id\":\"https:\/\/laprensacristiana.com\/#\/schema\/person\/3e7d82c6bfd6b1fa67010f8f7cd5256e\",\"name\":\"EDITOR\",\"image\":{\"@type\":\"ImageObject\",\"inLanguage\":\"es\",\"@id\":\"https:\/\/laprensacristiana.com\/#\/schema\/person\/image\/\",\"url\":\"https:\/\/secure.gravatar.com\/avatar\/72069dfb6c13772d9e8381e3638666d2?s=96&d=mm&r=g\",\"contentUrl\":\"https:\/\/secure.gravatar.com\/avatar\/72069dfb6c13772d9e8381e3638666d2?s=96&d=mm&r=g\",\"caption\":\"EDITOR\"},\"url\":\"https:\/\/laprensacristiana.com\/?author=3\"}]}<\/script>\n<!-- \/ Yoast SEO plugin. -->","yoast_head_json":{"title":"Clausura y graduaci\u00f3n - La Prensa Cristiana","robots":{"index":"index","follow":"follow","max-snippet":"max-snippet:-1","max-image-preview":"max-image-preview:large","max-video-preview":"max-video-preview:-1"},"canonical":"https:\/\/laprensacristiana.com\/?p=1739","og_locale":"es_ES","og_type":"article","og_title":"Clausura y graduaci\u00f3n - La Prensa Cristiana","og_description":"Ayer por la ma\u00f1ana se llev\u00f3 a cabo la clausura y graduaci\u00f3n de los alumnos del Instituto B\u00edblico Betel Central de Las Asambleas de Dios. Evento en el cual m\u00e1s de 40 alumnos fueron bendecidos con sus t\u00edtulos, los niveles que se dieron cita fueron: teolog\u00eda, especialidad ministerio pastoral, especialidad misiones, especialidad en educaci\u00f3n cristiana [&hellip;]","og_url":"https:\/\/laprensacristiana.com\/?p=1739","og_site_name":"La Prensa Cristiana","article_published_time":"2016-10-23T18:30:13+00:00","article_modified_time":"2020-07-02T01:35:51+00:00","og_image":[{"width":978,"height":708,"url":"https:\/\/laprensacristiana.com\/wp-content\/uploads\/2016\/10\/GRADU-5.jpg","type":"image\/jpeg"}],"author":"EDITOR","twitter_card":"summary_large_image","twitter_misc":{"Escrito por":"EDITOR","Tiempo de lectura":"1 minuto"},"schema":{"@context":"https:\/\/schema.org","@graph":[{"@type":"WebPage","@id":"https:\/\/laprensacristiana.com\/?p=1739","url":"https:\/\/laprensacristiana.com\/?p=1739","name":"Clausura y graduaci\u00f3n - La Prensa Cristiana","isPartOf":{"@id":"https:\/\/laprensacristiana.com\/#website"},"datePublished":"2016-10-23T18:30:13+00:00","dateModified":"2020-07-02T01:35:51+00:00","author":{"@id":"https:\/\/laprensacristiana.com\/#\/schema\/person\/3e7d82c6bfd6b1fa67010f8f7cd5256e"},"breadcrumb":{"@id":"https:\/\/laprensacristiana.com\/?p=1739#breadcrumb"},"inLanguage":"es","potentialAction":[{"@type":"ReadAction","target":["https:\/\/laprensacristiana.com\/?p=1739"]}]},{"@type":"BreadcrumbList","@id":"https:\/\/laprensacristiana.com\/?p=1739#breadcrumb","itemListElement":[{"@type":"ListItem","position":1,"name":"Portada","item":"https:\/\/laprensacristiana.com\/"},{"@type":"ListItem","position":2,"name":"Clausura y graduaci\u00f3n"}]},{"@type":"WebSite","@id":"https:\/\/laprensacristiana.com\/#website","url":"https:\/\/laprensacristiana.com\/","name":"La Prensa Cristiana","description":"Anunciando Las Buenas Nuevas","potentialAction":[{"@type":"SearchAction","target":{"@type":"EntryPoint","urlTemplate":"https:\/\/laprensacristiana.com\/?s={search_term_string}"},"query-input":"required name=search_term_string"}],"inLanguage":"es"},{"@type":"Person","@id":"https:\/\/laprensacristiana.com\/#\/schema\/person\/3e7d82c6bfd6b1fa67010f8f7cd5256e","name":"EDITOR","image":{"@type":"ImageObject","inLanguage":"es","@id":"https:\/\/laprensacristiana.com\/#\/schema\/person\/image\/","url":"https:\/\/secure.gravatar.com\/avatar\/72069dfb6c13772d9e8381e3638666d2?s=96&d=mm&r=g","contentUrl":"https:\/\/secure.gravatar.com\/avatar\/72069dfb6c13772d9e8381e3638666d2?s=96&d=mm&r=g","caption":"EDITOR"},"url":"https:\/\/laprensacristiana.com\/?author=3"}]}},"_links":{"self":[{"href":"https:\/\/laprensacristiana.com\/index.php?rest_route=\/wp\/v2\/posts\/1739"}],"collection":[{"href":"https:\/\/laprensacristiana.com\/index.php?rest_route=\/wp\/v2\/posts"}],"about":[{"href":"https:\/\/laprensacristiana.com\/index.php?rest_route=\/wp\/v2\/types\/post"}],"author":[{"embeddable":true,"href":"https:\/\/laprensacristiana.com\/index.php?rest_route=\/wp\/v2\/users\/3"}],"replies":[{"embeddable":true,"href":"https:\/\/laprensacristiana.com\/index.php?rest_route=%2Fwp%2Fv2%2Fcomments&post=1739"}],"version-history":[{"count":1,"href":"https:\/\/laprensacristiana.com\/index.php?rest_route=\/wp\/v2\/posts\/1739\/revisions"}],"predecessor-version":[{"id":1745,"href":"https:\/\/laprensacristiana.com\/index.php?rest_route=\/wp\/v2\/posts\/1739\/revisions\/1745"}],"wp:featuredmedia":[{"embeddable":true,"href":"https:\/\/laprensacristiana.com\/index.php?rest_route=\/wp\/v2\/media\/1740"}],"wp:attachment":[{"href":"https:\/\/laprensacristiana.com\/index.php?rest_route=%2Fwp%2Fv2%2Fmedia&parent=1739"}],"wp:term":[{"taxonomy":"category","embeddable":true,"href":"https:\/\/laprensacristiana.com\/index.php?rest_route=%2Fwp%2Fv2%2Fcategories&post=1739"},{"taxonomy":"post_tag","embeddable":true,"href":"https:\/\/laprensacristiana.com\/index.php?rest_route=%2Fwp%2Fv2%2Ftags&post=1739"}],"curies":[{"name":"wp","href":"https:\/\/api.w.org\/{rel}","templated":true}]}}