{"id":17401,"date":"2024-06-18T22:35:09","date_gmt":"2024-06-18T22:35:09","guid":{"rendered":"https:\/\/laprensacristiana.com\/?p=17401"},"modified":"2024-06-18T23:35:17","modified_gmt":"2024-06-18T23:35:17","slug":"el-rol-de-la-iglesia-ante-emergencias-climaticas","status":"publish","type":"post","link":"https:\/\/laprensacristiana.com\/?p=17401","title":{"rendered":"El rol de la iglesia ante emergencias clim\u00e1ticas."},"content":{"rendered":"\n<p>Por: Edwin G\u00f3ngora <\/p>\n\n\n\n<p>Por su naturaleza la Iglesia est\u00e1 llamada a contribuir desde su propia identidad, de tal manera construir una mejor sociedad, con sensibilidad frente al sufrimiento, desigualdad, pobreza y vulnerabilidad.<\/p>\n\n\n\n<p>Las situaciones tr\u00e1gicas que se presentan a lo largo de la vida, debe quedar claro, no es &nbsp;producto de un castigo como muchos quieren hacerlo ver y por el contrario todo momento de crisis o desierto que podamos atravesar, es un tiempo para que la obra de Dios se manifieste, aunque no lo veamos y ni lo creamos. &nbsp;(Juan 9: 1-3)<\/p>\n\n\n\n<p>Estimado lector, no olvide que la iglesia es un sector de la sociedad, por lo que est\u00e1 llamada a contribuir y hacer efectivo&nbsp; el discurso esperanzador que Jes\u00fas abandera en los evangelios, promoviendo la \u00e9tica de la solidaridad.<\/p>\n\n\n\n<p>As\u00ed lo plantea el Pastor Juan Carlos Hasbun, de Iglesia Kemuel en este contexto que nos acontece en el pa\u00eds, producto de una tormenta tropical: \u201cInvito a todas las iglesias a cumplir el evangelio y dar el mil por ciento y moverse a los centros de refugio y las comunidades a acompa\u00f1ar y dar comida, ropa y animo a quienes est\u00e1n en situaci\u00f3n vulnerable. Oremos todos\u201d.<\/p>\n\n\n\n<p>Y es que Inundaciones por el desbordamiento de r\u00edos, deslaves debido a los suelos saturados de agua, as\u00ed como la ca\u00edda de algunos \u00e1rboles sobre viviendas y veh\u00edculos &nbsp;es el panorama que pinta en el pa\u00eds durante las \u00faltimas horas. &nbsp;<\/p>\n\n\n\n<figure class=\"wp-block-image size-large\"><img decoding=\"async\" loading=\"lazy\" width=\"1024\" height=\"672\" src=\"https:\/\/laprensacristiana.com\/wp-content\/uploads\/2024\/06\/WhatsApp-Image-2024-06-18-at-4.07.06-PM-1024x672.jpeg\" alt=\"\" class=\"wp-image-17403\" srcset=\"https:\/\/laprensacristiana.com\/wp-content\/uploads\/2024\/06\/WhatsApp-Image-2024-06-18-at-4.07.06-PM-1024x672.jpeg 1024w, https:\/\/laprensacristiana.com\/wp-content\/uploads\/2024\/06\/WhatsApp-Image-2024-06-18-at-4.07.06-PM-300x197.jpeg 300w, https:\/\/laprensacristiana.com\/wp-content\/uploads\/2024\/06\/WhatsApp-Image-2024-06-18-at-4.07.06-PM-768x504.jpeg 768w, https:\/\/laprensacristiana.com\/wp-content\/uploads\/2024\/06\/WhatsApp-Image-2024-06-18-at-4.07.06-PM-696x457.jpeg 696w, https:\/\/laprensacristiana.com\/wp-content\/uploads\/2024\/06\/WhatsApp-Image-2024-06-18-at-4.07.06-PM-1068x701.jpeg 1068w, https:\/\/laprensacristiana.com\/wp-content\/uploads\/2024\/06\/WhatsApp-Image-2024-06-18-at-4.07.06-PM-600x394.jpeg 600w, https:\/\/laprensacristiana.com\/wp-content\/uploads\/2024\/06\/WhatsApp-Image-2024-06-18-at-4.07.06-PM.jpeg 1079w\" sizes=\"(max-width: 1024px) 100vw, 1024px\" \/><\/figure>\n\n\n\n<p>Pero m\u00e1s que un llamado a la iglesia a realizar acciones de asistencia humanitaria, es la continuaci\u00f3n de un proyecto que se hace desde siempre, donde cada congregaci\u00f3n en momentos de necesidad extiende su mano, no se diga en circunstancias como las actuales, donde su visi\u00f3n integral la hace que se involucra casi de forma natural.<\/p>\n\n\n\n<p>El pastor Erick Salas de Iglesia Bethesda, ubicada en la Colonia Monserrat, asegura que \u201cla primera acci\u00f3n como iglesia para con las familias o personas afectadas, es brindar una oraci\u00f3n y una palabra, para posteriormente pasar a principios b\u00e1sicos como la prudencia, si las personas habitan en lugares de riegos o \u00a0vulnerabilidad\u201d.<\/p>\n\n\n\n<p>Agrega adem\u00e1s que la iglesia debe insistir en la responsabilidad \u00a0preventiva mucho antes de la emergencia, pues en el caso de los desbordamientos en r\u00edos, quebradas y lagos, son el resultado de la perdida en la capacidad que el suelo tiene por absorber el agua, adem\u00e1s de la irresponsabilidad de otros en saturar los desag\u00fces y tragantes con desperdicios ocasionando inundaciones. \u00a0<\/p>\n\n\n\n<p>Es aqu\u00ed donde campa\u00f1as de concientizaci\u00f3n y proyectos mediante incentivos a lugares que no se inundan y que manejan con responsabilidad los desechos, pueden traer a mediano plazo una mejor cultura en este tema.<\/p>\n\n\n\n<p>Entonces, el rol de la iglesia ante las emergencias clim\u00e1ticas y\/o de desastres naturales debe trascender el asistencialismo y desarrollar una visi\u00f3n m\u00e1s integral en la que los\u00a0 ministerios se involucren y dirijan procesos de registro de los da\u00f1os en los miembros de su congregaci\u00f3n y comunidad, de tal manera gestionar apoyo para tramitar recursos que permitan recuperar la actividad en las zonas afectadas.<\/p>\n\n\n\n<figure class=\"wp-block-image size-large\"><img decoding=\"async\" loading=\"lazy\" width=\"1024\" height=\"482\" src=\"https:\/\/laprensacristiana.com\/wp-content\/uploads\/2024\/06\/WhatsApp-Image-2024-06-18-at-4.29.25-PM-1024x482.jpeg\" alt=\"\" class=\"wp-image-17404\" srcset=\"https:\/\/laprensacristiana.com\/wp-content\/uploads\/2024\/06\/WhatsApp-Image-2024-06-18-at-4.29.25-PM-1024x482.jpeg 1024w, https:\/\/laprensacristiana.com\/wp-content\/uploads\/2024\/06\/WhatsApp-Image-2024-06-18-at-4.29.25-PM-300x141.jpeg 300w, https:\/\/laprensacristiana.com\/wp-content\/uploads\/2024\/06\/WhatsApp-Image-2024-06-18-at-4.29.25-PM-768x362.jpeg 768w, https:\/\/laprensacristiana.com\/wp-content\/uploads\/2024\/06\/WhatsApp-Image-2024-06-18-at-4.29.25-PM-696x328.jpeg 696w, https:\/\/laprensacristiana.com\/wp-content\/uploads\/2024\/06\/WhatsApp-Image-2024-06-18-at-4.29.25-PM-600x283.jpeg 600w, https:\/\/laprensacristiana.com\/wp-content\/uploads\/2024\/06\/WhatsApp-Image-2024-06-18-at-4.29.25-PM.jpeg 1055w\" sizes=\"(max-width: 1024px) 100vw, 1024px\" \/><\/figure>\n\n\n\n<p>En ese sentido tambi\u00e9n consultamos al pastor Edwin Guzm\u00e1n de La Iglesia Congregaci\u00f3n Familiar de la Asambleas de Dios (CONFADES)&nbsp;que se ubica en San Marcos, frente a la comunidad diez de octubre para conocer \u00bfcu\u00e1l es a su juicio el rol que la iglesia desempe\u00f1a en situaciones de emergencia clim\u00e1tica?<\/p>\n\n\n\n<p>\u201cNos toca a nosotros, los miembros de la congregaci\u00f3n ser iglesia en nuestra comunidad, con nuestros amigos y familia en estos momentos de desastre natural o cualquier situaci\u00f3n adversa que podamos estar viviendo\u00bb. Con ello explica, reflejemos a Dios y a Cristo desde nuestra acciones, respald\u00e1ndolo con nuestro mensaje\u201d,<\/p>\n\n\n\n<p>El pastor asegura que su ministerio lleva ya m\u00e1s de veinte a\u00f1os de contacto con la comunidad. Eso ha hecho que la gente se acerque para colaborar.<\/p>\n\n\n\n<p>\u201cPor ejemplo tenemos gente que entra y sale porque necesita v\u00edveres, debido a que las familias como no est\u00e1n generando ingresos debido a la lluvia, se trata de suplir un poco la necesidad, no en un cien por ciento, pero si lo necesario que les permita seguir avanzando\u201d. \u00a0<\/p>\n\n\n\n<p>La efectividad mostrada por la iglesia en el contacto con la comunicaci\u00f3n vali\u00f3 para que sus instalaciones fueran nombradas como albergue oficial por las autoridades de Gobernaci\u00f3n, donde ciento cincuenta personas, unas cincuenta familias, son atendidas en momentos como estos de necesidad.<\/p>\n\n\n\n<p>\u201cDe Hecho somos referentes, si usted viene y pregunta en la comunidad diez de octubre quienes en momento de tormenta les ayudan, ellos le har\u00e1n referencia de la iglesia, incluso prefieren buscar a la Iglesia que los albergue oficiales que el gobierno ha tenido y fue por eso que el gobierno decidi\u00f3 ponerlo oficial trabajando con ellos\u201d. &nbsp;<\/p>\n\n\n\n<p>El pastor Edwin Guzm\u00e1n asegura que momentos como este generan una maravillosa ense\u00f1anza, donde amar a Dios y ser un fiel seguidor y servidor de \u00e9l, se refleja amando y ayudando al pr\u00f3jimo como nos lo describe el pasaje de Lucas en su cap\u00edtulo 10, versos del 25 al 37. \u00a0\u00a0<\/p>\n\n\n\n<figure class=\"wp-block-gallery has-nested-images columns-default is-cropped wp-block-gallery-1 is-layout-flex\">\n<figure class=\"wp-block-image size-large\"><img decoding=\"async\" loading=\"lazy\" width=\"1024\" height=\"695\" data-id=\"17405\"  src=\"https:\/\/laprensacristiana.com\/wp-content\/uploads\/2024\/06\/WhatsApp-Image-2024-06-18-at-4.07.04-PM-1024x695.jpeg\" alt=\"\" class=\"wp-image-17405\" srcset=\"https:\/\/laprensacristiana.com\/wp-content\/uploads\/2024\/06\/WhatsApp-Image-2024-06-18-at-4.07.04-PM-1024x695.jpeg 1024w, https:\/\/laprensacristiana.com\/wp-content\/uploads\/2024\/06\/WhatsApp-Image-2024-06-18-at-4.07.04-PM-300x204.jpeg 300w, https:\/\/laprensacristiana.com\/wp-content\/uploads\/2024\/06\/WhatsApp-Image-2024-06-18-at-4.07.04-PM-768x521.jpeg 768w, https:\/\/laprensacristiana.com\/wp-content\/uploads\/2024\/06\/WhatsApp-Image-2024-06-18-at-4.07.04-PM-696x472.jpeg 696w, https:\/\/laprensacristiana.com\/wp-content\/uploads\/2024\/06\/WhatsApp-Image-2024-06-18-at-4.07.04-PM-1068x725.jpeg 1068w, https:\/\/laprensacristiana.com\/wp-content\/uploads\/2024\/06\/WhatsApp-Image-2024-06-18-at-4.07.04-PM-600x407.jpeg 600w, https:\/\/laprensacristiana.com\/wp-content\/uploads\/2024\/06\/WhatsApp-Image-2024-06-18-at-4.07.04-PM.jpeg 1079w\" sizes=\"(max-width: 1024px) 100vw, 1024px\" \/><\/figure>\n\n\n\n<figure class=\"wp-block-image size-large\"><img decoding=\"async\" loading=\"lazy\" width=\"1012\" height=\"1024\" data-id=\"17407\"  src=\"https:\/\/laprensacristiana.com\/wp-content\/uploads\/2024\/06\/WhatsApp-Image-2024-06-18-at-4.07.05-PM-1-1012x1024.jpeg\" alt=\"\" class=\"wp-image-17407\" srcset=\"https:\/\/laprensacristiana.com\/wp-content\/uploads\/2024\/06\/WhatsApp-Image-2024-06-18-at-4.07.05-PM-1-1012x1024.jpeg 1012w, https:\/\/laprensacristiana.com\/wp-content\/uploads\/2024\/06\/WhatsApp-Image-2024-06-18-at-4.07.05-PM-1-296x300.jpeg 296w, https:\/\/laprensacristiana.com\/wp-content\/uploads\/2024\/06\/WhatsApp-Image-2024-06-18-at-4.07.05-PM-1-768x777.jpeg 768w, https:\/\/laprensacristiana.com\/wp-content\/uploads\/2024\/06\/WhatsApp-Image-2024-06-18-at-4.07.05-PM-1-696x704.jpeg 696w, https:\/\/laprensacristiana.com\/wp-content\/uploads\/2024\/06\/WhatsApp-Image-2024-06-18-at-4.07.05-PM-1-1068x1081.jpeg 1068w, https:\/\/laprensacristiana.com\/wp-content\/uploads\/2024\/06\/WhatsApp-Image-2024-06-18-at-4.07.05-PM-1-600x607.jpeg 600w, https:\/\/laprensacristiana.com\/wp-content\/uploads\/2024\/06\/WhatsApp-Image-2024-06-18-at-4.07.05-PM-1-100x100.jpeg 100w, https:\/\/laprensacristiana.com\/wp-content\/uploads\/2024\/06\/WhatsApp-Image-2024-06-18-at-4.07.05-PM-1.jpeg 1079w\" sizes=\"(max-width: 1012px) 100vw, 1012px\" \/><\/figure>\n\n\n\n<figure class=\"wp-block-image size-large\"><img decoding=\"async\" loading=\"lazy\" width=\"1024\" height=\"767\" data-id=\"17408\"  src=\"https:\/\/laprensacristiana.com\/wp-content\/uploads\/2024\/06\/WhatsApp-Image-2024-06-18-at-4.07.05-PM-2-1024x767.jpeg\" alt=\"\" class=\"wp-image-17408\" srcset=\"https:\/\/laprensacristiana.com\/wp-content\/uploads\/2024\/06\/WhatsApp-Image-2024-06-18-at-4.07.05-PM-2-1024x767.jpeg 1024w, https:\/\/laprensacristiana.com\/wp-content\/uploads\/2024\/06\/WhatsApp-Image-2024-06-18-at-4.07.05-PM-2-300x225.jpeg 300w, https:\/\/laprensacristiana.com\/wp-content\/uploads\/2024\/06\/WhatsApp-Image-2024-06-18-at-4.07.05-PM-2-768x575.jpeg 768w, https:\/\/laprensacristiana.com\/wp-content\/uploads\/2024\/06\/WhatsApp-Image-2024-06-18-at-4.07.05-PM-2-696x521.jpeg 696w, https:\/\/laprensacristiana.com\/wp-content\/uploads\/2024\/06\/WhatsApp-Image-2024-06-18-at-4.07.05-PM-2-1068x800.jpeg 1068w, https:\/\/laprensacristiana.com\/wp-content\/uploads\/2024\/06\/WhatsApp-Image-2024-06-18-at-4.07.05-PM-2-600x449.jpeg 600w, https:\/\/laprensacristiana.com\/wp-content\/uploads\/2024\/06\/WhatsApp-Image-2024-06-18-at-4.07.05-PM-2.jpeg 1079w\" sizes=\"(max-width: 1024px) 100vw, 1024px\" \/><\/figure>\n\n\n\n<figure class=\"wp-block-image size-large\"><img decoding=\"async\" loading=\"lazy\" width=\"1024\" height=\"767\" data-id=\"17406\"  src=\"https:\/\/laprensacristiana.com\/wp-content\/uploads\/2024\/06\/WhatsApp-Image-2024-06-18-at-4.07.05-PM-3-1024x767.jpeg\" alt=\"\" class=\"wp-image-17406\" srcset=\"https:\/\/laprensacristiana.com\/wp-content\/uploads\/2024\/06\/WhatsApp-Image-2024-06-18-at-4.07.05-PM-3-1024x767.jpeg 1024w, https:\/\/laprensacristiana.com\/wp-content\/uploads\/2024\/06\/WhatsApp-Image-2024-06-18-at-4.07.05-PM-3-300x225.jpeg 300w, https:\/\/laprensacristiana.com\/wp-content\/uploads\/2024\/06\/WhatsApp-Image-2024-06-18-at-4.07.05-PM-3-768x575.jpeg 768w, https:\/\/laprensacristiana.com\/wp-content\/uploads\/2024\/06\/WhatsApp-Image-2024-06-18-at-4.07.05-PM-3-696x521.jpeg 696w, https:\/\/laprensacristiana.com\/wp-content\/uploads\/2024\/06\/WhatsApp-Image-2024-06-18-at-4.07.05-PM-3-1068x800.jpeg 1068w, https:\/\/laprensacristiana.com\/wp-content\/uploads\/2024\/06\/WhatsApp-Image-2024-06-18-at-4.07.05-PM-3-600x449.jpeg 600w, https:\/\/laprensacristiana.com\/wp-content\/uploads\/2024\/06\/WhatsApp-Image-2024-06-18-at-4.07.05-PM-3.jpeg 1079w\" sizes=\"(max-width: 1024px) 100vw, 1024px\" \/><\/figure>\n\n\n\n<figure class=\"wp-block-image size-large\"><img decoding=\"async\" loading=\"lazy\" width=\"940\" height=\"1024\" data-id=\"17409\"  src=\"https:\/\/laprensacristiana.com\/wp-content\/uploads\/2024\/06\/WhatsApp-Image-2024-06-18-at-4.07.05-PM-4-940x1024.jpeg\" alt=\"\" class=\"wp-image-17409\" srcset=\"https:\/\/laprensacristiana.com\/wp-content\/uploads\/2024\/06\/WhatsApp-Image-2024-06-18-at-4.07.05-PM-4-940x1024.jpeg 940w, https:\/\/laprensacristiana.com\/wp-content\/uploads\/2024\/06\/WhatsApp-Image-2024-06-18-at-4.07.05-PM-4-275x300.jpeg 275w, https:\/\/laprensacristiana.com\/wp-content\/uploads\/2024\/06\/WhatsApp-Image-2024-06-18-at-4.07.05-PM-4-768x837.jpeg 768w, https:\/\/laprensacristiana.com\/wp-content\/uploads\/2024\/06\/WhatsApp-Image-2024-06-18-at-4.07.05-PM-4-696x759.jpeg 696w, https:\/\/laprensacristiana.com\/wp-content\/uploads\/2024\/06\/WhatsApp-Image-2024-06-18-at-4.07.05-PM-4-1068x1164.jpeg 1068w, https:\/\/laprensacristiana.com\/wp-content\/uploads\/2024\/06\/WhatsApp-Image-2024-06-18-at-4.07.05-PM-4-600x654.jpeg 600w, https:\/\/laprensacristiana.com\/wp-content\/uploads\/2024\/06\/WhatsApp-Image-2024-06-18-at-4.07.05-PM-4.jpeg 1079w\" sizes=\"(max-width: 940px) 100vw, 940px\" \/><\/figure>\n<\/figure>\n\n\n\n<p>Nadie puede negar la labor que un buen n\u00famero de iglesias realizan y no solamente en estos momentos, ya que su asistencia es constante y permanente por medio del &nbsp;seguimiento &nbsp;espiritual, emocional y de algunas necesidades b\u00e1sicas. &nbsp;<\/p>\n\n\n\n<p>Es ese el rol que vuelve clave a la iglesia, en un mundo que ante cualquier situaci\u00f3n el servir a los dem\u00e1s es su  principal papel. \u00a0<\/p>\n\n\n\n<p><\/p>\n","protected":false},"excerpt":{"rendered":"<p>Por: Edwin G\u00f3ngora Por su naturaleza la Iglesia est\u00e1 llamada a contribuir desde su propia identidad, de tal manera construir una mejor sociedad, con sensibilidad frente al sufrimiento, desigualdad, pobreza y vulnerabilidad. Las situaciones tr\u00e1gicas que se presentan a lo largo de la vida, debe quedar claro, no es &nbsp;producto de un castigo como muchos [&hellip;]<\/p>\n","protected":false},"author":3,"featured_media":17402,"comment_status":"open","ping_status":"open","sticky":false,"template":"","format":"standard","meta":[],"categories":[56],"tags":[],"yoast_head":"<!-- This site is optimized with the Yoast SEO plugin v20.8 - https:\/\/yoast.com\/wordpress\/plugins\/seo\/ -->\n<title>El rol de la iglesia ante emergencias clim\u00e1ticas. - La Prensa Cristiana<\/title>\n<meta name=\"robots\" content=\"index, follow, max-snippet:-1, max-image-preview:large, max-video-preview:-1\" \/>\n<link rel=\"canonical\" href=\"https:\/\/laprensacristiana.com\/?p=17401\" \/>\n<meta property=\"og:locale\" content=\"es_ES\" \/>\n<meta property=\"og:type\" content=\"article\" \/>\n<meta property=\"og:title\" content=\"El rol de la iglesia ante emergencias clim\u00e1ticas. - La Prensa Cristiana\" \/>\n<meta property=\"og:description\" content=\"Por: Edwin G\u00f3ngora Por su naturaleza la Iglesia est\u00e1 llamada a contribuir desde su propia identidad, de tal manera construir una mejor sociedad, con sensibilidad frente al sufrimiento, desigualdad, pobreza y vulnerabilidad. Las situaciones tr\u00e1gicas que se presentan a lo largo de la vida, debe quedar claro, no es &nbsp;producto de un castigo como muchos [&hellip;]\" \/>\n<meta property=\"og:url\" content=\"https:\/\/laprensacristiana.com\/?p=17401\" \/>\n<meta property=\"og:site_name\" content=\"La Prensa Cristiana\" \/>\n<meta property=\"article:published_time\" content=\"2024-06-18T22:35:09+00:00\" \/>\n<meta property=\"article:modified_time\" content=\"2024-06-18T23:35:17+00:00\" \/>\n<meta property=\"og:image\" content=\"https:\/\/laprensacristiana.com\/wp-content\/uploads\/2024\/06\/WhatsApp-Image-2024-06-18-at-4.07.05-PM.jpeg\" \/>\n\t<meta property=\"og:image:width\" content=\"1080\" \/>\n\t<meta property=\"og:image:height\" content=\"1203\" \/>\n\t<meta property=\"og:image:type\" content=\"image\/jpeg\" \/>\n<meta name=\"author\" content=\"EDITOR\" \/>\n<meta name=\"twitter:card\" content=\"summary_large_image\" \/>\n<meta name=\"twitter:label1\" content=\"Escrito por\" \/>\n\t<meta name=\"twitter:data1\" content=\"EDITOR\" \/>\n\t<meta name=\"twitter:label2\" content=\"Tiempo de lectura\" \/>\n\t<meta name=\"twitter:data2\" content=\"6 minutos\" \/>\n<script type=\"application\/ld+json\" class=\"yoast-schema-graph\">{\"@context\":\"https:\/\/schema.org\",\"@graph\":[{\"@type\":\"WebPage\",\"@id\":\"https:\/\/laprensacristiana.com\/?p=17401\",\"url\":\"https:\/\/laprensacristiana.com\/?p=17401\",\"name\":\"El rol de la iglesia ante emergencias clim\u00e1ticas. - La Prensa Cristiana\",\"isPartOf\":{\"@id\":\"https:\/\/laprensacristiana.com\/#website\"},\"datePublished\":\"2024-06-18T22:35:09+00:00\",\"dateModified\":\"2024-06-18T23:35:17+00:00\",\"author\":{\"@id\":\"https:\/\/laprensacristiana.com\/#\/schema\/person\/3e7d82c6bfd6b1fa67010f8f7cd5256e\"},\"breadcrumb\":{\"@id\":\"https:\/\/laprensacristiana.com\/?p=17401#breadcrumb\"},\"inLanguage\":\"es\",\"potentialAction\":[{\"@type\":\"ReadAction\",\"target\":[\"https:\/\/laprensacristiana.com\/?p=17401\"]}]},{\"@type\":\"BreadcrumbList\",\"@id\":\"https:\/\/laprensacristiana.com\/?p=17401#breadcrumb\",\"itemListElement\":[{\"@type\":\"ListItem\",\"position\":1,\"name\":\"Portada\",\"item\":\"https:\/\/laprensacristiana.com\/\"},{\"@type\":\"ListItem\",\"position\":2,\"name\":\"El rol de la iglesia ante emergencias clim\u00e1ticas.\"}]},{\"@type\":\"WebSite\",\"@id\":\"https:\/\/laprensacristiana.com\/#website\",\"url\":\"https:\/\/laprensacristiana.com\/\",\"name\":\"La Prensa Cristiana\",\"description\":\"Anunciando Las Buenas Nuevas\",\"potentialAction\":[{\"@type\":\"SearchAction\",\"target\":{\"@type\":\"EntryPoint\",\"urlTemplate\":\"https:\/\/laprensacristiana.com\/?s={search_term_string}\"},\"query-input\":\"required name=search_term_string\"}],\"inLanguage\":\"es\"},{\"@type\":\"Person\",\"@id\":\"https:\/\/laprensacristiana.com\/#\/schema\/person\/3e7d82c6bfd6b1fa67010f8f7cd5256e\",\"name\":\"EDITOR\",\"image\":{\"@type\":\"ImageObject\",\"inLanguage\":\"es\",\"@id\":\"https:\/\/laprensacristiana.com\/#\/schema\/person\/image\/\",\"url\":\"https:\/\/secure.gravatar.com\/avatar\/72069dfb6c13772d9e8381e3638666d2?s=96&d=mm&r=g\",\"contentUrl\":\"https:\/\/secure.gravatar.com\/avatar\/72069dfb6c13772d9e8381e3638666d2?s=96&d=mm&r=g\",\"caption\":\"EDITOR\"},\"url\":\"https:\/\/laprensacristiana.com\/?author=3\"}]}<\/script>\n<!-- \/ Yoast SEO plugin. -->","yoast_head_json":{"title":"El rol de la iglesia ante emergencias clim\u00e1ticas. - La Prensa Cristiana","robots":{"index":"index","follow":"follow","max-snippet":"max-snippet:-1","max-image-preview":"max-image-preview:large","max-video-preview":"max-video-preview:-1"},"canonical":"https:\/\/laprensacristiana.com\/?p=17401","og_locale":"es_ES","og_type":"article","og_title":"El rol de la iglesia ante emergencias clim\u00e1ticas. - La Prensa Cristiana","og_description":"Por: Edwin G\u00f3ngora Por su naturaleza la Iglesia est\u00e1 llamada a contribuir desde su propia identidad, de tal manera construir una mejor sociedad, con sensibilidad frente al sufrimiento, desigualdad, pobreza y vulnerabilidad. Las situaciones tr\u00e1gicas que se presentan a lo largo de la vida, debe quedar claro, no es &nbsp;producto de un castigo como muchos [&hellip;]","og_url":"https:\/\/laprensacristiana.com\/?p=17401","og_site_name":"La Prensa Cristiana","article_published_time":"2024-06-18T22:35:09+00:00","article_modified_time":"2024-06-18T23:35:17+00:00","og_image":[{"width":1080,"height":1203,"url":"https:\/\/laprensacristiana.com\/wp-content\/uploads\/2024\/06\/WhatsApp-Image-2024-06-18-at-4.07.05-PM.jpeg","type":"image\/jpeg"}],"author":"EDITOR","twitter_card":"summary_large_image","twitter_misc":{"Escrito por":"EDITOR","Tiempo de lectura":"6 minutos"},"schema":{"@context":"https:\/\/schema.org","@graph":[{"@type":"WebPage","@id":"https:\/\/laprensacristiana.com\/?p=17401","url":"https:\/\/laprensacristiana.com\/?p=17401","name":"El rol de la iglesia ante emergencias clim\u00e1ticas. - La Prensa Cristiana","isPartOf":{"@id":"https:\/\/laprensacristiana.com\/#website"},"datePublished":"2024-06-18T22:35:09+00:00","dateModified":"2024-06-18T23:35:17+00:00","author":{"@id":"https:\/\/laprensacristiana.com\/#\/schema\/person\/3e7d82c6bfd6b1fa67010f8f7cd5256e"},"breadcrumb":{"@id":"https:\/\/laprensacristiana.com\/?p=17401#breadcrumb"},"inLanguage":"es","potentialAction":[{"@type":"ReadAction","target":["https:\/\/laprensacristiana.com\/?p=17401"]}]},{"@type":"BreadcrumbList","@id":"https:\/\/laprensacristiana.com\/?p=17401#breadcrumb","itemListElement":[{"@type":"ListItem","position":1,"name":"Portada","item":"https:\/\/laprensacristiana.com\/"},{"@type":"ListItem","position":2,"name":"El rol de la iglesia ante emergencias clim\u00e1ticas."}]},{"@type":"WebSite","@id":"https:\/\/laprensacristiana.com\/#website","url":"https:\/\/laprensacristiana.com\/","name":"La Prensa Cristiana","description":"Anunciando Las Buenas Nuevas","potentialAction":[{"@type":"SearchAction","target":{"@type":"EntryPoint","urlTemplate":"https:\/\/laprensacristiana.com\/?s={search_term_string}"},"query-input":"required name=search_term_string"}],"inLanguage":"es"},{"@type":"Person","@id":"https:\/\/laprensacristiana.com\/#\/schema\/person\/3e7d82c6bfd6b1fa67010f8f7cd5256e","name":"EDITOR","image":{"@type":"ImageObject","inLanguage":"es","@id":"https:\/\/laprensacristiana.com\/#\/schema\/person\/image\/","url":"https:\/\/secure.gravatar.com\/avatar\/72069dfb6c13772d9e8381e3638666d2?s=96&d=mm&r=g","contentUrl":"https:\/\/secure.gravatar.com\/avatar\/72069dfb6c13772d9e8381e3638666d2?s=96&d=mm&r=g","caption":"EDITOR"},"url":"https:\/\/laprensacristiana.com\/?author=3"}]}},"_links":{"self":[{"href":"https:\/\/laprensacristiana.com\/index.php?rest_route=\/wp\/v2\/posts\/17401"}],"collection":[{"href":"https:\/\/laprensacristiana.com\/index.php?rest_route=\/wp\/v2\/posts"}],"about":[{"href":"https:\/\/laprensacristiana.com\/index.php?rest_route=\/wp\/v2\/types\/post"}],"author":[{"embeddable":true,"href":"https:\/\/laprensacristiana.com\/index.php?rest_route=\/wp\/v2\/users\/3"}],"replies":[{"embeddable":true,"href":"https:\/\/laprensacristiana.com\/index.php?rest_route=%2Fwp%2Fv2%2Fcomments&post=17401"}],"version-history":[{"count":2,"href":"https:\/\/laprensacristiana.com\/index.php?rest_route=\/wp\/v2\/posts\/17401\/revisions"}],"predecessor-version":[{"id":17412,"href":"https:\/\/laprensacristiana.com\/index.php?rest_route=\/wp\/v2\/posts\/17401\/revisions\/17412"}],"wp:featuredmedia":[{"embeddable":true,"href":"https:\/\/laprensacristiana.com\/index.php?rest_route=\/wp\/v2\/media\/17402"}],"wp:attachment":[{"href":"https:\/\/laprensacristiana.com\/index.php?rest_route=%2Fwp%2Fv2%2Fmedia&parent=17401"}],"wp:term":[{"taxonomy":"category","embeddable":true,"href":"https:\/\/laprensacristiana.com\/index.php?rest_route=%2Fwp%2Fv2%2Fcategories&post=17401"},{"taxonomy":"post_tag","embeddable":true,"href":"https:\/\/laprensacristiana.com\/index.php?rest_route=%2Fwp%2Fv2%2Ftags&post=17401"}],"curies":[{"name":"wp","href":"https:\/\/api.w.org\/{rel}","templated":true}]}}