{"id":17413,"date":"2024-06-19T14:25:28","date_gmt":"2024-06-19T14:25:28","guid":{"rendered":"https:\/\/laprensacristiana.com\/?p=17413"},"modified":"2024-06-19T14:25:28","modified_gmt":"2024-06-19T14:25:28","slug":"padres-impotentes","status":"publish","type":"post","link":"https:\/\/laprensacristiana.com\/?p=17413","title":{"rendered":"Padres impotentes"},"content":{"rendered":"\n<p>Por: Pr. Carlos Berges | Iglesia de Cristo Visi\u00f3n de Fe<\/p>\n\n\n\n<p>\u00c9xodo 4:24-25&nbsp; 2\u201dY aconteci\u00f3 que en una posada en el camino, el SE\u00d1OR le sali\u00f3 al encuentro y quiso matarlo. Entonces S\u00f3fora tom\u00f3 un pedernal, cort\u00f3 el prepucio de su hijo y lo ech\u00f3 a los pies de Mois\u00e9s\u2026\u201d<\/p>\n\n\n\n<p>Bueno, el mes pasado se celebr\u00f3 el d\u00eda de la madre. Bombos y platillos por todos lados. Excelente. Las madres merecen todo nuestro respeto y admiraci\u00f3n.&nbsp; Restaurantes llenos.&nbsp; Regalos, rosas y flores de toda clase. Las madres son \u00fanicas. Una diana para ellas.<\/p>\n\n\n\n<p>Este mes se celebra -hipot\u00e9ticamente-, el d\u00eda del padre. Pero los restaurantes no estar\u00e1n llenos. Nadie har\u00e1 reservaci\u00f3n para llevar al padre a comer algo especial, con algunas excepciones por supuesto. Es una fiesta en el calendario pero no en el coraz\u00f3n de muchos hijos. El padre es el padre y nada m\u00e1s.<\/p>\n\n\n\n<p>Eso lo he visto desde muchos a\u00f1os atr\u00e1s cuando empec\u00e9 a estudiar la familia. Especialmente la familia cristiana. Mi tesis doctoral se bas\u00f3 precisamente en ese tema. Aprend\u00ed mucho con la ayuda de mi profesor que me dio algunos libros sobre el tema y algunos amigos que me prestaron alg\u00fan material para sacar mis conclusiones.<\/p>\n\n\n\n<p>\u00bfPor qu\u00e9 el t\u00edtulo de este escrito?<\/p>\n\n\n\n<p>Porque tristemente hay madres que no permiten que los padres ocupen su lugar de autoridad en la vida de sus hijos. Claro, no todos est\u00e1n capacitados para ejercer esa autoridad delegada por Dios porque sencillamente, cuando fueron ni\u00f1os, fueron abusados, tratados con violencia y les deformaron el concepto de autoridad. Pero no todos han tenido ese problema. El problema lo han tenido cuando tienen por esposa a una mujer que -como la gallina-, protege desmedidamente a sus hijos. Y de eso se trata la vida de un amigo que tuvo la confianza de contarme su problema matrimonial y familiar.<\/p>\n\n\n\n<p>Cuando naci\u00f3 su primer hijo, este amigo tuvo la osad\u00eda de circuncidarlo. Es que mi amigo era jud\u00edo y ten\u00eda que cumplir la Ley de Dios que le ordenaba hacerlo con su hijo para identificarlo como un descendiente del Pacto de Dios con su pueblo. Eso no le gust\u00f3 a su esposa. Ver salir sangre del cuerpo de su hijito. Apenas con ocho d\u00edas de nacido y ya est\u00e1 sufriendo el pobrecito. \u201cYo no s\u00e9 qu\u00e9 clase de Dios es el tuyo, pero no me gusta lo que pide para formar parte de su linaje. Si me hubieras avisado que esto iba a ser tan horrible, no te lo hubiera permitido\u201d fueron quiz\u00e1 sus palabras. \u201cSi vuelvo a quedar embarazada, ni sue\u00f1es con que al beb\u00e9 que tenga le vas a hacer sufrir esto\u201d.<\/p>\n\n\n\n<p>Y as\u00ed las cosas, desde ese momento, mi amigo ya no pudo intervenir en la educaci\u00f3n y formaci\u00f3n de su hijo mayor. Los pleitos fueron de aumento en aumento. El pleito era entre la madre que imped\u00eda que el padre formara a su hijo como todo un hombrecito. No permit\u00eda que le quitara los excesos que todo ni\u00f1o mimado ten\u00eda con sus padres aunque les faltara el respeto. Si el ni\u00f1o le daba una cachetada a mam\u00e1 y mi amigo acud\u00eda con la vara en la mano, ella se interpon\u00eda para que no lo corrigiera: \u201cno me peg\u00f3, solo me quiso acariciar pero un poco fuerte\u201d eran sus excusas.<\/p>\n\n\n\n<p>Y, dicho y hecho: Volvi\u00f3 a quedar embarazada del segundo hijo.<\/p>\n\n\n\n<p>Pasaron los famosos ocho d\u00edas y mi amigo ya no pudo ejercer su autoridad para quitarle el prepucio como lo hab\u00eda hecho con el primero. \u201cA mi beb\u00e9 no me lo vas a tratar como al primero. Primero pasas sobre mi cad\u00e1ver que hacerlo llorar con esas tus costumbres tan feas\u201d. Imag\u00ednese usted los di\u00e1logos.<\/p>\n\n\n\n<p>El padre impotente de cumplir el mandato divino. Impotente de hacer de su hijo peque\u00f1o todo un sacerdote para su Dios. Impotente de hacerlo estudiar las ordenanzas de Dios para su bien. Impotente de educarlo con buenas costumbres y el temor a Jehov\u00e1. Mami no lo permiti\u00f3. A mam\u00e1 no le gustaba que su ni\u00f1o recibiera un buen par de azotes para quitarle los excesos de abusos y faltas de respeto.<\/p>\n\n\n\n<p>Y Dios llama a mi amigo para que fuera a cumplir un mandado a otro pa\u00eds. Pero en el camino Dios trat\u00f3 con \u00e9l. Estuvo a punto de morir por el trato de Dios sobre su vida. Su esposa -que lo acompa\u00f1aba en el viaje-, se dio cuenta de la falta de obediencia que ella no hab\u00eda permitido hacer con el hijo menor. Ella tuvo que tomar un cuchillo y cortarle el \u201cexceso\u201d a su beb\u00e9. \u00bfPor qu\u00e9 tuvo que hacerlo ella? Ella no estaba autorizada a hacer tal cosa. Eso era oficio del padre. Podemos imaginar la ira que ard\u00eda en su interior cuando en un arrebato de c\u00f3lera, toma el prepucio de su hijo y se lo tira a su esposo a sus pies despreciativamente.<\/p>\n\n\n\n<p>Mois\u00e9s y S\u00f3fora. Esos son los nombres de mis amigos que tuvieron esa amarga experiencia que pr\u00e1cticamente les cost\u00f3 su matrimonio. Ella se regres\u00f3 a la casa de su padre y \u00e9l sigui\u00f3 su camino a Egipto sin su compa\u00f1\u00eda. Pasaron varios a\u00f1os para que se volvieran a juntar. Pero los hijos de Mois\u00e9s no heredaron ning\u00fan ministerio que Dios pudo darles para honrar al hombre valiente que tuvo que sufrir la sobreprotecci\u00f3n de su esposa sobre sus hijos.<\/p>\n\n\n\n<p>Si alg\u00fan matrimonio se parece a esta historia, es pura coincidencia.<\/p>\n","protected":false},"excerpt":{"rendered":"<p>Por: Pr. Carlos Berges | Iglesia de Cristo Visi\u00f3n de Fe \u00c9xodo 4:24-25&nbsp; 2\u201dY aconteci\u00f3 que en una posada en el camino, el SE\u00d1OR le sali\u00f3 al encuentro y quiso matarlo. Entonces S\u00f3fora tom\u00f3 un pedernal, cort\u00f3 el prepucio de su hijo y lo ech\u00f3 a los pies de Mois\u00e9s\u2026\u201d Bueno, el mes pasado se [&hellip;]<\/p>\n","protected":false},"author":3,"featured_media":17414,"comment_status":"open","ping_status":"open","sticky":false,"template":"","format":"standard","meta":[],"categories":[36],"tags":[],"yoast_head":"<!-- This site is optimized with the Yoast SEO plugin v20.8 - https:\/\/yoast.com\/wordpress\/plugins\/seo\/ -->\n<title>Padres impotentes - La Prensa Cristiana<\/title>\n<meta name=\"robots\" content=\"index, follow, max-snippet:-1, max-image-preview:large, max-video-preview:-1\" \/>\n<link rel=\"canonical\" href=\"https:\/\/laprensacristiana.com\/?p=17413\" \/>\n<meta property=\"og:locale\" content=\"es_ES\" \/>\n<meta property=\"og:type\" content=\"article\" \/>\n<meta property=\"og:title\" content=\"Padres impotentes - La Prensa Cristiana\" \/>\n<meta property=\"og:description\" content=\"Por: Pr. Carlos Berges | Iglesia de Cristo Visi\u00f3n de Fe \u00c9xodo 4:24-25&nbsp; 2\u201dY aconteci\u00f3 que en una posada en el camino, el SE\u00d1OR le sali\u00f3 al encuentro y quiso matarlo. Entonces S\u00f3fora tom\u00f3 un pedernal, cort\u00f3 el prepucio de su hijo y lo ech\u00f3 a los pies de Mois\u00e9s\u2026\u201d Bueno, el mes pasado se [&hellip;]\" \/>\n<meta property=\"og:url\" content=\"https:\/\/laprensacristiana.com\/?p=17413\" \/>\n<meta property=\"og:site_name\" content=\"La Prensa Cristiana\" \/>\n<meta property=\"article:published_time\" content=\"2024-06-19T14:25:28+00:00\" \/>\n<meta property=\"og:image\" content=\"https:\/\/laprensacristiana.com\/wp-content\/uploads\/2024\/06\/WhatsApp-Image-2024-05-13-at-6.54.59-AM.jpeg\" \/>\n\t<meta property=\"og:image:width\" content=\"719\" \/>\n\t<meta property=\"og:image:height\" content=\"540\" \/>\n\t<meta property=\"og:image:type\" content=\"image\/jpeg\" \/>\n<meta name=\"author\" content=\"EDITOR\" \/>\n<meta name=\"twitter:card\" content=\"summary_large_image\" \/>\n<meta name=\"twitter:label1\" content=\"Escrito por\" \/>\n\t<meta name=\"twitter:data1\" content=\"EDITOR\" \/>\n\t<meta name=\"twitter:label2\" content=\"Tiempo de lectura\" \/>\n\t<meta name=\"twitter:data2\" content=\"5 minutos\" \/>\n<script type=\"application\/ld+json\" class=\"yoast-schema-graph\">{\"@context\":\"https:\/\/schema.org\",\"@graph\":[{\"@type\":\"WebPage\",\"@id\":\"https:\/\/laprensacristiana.com\/?p=17413\",\"url\":\"https:\/\/laprensacristiana.com\/?p=17413\",\"name\":\"Padres impotentes - La Prensa Cristiana\",\"isPartOf\":{\"@id\":\"https:\/\/laprensacristiana.com\/#website\"},\"datePublished\":\"2024-06-19T14:25:28+00:00\",\"dateModified\":\"2024-06-19T14:25:28+00:00\",\"author\":{\"@id\":\"https:\/\/laprensacristiana.com\/#\/schema\/person\/3e7d82c6bfd6b1fa67010f8f7cd5256e\"},\"breadcrumb\":{\"@id\":\"https:\/\/laprensacristiana.com\/?p=17413#breadcrumb\"},\"inLanguage\":\"es\",\"potentialAction\":[{\"@type\":\"ReadAction\",\"target\":[\"https:\/\/laprensacristiana.com\/?p=17413\"]}]},{\"@type\":\"BreadcrumbList\",\"@id\":\"https:\/\/laprensacristiana.com\/?p=17413#breadcrumb\",\"itemListElement\":[{\"@type\":\"ListItem\",\"position\":1,\"name\":\"Portada\",\"item\":\"https:\/\/laprensacristiana.com\/\"},{\"@type\":\"ListItem\",\"position\":2,\"name\":\"Padres impotentes\"}]},{\"@type\":\"WebSite\",\"@id\":\"https:\/\/laprensacristiana.com\/#website\",\"url\":\"https:\/\/laprensacristiana.com\/\",\"name\":\"La Prensa Cristiana\",\"description\":\"Anunciando Las Buenas Nuevas\",\"potentialAction\":[{\"@type\":\"SearchAction\",\"target\":{\"@type\":\"EntryPoint\",\"urlTemplate\":\"https:\/\/laprensacristiana.com\/?s={search_term_string}\"},\"query-input\":\"required name=search_term_string\"}],\"inLanguage\":\"es\"},{\"@type\":\"Person\",\"@id\":\"https:\/\/laprensacristiana.com\/#\/schema\/person\/3e7d82c6bfd6b1fa67010f8f7cd5256e\",\"name\":\"EDITOR\",\"image\":{\"@type\":\"ImageObject\",\"inLanguage\":\"es\",\"@id\":\"https:\/\/laprensacristiana.com\/#\/schema\/person\/image\/\",\"url\":\"https:\/\/secure.gravatar.com\/avatar\/72069dfb6c13772d9e8381e3638666d2?s=96&d=mm&r=g\",\"contentUrl\":\"https:\/\/secure.gravatar.com\/avatar\/72069dfb6c13772d9e8381e3638666d2?s=96&d=mm&r=g\",\"caption\":\"EDITOR\"},\"url\":\"https:\/\/laprensacristiana.com\/?author=3\"}]}<\/script>\n<!-- \/ Yoast SEO plugin. -->","yoast_head_json":{"title":"Padres impotentes - La Prensa Cristiana","robots":{"index":"index","follow":"follow","max-snippet":"max-snippet:-1","max-image-preview":"max-image-preview:large","max-video-preview":"max-video-preview:-1"},"canonical":"https:\/\/laprensacristiana.com\/?p=17413","og_locale":"es_ES","og_type":"article","og_title":"Padres impotentes - La Prensa Cristiana","og_description":"Por: Pr. Carlos Berges | Iglesia de Cristo Visi\u00f3n de Fe \u00c9xodo 4:24-25&nbsp; 2\u201dY aconteci\u00f3 que en una posada en el camino, el SE\u00d1OR le sali\u00f3 al encuentro y quiso matarlo. Entonces S\u00f3fora tom\u00f3 un pedernal, cort\u00f3 el prepucio de su hijo y lo ech\u00f3 a los pies de Mois\u00e9s\u2026\u201d Bueno, el mes pasado se [&hellip;]","og_url":"https:\/\/laprensacristiana.com\/?p=17413","og_site_name":"La Prensa Cristiana","article_published_time":"2024-06-19T14:25:28+00:00","og_image":[{"width":719,"height":540,"url":"https:\/\/laprensacristiana.com\/wp-content\/uploads\/2024\/06\/WhatsApp-Image-2024-05-13-at-6.54.59-AM.jpeg","type":"image\/jpeg"}],"author":"EDITOR","twitter_card":"summary_large_image","twitter_misc":{"Escrito por":"EDITOR","Tiempo de lectura":"5 minutos"},"schema":{"@context":"https:\/\/schema.org","@graph":[{"@type":"WebPage","@id":"https:\/\/laprensacristiana.com\/?p=17413","url":"https:\/\/laprensacristiana.com\/?p=17413","name":"Padres impotentes - La Prensa Cristiana","isPartOf":{"@id":"https:\/\/laprensacristiana.com\/#website"},"datePublished":"2024-06-19T14:25:28+00:00","dateModified":"2024-06-19T14:25:28+00:00","author":{"@id":"https:\/\/laprensacristiana.com\/#\/schema\/person\/3e7d82c6bfd6b1fa67010f8f7cd5256e"},"breadcrumb":{"@id":"https:\/\/laprensacristiana.com\/?p=17413#breadcrumb"},"inLanguage":"es","potentialAction":[{"@type":"ReadAction","target":["https:\/\/laprensacristiana.com\/?p=17413"]}]},{"@type":"BreadcrumbList","@id":"https:\/\/laprensacristiana.com\/?p=17413#breadcrumb","itemListElement":[{"@type":"ListItem","position":1,"name":"Portada","item":"https:\/\/laprensacristiana.com\/"},{"@type":"ListItem","position":2,"name":"Padres impotentes"}]},{"@type":"WebSite","@id":"https:\/\/laprensacristiana.com\/#website","url":"https:\/\/laprensacristiana.com\/","name":"La Prensa Cristiana","description":"Anunciando Las Buenas Nuevas","potentialAction":[{"@type":"SearchAction","target":{"@type":"EntryPoint","urlTemplate":"https:\/\/laprensacristiana.com\/?s={search_term_string}"},"query-input":"required name=search_term_string"}],"inLanguage":"es"},{"@type":"Person","@id":"https:\/\/laprensacristiana.com\/#\/schema\/person\/3e7d82c6bfd6b1fa67010f8f7cd5256e","name":"EDITOR","image":{"@type":"ImageObject","inLanguage":"es","@id":"https:\/\/laprensacristiana.com\/#\/schema\/person\/image\/","url":"https:\/\/secure.gravatar.com\/avatar\/72069dfb6c13772d9e8381e3638666d2?s=96&d=mm&r=g","contentUrl":"https:\/\/secure.gravatar.com\/avatar\/72069dfb6c13772d9e8381e3638666d2?s=96&d=mm&r=g","caption":"EDITOR"},"url":"https:\/\/laprensacristiana.com\/?author=3"}]}},"_links":{"self":[{"href":"https:\/\/laprensacristiana.com\/index.php?rest_route=\/wp\/v2\/posts\/17413"}],"collection":[{"href":"https:\/\/laprensacristiana.com\/index.php?rest_route=\/wp\/v2\/posts"}],"about":[{"href":"https:\/\/laprensacristiana.com\/index.php?rest_route=\/wp\/v2\/types\/post"}],"author":[{"embeddable":true,"href":"https:\/\/laprensacristiana.com\/index.php?rest_route=\/wp\/v2\/users\/3"}],"replies":[{"embeddable":true,"href":"https:\/\/laprensacristiana.com\/index.php?rest_route=%2Fwp%2Fv2%2Fcomments&post=17413"}],"version-history":[{"count":1,"href":"https:\/\/laprensacristiana.com\/index.php?rest_route=\/wp\/v2\/posts\/17413\/revisions"}],"predecessor-version":[{"id":17415,"href":"https:\/\/laprensacristiana.com\/index.php?rest_route=\/wp\/v2\/posts\/17413\/revisions\/17415"}],"wp:featuredmedia":[{"embeddable":true,"href":"https:\/\/laprensacristiana.com\/index.php?rest_route=\/wp\/v2\/media\/17414"}],"wp:attachment":[{"href":"https:\/\/laprensacristiana.com\/index.php?rest_route=%2Fwp%2Fv2%2Fmedia&parent=17413"}],"wp:term":[{"taxonomy":"category","embeddable":true,"href":"https:\/\/laprensacristiana.com\/index.php?rest_route=%2Fwp%2Fv2%2Fcategories&post=17413"},{"taxonomy":"post_tag","embeddable":true,"href":"https:\/\/laprensacristiana.com\/index.php?rest_route=%2Fwp%2Fv2%2Ftags&post=17413"}],"curies":[{"name":"wp","href":"https:\/\/api.w.org\/{rel}","templated":true}]}}