{"id":1747,"date":"2016-10-24T16:26:59","date_gmt":"2016-10-24T16:26:59","guid":{"rendered":"https:\/\/laprensacristiana.com\/?p=1747"},"modified":"2016-10-24T16:26:59","modified_gmt":"2016-10-24T16:26:59","slug":"2017-el-ano-de-las-victimas","status":"publish","type":"post","link":"https:\/\/laprensacristiana.com\/?p=1747","title":{"rendered":"2017 \u00abEl A\u00f1o de las V\u00edctimas\u00bb"},"content":{"rendered":"<p>El nueve de septiembre del presente a\u00f1o ha dado inicio la gesti\u00f3n de la nueva Procuradora para los Derechos Humanos Licenciada Raquel Caballero de Guevara, con setenta y un votos de la Asamblea Legislativa; luego de dar seguimiento a una serie de entrevistas en varios medios de comunicaci\u00f3n el d\u00eda seis de octubre del presente a\u00f1o envi\u00e9 comunicaci\u00f3n escrita a la se\u00f1ora Procuradora para poder aportar sobre el tema de las V\u00cdCTIMAS como un \u00e1rea de la criminolog\u00eda y expresarle con mucha tristeza como las v\u00edctimas de la violencia, delincuencia y crimen organizado no tienen una atenci\u00f3n y seguimiento integral. Los tres puntos sugeridos para consideraci\u00f3n de su plan de trabajo fueron:<\/p>\n<p>1) V\u00cdCTIMAS DE HOMICIDIOS Y SUS FAMILIARES: la mayor\u00eda de ellos quedan en la impunidad, los familiares que son v\u00edctimas y muchas veces quedan desamparadas ni siquiera conocen el m\u00f3vil o la verdad en torno al asesinato de su familiar. El a\u00f1o anterior se registraron de manera oficial 6,657 muertes violentas y este a\u00f1o hasta el 13 de octubre 2016 se registran 4,359 lo que nos muestra un promedio diario de 15.19 muertes violentas, pero hay m\u00e1s v\u00edctimas en estas \u00e1reas como los desplazamientos forzados internos los cuales en las \u00faltimas semanas se les revictimiza ya que algunos funcionarios les acusan de ser parte de estructuras criminales y de quedarse en los campamentos porque all\u00ed tienen la comida aseguradora los tres tiempos.<\/p>\n<p>Los micros y peque\u00f1os empresarios que son desplazados de un sector territorial a otro para no ser asesinados producto del no pago de la mal denominada \u00abrenta\u00bb. Los salvadore\u00f1os que se suman a las v\u00edctimas de los denominadas \u00abdelitos de bagatela\u00bb que amontonan papelear\u00eda en sedes policiales y fiscales. Y qu\u00e9 decir de aquellos que buscan a diario abandonar el pa\u00eds y son extorsionados y estafados por los denominados \u00abcoyotes\u00bb que cobran por anticipado y los dejan abandonados en Guatemala o M\u00e9xico con la expectativa que tiene \u00abtres intentos\u00bb que en la mayor\u00eda de ocasiones nunca llegara como parte del Crimen Organizado.<\/p>\n<p>2) CENTROS PENALES Y BARTOLINAS POLICIALES: donde nuestros privados de libertad se convierten en v\u00edctimas, sufren de condiciones infra humanas y deplorables en todo aspecto, se presenta un hacinamiento superior al 330% en centros penitenciarios y en las bartolinas policiales, se experimentan maltratos y todo tipo de tratos no adecuados, contra los derechos humanos fundamentales de toda persona, no importando su condici\u00f3n de privado de libertad, en la mayor\u00eda de casos violando el principio constitucional de presunci\u00f3n de inocencia.<\/p>\n<p>Se\u00f1ora Procuradora es URGENTE inspeccionar y supervisar los seis centros penales que se encuentran bajo medidas extraordinarias para garantizar que se brinden las condiciones m\u00ednimas que los privados de libertad merecen, revisar c\u00f3mo va el tema del hacinamiento carcelario sobre el cual hay sentencia y resoluci\u00f3n de ser INCONSTITUCIONAL, de igual forma supervisar e inspeccionar las bartolinas policiales donde m\u00e1s de cinco mil privados de libertad experimentan todo tipo de desatenciones y falta de servicios m\u00ednimos b\u00e1sicos por aspectos m\u00faltiples: presupuesto, instalaciones inadecuadas, no corresponderle a la PNC las detenciones provisionales por espacio prolongados a la primera audiencia, de actitud de sus custodios, etc.<\/p>\n<p>Pero la principal es que como sociedad es el \u00faltimo sector o pelda\u00f1o de todos, independiente de los delitos, si se trataran con respeto y dignidad los procesos de tratamiento y recuperaci\u00f3n fueran m\u00e1s f\u00e1ciles para lograr reinserci\u00f3n y entregar restaurados a la mayor\u00eda de estos ciudadanos. No existe persona que se resista a ser tratado bien.<\/p>\n<p>En los pr\u00f3ximos cinco a\u00f1os saldr\u00e1n en libertad del sistema penitenciario un aproximado de seis mil privados de libertad, \u00bfqu\u00e9 tipo de personas van al proceso de reinserci\u00f3n? Bajo las condiciones actuales puedo pronosticar que un 50% de los que cumplan su pena pueden volver a reincidir o cometer delitos m\u00e1s graves.<\/p>\n<p>Como sociedad no nos importa y no se le brinda atenci\u00f3n a los centros penales, se necesita cumplir condiciones m\u00ednimas de dignidad humana. Se requiere asistencia m\u00e9dica, psicol\u00f3gica, psiqui\u00e1trica, trabajadores sociales, antrop\u00f3logos, crimin\u00f3logos, entre otros que brinden asistencia.<\/p>\n<p>Por favor haga las gestiones que permitan ingresar a la Cruz Roja, Cruz Verde y Ministerio de Salud a las prisiones, pero en especial a las que est\u00e1n bajo medidas extraordinarias para que brinden servicios indispensables de manera urgente y brinden sus respectivos informes si los derechos humanos b\u00e1sicos y protecciones legales se est\u00e1n cumpliendo.<\/p>\n<p>3) VETERANOS DE GUERRA Y EX COMBATIENTES: producto del conflicto armado finalizado en 1992 y que luego de 24 a\u00f1os muchas de sus demandas no han sido atendidas a pesar que existe una ley aprobada por la Asamblea Legislativa. Estas personas durante a\u00f1os se les han negado sus derechos y prestaciones y de manera sistem\u00e1tica se les ha mentido. Muchos de ellos murieron ya en la lucha y resultados que nunca lograron disfrutar.<\/p>\n<p>En los casos de v\u00edctimas de violencia, delincuencia y crimen organizado y los privados de libertad en mi opini\u00f3n EL ESTADO Salvadore\u00f1o y la sociedad los ha abandonado y dado la espalda no midiendo las consecuencias a futuro.<\/p>\n<p>Se\u00f1ora Procuradora he escuchado sus intervenciones con mucha atenci\u00f3n y es su deseo manifiesto que usted quiere convertirse en una \u00abDefensora del Pueblo\u00bb junto a su Instituci\u00f3n, las v\u00edctimas de la violencia, delincuencia y crimen organizado, y los privados de libertad son tambi\u00e9n pueblo y salvadore\u00f1os, necesitan que una Instituci\u00f3n del Estado vea por ellos pero con pasi\u00f3n y deseo de servir; es mi respetuosa sugerencia que usted pueda impulsar cambios y transformaciones en estas dos grandes \u00e1reas donde nadie se preocupa, donde las Asociaciones y ONG no luchan, no hay sindicatos de v\u00edctimas ni de privados de libertad.<\/p>\n<p>Por lo anterior me permito de la manera m\u00e1s respetuosa posible RECOMENDARLE:<\/p>\n<p>1. La creaci\u00f3n inmediata de una nueva Procuradur\u00eda Adjunta para la defensa de los derechos de las v\u00edctimas de la violencia, delincuencia y crimen organizado para que reciban atenci\u00f3n integral especializada ya que estos delitos y cr\u00edmenes necesita seguimiento e intervenci\u00f3n en otras Instituciones.<\/p>\n<p>2. Se efect\u00faen gestiones con las Universidades y sus departamentos de Asesor\u00eda Legal y Asistencia, as\u00ed como Fundaciones y Asociaciones de Abogados y Notarios para que se nombren querellantes en favor de las v\u00edctimas, que los representen y lleguen hasta la etapa final de sus procesos judiciales y de restauraci\u00f3n por medio de Convenios de Cooperaci\u00f3n y Asistencia.<\/p>\n<p>3. Se nombre y se declare el a\u00f1o 2017 por su Instituci\u00f3n \u00ab2017 EL A\u00d1O DE LAS V\u00cdCTIMAS\u00bb para que por primera vez sean puestas al centro de toda pol\u00edtica p\u00fablica de seguridad ciudadana y prevenci\u00f3n y reciban una atenci\u00f3n integral de parte del Estado Salvadore\u00f1o.<\/p>\n","protected":false},"excerpt":{"rendered":"<p>El nueve de septiembre del presente a\u00f1o ha dado inicio la gesti\u00f3n de la nueva Procuradora para los Derechos Humanos Licenciada Raquel Caballero de Guevara, con setenta y un votos de la Asamblea Legislativa; luego de dar seguimiento a una serie de entrevistas en varios medios de comunicaci\u00f3n el d\u00eda seis de octubre del presente [&hellip;]<\/p>\n","protected":false},"author":3,"featured_media":1748,"comment_status":"open","ping_status":"open","sticky":false,"template":"","format":"standard","meta":[],"categories":[23],"tags":[],"yoast_head":"<!-- This site is optimized with the Yoast SEO plugin v20.8 - https:\/\/yoast.com\/wordpress\/plugins\/seo\/ -->\n<title>2017 &quot;El A\u00f1o de las V\u00edctimas&quot; - La Prensa Cristiana<\/title>\n<meta name=\"robots\" content=\"index, follow, max-snippet:-1, max-image-preview:large, max-video-preview:-1\" \/>\n<link rel=\"canonical\" href=\"https:\/\/laprensacristiana.com\/?p=1747\" \/>\n<meta property=\"og:locale\" content=\"es_ES\" \/>\n<meta property=\"og:type\" content=\"article\" \/>\n<meta property=\"og:title\" content=\"2017 &quot;El A\u00f1o de las V\u00edctimas&quot; - La Prensa Cristiana\" \/>\n<meta property=\"og:description\" content=\"El nueve de septiembre del presente a\u00f1o ha dado inicio la gesti\u00f3n de la nueva Procuradora para los Derechos Humanos Licenciada Raquel Caballero de Guevara, con setenta y un votos de la Asamblea Legislativa; luego de dar seguimiento a una serie de entrevistas en varios medios de comunicaci\u00f3n el d\u00eda seis de octubre del presente [&hellip;]\" \/>\n<meta property=\"og:url\" content=\"https:\/\/laprensacristiana.com\/?p=1747\" \/>\n<meta property=\"og:site_name\" content=\"La Prensa Cristiana\" \/>\n<meta property=\"article:published_time\" content=\"2016-10-24T16:26:59+00:00\" \/>\n<meta property=\"og:image\" content=\"https:\/\/laprensacristiana.com\/wp-content\/uploads\/2016\/10\/OPINION-RICARDO-SOSA-01-scaled.jpg\" \/>\n\t<meta property=\"og:image:width\" content=\"2560\" \/>\n\t<meta property=\"og:image:height\" content=\"1429\" \/>\n\t<meta property=\"og:image:type\" content=\"image\/jpeg\" \/>\n<meta name=\"author\" content=\"EDITOR\" \/>\n<meta name=\"twitter:card\" content=\"summary_large_image\" \/>\n<meta name=\"twitter:label1\" content=\"Escrito por\" \/>\n\t<meta name=\"twitter:data1\" content=\"EDITOR\" \/>\n\t<meta name=\"twitter:label2\" content=\"Tiempo de lectura\" \/>\n\t<meta name=\"twitter:data2\" content=\"6 minutos\" \/>\n<script type=\"application\/ld+json\" class=\"yoast-schema-graph\">{\"@context\":\"https:\/\/schema.org\",\"@graph\":[{\"@type\":\"WebPage\",\"@id\":\"https:\/\/laprensacristiana.com\/?p=1747\",\"url\":\"https:\/\/laprensacristiana.com\/?p=1747\",\"name\":\"2017 \\\"El A\u00f1o de las V\u00edctimas\\\" - La Prensa Cristiana\",\"isPartOf\":{\"@id\":\"https:\/\/laprensacristiana.com\/#website\"},\"datePublished\":\"2016-10-24T16:26:59+00:00\",\"dateModified\":\"2016-10-24T16:26:59+00:00\",\"author\":{\"@id\":\"https:\/\/laprensacristiana.com\/#\/schema\/person\/3e7d82c6bfd6b1fa67010f8f7cd5256e\"},\"breadcrumb\":{\"@id\":\"https:\/\/laprensacristiana.com\/?p=1747#breadcrumb\"},\"inLanguage\":\"es\",\"potentialAction\":[{\"@type\":\"ReadAction\",\"target\":[\"https:\/\/laprensacristiana.com\/?p=1747\"]}]},{\"@type\":\"BreadcrumbList\",\"@id\":\"https:\/\/laprensacristiana.com\/?p=1747#breadcrumb\",\"itemListElement\":[{\"@type\":\"ListItem\",\"position\":1,\"name\":\"Portada\",\"item\":\"https:\/\/laprensacristiana.com\/\"},{\"@type\":\"ListItem\",\"position\":2,\"name\":\"2017 \u00abEl A\u00f1o de las V\u00edctimas\u00bb\"}]},{\"@type\":\"WebSite\",\"@id\":\"https:\/\/laprensacristiana.com\/#website\",\"url\":\"https:\/\/laprensacristiana.com\/\",\"name\":\"La Prensa Cristiana\",\"description\":\"Anunciando Las Buenas Nuevas\",\"potentialAction\":[{\"@type\":\"SearchAction\",\"target\":{\"@type\":\"EntryPoint\",\"urlTemplate\":\"https:\/\/laprensacristiana.com\/?s={search_term_string}\"},\"query-input\":\"required name=search_term_string\"}],\"inLanguage\":\"es\"},{\"@type\":\"Person\",\"@id\":\"https:\/\/laprensacristiana.com\/#\/schema\/person\/3e7d82c6bfd6b1fa67010f8f7cd5256e\",\"name\":\"EDITOR\",\"image\":{\"@type\":\"ImageObject\",\"inLanguage\":\"es\",\"@id\":\"https:\/\/laprensacristiana.com\/#\/schema\/person\/image\/\",\"url\":\"https:\/\/secure.gravatar.com\/avatar\/72069dfb6c13772d9e8381e3638666d2?s=96&d=mm&r=g\",\"contentUrl\":\"https:\/\/secure.gravatar.com\/avatar\/72069dfb6c13772d9e8381e3638666d2?s=96&d=mm&r=g\",\"caption\":\"EDITOR\"},\"url\":\"https:\/\/laprensacristiana.com\/?author=3\"}]}<\/script>\n<!-- \/ Yoast SEO plugin. -->","yoast_head_json":{"title":"2017 \"El A\u00f1o de las V\u00edctimas\" - La Prensa Cristiana","robots":{"index":"index","follow":"follow","max-snippet":"max-snippet:-1","max-image-preview":"max-image-preview:large","max-video-preview":"max-video-preview:-1"},"canonical":"https:\/\/laprensacristiana.com\/?p=1747","og_locale":"es_ES","og_type":"article","og_title":"2017 \"El A\u00f1o de las V\u00edctimas\" - La Prensa Cristiana","og_description":"El nueve de septiembre del presente a\u00f1o ha dado inicio la gesti\u00f3n de la nueva Procuradora para los Derechos Humanos Licenciada Raquel Caballero de Guevara, con setenta y un votos de la Asamblea Legislativa; luego de dar seguimiento a una serie de entrevistas en varios medios de comunicaci\u00f3n el d\u00eda seis de octubre del presente [&hellip;]","og_url":"https:\/\/laprensacristiana.com\/?p=1747","og_site_name":"La Prensa Cristiana","article_published_time":"2016-10-24T16:26:59+00:00","og_image":[{"width":2560,"height":1429,"url":"https:\/\/laprensacristiana.com\/wp-content\/uploads\/2016\/10\/OPINION-RICARDO-SOSA-01-scaled.jpg","type":"image\/jpeg"}],"author":"EDITOR","twitter_card":"summary_large_image","twitter_misc":{"Escrito por":"EDITOR","Tiempo de lectura":"6 minutos"},"schema":{"@context":"https:\/\/schema.org","@graph":[{"@type":"WebPage","@id":"https:\/\/laprensacristiana.com\/?p=1747","url":"https:\/\/laprensacristiana.com\/?p=1747","name":"2017 \"El A\u00f1o de las V\u00edctimas\" - La Prensa Cristiana","isPartOf":{"@id":"https:\/\/laprensacristiana.com\/#website"},"datePublished":"2016-10-24T16:26:59+00:00","dateModified":"2016-10-24T16:26:59+00:00","author":{"@id":"https:\/\/laprensacristiana.com\/#\/schema\/person\/3e7d82c6bfd6b1fa67010f8f7cd5256e"},"breadcrumb":{"@id":"https:\/\/laprensacristiana.com\/?p=1747#breadcrumb"},"inLanguage":"es","potentialAction":[{"@type":"ReadAction","target":["https:\/\/laprensacristiana.com\/?p=1747"]}]},{"@type":"BreadcrumbList","@id":"https:\/\/laprensacristiana.com\/?p=1747#breadcrumb","itemListElement":[{"@type":"ListItem","position":1,"name":"Portada","item":"https:\/\/laprensacristiana.com\/"},{"@type":"ListItem","position":2,"name":"2017 \u00abEl A\u00f1o de las V\u00edctimas\u00bb"}]},{"@type":"WebSite","@id":"https:\/\/laprensacristiana.com\/#website","url":"https:\/\/laprensacristiana.com\/","name":"La Prensa Cristiana","description":"Anunciando Las Buenas Nuevas","potentialAction":[{"@type":"SearchAction","target":{"@type":"EntryPoint","urlTemplate":"https:\/\/laprensacristiana.com\/?s={search_term_string}"},"query-input":"required name=search_term_string"}],"inLanguage":"es"},{"@type":"Person","@id":"https:\/\/laprensacristiana.com\/#\/schema\/person\/3e7d82c6bfd6b1fa67010f8f7cd5256e","name":"EDITOR","image":{"@type":"ImageObject","inLanguage":"es","@id":"https:\/\/laprensacristiana.com\/#\/schema\/person\/image\/","url":"https:\/\/secure.gravatar.com\/avatar\/72069dfb6c13772d9e8381e3638666d2?s=96&d=mm&r=g","contentUrl":"https:\/\/secure.gravatar.com\/avatar\/72069dfb6c13772d9e8381e3638666d2?s=96&d=mm&r=g","caption":"EDITOR"},"url":"https:\/\/laprensacristiana.com\/?author=3"}]}},"_links":{"self":[{"href":"https:\/\/laprensacristiana.com\/index.php?rest_route=\/wp\/v2\/posts\/1747"}],"collection":[{"href":"https:\/\/laprensacristiana.com\/index.php?rest_route=\/wp\/v2\/posts"}],"about":[{"href":"https:\/\/laprensacristiana.com\/index.php?rest_route=\/wp\/v2\/types\/post"}],"author":[{"embeddable":true,"href":"https:\/\/laprensacristiana.com\/index.php?rest_route=\/wp\/v2\/users\/3"}],"replies":[{"embeddable":true,"href":"https:\/\/laprensacristiana.com\/index.php?rest_route=%2Fwp%2Fv2%2Fcomments&post=1747"}],"version-history":[{"count":1,"href":"https:\/\/laprensacristiana.com\/index.php?rest_route=\/wp\/v2\/posts\/1747\/revisions"}],"predecessor-version":[{"id":1749,"href":"https:\/\/laprensacristiana.com\/index.php?rest_route=\/wp\/v2\/posts\/1747\/revisions\/1749"}],"wp:featuredmedia":[{"embeddable":true,"href":"https:\/\/laprensacristiana.com\/index.php?rest_route=\/wp\/v2\/media\/1748"}],"wp:attachment":[{"href":"https:\/\/laprensacristiana.com\/index.php?rest_route=%2Fwp%2Fv2%2Fmedia&parent=1747"}],"wp:term":[{"taxonomy":"category","embeddable":true,"href":"https:\/\/laprensacristiana.com\/index.php?rest_route=%2Fwp%2Fv2%2Fcategories&post=1747"},{"taxonomy":"post_tag","embeddable":true,"href":"https:\/\/laprensacristiana.com\/index.php?rest_route=%2Fwp%2Fv2%2Ftags&post=1747"}],"curies":[{"name":"wp","href":"https:\/\/api.w.org\/{rel}","templated":true}]}}