{"id":1759,"date":"2016-10-25T21:41:48","date_gmt":"2016-10-25T21:41:48","guid":{"rendered":"https:\/\/laprensacristiana.com\/?p=1759"},"modified":"2020-07-02T01:35:15","modified_gmt":"2020-07-02T01:35:15","slug":"salvemos-la-juventud-el-salvador-2017","status":"publish","type":"post","link":"https:\/\/laprensacristiana.com\/?p=1759","title":{"rendered":"\u201cSalvemos la Juventud\u201d El Salvador 2017"},"content":{"rendered":"<p>Con m\u00e1s de 8 a\u00f1os de existencia, \u201cSalvemos la juventud\u201d es un evento que se realiza en Honduras una vez al a\u00f1o, organizado por \u201cMinisterio Internacional Sembradores de Amor\u201d, el pr\u00f3ximo a\u00f1o El Salvador tendr\u00e1 el privilegio de poder ser sede de dicho festival.<\/p>\n<p>En Honduras \u201cSalvemos la juventud\u201d ha logrado alcanzar muchos j\u00f3venes que se encuentran en zonas vulnerables, o en vicios donde solo el poder del Dios puede rescatarlos.<\/p>\n<p>El evento consiste en tres fases, la acci\u00f3n social y evangel\u00edstica, que comprende visitar hospitales, orfanatos, centros educativos, c\u00e1rceles y lugares p\u00fablicos donde el poder de Dios pueda tocar muchas almas. La segunda fase comprende el \u00e1rea de ense\u00f1anza y liderazgo, que busca despertar y abrir paso a nuevos l\u00edderes que se identifiquen con la visi\u00f3n y el mensaje de Dios. Por \u00faltimo la realizaci\u00f3n de un concierto juvenil donde participan artistas nacionales e internacionales de renombre.<\/p>\n<p>La juventud de El Salvador podr\u00e1 ser parte de este festival que viene desde la naci\u00f3n vecina. El ap\u00f3stol Francis Adalid Murillo, fundador de \u201cSalvemos la juventud\u201d y pastor general de Ministerio Sembradores de Amor menciono lo que motivo a traer este festival a nuestro pa\u00eds \u201cDios nos ha dado un mandato en su palabra, id a las naciones y haced disc\u00edpulos; nos ha motivado el hecho, que El Salvador como Honduras, est\u00e1 en una crisis de violencia que principalmente afecta a la juventud, como adultos ya en el Se\u00f1or, tenemos una gran responsabilidad para poder ayudar a nuestros muchachos, y la mejor manera es present\u00e1ndole algunas opciones, decirles a ellos que el evangelio no es aburrido que en el evangelio pueden encontrar diversi\u00f3n sana\u201d.<\/p>\n<figure id=\"attachment_1760\" aria-describedby=\"caption-attachment-1760\" style=\"width: 300px\" class=\"wp-caption alignnone\"><img decoding=\"async\" loading=\"lazy\" class=\"size-medium wp-image-1760\" src=\"https:\/\/laprensacristiana.com\/wp-content\/uploads\/2016\/10\/Salvemos-la-juventud1-300x200.jpg\" alt=\"Ap\u00f3stol Francis Adalid Murillo, fundador de \u201cSalvemos la juventud\u201d y pastor general de Ministerio Sembradores de Amor.\" width=\"300\" height=\"200\" srcset=\"https:\/\/laprensacristiana.com\/wp-content\/uploads\/2016\/10\/Salvemos-la-juventud1-300x200.jpg 300w, https:\/\/laprensacristiana.com\/wp-content\/uploads\/2016\/10\/Salvemos-la-juventud1-600x400.jpg 600w, https:\/\/laprensacristiana.com\/wp-content\/uploads\/2016\/10\/Salvemos-la-juventud1-768x512.jpg 768w, https:\/\/laprensacristiana.com\/wp-content\/uploads\/2016\/10\/Salvemos-la-juventud1-1024x683.jpg 1024w, https:\/\/laprensacristiana.com\/wp-content\/uploads\/2016\/10\/Salvemos-la-juventud1-696x464.jpg 696w, https:\/\/laprensacristiana.com\/wp-content\/uploads\/2016\/10\/Salvemos-la-juventud1-1068x712.jpg 1068w, https:\/\/laprensacristiana.com\/wp-content\/uploads\/2016\/10\/Salvemos-la-juventud1-630x420.jpg 630w\" sizes=\"(max-width: 300px) 100vw, 300px\" \/><figcaption id=\"caption-attachment-1760\" class=\"wp-caption-text\">Ap\u00f3stol Francis Adalid Murillo, fundador de \u201cSalvemos la juventud\u201d y pastor general de Ministerio Sembradores de Amor.<\/figcaption><\/figure>\n<p>Al lanzamiento del evento asistieron pastores, l\u00edderes y representantes de las iglesias cristianas del pa\u00eds quienes se mostraron muy interesados y comprometidos con el evento que busca traer bendici\u00f3n y nuevas opciones a la juventud, para\u00a0que los acerque m\u00e1s al Todopoderoso.<\/p>\n<p>\u201cSalvemos la juventud\u201d El Salvador 2017, aun no tiene fecha establecida, sin embargo la primera semana del mes de agosto, suena con mucha fuerza entre los organizadores del evento.<\/p>\n","protected":false},"excerpt":{"rendered":"<p>Con m\u00e1s de 8 a\u00f1os de existencia, \u201cSalvemos la juventud\u201d es un evento que se realiza en Honduras una vez al a\u00f1o, organizado por \u201cMinisterio Internacional Sembradores de Amor\u201d, el pr\u00f3ximo a\u00f1o El Salvador tendr\u00e1 el privilegio de poder ser sede de dicho festival. En Honduras \u201cSalvemos la juventud\u201d ha logrado alcanzar muchos j\u00f3venes que [&hellip;]<\/p>\n","protected":false},"author":3,"featured_media":1765,"comment_status":"open","ping_status":"open","sticky":false,"template":"","format":"standard","meta":[],"categories":[56],"tags":[],"yoast_head":"<!-- This site is optimized with the Yoast SEO plugin v20.8 - https:\/\/yoast.com\/wordpress\/plugins\/seo\/ -->\n<title>\u201cSalvemos la Juventud\u201d El Salvador 2017 - La Prensa Cristiana<\/title>\n<meta name=\"robots\" content=\"index, follow, max-snippet:-1, max-image-preview:large, max-video-preview:-1\" \/>\n<link rel=\"canonical\" href=\"https:\/\/laprensacristiana.com\/?p=1759\" \/>\n<meta property=\"og:locale\" content=\"es_ES\" \/>\n<meta property=\"og:type\" content=\"article\" \/>\n<meta property=\"og:title\" content=\"\u201cSalvemos la Juventud\u201d El Salvador 2017 - La Prensa Cristiana\" \/>\n<meta property=\"og:description\" content=\"Con m\u00e1s de 8 a\u00f1os de existencia, \u201cSalvemos la juventud\u201d es un evento que se realiza en Honduras una vez al a\u00f1o, organizado por \u201cMinisterio Internacional Sembradores de Amor\u201d, el pr\u00f3ximo a\u00f1o El Salvador tendr\u00e1 el privilegio de poder ser sede de dicho festival. En Honduras \u201cSalvemos la juventud\u201d ha logrado alcanzar muchos j\u00f3venes que [&hellip;]\" \/>\n<meta property=\"og:url\" content=\"https:\/\/laprensacristiana.com\/?p=1759\" \/>\n<meta property=\"og:site_name\" content=\"La Prensa Cristiana\" \/>\n<meta property=\"article:published_time\" content=\"2016-10-25T21:41:48+00:00\" \/>\n<meta property=\"article:modified_time\" content=\"2020-07-02T01:35:15+00:00\" \/>\n<meta property=\"og:image\" content=\"https:\/\/laprensacristiana.com\/wp-content\/uploads\/2016\/10\/IMG_9325-scaled.jpg\" \/>\n\t<meta property=\"og:image:width\" content=\"2560\" \/>\n\t<meta property=\"og:image:height\" content=\"1707\" \/>\n\t<meta property=\"og:image:type\" content=\"image\/jpeg\" \/>\n<meta name=\"author\" content=\"EDITOR\" \/>\n<meta name=\"twitter:card\" content=\"summary_large_image\" \/>\n<meta name=\"twitter:label1\" content=\"Escrito por\" \/>\n\t<meta name=\"twitter:data1\" content=\"EDITOR\" \/>\n\t<meta name=\"twitter:label2\" content=\"Tiempo de lectura\" \/>\n\t<meta name=\"twitter:data2\" content=\"2 minutos\" \/>\n<script type=\"application\/ld+json\" class=\"yoast-schema-graph\">{\"@context\":\"https:\/\/schema.org\",\"@graph\":[{\"@type\":\"WebPage\",\"@id\":\"https:\/\/laprensacristiana.com\/?p=1759\",\"url\":\"https:\/\/laprensacristiana.com\/?p=1759\",\"name\":\"\u201cSalvemos la Juventud\u201d El Salvador 2017 - La Prensa Cristiana\",\"isPartOf\":{\"@id\":\"https:\/\/laprensacristiana.com\/#website\"},\"datePublished\":\"2016-10-25T21:41:48+00:00\",\"dateModified\":\"2020-07-02T01:35:15+00:00\",\"author\":{\"@id\":\"https:\/\/laprensacristiana.com\/#\/schema\/person\/3e7d82c6bfd6b1fa67010f8f7cd5256e\"},\"breadcrumb\":{\"@id\":\"https:\/\/laprensacristiana.com\/?p=1759#breadcrumb\"},\"inLanguage\":\"es\",\"potentialAction\":[{\"@type\":\"ReadAction\",\"target\":[\"https:\/\/laprensacristiana.com\/?p=1759\"]}]},{\"@type\":\"BreadcrumbList\",\"@id\":\"https:\/\/laprensacristiana.com\/?p=1759#breadcrumb\",\"itemListElement\":[{\"@type\":\"ListItem\",\"position\":1,\"name\":\"Portada\",\"item\":\"https:\/\/laprensacristiana.com\/\"},{\"@type\":\"ListItem\",\"position\":2,\"name\":\"\u201cSalvemos la Juventud\u201d El Salvador 2017\"}]},{\"@type\":\"WebSite\",\"@id\":\"https:\/\/laprensacristiana.com\/#website\",\"url\":\"https:\/\/laprensacristiana.com\/\",\"name\":\"La Prensa Cristiana\",\"description\":\"Anunciando Las Buenas Nuevas\",\"potentialAction\":[{\"@type\":\"SearchAction\",\"target\":{\"@type\":\"EntryPoint\",\"urlTemplate\":\"https:\/\/laprensacristiana.com\/?s={search_term_string}\"},\"query-input\":\"required name=search_term_string\"}],\"inLanguage\":\"es\"},{\"@type\":\"Person\",\"@id\":\"https:\/\/laprensacristiana.com\/#\/schema\/person\/3e7d82c6bfd6b1fa67010f8f7cd5256e\",\"name\":\"EDITOR\",\"image\":{\"@type\":\"ImageObject\",\"inLanguage\":\"es\",\"@id\":\"https:\/\/laprensacristiana.com\/#\/schema\/person\/image\/\",\"url\":\"https:\/\/secure.gravatar.com\/avatar\/72069dfb6c13772d9e8381e3638666d2?s=96&d=mm&r=g\",\"contentUrl\":\"https:\/\/secure.gravatar.com\/avatar\/72069dfb6c13772d9e8381e3638666d2?s=96&d=mm&r=g\",\"caption\":\"EDITOR\"},\"url\":\"https:\/\/laprensacristiana.com\/?author=3\"}]}<\/script>\n<!-- \/ Yoast SEO plugin. -->","yoast_head_json":{"title":"\u201cSalvemos la Juventud\u201d El Salvador 2017 - La Prensa Cristiana","robots":{"index":"index","follow":"follow","max-snippet":"max-snippet:-1","max-image-preview":"max-image-preview:large","max-video-preview":"max-video-preview:-1"},"canonical":"https:\/\/laprensacristiana.com\/?p=1759","og_locale":"es_ES","og_type":"article","og_title":"\u201cSalvemos la Juventud\u201d El Salvador 2017 - La Prensa Cristiana","og_description":"Con m\u00e1s de 8 a\u00f1os de existencia, \u201cSalvemos la juventud\u201d es un evento que se realiza en Honduras una vez al a\u00f1o, organizado por \u201cMinisterio Internacional Sembradores de Amor\u201d, el pr\u00f3ximo a\u00f1o El Salvador tendr\u00e1 el privilegio de poder ser sede de dicho festival. En Honduras \u201cSalvemos la juventud\u201d ha logrado alcanzar muchos j\u00f3venes que [&hellip;]","og_url":"https:\/\/laprensacristiana.com\/?p=1759","og_site_name":"La Prensa Cristiana","article_published_time":"2016-10-25T21:41:48+00:00","article_modified_time":"2020-07-02T01:35:15+00:00","og_image":[{"width":2560,"height":1707,"url":"https:\/\/laprensacristiana.com\/wp-content\/uploads\/2016\/10\/IMG_9325-scaled.jpg","type":"image\/jpeg"}],"author":"EDITOR","twitter_card":"summary_large_image","twitter_misc":{"Escrito por":"EDITOR","Tiempo de lectura":"2 minutos"},"schema":{"@context":"https:\/\/schema.org","@graph":[{"@type":"WebPage","@id":"https:\/\/laprensacristiana.com\/?p=1759","url":"https:\/\/laprensacristiana.com\/?p=1759","name":"\u201cSalvemos la Juventud\u201d El Salvador 2017 - La Prensa Cristiana","isPartOf":{"@id":"https:\/\/laprensacristiana.com\/#website"},"datePublished":"2016-10-25T21:41:48+00:00","dateModified":"2020-07-02T01:35:15+00:00","author":{"@id":"https:\/\/laprensacristiana.com\/#\/schema\/person\/3e7d82c6bfd6b1fa67010f8f7cd5256e"},"breadcrumb":{"@id":"https:\/\/laprensacristiana.com\/?p=1759#breadcrumb"},"inLanguage":"es","potentialAction":[{"@type":"ReadAction","target":["https:\/\/laprensacristiana.com\/?p=1759"]}]},{"@type":"BreadcrumbList","@id":"https:\/\/laprensacristiana.com\/?p=1759#breadcrumb","itemListElement":[{"@type":"ListItem","position":1,"name":"Portada","item":"https:\/\/laprensacristiana.com\/"},{"@type":"ListItem","position":2,"name":"\u201cSalvemos la Juventud\u201d El Salvador 2017"}]},{"@type":"WebSite","@id":"https:\/\/laprensacristiana.com\/#website","url":"https:\/\/laprensacristiana.com\/","name":"La Prensa Cristiana","description":"Anunciando Las Buenas Nuevas","potentialAction":[{"@type":"SearchAction","target":{"@type":"EntryPoint","urlTemplate":"https:\/\/laprensacristiana.com\/?s={search_term_string}"},"query-input":"required name=search_term_string"}],"inLanguage":"es"},{"@type":"Person","@id":"https:\/\/laprensacristiana.com\/#\/schema\/person\/3e7d82c6bfd6b1fa67010f8f7cd5256e","name":"EDITOR","image":{"@type":"ImageObject","inLanguage":"es","@id":"https:\/\/laprensacristiana.com\/#\/schema\/person\/image\/","url":"https:\/\/secure.gravatar.com\/avatar\/72069dfb6c13772d9e8381e3638666d2?s=96&d=mm&r=g","contentUrl":"https:\/\/secure.gravatar.com\/avatar\/72069dfb6c13772d9e8381e3638666d2?s=96&d=mm&r=g","caption":"EDITOR"},"url":"https:\/\/laprensacristiana.com\/?author=3"}]}},"_links":{"self":[{"href":"https:\/\/laprensacristiana.com\/index.php?rest_route=\/wp\/v2\/posts\/1759"}],"collection":[{"href":"https:\/\/laprensacristiana.com\/index.php?rest_route=\/wp\/v2\/posts"}],"about":[{"href":"https:\/\/laprensacristiana.com\/index.php?rest_route=\/wp\/v2\/types\/post"}],"author":[{"embeddable":true,"href":"https:\/\/laprensacristiana.com\/index.php?rest_route=\/wp\/v2\/users\/3"}],"replies":[{"embeddable":true,"href":"https:\/\/laprensacristiana.com\/index.php?rest_route=%2Fwp%2Fv2%2Fcomments&post=1759"}],"version-history":[{"count":2,"href":"https:\/\/laprensacristiana.com\/index.php?rest_route=\/wp\/v2\/posts\/1759\/revisions"}],"predecessor-version":[{"id":1763,"href":"https:\/\/laprensacristiana.com\/index.php?rest_route=\/wp\/v2\/posts\/1759\/revisions\/1763"}],"wp:featuredmedia":[{"embeddable":true,"href":"https:\/\/laprensacristiana.com\/index.php?rest_route=\/wp\/v2\/media\/1765"}],"wp:attachment":[{"href":"https:\/\/laprensacristiana.com\/index.php?rest_route=%2Fwp%2Fv2%2Fmedia&parent=1759"}],"wp:term":[{"taxonomy":"category","embeddable":true,"href":"https:\/\/laprensacristiana.com\/index.php?rest_route=%2Fwp%2Fv2%2Fcategories&post=1759"},{"taxonomy":"post_tag","embeddable":true,"href":"https:\/\/laprensacristiana.com\/index.php?rest_route=%2Fwp%2Fv2%2Ftags&post=1759"}],"curies":[{"name":"wp","href":"https:\/\/api.w.org\/{rel}","templated":true}]}}